{"id":26128,"date":"2016-09-25T21:29:20","date_gmt":"2016-09-26T02:29:20","guid":{"rendered":"http:\/\/www.lospoliticosveracruz.com.mx\/?p=26128"},"modified":"2016-09-25T21:29:20","modified_gmt":"2016-09-26T02:29:20","slug":"duarte-al-borde-del-jaque-mate","status":"publish","type":"post","link":"https:\/\/lospoliticosveracruz.com\/?p=26128","title":{"rendered":"Duarte, al borde del jaque mate"},"content":{"rendered":"<p><strong>Luis Alberto Romero<\/strong><\/p>\n<p><em>Hora Cero<\/em><\/p>\n<p><b>\u00a0<\/b><\/p>\n<p>&nbsp;<\/p>\n<p style=\"text-align: justify; text-justify: inter-ideograph;\">Este lunes, en la reuni\u00f3n de la Comisi\u00f3n de Justicia Partidaria del PRI se votar\u00e1 el dictamen relacionado con el caso del todav\u00eda gobernador de Veracruz, Javier Duarte de Ochoa.<\/p>\n<p style=\"text-align: justify; text-justify: inter-ideograph;\">Ese hecho, aunque por s\u00ed mismo carezca de implicaciones legales, pol\u00edticamente es un mensaje claro en el sentido de que el ejecutivo veracruzano tendr\u00eda las horas contadas.<\/p>\n<p style=\"text-align: justify; text-justify: inter-ideograph;\">El dictamen que se analizar\u00e1 en la citada instancia del tricolor plantea el retiro a Javier Duarte de sus derechos como militante priista; ese es el paso previo a la expulsi\u00f3n de un partido que desde hace semanas le ha retirado de manera p\u00fablica cualquier apoyo.<\/p>\n<p style=\"text-align: justify; text-justify: inter-ideograph;\">De igual manera, el viernes pasado, legisladores de los partidos Revolucionario Institucional, Acci\u00f3n Nacional y de la Revoluci\u00f3n Democr\u00e1tica dijeron, por separado, que s\u00f3lo esperan la petici\u00f3n formal de la Procuradur\u00eda General de la Rep\u00fablica para acelerar la discusi\u00f3n y el proceso de un posible desafuero.<\/p>\n<p style=\"text-align: justify; text-justify: inter-ideograph;\">Sin embargo, lo m\u00e1s probable es que, de llegar a registrarse una solicitud de juicio de procedencia contra Javier Duarte, \u00e9ste inicie a destiempo, dado que s\u00f3lo faltan poco m\u00e1s de dos meses para la conclusi\u00f3n del periodo para el que fue electo. Hay que tomar en cuenta que un proceso de desafuero lleva meses porque para desahogarlo, la Comisi\u00f3n Jurisdiccional de la C\u00e1mara debe integrar la Secci\u00f3n Instructora o de Enjuiciamiento, \u00f3rgano que tiene la obligaci\u00f3n de recabar y analizar las pruebas para declarar si existen elementos para proceder contra un funcionario p\u00fablico acusado de violar las leyes; lo m\u00e1s probable es que ello no ocurra, precisamente por el factor del tiempo.<\/p>\n<p>Lo que s\u00ed est\u00e1 ocurriendo es una intensa presi\u00f3n sobre el ejecutivo veracruzano, que estar\u00eda a punto de arrojar la toalla.<\/p>\n<p><b>Las se\u00f1ales en contra <\/b><\/p>\n<p>Las se\u00f1ales contra el gobernador veracruzano dif\u00edcilmente podr\u00edan ser m\u00e1s claras: es acusado por un enorme desv\u00edo de recursos por parte de la Auditor\u00eda Superior de la Federaci\u00f3n; es investigado por la PGR y por el Sistema de Administraci\u00f3n Tributaria; es objeto del desd\u00e9n y el desprecio presidencial, lo cual ha quedado de manifiesto en diversos actos p\u00fablicos, en Veracruz y en el Altiplano; y su partido, el PRI, ya ha dejado claro que no lo van a proteger, porque adem\u00e1s no tienen esa posibilidad.<\/p>\n<p>Sin un grupo pol\u00edtico fuerte que le respalde y apoye, m\u00e1s all\u00e1 de sus incondicionales en el Congreso del Estado y algunos diputados federales que le deben sus cargos, Duarte de Ochoa est\u00e1 solo y as\u00ed enfrentar\u00e1 las serias acusaciones que pesan en su contra y que podr\u00edan llevarlo a la c\u00e1rcel, donde acompa\u00f1ar\u00eda a otros ilustres personales, ex gobernadores todos, que se encuentran recluidos por diferentes motivos: Jes\u00fas Reyna Garc\u00eda, ex gobernador interino de Michoac\u00e1n; Andr\u00e9s Granier Melo, de Tabasco; y Mario Villanueva Madrid, de Quintana Roo.<\/p>\n<p>A ellos habr\u00eda que sumar a otros ex mandatarios que estuvieron presos en el pasado, como Pablo Salazar Mendiguch\u00eda, de Chiapas; o Narciso Ag\u00fandez Monta\u00f1o, de Baja California Sur.<\/p>\n<p><b>El intento de defensa<\/b><\/p>\n<p>En los c\u00edrculos pol\u00edticos corren comentarios en el sentido de que el gobernador Javier Duarte organiza su defensa en dos pistas: la legal y la medi\u00e1tica; en el primer caso, se especula sobre la contrataci\u00f3n de un prestigioso e influyente grupo de abogados con experiencia en sacar del atolladero lo mismo a pol\u00edticos que a connotados empresarios.<\/p>\n<p>Lo medi\u00e1tico es otra cosa; en su intento por contener la ola de notas, reportajes y art\u00edculos que lo ubican como el gobernador m\u00e1s desprestigiado y con la peor imagen del pa\u00eds, Duarte y los suyos han fallado. La estrategia de comunicaci\u00f3n del ejecutivo veracruzano se redujo en los \u00faltimos dos a\u00f1os al uso del Twitter, herramienta \u00fatil pero insuficiente. As\u00ed, ante la contundencia de los se\u00f1alamientos de la ASF, del SAT y de la PGR, esa ola de informaci\u00f3n adversa a Duarte de Ochoa termin\u00f3 por convertirse en un tsunami.<\/p>\n<p>En ese contexto, el gobernador saliente alent\u00f3 una carta abierta hace un par de d\u00edas, como un intento desesperado para dejar claro que todav\u00eda cuenta con el apoyo de un sector del PRI y del Partido Verde. En el documento, un reducido y desgastado grupo de legisladores advirtieron que su partido, el PRI, debe evitar \u201cjuicios sumarios\u201d contra Duarte; es decir, impedir la expulsi\u00f3n, en tanto las autoridades competentes \u2013las judiciales\u2013 emitan un dictamen con relaci\u00f3n a las denuncias que se desahogan en la PGR.<\/p>\n<p>El problema para la causa duartista es que esa respuesta no encontr\u00f3 eco; incluso, la dirigencia nacional del Partido Verde desautoriz\u00f3 la adhesi\u00f3n de sus diputados, en virtud de que el proceso de expulsi\u00f3n contra Duarte es un tema interno del PRI, en el que el Verde es ajeno.<\/p>\n<p>Por otro lado, la carta abierta de los diputados priistas veracruzanos se enfoca a la exigencia de juzgar con la misma severidad al gobernador electo, Miguel \u00c1ngel Yunes Linares, como si ese fuera el \u00fanico flanco; sin embargo, hay que recordar que las m\u00e1s contundentes denuncias no salieron del panista, sino de la Auditor\u00eda Superior de la Federaci\u00f3n y m\u00e1s reciente del Sistema de Administraci\u00f3n Tributaria.<\/p>\n<p>A poco m\u00e1s de sesenta d\u00edas de que entregue el cargo a Miguel \u00c1ngel Yunes, su f\u00e9rreo adversario pol\u00edtico, Javier Duarte enfrenta el peor escenario de su vida.<\/p>\n<p><b>Mil 200 deportistas en la carrera <span style=\"background: white;\">Nuestra Capital<\/span><\/b><\/p>\n<p><span style=\"background: white;\">Xalapa se convirti\u00f3 en escenario deportivo que prueba que la poblaci\u00f3n est\u00e1 \u00e1vida de participar y competir en las actividades f\u00edsicas convocadas por el gobierno municipal, cuyo alcalde presidi\u00f3 el arranque de la segunda edici\u00f3n de la Carrera Nuestra Capital 5 y 10 K, en la que participaron m\u00e1s de mil doscientos corredores que dieron vida a uno de los encuentros de reuni\u00f3n social con mayor relevancia en el a\u00f1o, no s\u00f3lo por el n\u00famero de corredores sino por el apoyo de sus familiares y amigos que se reunieron a lo largo de toda la ruta. <\/span><\/p>\n<p><span style=\"background: white;\">Para que la jornada del deporte xalape\u00f1o fuera completamente exitosa, tambi\u00e9n se registr\u00f3 el tercer lugar del triatleta Crisanto Grajales en la Copa del Mundo de Triathlon celebrada en Salinas, Ecuador.<\/span><\/p>\n<p>&nbsp;<\/p>\n<p>@luisromero85<\/p>\n","protected":false},"excerpt":{"rendered":"<p>Luis Alberto Romero Hora Cero \u00a0 &nbsp; Este lunes, en la reuni\u00f3n de la Comisi\u00f3n de Justicia Partidaria del PRI se votar\u00e1 el dictamen relacionado con el caso del todav\u00eda gobernador de Veracruz, Javier Duarte de Ochoa. Ese hecho, aunque por s\u00ed mismo carezca de implicaciones legales, pol\u00edticamente es un mensaje claro en el sentido [&hellip;]<\/p>\n","protected":false},"author":2,"featured_media":0,"comment_status":"open","ping_status":"open","sticky":false,"template":"","format":"standard","meta":{"tdm_status":"","tdm_grid_status":"","footnotes":""},"categories":[70],"tags":[5759,6353,1134,6274,260],"class_list":{"0":"post-26128","1":"post","2":"type-post","3":"status-publish","4":"format-standard","6":"category-de-opinion","7":"tag-carrera-nuestra-capital","8":"tag-comision-de-justicia-partidaria-del-pri","9":"tag-crisanto-grajales","10":"tag-desvio-de-recursos","11":"tag-javier-duarte-de-ochoa"},"yoast_head":"<!-- This site is optimized with the Yoast SEO plugin v27.4 - https:\/\/yoast.com\/product\/yoast-seo-wordpress\/ -->\n<title>Duarte, al borde del jaque mate - Los pol\u00edticos Veracruz<\/title>\n<meta name=\"robots\" content=\"index, follow, max-snippet:-1, max-image-preview:large, max-video-preview:-1\" \/>\n<link rel=\"canonical\" href=\"https:\/\/lospoliticosveracruz.com\/?p=26128\" \/>\n<meta property=\"og:locale\" content=\"es_ES\" \/>\n<meta property=\"og:type\" content=\"article\" \/>\n<meta property=\"og:title\" content=\"Duarte, al borde del jaque mate - Los pol\u00edticos Veracruz\" \/>\n<meta property=\"og:description\" content=\"Luis Alberto Romero Hora Cero \u00a0 &nbsp; Este lunes, en la reuni\u00f3n de la Comisi\u00f3n de Justicia Partidaria del PRI se votar\u00e1 el dictamen relacionado con el caso del todav\u00eda gobernador de Veracruz, Javier Duarte de Ochoa. Ese hecho, aunque por s\u00ed mismo carezca de implicaciones legales, pol\u00edticamente es un mensaje claro en el sentido [&hellip;]\" \/>\n<meta property=\"og:url\" content=\"https:\/\/lospoliticosveracruz.com\/?p=26128\" \/>\n<meta property=\"og:site_name\" content=\"Los pol\u00edticos Veracruz\" \/>\n<meta property=\"article:publisher\" content=\"https:\/\/www.facebook.com\/people\/Notimemes-de-los-Polticos\/61565672886568\/\" \/>\n<meta property=\"article:published_time\" content=\"2016-09-26T02:29:20+00:00\" \/>\n<meta property=\"og:image\" content=\"https:\/\/lospoliticosveracruz.com\/wp-content\/uploads\/2016\/07\/Logo-Dor.jpg\" \/>\n\t<meta property=\"og:image:width\" content=\"200\" \/>\n\t<meta property=\"og:image:height\" content=\"200\" \/>\n\t<meta property=\"og:image:type\" content=\"image\/jpeg\" \/>\n<meta name=\"author\" content=\"Lo viste en Los Pol\u00edticos\" \/>\n<meta name=\"twitter:card\" content=\"summary_large_image\" \/>\n<meta name=\"twitter:creator\" content=\"@LosPoliticosVer\" \/>\n<meta name=\"twitter:site\" content=\"@LosPoliticosVer\" \/>\n<meta name=\"twitter:label1\" content=\"Escrito por\" \/>\n\t<meta name=\"twitter:data1\" content=\"Lo viste en Los Pol\u00edticos\" \/>\n\t<meta name=\"twitter:label2\" content=\"Tiempo de lectura\" \/>\n\t<meta name=\"twitter:data2\" content=\"6 minutos\" \/>\n<script type=\"application\/ld+json\" class=\"yoast-schema-graph\">{\"@context\":\"https:\\\/\\\/schema.org\",\"@graph\":[{\"@type\":\"Article\",\"@id\":\"https:\\\/\\\/lospoliticosveracruz.com\\\/?p=26128#article\",\"isPartOf\":{\"@id\":\"https:\\\/\\\/lospoliticosveracruz.com\\\/?p=26128\"},\"author\":{\"name\":\"Lo viste en Los Pol\u00edticos\",\"@id\":\"https:\\\/\\\/lospoliticosveracruz.com\\\/#\\\/schema\\\/person\\\/b8702bb0e538456e6efd07080bf2a4a2\"},\"headline\":\"Duarte, al borde del jaque mate\",\"datePublished\":\"2016-09-26T02:29:20+00:00\",\"mainEntityOfPage\":{\"@id\":\"https:\\\/\\\/lospoliticosveracruz.com\\\/?p=26128\"},\"wordCount\":1106,\"commentCount\":0,\"publisher\":{\"@id\":\"https:\\\/\\\/lospoliticosveracruz.com\\\/#organization\"},\"keywords\":[\"Carrera Nuestra Capital\",\"Comisi\u00f3n de Justicia Partidaria del PRI\",\"Crisanto Grajales\",\"Desv\u00edo de recursos\",\"Javier Duarte de Ochoa\"],\"articleSection\":[\"De Opini\u00f3n\"],\"inLanguage\":\"es\",\"potentialAction\":[{\"@type\":\"CommentAction\",\"name\":\"Comment\",\"target\":[\"https:\\\/\\\/lospoliticosveracruz.com\\\/?p=26128#respond\"]}]},{\"@type\":\"WebPage\",\"@id\":\"https:\\\/\\\/lospoliticosveracruz.com\\\/?p=26128\",\"url\":\"https:\\\/\\\/lospoliticosveracruz.com\\\/?p=26128\",\"name\":\"Duarte, al borde del jaque mate - Los pol\u00edticos Veracruz\",\"isPartOf\":{\"@id\":\"https:\\\/\\\/lospoliticosveracruz.com\\\/#website\"},\"datePublished\":\"2016-09-26T02:29:20+00:00\",\"breadcrumb\":{\"@id\":\"https:\\\/\\\/lospoliticosveracruz.com\\\/?p=26128#breadcrumb\"},\"inLanguage\":\"es\",\"potentialAction\":[{\"@type\":\"ReadAction\",\"target\":[\"https:\\\/\\\/lospoliticosveracruz.com\\\/?p=26128\"]}]},{\"@type\":\"BreadcrumbList\",\"@id\":\"https:\\\/\\\/lospoliticosveracruz.com\\\/?p=26128#breadcrumb\",\"itemListElement\":[{\"@type\":\"ListItem\",\"position\":1,\"name\":\"Portada\",\"item\":\"https:\\\/\\\/lospoliticosveracruz.com\\\/\"},{\"@type\":\"ListItem\",\"position\":2,\"name\":\"Duarte, al borde del jaque mate\"}]},{\"@type\":\"WebSite\",\"@id\":\"https:\\\/\\\/lospoliticosveracruz.com\\\/#website\",\"url\":\"https:\\\/\\\/lospoliticosveracruz.com\\\/\",\"name\":\"Los pol\u00edticos Veracruz\",\"description\":\"\",\"publisher\":{\"@id\":\"https:\\\/\\\/lospoliticosveracruz.com\\\/#organization\"},\"potentialAction\":[{\"@type\":\"SearchAction\",\"target\":{\"@type\":\"EntryPoint\",\"urlTemplate\":\"https:\\\/\\\/lospoliticosveracruz.com\\\/?s={search_term_string}\"},\"query-input\":{\"@type\":\"PropertyValueSpecification\",\"valueRequired\":true,\"valueName\":\"search_term_string\"}}],\"inLanguage\":\"es\"},{\"@type\":\"Organization\",\"@id\":\"https:\\\/\\\/lospoliticosveracruz.com\\\/#organization\",\"name\":\"Los pol\u00edticos Veracruz\",\"url\":\"https:\\\/\\\/lospoliticosveracruz.com\\\/\",\"logo\":{\"@type\":\"ImageObject\",\"inLanguage\":\"es\",\"@id\":\"https:\\\/\\\/lospoliticosveracruz.com\\\/#\\\/schema\\\/logo\\\/image\\\/\",\"url\":\"https:\\\/\\\/lospoliticosveracruz.com\\\/wp-content\\\/uploads\\\/2025\\\/12\\\/Logo-Nuevo-LOS-POLITICOS-1.jpg\",\"contentUrl\":\"https:\\\/\\\/lospoliticosveracruz.com\\\/wp-content\\\/uploads\\\/2025\\\/12\\\/Logo-Nuevo-LOS-POLITICOS-1.jpg\",\"width\":260,\"height\":70,\"caption\":\"Los pol\u00edticos Veracruz\"},\"image\":{\"@id\":\"https:\\\/\\\/lospoliticosveracruz.com\\\/#\\\/schema\\\/logo\\\/image\\\/\"},\"sameAs\":[\"https:\\\/\\\/www.facebook.com\\\/people\\\/Notimemes-de-los-Polticos\\\/61565672886568\\\/\",\"https:\\\/\\\/x.com\\\/LosPoliticosVer\"]},{\"@type\":\"Person\",\"@id\":\"https:\\\/\\\/lospoliticosveracruz.com\\\/#\\\/schema\\\/person\\\/b8702bb0e538456e6efd07080bf2a4a2\",\"name\":\"Lo viste en Los Pol\u00edticos\",\"image\":{\"@type\":\"ImageObject\",\"inLanguage\":\"es\",\"@id\":\"https:\\\/\\\/secure.gravatar.com\\\/avatar\\\/3a8de04a2656d44082be478bd6c086daa447c4651605818287b9532d3d0bd435?s=96&d=mm&r=g\",\"url\":\"https:\\\/\\\/secure.gravatar.com\\\/avatar\\\/3a8de04a2656d44082be478bd6c086daa447c4651605818287b9532d3d0bd435?s=96&d=mm&r=g\",\"contentUrl\":\"https:\\\/\\\/secure.gravatar.com\\\/avatar\\\/3a8de04a2656d44082be478bd6c086daa447c4651605818287b9532d3d0bd435?s=96&d=mm&r=g\",\"caption\":\"Lo viste en Los Pol\u00edticos\"},\"url\":\"https:\\\/\\\/lospoliticosveracruz.com\\\/?author=2\"}]}<\/script>\n<!-- \/ Yoast SEO plugin. -->","yoast_head_json":{"title":"Duarte, al borde del jaque mate - Los pol\u00edticos Veracruz","robots":{"index":"index","follow":"follow","max-snippet":"max-snippet:-1","max-image-preview":"max-image-preview:large","max-video-preview":"max-video-preview:-1"},"canonical":"https:\/\/lospoliticosveracruz.com\/?p=26128","og_locale":"es_ES","og_type":"article","og_title":"Duarte, al borde del jaque mate - Los pol\u00edticos Veracruz","og_description":"Luis Alberto Romero Hora Cero \u00a0 &nbsp; Este lunes, en la reuni\u00f3n de la Comisi\u00f3n de Justicia Partidaria del PRI se votar\u00e1 el dictamen relacionado con el caso del todav\u00eda gobernador de Veracruz, Javier Duarte de Ochoa. Ese hecho, aunque por s\u00ed mismo carezca de implicaciones legales, pol\u00edticamente es un mensaje claro en el sentido [&hellip;]","og_url":"https:\/\/lospoliticosveracruz.com\/?p=26128","og_site_name":"Los pol\u00edticos Veracruz","article_publisher":"https:\/\/www.facebook.com\/people\/Notimemes-de-los-Polticos\/61565672886568\/","article_published_time":"2016-09-26T02:29:20+00:00","og_image":[{"width":200,"height":200,"url":"https:\/\/lospoliticosveracruz.com\/wp-content\/uploads\/2016\/07\/Logo-Dor.jpg","type":"image\/jpeg"}],"author":"Lo viste en Los Pol\u00edticos","twitter_card":"summary_large_image","twitter_creator":"@LosPoliticosVer","twitter_site":"@LosPoliticosVer","twitter_misc":{"Escrito por":"Lo viste en Los Pol\u00edticos","Tiempo de lectura":"6 minutos"},"schema":{"@context":"https:\/\/schema.org","@graph":[{"@type":"Article","@id":"https:\/\/lospoliticosveracruz.com\/?p=26128#article","isPartOf":{"@id":"https:\/\/lospoliticosveracruz.com\/?p=26128"},"author":{"name":"Lo viste en Los Pol\u00edticos","@id":"https:\/\/lospoliticosveracruz.com\/#\/schema\/person\/b8702bb0e538456e6efd07080bf2a4a2"},"headline":"Duarte, al borde del jaque mate","datePublished":"2016-09-26T02:29:20+00:00","mainEntityOfPage":{"@id":"https:\/\/lospoliticosveracruz.com\/?p=26128"},"wordCount":1106,"commentCount":0,"publisher":{"@id":"https:\/\/lospoliticosveracruz.com\/#organization"},"keywords":["Carrera Nuestra Capital","Comisi\u00f3n de Justicia Partidaria del PRI","Crisanto Grajales","Desv\u00edo de recursos","Javier Duarte de Ochoa"],"articleSection":["De Opini\u00f3n"],"inLanguage":"es","potentialAction":[{"@type":"CommentAction","name":"Comment","target":["https:\/\/lospoliticosveracruz.com\/?p=26128#respond"]}]},{"@type":"WebPage","@id":"https:\/\/lospoliticosveracruz.com\/?p=26128","url":"https:\/\/lospoliticosveracruz.com\/?p=26128","name":"Duarte, al borde del jaque mate - Los pol\u00edticos Veracruz","isPartOf":{"@id":"https:\/\/lospoliticosveracruz.com\/#website"},"datePublished":"2016-09-26T02:29:20+00:00","breadcrumb":{"@id":"https:\/\/lospoliticosveracruz.com\/?p=26128#breadcrumb"},"inLanguage":"es","potentialAction":[{"@type":"ReadAction","target":["https:\/\/lospoliticosveracruz.com\/?p=26128"]}]},{"@type":"BreadcrumbList","@id":"https:\/\/lospoliticosveracruz.com\/?p=26128#breadcrumb","itemListElement":[{"@type":"ListItem","position":1,"name":"Portada","item":"https:\/\/lospoliticosveracruz.com\/"},{"@type":"ListItem","position":2,"name":"Duarte, al borde del jaque mate"}]},{"@type":"WebSite","@id":"https:\/\/lospoliticosveracruz.com\/#website","url":"https:\/\/lospoliticosveracruz.com\/","name":"Los pol\u00edticos Veracruz","description":"","publisher":{"@id":"https:\/\/lospoliticosveracruz.com\/#organization"},"potentialAction":[{"@type":"SearchAction","target":{"@type":"EntryPoint","urlTemplate":"https:\/\/lospoliticosveracruz.com\/?s={search_term_string}"},"query-input":{"@type":"PropertyValueSpecification","valueRequired":true,"valueName":"search_term_string"}}],"inLanguage":"es"},{"@type":"Organization","@id":"https:\/\/lospoliticosveracruz.com\/#organization","name":"Los pol\u00edticos Veracruz","url":"https:\/\/lospoliticosveracruz.com\/","logo":{"@type":"ImageObject","inLanguage":"es","@id":"https:\/\/lospoliticosveracruz.com\/#\/schema\/logo\/image\/","url":"https:\/\/lospoliticosveracruz.com\/wp-content\/uploads\/2025\/12\/Logo-Nuevo-LOS-POLITICOS-1.jpg","contentUrl":"https:\/\/lospoliticosveracruz.com\/wp-content\/uploads\/2025\/12\/Logo-Nuevo-LOS-POLITICOS-1.jpg","width":260,"height":70,"caption":"Los pol\u00edticos Veracruz"},"image":{"@id":"https:\/\/lospoliticosveracruz.com\/#\/schema\/logo\/image\/"},"sameAs":["https:\/\/www.facebook.com\/people\/Notimemes-de-los-Polticos\/61565672886568\/","https:\/\/x.com\/LosPoliticosVer"]},{"@type":"Person","@id":"https:\/\/lospoliticosveracruz.com\/#\/schema\/person\/b8702bb0e538456e6efd07080bf2a4a2","name":"Lo viste en Los Pol\u00edticos","image":{"@type":"ImageObject","inLanguage":"es","@id":"https:\/\/secure.gravatar.com\/avatar\/3a8de04a2656d44082be478bd6c086daa447c4651605818287b9532d3d0bd435?s=96&d=mm&r=g","url":"https:\/\/secure.gravatar.com\/avatar\/3a8de04a2656d44082be478bd6c086daa447c4651605818287b9532d3d0bd435?s=96&d=mm&r=g","contentUrl":"https:\/\/secure.gravatar.com\/avatar\/3a8de04a2656d44082be478bd6c086daa447c4651605818287b9532d3d0bd435?s=96&d=mm&r=g","caption":"Lo viste en Los Pol\u00edticos"},"url":"https:\/\/lospoliticosveracruz.com\/?author=2"}]}},"_links":{"self":[{"href":"https:\/\/lospoliticosveracruz.com\/index.php?rest_route=\/wp\/v2\/posts\/26128","targetHints":{"allow":["GET"]}}],"collection":[{"href":"https:\/\/lospoliticosveracruz.com\/index.php?rest_route=\/wp\/v2\/posts"}],"about":[{"href":"https:\/\/lospoliticosveracruz.com\/index.php?rest_route=\/wp\/v2\/types\/post"}],"author":[{"embeddable":true,"href":"https:\/\/lospoliticosveracruz.com\/index.php?rest_route=\/wp\/v2\/users\/2"}],"replies":[{"embeddable":true,"href":"https:\/\/lospoliticosveracruz.com\/index.php?rest_route=%2Fwp%2Fv2%2Fcomments&post=26128"}],"version-history":[{"count":1,"href":"https:\/\/lospoliticosveracruz.com\/index.php?rest_route=\/wp\/v2\/posts\/26128\/revisions"}],"predecessor-version":[{"id":26130,"href":"https:\/\/lospoliticosveracruz.com\/index.php?rest_route=\/wp\/v2\/posts\/26128\/revisions\/26130"}],"wp:attachment":[{"href":"https:\/\/lospoliticosveracruz.com\/index.php?rest_route=%2Fwp%2Fv2%2Fmedia&parent=26128"}],"wp:term":[{"taxonomy":"category","embeddable":true,"href":"https:\/\/lospoliticosveracruz.com\/index.php?rest_route=%2Fwp%2Fv2%2Fcategories&post=26128"},{"taxonomy":"post_tag","embeddable":true,"href":"https:\/\/lospoliticosveracruz.com\/index.php?rest_route=%2Fwp%2Fv2%2Ftags&post=26128"}],"curies":[{"name":"wp","href":"https:\/\/api.w.org\/{rel}","templated":true}]}}