{"id":26145,"date":"2016-09-26T11:30:21","date_gmt":"2016-09-26T16:30:21","guid":{"rendered":"http:\/\/www.lospoliticosveracruz.com.mx\/?p=26145"},"modified":"2016-09-26T11:30:21","modified_gmt":"2016-09-26T16:30:21","slug":"javier-duarte-factor-de-unidad","status":"publish","type":"post","link":"https:\/\/lospoliticosveracruz.com\/?p=26145","title":{"rendered":"Javier Duarte, factor de unidad"},"content":{"rendered":"<p>&nbsp;<\/p>\n<p><strong>Valeria Marcial<\/strong><\/p>\n<p><em>En Pol\u00edtica\u2026 Personas y Personalidades<\/em><\/p>\n<p>&nbsp;<\/p>\n<p>&nbsp;<\/p>\n<p>Como ning\u00fan otro gobernador, Javier Duarte de Ochoa est\u00e1 siendo castigado por la sociedad veracruzana e incluso por su propio partido, el PRI, por su desmedido mal actuar y manejo irregular de los recursos del estado, que lo tienen al borde de la expulsi\u00f3n del tricolor.<\/p>\n<p>La suspensi\u00f3n de sus derechos pol\u00edticos, es el calificativo institucional para no decir \u00abexpulsi\u00f3n\u00bb del PRI, pues ha sido evidenciado en sus triqui\u00f1uelas y peor a\u00fan, hizo que se perdiera \u00abla joya de la corona\u00bb, algo que parec\u00eda imposible.<\/p>\n<p>Al PRI le doli\u00f3 perder varios estados, sin duda, pero doli\u00f3 perder un estado cuyo capital pol\u00edtico es primordial para las contiendas presidenciales. Le doli\u00f3 perder un estado con gran flujo de recursos a trav\u00e9s de las importaciones y exportaciones que se mueven en el Puerto y los beneficio$ que ello genera.<\/p>\n<p>Le doli\u00f3 perder un estado, cuyas bondades y atracciones tur\u00edsticas son inigualables. Al PRI le doli\u00f3 perder un estado en el que sus habitantes siempre participan en pol\u00edtica y todos saben de pol\u00edtica.<\/p>\n<p>Javier Duarte de Ochoa, claro que dividi\u00f3 al PRI, pues no reparti\u00f3 como los dem\u00e1s ex gobernadores. Limit\u00f3 su red a los que ahora ya sabemos qui\u00e9nes son. (Siempre lo supimos).<\/p>\n<p>Javier Duarte ofendi\u00f3 a los veracruzanos, nos tom\u00f3 el pelo, us\u00f3 nuestras riquezas, nuestro sistema y se sigue burlando con cinismo en nuestras caras, pues no va a renunciar al cargo.<\/p>\n<p>Pero sabe ser amigo, eso est\u00e1 comprobado, pues quienes tienen una diputaci\u00f3n hoy lo respaldan&#8230; bien dicen que es de bien nacidos ser agradecidos.<\/p>\n<p>Al PRI, aunque le duela reconocer, en Veracruz el PAN les marca la agenda. La tibieza en una dirigencia, no abona en nada. O se rescata al PRI o se hunde el barco por lo menos ocho a\u00f1os. (Tiempo que el PAN, seguro estar\u00e1 en Palacio de Gobierno).<\/p>\n<p>Aunque JDO haya ganado con un mill\u00f3n 400 mil votos, tenga dos senadur\u00edas, mayor\u00eda calificada en el Congreso local, el 85 por ciento de las presidencias municipales, 16 diputaciones federales; toooodos esos votos, en la pasada elecci\u00f3n se revirtieron, porque simple y sencillamente a esos votantes les dio asco tanta corrupci\u00f3n.<\/p>\n<p>\u00abLa lucha frontal contra la corrupci\u00f3n\u00bb que ha emprendido Enrique Ochoa, sin duda afecta intereses, porque en pol\u00edtica no hay casualidades. Quienes respaldan a Javier, lamentablemente no se dan cuenta que son patadas de ahogado.<\/p>\n<p>El PRI necesita recuperar su fuerza, recuperar algo de lo que un d\u00eda fue.<\/p>\n<p>\u00bfDe parte de qui\u00e9n?, de parte del Presidente, del ex candidato que contendi\u00f3 una vez con \u00e9l y \u00e9l mismo al que hizo perder, de parte de los veracruzanos que han despertado luego de tantos a\u00f1os de enga\u00f1arlos con espejitos.<\/p>\n<p>Sin duda Javier Duarte es un factor de unidad, supo unir a todos pero en su contra. Ojal\u00e1 todo el dinero que se dice se rob\u00f3, le alcance para pagar su descr\u00e9dito y los se\u00f1alamientos en su contra. Para hacer que nos llegue el olvido.<\/p>\n<p><strong>*Que si habr\u00e1 pago<\/strong><\/p>\n<p>En la SEV pusieron a correr a todos, cuando se anunci\u00f3 desde este domingo que docentes tomar\u00e1n las calles de la capital para exigir los pendientes. Pero la maestra X\u00f3chitil, se sabe cabilde\u00f3 bastante y logr\u00f3 que a los maestros veracruzanos, este lunes les pagar\u00e1n la Compensaci\u00f3n Nacional \u00danica 2016; respecto del Bono de Imagen y el de Apoyo a la Superaci\u00f3n Acad\u00e9mica 2016 del magisterio estatal, pues que aguanten tantito, mandan a decir.<\/p>\n<p><strong><em>Personalidades<\/em><\/strong><\/p>\n<p><strong>*<\/strong><em>El alcalde y su gente no para<\/em><\/p>\n<p>Am\u00e9rico Z\u00fa\u00f1iga, no corri\u00f3, pero puso a correr a todo el equipo, pues los m\u00e1s de mil 200 participantes deb\u00edan recibir el mejor trato.<\/p>\n<p>Por cierto, siempre activo como es, andaba Jes\u00fas D\u00edaz M\u00fa\u00f1oz, quien sin grillas trabaja y da resultados, se nota su gusto por el deporte y m\u00e1s si se practica en familia.<\/p>\n<p>Cuando se hace lo que amas, sirves por amor, no es trabajo.<\/p>\n<p><strong>*<\/strong><em>Calladito pero trabajando<\/em><\/p>\n<p>Continuando con el ayuntamiento de Xalapa, el que siempre anda activo es Heriberto Ponce, quien el #D\u00edaMundialSinAuto si dej\u00f3 el carro y se trep\u00f3 a la bici y recorri\u00f3 as\u00ed las calles de la capital. Por cierto le encanta el twitter, si les escribes por esa v\u00eda, enseguida responde.<\/p>\n","protected":false},"excerpt":{"rendered":"<p>&nbsp; Valeria Marcial En Pol\u00edtica\u2026 Personas y Personalidades &nbsp; &nbsp; Como ning\u00fan otro gobernador, Javier Duarte de Ochoa est\u00e1 siendo castigado por la sociedad veracruzana e incluso por su propio partido, el PRI, por su desmedido mal actuar y manejo irregular de los recursos del estado, que lo tienen al borde de la expulsi\u00f3n del [&hellip;]<\/p>\n","protected":false},"author":2,"featured_media":0,"comment_status":"open","ping_status":"open","sticky":false,"template":"","format":"standard","meta":{"tdm_status":"","tdm_grid_status":"","footnotes":""},"categories":[70],"tags":[539,6016,6356,260,88],"class_list":{"0":"post-26145","1":"post","2":"type-post","3":"status-publish","4":"format-standard","6":"category-de-opinion","7":"tag-americo-zuniga-martinez","8":"tag-expulsion-pri","9":"tag-heriberto-ponce","10":"tag-javier-duarte-de-ochoa","11":"tag-sev"},"yoast_head":"<!-- This site is optimized with the Yoast SEO plugin v27.4 - https:\/\/yoast.com\/product\/yoast-seo-wordpress\/ -->\n<title>Javier Duarte, factor de unidad - Los pol\u00edticos Veracruz<\/title>\n<meta name=\"robots\" content=\"index, follow, max-snippet:-1, max-image-preview:large, max-video-preview:-1\" \/>\n<link rel=\"canonical\" href=\"https:\/\/lospoliticosveracruz.com\/?p=26145\" \/>\n<meta property=\"og:locale\" content=\"es_ES\" \/>\n<meta property=\"og:type\" content=\"article\" \/>\n<meta property=\"og:title\" content=\"Javier Duarte, factor de unidad - Los pol\u00edticos Veracruz\" \/>\n<meta property=\"og:description\" content=\"&nbsp; Valeria Marcial En Pol\u00edtica\u2026 Personas y Personalidades &nbsp; &nbsp; Como ning\u00fan otro gobernador, Javier Duarte de Ochoa est\u00e1 siendo castigado por la sociedad veracruzana e incluso por su propio partido, el PRI, por su desmedido mal actuar y manejo irregular de los recursos del estado, que lo tienen al borde de la expulsi\u00f3n del [&hellip;]\" \/>\n<meta property=\"og:url\" content=\"https:\/\/lospoliticosveracruz.com\/?p=26145\" \/>\n<meta property=\"og:site_name\" content=\"Los pol\u00edticos Veracruz\" \/>\n<meta property=\"article:publisher\" content=\"https:\/\/www.facebook.com\/people\/Notimemes-de-los-Polticos\/61565672886568\/\" \/>\n<meta property=\"article:published_time\" content=\"2016-09-26T16:30:21+00:00\" \/>\n<meta property=\"og:image\" content=\"https:\/\/lospoliticosveracruz.com\/wp-content\/uploads\/2016\/07\/Logo-Dor.jpg\" \/>\n\t<meta property=\"og:image:width\" content=\"200\" \/>\n\t<meta property=\"og:image:height\" content=\"200\" \/>\n\t<meta property=\"og:image:type\" content=\"image\/jpeg\" \/>\n<meta name=\"author\" content=\"Lo viste en Los Pol\u00edticos\" \/>\n<meta name=\"twitter:card\" content=\"summary_large_image\" \/>\n<meta name=\"twitter:creator\" content=\"@LosPoliticosVer\" \/>\n<meta name=\"twitter:site\" content=\"@LosPoliticosVer\" \/>\n<meta name=\"twitter:label1\" content=\"Escrito por\" \/>\n\t<meta name=\"twitter:data1\" content=\"Lo viste en Los Pol\u00edticos\" \/>\n\t<meta name=\"twitter:label2\" content=\"Tiempo de lectura\" \/>\n\t<meta name=\"twitter:data2\" content=\"4 minutos\" \/>\n<script type=\"application\/ld+json\" class=\"yoast-schema-graph\">{\"@context\":\"https:\\\/\\\/schema.org\",\"@graph\":[{\"@type\":\"Article\",\"@id\":\"https:\\\/\\\/lospoliticosveracruz.com\\\/?p=26145#article\",\"isPartOf\":{\"@id\":\"https:\\\/\\\/lospoliticosveracruz.com\\\/?p=26145\"},\"author\":{\"name\":\"Lo viste en Los Pol\u00edticos\",\"@id\":\"https:\\\/\\\/lospoliticosveracruz.com\\\/#\\\/schema\\\/person\\\/b8702bb0e538456e6efd07080bf2a4a2\"},\"headline\":\"Javier Duarte, factor de unidad\",\"datePublished\":\"2016-09-26T16:30:21+00:00\",\"mainEntityOfPage\":{\"@id\":\"https:\\\/\\\/lospoliticosveracruz.com\\\/?p=26145\"},\"wordCount\":750,\"commentCount\":0,\"publisher\":{\"@id\":\"https:\\\/\\\/lospoliticosveracruz.com\\\/#organization\"},\"keywords\":[\"Am\u00e9rico Z\u00fa\u00f1iga Mart\u00ednez\",\"Expulsi\u00f3n PRI\",\"Heriberto Ponce\",\"Javier Duarte de Ochoa\",\"SEV\"],\"articleSection\":[\"De Opini\u00f3n\"],\"inLanguage\":\"es\",\"potentialAction\":[{\"@type\":\"CommentAction\",\"name\":\"Comment\",\"target\":[\"https:\\\/\\\/lospoliticosveracruz.com\\\/?p=26145#respond\"]}]},{\"@type\":\"WebPage\",\"@id\":\"https:\\\/\\\/lospoliticosveracruz.com\\\/?p=26145\",\"url\":\"https:\\\/\\\/lospoliticosveracruz.com\\\/?p=26145\",\"name\":\"Javier Duarte, factor de unidad - Los pol\u00edticos Veracruz\",\"isPartOf\":{\"@id\":\"https:\\\/\\\/lospoliticosveracruz.com\\\/#website\"},\"datePublished\":\"2016-09-26T16:30:21+00:00\",\"breadcrumb\":{\"@id\":\"https:\\\/\\\/lospoliticosveracruz.com\\\/?p=26145#breadcrumb\"},\"inLanguage\":\"es\",\"potentialAction\":[{\"@type\":\"ReadAction\",\"target\":[\"https:\\\/\\\/lospoliticosveracruz.com\\\/?p=26145\"]}]},{\"@type\":\"BreadcrumbList\",\"@id\":\"https:\\\/\\\/lospoliticosveracruz.com\\\/?p=26145#breadcrumb\",\"itemListElement\":[{\"@type\":\"ListItem\",\"position\":1,\"name\":\"Portada\",\"item\":\"https:\\\/\\\/lospoliticosveracruz.com\\\/\"},{\"@type\":\"ListItem\",\"position\":2,\"name\":\"Javier Duarte, factor de unidad\"}]},{\"@type\":\"WebSite\",\"@id\":\"https:\\\/\\\/lospoliticosveracruz.com\\\/#website\",\"url\":\"https:\\\/\\\/lospoliticosveracruz.com\\\/\",\"name\":\"Los pol\u00edticos Veracruz\",\"description\":\"\",\"publisher\":{\"@id\":\"https:\\\/\\\/lospoliticosveracruz.com\\\/#organization\"},\"potentialAction\":[{\"@type\":\"SearchAction\",\"target\":{\"@type\":\"EntryPoint\",\"urlTemplate\":\"https:\\\/\\\/lospoliticosveracruz.com\\\/?s={search_term_string}\"},\"query-input\":{\"@type\":\"PropertyValueSpecification\",\"valueRequired\":true,\"valueName\":\"search_term_string\"}}],\"inLanguage\":\"es\"},{\"@type\":\"Organization\",\"@id\":\"https:\\\/\\\/lospoliticosveracruz.com\\\/#organization\",\"name\":\"Los pol\u00edticos Veracruz\",\"url\":\"https:\\\/\\\/lospoliticosveracruz.com\\\/\",\"logo\":{\"@type\":\"ImageObject\",\"inLanguage\":\"es\",\"@id\":\"https:\\\/\\\/lospoliticosveracruz.com\\\/#\\\/schema\\\/logo\\\/image\\\/\",\"url\":\"https:\\\/\\\/lospoliticosveracruz.com\\\/wp-content\\\/uploads\\\/2025\\\/12\\\/Logo-Nuevo-LOS-POLITICOS-1.jpg\",\"contentUrl\":\"https:\\\/\\\/lospoliticosveracruz.com\\\/wp-content\\\/uploads\\\/2025\\\/12\\\/Logo-Nuevo-LOS-POLITICOS-1.jpg\",\"width\":260,\"height\":70,\"caption\":\"Los pol\u00edticos Veracruz\"},\"image\":{\"@id\":\"https:\\\/\\\/lospoliticosveracruz.com\\\/#\\\/schema\\\/logo\\\/image\\\/\"},\"sameAs\":[\"https:\\\/\\\/www.facebook.com\\\/people\\\/Notimemes-de-los-Polticos\\\/61565672886568\\\/\",\"https:\\\/\\\/x.com\\\/LosPoliticosVer\"]},{\"@type\":\"Person\",\"@id\":\"https:\\\/\\\/lospoliticosveracruz.com\\\/#\\\/schema\\\/person\\\/b8702bb0e538456e6efd07080bf2a4a2\",\"name\":\"Lo viste en Los Pol\u00edticos\",\"image\":{\"@type\":\"ImageObject\",\"inLanguage\":\"es\",\"@id\":\"https:\\\/\\\/secure.gravatar.com\\\/avatar\\\/3a8de04a2656d44082be478bd6c086daa447c4651605818287b9532d3d0bd435?s=96&d=mm&r=g\",\"url\":\"https:\\\/\\\/secure.gravatar.com\\\/avatar\\\/3a8de04a2656d44082be478bd6c086daa447c4651605818287b9532d3d0bd435?s=96&d=mm&r=g\",\"contentUrl\":\"https:\\\/\\\/secure.gravatar.com\\\/avatar\\\/3a8de04a2656d44082be478bd6c086daa447c4651605818287b9532d3d0bd435?s=96&d=mm&r=g\",\"caption\":\"Lo viste en Los Pol\u00edticos\"},\"url\":\"https:\\\/\\\/lospoliticosveracruz.com\\\/?author=2\"}]}<\/script>\n<!-- \/ Yoast SEO plugin. -->","yoast_head_json":{"title":"Javier Duarte, factor de unidad - Los pol\u00edticos Veracruz","robots":{"index":"index","follow":"follow","max-snippet":"max-snippet:-1","max-image-preview":"max-image-preview:large","max-video-preview":"max-video-preview:-1"},"canonical":"https:\/\/lospoliticosveracruz.com\/?p=26145","og_locale":"es_ES","og_type":"article","og_title":"Javier Duarte, factor de unidad - Los pol\u00edticos Veracruz","og_description":"&nbsp; Valeria Marcial En Pol\u00edtica\u2026 Personas y Personalidades &nbsp; &nbsp; Como ning\u00fan otro gobernador, Javier Duarte de Ochoa est\u00e1 siendo castigado por la sociedad veracruzana e incluso por su propio partido, el PRI, por su desmedido mal actuar y manejo irregular de los recursos del estado, que lo tienen al borde de la expulsi\u00f3n del [&hellip;]","og_url":"https:\/\/lospoliticosveracruz.com\/?p=26145","og_site_name":"Los pol\u00edticos Veracruz","article_publisher":"https:\/\/www.facebook.com\/people\/Notimemes-de-los-Polticos\/61565672886568\/","article_published_time":"2016-09-26T16:30:21+00:00","og_image":[{"width":200,"height":200,"url":"https:\/\/lospoliticosveracruz.com\/wp-content\/uploads\/2016\/07\/Logo-Dor.jpg","type":"image\/jpeg"}],"author":"Lo viste en Los Pol\u00edticos","twitter_card":"summary_large_image","twitter_creator":"@LosPoliticosVer","twitter_site":"@LosPoliticosVer","twitter_misc":{"Escrito por":"Lo viste en Los Pol\u00edticos","Tiempo de lectura":"4 minutos"},"schema":{"@context":"https:\/\/schema.org","@graph":[{"@type":"Article","@id":"https:\/\/lospoliticosveracruz.com\/?p=26145#article","isPartOf":{"@id":"https:\/\/lospoliticosveracruz.com\/?p=26145"},"author":{"name":"Lo viste en Los Pol\u00edticos","@id":"https:\/\/lospoliticosveracruz.com\/#\/schema\/person\/b8702bb0e538456e6efd07080bf2a4a2"},"headline":"Javier Duarte, factor de unidad","datePublished":"2016-09-26T16:30:21+00:00","mainEntityOfPage":{"@id":"https:\/\/lospoliticosveracruz.com\/?p=26145"},"wordCount":750,"commentCount":0,"publisher":{"@id":"https:\/\/lospoliticosveracruz.com\/#organization"},"keywords":["Am\u00e9rico Z\u00fa\u00f1iga Mart\u00ednez","Expulsi\u00f3n PRI","Heriberto Ponce","Javier Duarte de Ochoa","SEV"],"articleSection":["De Opini\u00f3n"],"inLanguage":"es","potentialAction":[{"@type":"CommentAction","name":"Comment","target":["https:\/\/lospoliticosveracruz.com\/?p=26145#respond"]}]},{"@type":"WebPage","@id":"https:\/\/lospoliticosveracruz.com\/?p=26145","url":"https:\/\/lospoliticosveracruz.com\/?p=26145","name":"Javier Duarte, factor de unidad - Los pol\u00edticos Veracruz","isPartOf":{"@id":"https:\/\/lospoliticosveracruz.com\/#website"},"datePublished":"2016-09-26T16:30:21+00:00","breadcrumb":{"@id":"https:\/\/lospoliticosveracruz.com\/?p=26145#breadcrumb"},"inLanguage":"es","potentialAction":[{"@type":"ReadAction","target":["https:\/\/lospoliticosveracruz.com\/?p=26145"]}]},{"@type":"BreadcrumbList","@id":"https:\/\/lospoliticosveracruz.com\/?p=26145#breadcrumb","itemListElement":[{"@type":"ListItem","position":1,"name":"Portada","item":"https:\/\/lospoliticosveracruz.com\/"},{"@type":"ListItem","position":2,"name":"Javier Duarte, factor de unidad"}]},{"@type":"WebSite","@id":"https:\/\/lospoliticosveracruz.com\/#website","url":"https:\/\/lospoliticosveracruz.com\/","name":"Los pol\u00edticos Veracruz","description":"","publisher":{"@id":"https:\/\/lospoliticosveracruz.com\/#organization"},"potentialAction":[{"@type":"SearchAction","target":{"@type":"EntryPoint","urlTemplate":"https:\/\/lospoliticosveracruz.com\/?s={search_term_string}"},"query-input":{"@type":"PropertyValueSpecification","valueRequired":true,"valueName":"search_term_string"}}],"inLanguage":"es"},{"@type":"Organization","@id":"https:\/\/lospoliticosveracruz.com\/#organization","name":"Los pol\u00edticos Veracruz","url":"https:\/\/lospoliticosveracruz.com\/","logo":{"@type":"ImageObject","inLanguage":"es","@id":"https:\/\/lospoliticosveracruz.com\/#\/schema\/logo\/image\/","url":"https:\/\/lospoliticosveracruz.com\/wp-content\/uploads\/2025\/12\/Logo-Nuevo-LOS-POLITICOS-1.jpg","contentUrl":"https:\/\/lospoliticosveracruz.com\/wp-content\/uploads\/2025\/12\/Logo-Nuevo-LOS-POLITICOS-1.jpg","width":260,"height":70,"caption":"Los pol\u00edticos Veracruz"},"image":{"@id":"https:\/\/lospoliticosveracruz.com\/#\/schema\/logo\/image\/"},"sameAs":["https:\/\/www.facebook.com\/people\/Notimemes-de-los-Polticos\/61565672886568\/","https:\/\/x.com\/LosPoliticosVer"]},{"@type":"Person","@id":"https:\/\/lospoliticosveracruz.com\/#\/schema\/person\/b8702bb0e538456e6efd07080bf2a4a2","name":"Lo viste en Los Pol\u00edticos","image":{"@type":"ImageObject","inLanguage":"es","@id":"https:\/\/secure.gravatar.com\/avatar\/3a8de04a2656d44082be478bd6c086daa447c4651605818287b9532d3d0bd435?s=96&d=mm&r=g","url":"https:\/\/secure.gravatar.com\/avatar\/3a8de04a2656d44082be478bd6c086daa447c4651605818287b9532d3d0bd435?s=96&d=mm&r=g","contentUrl":"https:\/\/secure.gravatar.com\/avatar\/3a8de04a2656d44082be478bd6c086daa447c4651605818287b9532d3d0bd435?s=96&d=mm&r=g","caption":"Lo viste en Los Pol\u00edticos"},"url":"https:\/\/lospoliticosveracruz.com\/?author=2"}]}},"_links":{"self":[{"href":"https:\/\/lospoliticosveracruz.com\/index.php?rest_route=\/wp\/v2\/posts\/26145","targetHints":{"allow":["GET"]}}],"collection":[{"href":"https:\/\/lospoliticosveracruz.com\/index.php?rest_route=\/wp\/v2\/posts"}],"about":[{"href":"https:\/\/lospoliticosveracruz.com\/index.php?rest_route=\/wp\/v2\/types\/post"}],"author":[{"embeddable":true,"href":"https:\/\/lospoliticosveracruz.com\/index.php?rest_route=\/wp\/v2\/users\/2"}],"replies":[{"embeddable":true,"href":"https:\/\/lospoliticosveracruz.com\/index.php?rest_route=%2Fwp%2Fv2%2Fcomments&post=26145"}],"version-history":[{"count":1,"href":"https:\/\/lospoliticosveracruz.com\/index.php?rest_route=\/wp\/v2\/posts\/26145\/revisions"}],"predecessor-version":[{"id":26146,"href":"https:\/\/lospoliticosveracruz.com\/index.php?rest_route=\/wp\/v2\/posts\/26145\/revisions\/26146"}],"wp:attachment":[{"href":"https:\/\/lospoliticosveracruz.com\/index.php?rest_route=%2Fwp%2Fv2%2Fmedia&parent=26145"}],"wp:term":[{"taxonomy":"category","embeddable":true,"href":"https:\/\/lospoliticosveracruz.com\/index.php?rest_route=%2Fwp%2Fv2%2Fcategories&post=26145"},{"taxonomy":"post_tag","embeddable":true,"href":"https:\/\/lospoliticosveracruz.com\/index.php?rest_route=%2Fwp%2Fv2%2Ftags&post=26145"}],"curies":[{"name":"wp","href":"https:\/\/api.w.org\/{rel}","templated":true}]}}