{"id":26147,"date":"2016-09-26T16:39:19","date_gmt":"2016-09-26T21:39:19","guid":{"rendered":"http:\/\/www.lospoliticosveracruz.com.mx\/?p=26147"},"modified":"2016-09-26T16:39:19","modified_gmt":"2016-09-26T21:39:19","slug":"angie-alza-la-mano","status":"publish","type":"post","link":"https:\/\/lospoliticosveracruz.com\/?p=26147","title":{"rendered":"Angie alza la mano"},"content":{"rendered":"<div><strong>Fernando Hern\u00e1ndez Fern\u00e1ndez<u><\/u><u><\/u><\/strong><\/div>\n<div>\n<div><em>El Marcaje<\/em><\/div>\n<div><em>\u00a0<\/em><\/div>\n<\/div>\n<div><b>\u00a0<\/b><\/div>\n<div><b>\u00a0<\/b><\/div>\n<div>Hace unos d\u00edas tuve oportunidad de platicar con la bicampeona paral\u00edmpica Mar\u00eda de los \u00c1ngeles Ortiz Hern\u00e1ndez, aprovech\u00e9 para preguntarle si tiene aspiraciones de llegar a un plano directivo en pro del deporte veracruzano, esto debido a que a\u00fan no tiene claro su futuro en el atletismo activo.<u><\/u><u><\/u><\/div>\n<div>No le desagrad\u00f3 la idea de convertirse en la directora del Instituto Veracruzano del Deporte (IVD) en el bienio de Miguel \u00c1ngel Yunes Linares.<u><\/u><u><\/u><\/div>\n<div>Sin embargo, \u201cAngie\u201d pedir\u00eda lo coherente: Que la dejasen trabajar y rodearse de su gente de confianza. Es normal. Ella no est\u00e1 acostumbrada a que le impongan nada.<u><\/u><u><\/u><\/div>\n<div>\u201cLo que me tiene que mover a m\u00ed es la pasi\u00f3n y me gustar\u00eda mucho ayudar al deporte, pero tendr\u00eda que ser si la administraci\u00f3n, la que sea que me lo ofrezca, me deja actuar, porque yo soy una persona muy derecha, con principios muy s\u00f3lidos.<u><\/u><u><\/u><\/div>\n<div>\u201cSi la administraci\u00f3n que me lo ofrece me deja actuar con limpieza, rectitud, como creo que deben de ser las cosas, por todo lo que he visto, vivido y sigo observando, si me deja trabajar con libertad, formar mi equipo de trabajo, y trabajar como se debe de trabajar, dejar de llenarse los bolsillos, entonces yo s\u00ed voy\u201d, declar\u00f3.<u><\/u><u><\/u><\/div>\n<div>Ortiz Hern\u00e1ndez es una mujer de car\u00e1cter, no agachada, que podr\u00eda darle continuidad y reforzar los trabajos de la actual directora, F\u00e1tima del \u00c1ngel Palacios, una dirigente de similares caracter\u00edsticas.<u><\/u><u><\/u><\/div>\n<div>Es sabida la buena relaci\u00f3n que tiene la deportista nacida en Tabasco con la familia de Miguel \u00c1ngel Yunes Linares, aunado a los logros que tiene y a su constante lucha por los derechos de los atletas, como lo hizo recientemente ante los dirigentes de la Federaci\u00f3n Mexicana de Deportes Sobre Sillas de Ruedas, organismo que no est\u00e1 interesada en dirigir, seg\u00fan me dijo en la charla.<u><\/u><u><\/u><\/div>\n<div>\u201cYa me llamaron, me felicitaron por la medalla y me dijeron que quer\u00edan hablar conmigo, no s\u00e9 de qu\u00e9, pero quieren platicar conmigo\u201d, me dijo durante la entrevista que le hice para el noticiario En Contacto.<u><\/u><u><\/u><\/div>\n<div>Aunque s\u00ed dej\u00f3 en claro que ella no se gu\u00eda por colores o partidos, sino por las personas.<u><\/u><u><\/u><\/div>\n<div>El momento de elegir a la persona adecuada para comandar al IVD en el pr\u00f3ximo bienio se acerca. Ya hace unas semanas el tenista Santiago Gonz\u00e1lez reconoci\u00f3 que s\u00ed le gustar\u00eda aceptar la invitaci\u00f3n que le hizo el gobernador electo, pero la postura de \u201cAngie\u201d tras R\u00edo 2016 podr\u00eda cambiar las cosas.<u><\/u><u><\/u><\/div>\n<div dir=\"ltr\">Y de verdad que \u201cMiyuli\u201d la tiene dif\u00edcil, porque la administraci\u00f3n de Jos\u00e9 Salvatori y Juan Jim\u00e9nez en Boca del R\u00edo tambi\u00e9n ha sido positiva para el deporte y la activaci\u00f3n f\u00edsica en ese ayuntamiento, aunque el exnadador pap\u00e1 de Samantha Jim\u00e9nez se perfila como un fuerte candidato para la Direcci\u00f3n Estatal de Educaci\u00f3n F\u00edsica, donde podr\u00eda encajar de igual manera su experiencia.<\/div>\n","protected":false},"excerpt":{"rendered":"<p>Fernando Hern\u00e1ndez Fern\u00e1ndez El Marcaje \u00a0 \u00a0 \u00a0 Hace unos d\u00edas tuve oportunidad de platicar con la bicampeona paral\u00edmpica Mar\u00eda de los \u00c1ngeles Ortiz Hern\u00e1ndez, aprovech\u00e9 para preguntarle si tiene aspiraciones de llegar a un plano directivo en pro del deporte veracruzano, esto debido a que a\u00fan no tiene claro su futuro en el atletismo [&hellip;]<\/p>\n","protected":false},"author":2,"featured_media":0,"comment_status":"open","ping_status":"open","sticky":false,"template":"","format":"standard","meta":{"tdm_status":"","tdm_grid_status":"","footnotes":""},"categories":[70],"tags":[6358,6357,428],"class_list":{"0":"post-26147","1":"post","2":"type-post","3":"status-publish","4":"format-standard","6":"category-de-opinion","7":"tag-instituto-veracruzano-del-deporte","8":"tag-maria-de-los-angeles-ortiz-hernandez","9":"tag-miguel-angel-yunes-linares"},"yoast_head":"<!-- This site is optimized with the Yoast SEO plugin v27.4 - https:\/\/yoast.com\/product\/yoast-seo-wordpress\/ -->\n<title>Angie alza la mano - Los pol\u00edticos Veracruz<\/title>\n<meta name=\"robots\" content=\"index, follow, max-snippet:-1, max-image-preview:large, max-video-preview:-1\" \/>\n<link rel=\"canonical\" href=\"https:\/\/lospoliticosveracruz.com\/?p=26147\" \/>\n<meta property=\"og:locale\" content=\"es_ES\" \/>\n<meta property=\"og:type\" content=\"article\" \/>\n<meta property=\"og:title\" content=\"Angie alza la mano - Los pol\u00edticos Veracruz\" \/>\n<meta property=\"og:description\" content=\"Fernando Hern\u00e1ndez Fern\u00e1ndez El Marcaje \u00a0 \u00a0 \u00a0 Hace unos d\u00edas tuve oportunidad de platicar con la bicampeona paral\u00edmpica Mar\u00eda de los \u00c1ngeles Ortiz Hern\u00e1ndez, aprovech\u00e9 para preguntarle si tiene aspiraciones de llegar a un plano directivo en pro del deporte veracruzano, esto debido a que a\u00fan no tiene claro su futuro en el atletismo [&hellip;]\" \/>\n<meta property=\"og:url\" content=\"https:\/\/lospoliticosveracruz.com\/?p=26147\" \/>\n<meta property=\"og:site_name\" content=\"Los pol\u00edticos Veracruz\" \/>\n<meta property=\"article:publisher\" content=\"https:\/\/www.facebook.com\/people\/Notimemes-de-los-Polticos\/61565672886568\/\" \/>\n<meta property=\"article:published_time\" content=\"2016-09-26T21:39:19+00:00\" \/>\n<meta property=\"og:image\" content=\"https:\/\/lospoliticosveracruz.com\/wp-content\/uploads\/2016\/07\/Logo-Dor.jpg\" \/>\n\t<meta property=\"og:image:width\" content=\"200\" \/>\n\t<meta property=\"og:image:height\" content=\"200\" \/>\n\t<meta property=\"og:image:type\" content=\"image\/jpeg\" \/>\n<meta name=\"author\" content=\"Lo viste en Los Pol\u00edticos\" \/>\n<meta name=\"twitter:card\" content=\"summary_large_image\" \/>\n<meta name=\"twitter:creator\" content=\"@LosPoliticosVer\" \/>\n<meta name=\"twitter:site\" content=\"@LosPoliticosVer\" \/>\n<meta name=\"twitter:label1\" content=\"Escrito por\" \/>\n\t<meta name=\"twitter:data1\" content=\"Lo viste en Los Pol\u00edticos\" \/>\n\t<meta name=\"twitter:label2\" content=\"Tiempo de lectura\" \/>\n\t<meta name=\"twitter:data2\" content=\"3 minutos\" \/>\n<script type=\"application\/ld+json\" class=\"yoast-schema-graph\">{\"@context\":\"https:\\\/\\\/schema.org\",\"@graph\":[{\"@type\":\"Article\",\"@id\":\"https:\\\/\\\/lospoliticosveracruz.com\\\/?p=26147#article\",\"isPartOf\":{\"@id\":\"https:\\\/\\\/lospoliticosveracruz.com\\\/?p=26147\"},\"author\":{\"name\":\"Lo viste en Los Pol\u00edticos\",\"@id\":\"https:\\\/\\\/lospoliticosveracruz.com\\\/#\\\/schema\\\/person\\\/b8702bb0e538456e6efd07080bf2a4a2\"},\"headline\":\"Angie alza la mano\",\"datePublished\":\"2016-09-26T21:39:19+00:00\",\"mainEntityOfPage\":{\"@id\":\"https:\\\/\\\/lospoliticosveracruz.com\\\/?p=26147\"},\"wordCount\":521,\"commentCount\":0,\"publisher\":{\"@id\":\"https:\\\/\\\/lospoliticosveracruz.com\\\/#organization\"},\"keywords\":[\"Instituto Veracruzano del Deporte\",\"Mar\u00eda de los \u00c1ngeles Ortiz Hern\u00e1ndez\",\"Miguel Angel Yunes Linares\"],\"articleSection\":[\"De Opini\u00f3n\"],\"inLanguage\":\"es\",\"potentialAction\":[{\"@type\":\"CommentAction\",\"name\":\"Comment\",\"target\":[\"https:\\\/\\\/lospoliticosveracruz.com\\\/?p=26147#respond\"]}]},{\"@type\":\"WebPage\",\"@id\":\"https:\\\/\\\/lospoliticosveracruz.com\\\/?p=26147\",\"url\":\"https:\\\/\\\/lospoliticosveracruz.com\\\/?p=26147\",\"name\":\"Angie alza la mano - Los pol\u00edticos Veracruz\",\"isPartOf\":{\"@id\":\"https:\\\/\\\/lospoliticosveracruz.com\\\/#website\"},\"datePublished\":\"2016-09-26T21:39:19+00:00\",\"breadcrumb\":{\"@id\":\"https:\\\/\\\/lospoliticosveracruz.com\\\/?p=26147#breadcrumb\"},\"inLanguage\":\"es\",\"potentialAction\":[{\"@type\":\"ReadAction\",\"target\":[\"https:\\\/\\\/lospoliticosveracruz.com\\\/?p=26147\"]}]},{\"@type\":\"BreadcrumbList\",\"@id\":\"https:\\\/\\\/lospoliticosveracruz.com\\\/?p=26147#breadcrumb\",\"itemListElement\":[{\"@type\":\"ListItem\",\"position\":1,\"name\":\"Portada\",\"item\":\"https:\\\/\\\/lospoliticosveracruz.com\\\/\"},{\"@type\":\"ListItem\",\"position\":2,\"name\":\"Angie alza la mano\"}]},{\"@type\":\"WebSite\",\"@id\":\"https:\\\/\\\/lospoliticosveracruz.com\\\/#website\",\"url\":\"https:\\\/\\\/lospoliticosveracruz.com\\\/\",\"name\":\"Los pol\u00edticos Veracruz\",\"description\":\"\",\"publisher\":{\"@id\":\"https:\\\/\\\/lospoliticosveracruz.com\\\/#organization\"},\"potentialAction\":[{\"@type\":\"SearchAction\",\"target\":{\"@type\":\"EntryPoint\",\"urlTemplate\":\"https:\\\/\\\/lospoliticosveracruz.com\\\/?s={search_term_string}\"},\"query-input\":{\"@type\":\"PropertyValueSpecification\",\"valueRequired\":true,\"valueName\":\"search_term_string\"}}],\"inLanguage\":\"es\"},{\"@type\":\"Organization\",\"@id\":\"https:\\\/\\\/lospoliticosveracruz.com\\\/#organization\",\"name\":\"Los pol\u00edticos Veracruz\",\"url\":\"https:\\\/\\\/lospoliticosveracruz.com\\\/\",\"logo\":{\"@type\":\"ImageObject\",\"inLanguage\":\"es\",\"@id\":\"https:\\\/\\\/lospoliticosveracruz.com\\\/#\\\/schema\\\/logo\\\/image\\\/\",\"url\":\"https:\\\/\\\/lospoliticosveracruz.com\\\/wp-content\\\/uploads\\\/2025\\\/12\\\/Logo-Nuevo-LOS-POLITICOS-1.jpg\",\"contentUrl\":\"https:\\\/\\\/lospoliticosveracruz.com\\\/wp-content\\\/uploads\\\/2025\\\/12\\\/Logo-Nuevo-LOS-POLITICOS-1.jpg\",\"width\":260,\"height\":70,\"caption\":\"Los pol\u00edticos Veracruz\"},\"image\":{\"@id\":\"https:\\\/\\\/lospoliticosveracruz.com\\\/#\\\/schema\\\/logo\\\/image\\\/\"},\"sameAs\":[\"https:\\\/\\\/www.facebook.com\\\/people\\\/Notimemes-de-los-Polticos\\\/61565672886568\\\/\",\"https:\\\/\\\/x.com\\\/LosPoliticosVer\"]},{\"@type\":\"Person\",\"@id\":\"https:\\\/\\\/lospoliticosveracruz.com\\\/#\\\/schema\\\/person\\\/b8702bb0e538456e6efd07080bf2a4a2\",\"name\":\"Lo viste en Los Pol\u00edticos\",\"image\":{\"@type\":\"ImageObject\",\"inLanguage\":\"es\",\"@id\":\"https:\\\/\\\/secure.gravatar.com\\\/avatar\\\/3a8de04a2656d44082be478bd6c086daa447c4651605818287b9532d3d0bd435?s=96&d=mm&r=g\",\"url\":\"https:\\\/\\\/secure.gravatar.com\\\/avatar\\\/3a8de04a2656d44082be478bd6c086daa447c4651605818287b9532d3d0bd435?s=96&d=mm&r=g\",\"contentUrl\":\"https:\\\/\\\/secure.gravatar.com\\\/avatar\\\/3a8de04a2656d44082be478bd6c086daa447c4651605818287b9532d3d0bd435?s=96&d=mm&r=g\",\"caption\":\"Lo viste en Los Pol\u00edticos\"},\"url\":\"https:\\\/\\\/lospoliticosveracruz.com\\\/?author=2\"}]}<\/script>\n<!-- \/ Yoast SEO plugin. -->","yoast_head_json":{"title":"Angie alza la mano - Los pol\u00edticos Veracruz","robots":{"index":"index","follow":"follow","max-snippet":"max-snippet:-1","max-image-preview":"max-image-preview:large","max-video-preview":"max-video-preview:-1"},"canonical":"https:\/\/lospoliticosveracruz.com\/?p=26147","og_locale":"es_ES","og_type":"article","og_title":"Angie alza la mano - Los pol\u00edticos Veracruz","og_description":"Fernando Hern\u00e1ndez Fern\u00e1ndez El Marcaje \u00a0 \u00a0 \u00a0 Hace unos d\u00edas tuve oportunidad de platicar con la bicampeona paral\u00edmpica Mar\u00eda de los \u00c1ngeles Ortiz Hern\u00e1ndez, aprovech\u00e9 para preguntarle si tiene aspiraciones de llegar a un plano directivo en pro del deporte veracruzano, esto debido a que a\u00fan no tiene claro su futuro en el atletismo [&hellip;]","og_url":"https:\/\/lospoliticosveracruz.com\/?p=26147","og_site_name":"Los pol\u00edticos Veracruz","article_publisher":"https:\/\/www.facebook.com\/people\/Notimemes-de-los-Polticos\/61565672886568\/","article_published_time":"2016-09-26T21:39:19+00:00","og_image":[{"width":200,"height":200,"url":"https:\/\/lospoliticosveracruz.com\/wp-content\/uploads\/2016\/07\/Logo-Dor.jpg","type":"image\/jpeg"}],"author":"Lo viste en Los Pol\u00edticos","twitter_card":"summary_large_image","twitter_creator":"@LosPoliticosVer","twitter_site":"@LosPoliticosVer","twitter_misc":{"Escrito por":"Lo viste en Los Pol\u00edticos","Tiempo de lectura":"3 minutos"},"schema":{"@context":"https:\/\/schema.org","@graph":[{"@type":"Article","@id":"https:\/\/lospoliticosveracruz.com\/?p=26147#article","isPartOf":{"@id":"https:\/\/lospoliticosveracruz.com\/?p=26147"},"author":{"name":"Lo viste en Los Pol\u00edticos","@id":"https:\/\/lospoliticosveracruz.com\/#\/schema\/person\/b8702bb0e538456e6efd07080bf2a4a2"},"headline":"Angie alza la mano","datePublished":"2016-09-26T21:39:19+00:00","mainEntityOfPage":{"@id":"https:\/\/lospoliticosveracruz.com\/?p=26147"},"wordCount":521,"commentCount":0,"publisher":{"@id":"https:\/\/lospoliticosveracruz.com\/#organization"},"keywords":["Instituto Veracruzano del Deporte","Mar\u00eda de los \u00c1ngeles Ortiz Hern\u00e1ndez","Miguel Angel Yunes Linares"],"articleSection":["De Opini\u00f3n"],"inLanguage":"es","potentialAction":[{"@type":"CommentAction","name":"Comment","target":["https:\/\/lospoliticosveracruz.com\/?p=26147#respond"]}]},{"@type":"WebPage","@id":"https:\/\/lospoliticosveracruz.com\/?p=26147","url":"https:\/\/lospoliticosveracruz.com\/?p=26147","name":"Angie alza la mano - Los pol\u00edticos Veracruz","isPartOf":{"@id":"https:\/\/lospoliticosveracruz.com\/#website"},"datePublished":"2016-09-26T21:39:19+00:00","breadcrumb":{"@id":"https:\/\/lospoliticosveracruz.com\/?p=26147#breadcrumb"},"inLanguage":"es","potentialAction":[{"@type":"ReadAction","target":["https:\/\/lospoliticosveracruz.com\/?p=26147"]}]},{"@type":"BreadcrumbList","@id":"https:\/\/lospoliticosveracruz.com\/?p=26147#breadcrumb","itemListElement":[{"@type":"ListItem","position":1,"name":"Portada","item":"https:\/\/lospoliticosveracruz.com\/"},{"@type":"ListItem","position":2,"name":"Angie alza la mano"}]},{"@type":"WebSite","@id":"https:\/\/lospoliticosveracruz.com\/#website","url":"https:\/\/lospoliticosveracruz.com\/","name":"Los pol\u00edticos Veracruz","description":"","publisher":{"@id":"https:\/\/lospoliticosveracruz.com\/#organization"},"potentialAction":[{"@type":"SearchAction","target":{"@type":"EntryPoint","urlTemplate":"https:\/\/lospoliticosveracruz.com\/?s={search_term_string}"},"query-input":{"@type":"PropertyValueSpecification","valueRequired":true,"valueName":"search_term_string"}}],"inLanguage":"es"},{"@type":"Organization","@id":"https:\/\/lospoliticosveracruz.com\/#organization","name":"Los pol\u00edticos Veracruz","url":"https:\/\/lospoliticosveracruz.com\/","logo":{"@type":"ImageObject","inLanguage":"es","@id":"https:\/\/lospoliticosveracruz.com\/#\/schema\/logo\/image\/","url":"https:\/\/lospoliticosveracruz.com\/wp-content\/uploads\/2025\/12\/Logo-Nuevo-LOS-POLITICOS-1.jpg","contentUrl":"https:\/\/lospoliticosveracruz.com\/wp-content\/uploads\/2025\/12\/Logo-Nuevo-LOS-POLITICOS-1.jpg","width":260,"height":70,"caption":"Los pol\u00edticos Veracruz"},"image":{"@id":"https:\/\/lospoliticosveracruz.com\/#\/schema\/logo\/image\/"},"sameAs":["https:\/\/www.facebook.com\/people\/Notimemes-de-los-Polticos\/61565672886568\/","https:\/\/x.com\/LosPoliticosVer"]},{"@type":"Person","@id":"https:\/\/lospoliticosveracruz.com\/#\/schema\/person\/b8702bb0e538456e6efd07080bf2a4a2","name":"Lo viste en Los Pol\u00edticos","image":{"@type":"ImageObject","inLanguage":"es","@id":"https:\/\/secure.gravatar.com\/avatar\/3a8de04a2656d44082be478bd6c086daa447c4651605818287b9532d3d0bd435?s=96&d=mm&r=g","url":"https:\/\/secure.gravatar.com\/avatar\/3a8de04a2656d44082be478bd6c086daa447c4651605818287b9532d3d0bd435?s=96&d=mm&r=g","contentUrl":"https:\/\/secure.gravatar.com\/avatar\/3a8de04a2656d44082be478bd6c086daa447c4651605818287b9532d3d0bd435?s=96&d=mm&r=g","caption":"Lo viste en Los Pol\u00edticos"},"url":"https:\/\/lospoliticosveracruz.com\/?author=2"}]}},"_links":{"self":[{"href":"https:\/\/lospoliticosveracruz.com\/index.php?rest_route=\/wp\/v2\/posts\/26147","targetHints":{"allow":["GET"]}}],"collection":[{"href":"https:\/\/lospoliticosveracruz.com\/index.php?rest_route=\/wp\/v2\/posts"}],"about":[{"href":"https:\/\/lospoliticosveracruz.com\/index.php?rest_route=\/wp\/v2\/types\/post"}],"author":[{"embeddable":true,"href":"https:\/\/lospoliticosveracruz.com\/index.php?rest_route=\/wp\/v2\/users\/2"}],"replies":[{"embeddable":true,"href":"https:\/\/lospoliticosveracruz.com\/index.php?rest_route=%2Fwp%2Fv2%2Fcomments&post=26147"}],"version-history":[{"count":2,"href":"https:\/\/lospoliticosveracruz.com\/index.php?rest_route=\/wp\/v2\/posts\/26147\/revisions"}],"predecessor-version":[{"id":26151,"href":"https:\/\/lospoliticosveracruz.com\/index.php?rest_route=\/wp\/v2\/posts\/26147\/revisions\/26151"}],"wp:attachment":[{"href":"https:\/\/lospoliticosveracruz.com\/index.php?rest_route=%2Fwp%2Fv2%2Fmedia&parent=26147"}],"wp:term":[{"taxonomy":"category","embeddable":true,"href":"https:\/\/lospoliticosveracruz.com\/index.php?rest_route=%2Fwp%2Fv2%2Fcategories&post=26147"},{"taxonomy":"post_tag","embeddable":true,"href":"https:\/\/lospoliticosveracruz.com\/index.php?rest_route=%2Fwp%2Fv2%2Ftags&post=26147"}],"curies":[{"name":"wp","href":"https:\/\/api.w.org\/{rel}","templated":true}]}}