{"id":26194,"date":"2016-09-27T19:03:53","date_gmt":"2016-09-28T00:03:53","guid":{"rendered":"http:\/\/www.lospoliticosveracruz.com.mx\/?p=26194"},"modified":"2016-09-27T19:03:53","modified_gmt":"2016-09-28T00:03:53","slug":"adopcion-y-matrimonio-igualitario","status":"publish","type":"post","link":"https:\/\/lospoliticosveracruz.com\/?p=26194","title":{"rendered":"Adopci\u00f3n y matrimonio igualitario"},"content":{"rendered":"<p>&nbsp;<\/p>\n<p>&nbsp;<\/p>\n<p><strong>Sheyla Fuertes Lara<\/strong><\/p>\n<p><em>Mujeres que Saben Lat\u00edn<\/em><\/p>\n<p>&nbsp;<\/p>\n<p>&nbsp;<\/p>\n<p>La Suprema Corte de Justicia de la Naci\u00f3n, que es el m\u00e1ximo organismo legal en nuestro pa\u00eds, el pasado viernes 23 de septiembre emiti\u00f3 una jurisprudencia para que las parejas del mismo sexo puedan adoptar, lo que la convierte en ley.<\/p>\n<p>Para las personas que no estudiamos la carrera de Derecho, el t\u00e9rmino jurisprudencia nos suena extra\u00f1o, pero esto se establece porque desde el a\u00f1o 2009 algunas personas promovieron una serie de amparos en los que se determinaba que la llamada Sociedad de Convivencia era discriminatoria, porque no permit\u00eda la adopci\u00f3n ni el matrimonio, lo que motiv\u00f3 una serie de fallos en ese sentido y que motivaron la modificaci\u00f3n de las leyes.<\/p>\n<p>En el caso de la adopci\u00f3n de parejas del mismo sexo, las ministras y ministros determinaron que una pareja pueda adoptar en funci\u00f3n del inter\u00e9s supremo del menor, con lo que se permitir\u00e1 modificar nuestras leyes en todo el pa\u00eds y convertirse en ley.<\/p>\n<p>\u00bfQu\u00e9 significa esto? Se determina que una persona pueda adoptar sin depender del tipo de familia, ni la orientaci\u00f3n sexual, aqu\u00ed lo importante es que el infante se integre\u00a0 a una familia en la que reciba condiciones adecuadas para su desarrollo, cuidados, educaci\u00f3n, afecto y respeto, todo esto como parte de un estado laico, en el que los derechos humanos son para todas las personas sin excepci\u00f3n.<\/p>\n<p>\u201cCualquier persona en lo individual y cualquier pareja del mismo o distinto sexo deben ser considerados en igualdad de condiciones como posibles adoptantes y lo que debe ser tomado en cuenta en dicho proceso es si la persona o personas cumplen con una serie de requisitos esenciales para ser considerados como adoptantes, es decir, si cuentan con las caracter\u00edsticas para brindarle una familia a los menores de edad\u201d.<\/p>\n<p>En este tema \u00a0se han desatado diversos comentarios, pero lo \u00fanico v\u00e1lido son los estudios que promovi\u00f3 la Suprema Corte con la Universidad Nacional Aut\u00f3noma de M\u00e9xico, para determinar que un matrimonio entre personas del mismo sexo y la adopci\u00f3n son sanos para un infante.<\/p>\n<p>Desafortunadamente, l\u00edderes religiosos en una clara violaci\u00f3n al estado laico, de manera sigilosa siguen promoviendo marchas en contra de esta iniciativa y la del matrimonio igualitario, defendiendo la llamada familia natural. Ellos pueden pensar de la manera que deseen, eso no est\u00e1 a discusi\u00f3n, lo que es discutible es que se metan en las pol\u00edticas y leyes que establecen los tres \u00f3rdenes de gobierno. Como la de este caso que present\u00f3 el poder Ejecutivo el pasado mes de mayo.<\/p>\n<p>El tema es que con esta jurisprudencia ya aprobada, lo que falta es que los Congresos estatales aprueben las modificaciones a la ley, para que cualquier persona sin importar su sexo-g\u00e9nero, pueda acceder al matrimonio civil y a la adopci\u00f3n.<\/p>\n<p>En el estado de Veracruz, aunque el Congreso no ha hecho el cambio en la ley, si una persona quiere casarse o adoptar, puede hacerlo, s\u00f3lo tiene que ir ante la Direcci\u00f3n del Registro Civil o el Sistema DIF, para solicitar el matrimonio civil o la adopci\u00f3n, si estas instancias se los niegan, pueden promover un amparo, cuyo costo oscila hasta en 15 mil pesos. La exigencia de activistas de la comunidad LGBTTTI, es que no es posible que tengan que pagar por algo que les corresponde por derecho, cuando la Suprema Corte ya determin\u00f3 inconstitucional neg\u00e1rselos.<\/p>\n<p>La pregunta es \u00bfpueden lograr con sus marchas y manifestaciones cambiar esta situaci\u00f3n en nuestro pa\u00eds? Para el abogado Heroy G\u00f3mez, activista por los derechos humanos y promotor de estas reformas, nos comenta que esto no procede, las leyes no son retroactivas, en un estado democr\u00e1tico los derechos adquiridos no pueden ser revocados, \u201cque hagan lo que quieran, ya no hay marcha atr\u00e1s, y es una nueva tarea y obligaci\u00f3n para los congresos locales\u201d.<\/p>\n<p>La legislatura actual no realizar\u00e1 estos cambios en la ley, porque desafortunadamente la mayor\u00eda de las y los diputados no responden a los intereses de la ciudadan\u00eda, sino a los propios. Se van sin pena ni gloria, dejando un mal precedente de su trabajo legislativo.<\/p>\n<p>Los derechos humanos no se discuten, son para todas las personas, lo que tenemos que ir cambiando con educaci\u00f3n e informaci\u00f3n son las ideas, eliminar los prejuicios, que tanto da\u00f1o hacen, que fomentan la discriminaci\u00f3n y el odio hacia las personas que seg\u00fan ellos no son normales. El mundo cambia, las sociedades igual, todas las personas tenemos que ser parte de esto.<\/p>\n","protected":false},"excerpt":{"rendered":"<p>&nbsp; &nbsp; Sheyla Fuertes Lara Mujeres que Saben Lat\u00edn &nbsp; &nbsp; La Suprema Corte de Justicia de la Naci\u00f3n, que es el m\u00e1ximo organismo legal en nuestro pa\u00eds, el pasado viernes 23 de septiembre emiti\u00f3 una jurisprudencia para que las parejas del mismo sexo puedan adoptar, lo que la convierte en ley. Para las personas [&hellip;]<\/p>\n","protected":false},"author":2,"featured_media":0,"comment_status":"open","ping_status":"open","sticky":false,"template":"","format":"standard","meta":{"tdm_status":"","tdm_grid_status":"","footnotes":""},"categories":[70],"tags":[6364,6365,6363,6361],"class_list":{"0":"post-26194","1":"post","2":"type-post","3":"status-publish","4":"format-standard","6":"category-de-opinion","7":"tag-familia-natural","8":"tag-heroy-gomez","9":"tag-sociedad-de-convivencia","10":"tag-suprema-corte-de-justicia-de-la-nacion"},"yoast_head":"<!-- This site is optimized with the Yoast SEO plugin v27.4 - https:\/\/yoast.com\/product\/yoast-seo-wordpress\/ -->\n<title>Adopci\u00f3n y matrimonio igualitario - Los pol\u00edticos Veracruz<\/title>\n<meta name=\"robots\" content=\"index, follow, max-snippet:-1, max-image-preview:large, max-video-preview:-1\" \/>\n<link rel=\"canonical\" href=\"https:\/\/lospoliticosveracruz.com\/?p=26194\" \/>\n<meta property=\"og:locale\" content=\"es_ES\" \/>\n<meta property=\"og:type\" content=\"article\" \/>\n<meta property=\"og:title\" content=\"Adopci\u00f3n y matrimonio igualitario - Los pol\u00edticos Veracruz\" \/>\n<meta property=\"og:description\" content=\"&nbsp; &nbsp; Sheyla Fuertes Lara Mujeres que Saben Lat\u00edn &nbsp; &nbsp; La Suprema Corte de Justicia de la Naci\u00f3n, que es el m\u00e1ximo organismo legal en nuestro pa\u00eds, el pasado viernes 23 de septiembre emiti\u00f3 una jurisprudencia para que las parejas del mismo sexo puedan adoptar, lo que la convierte en ley. Para las personas [&hellip;]\" \/>\n<meta property=\"og:url\" content=\"https:\/\/lospoliticosveracruz.com\/?p=26194\" \/>\n<meta property=\"og:site_name\" content=\"Los pol\u00edticos Veracruz\" \/>\n<meta property=\"article:publisher\" content=\"https:\/\/www.facebook.com\/people\/Notimemes-de-los-Polticos\/61565672886568\/\" \/>\n<meta property=\"article:published_time\" content=\"2016-09-28T00:03:53+00:00\" \/>\n<meta property=\"og:image\" content=\"https:\/\/lospoliticosveracruz.com\/wp-content\/uploads\/2016\/07\/Logo-Dor.jpg\" \/>\n\t<meta property=\"og:image:width\" content=\"200\" \/>\n\t<meta property=\"og:image:height\" content=\"200\" \/>\n\t<meta property=\"og:image:type\" content=\"image\/jpeg\" \/>\n<meta name=\"author\" content=\"Lo viste en Los Pol\u00edticos\" \/>\n<meta name=\"twitter:card\" content=\"summary_large_image\" \/>\n<meta name=\"twitter:creator\" content=\"@LosPoliticosVer\" \/>\n<meta name=\"twitter:site\" content=\"@LosPoliticosVer\" \/>\n<meta name=\"twitter:label1\" content=\"Escrito por\" \/>\n\t<meta name=\"twitter:data1\" content=\"Lo viste en Los Pol\u00edticos\" \/>\n\t<meta name=\"twitter:label2\" content=\"Tiempo de lectura\" \/>\n\t<meta name=\"twitter:data2\" content=\"4 minutos\" \/>\n<script type=\"application\/ld+json\" class=\"yoast-schema-graph\">{\"@context\":\"https:\\\/\\\/schema.org\",\"@graph\":[{\"@type\":\"Article\",\"@id\":\"https:\\\/\\\/lospoliticosveracruz.com\\\/?p=26194#article\",\"isPartOf\":{\"@id\":\"https:\\\/\\\/lospoliticosveracruz.com\\\/?p=26194\"},\"author\":{\"name\":\"Lo viste en Los Pol\u00edticos\",\"@id\":\"https:\\\/\\\/lospoliticosveracruz.com\\\/#\\\/schema\\\/person\\\/b8702bb0e538456e6efd07080bf2a4a2\"},\"headline\":\"Adopci\u00f3n y matrimonio igualitario\",\"datePublished\":\"2016-09-28T00:03:53+00:00\",\"mainEntityOfPage\":{\"@id\":\"https:\\\/\\\/lospoliticosveracruz.com\\\/?p=26194\"},\"wordCount\":791,\"commentCount\":0,\"publisher\":{\"@id\":\"https:\\\/\\\/lospoliticosveracruz.com\\\/#organization\"},\"keywords\":[\"Familia natural\",\"Heroy G\u00f3mez\",\"Sociedad de Convivencia\",\"Suprema Corte de Justicia de la Naci\u00f3n\"],\"articleSection\":[\"De Opini\u00f3n\"],\"inLanguage\":\"es\",\"potentialAction\":[{\"@type\":\"CommentAction\",\"name\":\"Comment\",\"target\":[\"https:\\\/\\\/lospoliticosveracruz.com\\\/?p=26194#respond\"]}]},{\"@type\":\"WebPage\",\"@id\":\"https:\\\/\\\/lospoliticosveracruz.com\\\/?p=26194\",\"url\":\"https:\\\/\\\/lospoliticosveracruz.com\\\/?p=26194\",\"name\":\"Adopci\u00f3n y matrimonio igualitario - Los pol\u00edticos Veracruz\",\"isPartOf\":{\"@id\":\"https:\\\/\\\/lospoliticosveracruz.com\\\/#website\"},\"datePublished\":\"2016-09-28T00:03:53+00:00\",\"breadcrumb\":{\"@id\":\"https:\\\/\\\/lospoliticosveracruz.com\\\/?p=26194#breadcrumb\"},\"inLanguage\":\"es\",\"potentialAction\":[{\"@type\":\"ReadAction\",\"target\":[\"https:\\\/\\\/lospoliticosveracruz.com\\\/?p=26194\"]}]},{\"@type\":\"BreadcrumbList\",\"@id\":\"https:\\\/\\\/lospoliticosveracruz.com\\\/?p=26194#breadcrumb\",\"itemListElement\":[{\"@type\":\"ListItem\",\"position\":1,\"name\":\"Portada\",\"item\":\"https:\\\/\\\/lospoliticosveracruz.com\\\/\"},{\"@type\":\"ListItem\",\"position\":2,\"name\":\"Adopci\u00f3n y matrimonio igualitario\"}]},{\"@type\":\"WebSite\",\"@id\":\"https:\\\/\\\/lospoliticosveracruz.com\\\/#website\",\"url\":\"https:\\\/\\\/lospoliticosveracruz.com\\\/\",\"name\":\"Los pol\u00edticos Veracruz\",\"description\":\"\",\"publisher\":{\"@id\":\"https:\\\/\\\/lospoliticosveracruz.com\\\/#organization\"},\"potentialAction\":[{\"@type\":\"SearchAction\",\"target\":{\"@type\":\"EntryPoint\",\"urlTemplate\":\"https:\\\/\\\/lospoliticosveracruz.com\\\/?s={search_term_string}\"},\"query-input\":{\"@type\":\"PropertyValueSpecification\",\"valueRequired\":true,\"valueName\":\"search_term_string\"}}],\"inLanguage\":\"es\"},{\"@type\":\"Organization\",\"@id\":\"https:\\\/\\\/lospoliticosveracruz.com\\\/#organization\",\"name\":\"Los pol\u00edticos Veracruz\",\"url\":\"https:\\\/\\\/lospoliticosveracruz.com\\\/\",\"logo\":{\"@type\":\"ImageObject\",\"inLanguage\":\"es\",\"@id\":\"https:\\\/\\\/lospoliticosveracruz.com\\\/#\\\/schema\\\/logo\\\/image\\\/\",\"url\":\"https:\\\/\\\/lospoliticosveracruz.com\\\/wp-content\\\/uploads\\\/2025\\\/12\\\/Logo-Nuevo-LOS-POLITICOS-1.jpg\",\"contentUrl\":\"https:\\\/\\\/lospoliticosveracruz.com\\\/wp-content\\\/uploads\\\/2025\\\/12\\\/Logo-Nuevo-LOS-POLITICOS-1.jpg\",\"width\":260,\"height\":70,\"caption\":\"Los pol\u00edticos Veracruz\"},\"image\":{\"@id\":\"https:\\\/\\\/lospoliticosveracruz.com\\\/#\\\/schema\\\/logo\\\/image\\\/\"},\"sameAs\":[\"https:\\\/\\\/www.facebook.com\\\/people\\\/Notimemes-de-los-Polticos\\\/61565672886568\\\/\",\"https:\\\/\\\/x.com\\\/LosPoliticosVer\"]},{\"@type\":\"Person\",\"@id\":\"https:\\\/\\\/lospoliticosveracruz.com\\\/#\\\/schema\\\/person\\\/b8702bb0e538456e6efd07080bf2a4a2\",\"name\":\"Lo viste en Los Pol\u00edticos\",\"image\":{\"@type\":\"ImageObject\",\"inLanguage\":\"es\",\"@id\":\"https:\\\/\\\/secure.gravatar.com\\\/avatar\\\/3a8de04a2656d44082be478bd6c086daa447c4651605818287b9532d3d0bd435?s=96&d=mm&r=g\",\"url\":\"https:\\\/\\\/secure.gravatar.com\\\/avatar\\\/3a8de04a2656d44082be478bd6c086daa447c4651605818287b9532d3d0bd435?s=96&d=mm&r=g\",\"contentUrl\":\"https:\\\/\\\/secure.gravatar.com\\\/avatar\\\/3a8de04a2656d44082be478bd6c086daa447c4651605818287b9532d3d0bd435?s=96&d=mm&r=g\",\"caption\":\"Lo viste en Los Pol\u00edticos\"},\"url\":\"https:\\\/\\\/lospoliticosveracruz.com\\\/?author=2\"}]}<\/script>\n<!-- \/ Yoast SEO plugin. -->","yoast_head_json":{"title":"Adopci\u00f3n y matrimonio igualitario - Los pol\u00edticos Veracruz","robots":{"index":"index","follow":"follow","max-snippet":"max-snippet:-1","max-image-preview":"max-image-preview:large","max-video-preview":"max-video-preview:-1"},"canonical":"https:\/\/lospoliticosveracruz.com\/?p=26194","og_locale":"es_ES","og_type":"article","og_title":"Adopci\u00f3n y matrimonio igualitario - Los pol\u00edticos Veracruz","og_description":"&nbsp; &nbsp; Sheyla Fuertes Lara Mujeres que Saben Lat\u00edn &nbsp; &nbsp; La Suprema Corte de Justicia de la Naci\u00f3n, que es el m\u00e1ximo organismo legal en nuestro pa\u00eds, el pasado viernes 23 de septiembre emiti\u00f3 una jurisprudencia para que las parejas del mismo sexo puedan adoptar, lo que la convierte en ley. Para las personas [&hellip;]","og_url":"https:\/\/lospoliticosveracruz.com\/?p=26194","og_site_name":"Los pol\u00edticos Veracruz","article_publisher":"https:\/\/www.facebook.com\/people\/Notimemes-de-los-Polticos\/61565672886568\/","article_published_time":"2016-09-28T00:03:53+00:00","og_image":[{"width":200,"height":200,"url":"https:\/\/lospoliticosveracruz.com\/wp-content\/uploads\/2016\/07\/Logo-Dor.jpg","type":"image\/jpeg"}],"author":"Lo viste en Los Pol\u00edticos","twitter_card":"summary_large_image","twitter_creator":"@LosPoliticosVer","twitter_site":"@LosPoliticosVer","twitter_misc":{"Escrito por":"Lo viste en Los Pol\u00edticos","Tiempo de lectura":"4 minutos"},"schema":{"@context":"https:\/\/schema.org","@graph":[{"@type":"Article","@id":"https:\/\/lospoliticosveracruz.com\/?p=26194#article","isPartOf":{"@id":"https:\/\/lospoliticosveracruz.com\/?p=26194"},"author":{"name":"Lo viste en Los Pol\u00edticos","@id":"https:\/\/lospoliticosveracruz.com\/#\/schema\/person\/b8702bb0e538456e6efd07080bf2a4a2"},"headline":"Adopci\u00f3n y matrimonio igualitario","datePublished":"2016-09-28T00:03:53+00:00","mainEntityOfPage":{"@id":"https:\/\/lospoliticosveracruz.com\/?p=26194"},"wordCount":791,"commentCount":0,"publisher":{"@id":"https:\/\/lospoliticosveracruz.com\/#organization"},"keywords":["Familia natural","Heroy G\u00f3mez","Sociedad de Convivencia","Suprema Corte de Justicia de la Naci\u00f3n"],"articleSection":["De Opini\u00f3n"],"inLanguage":"es","potentialAction":[{"@type":"CommentAction","name":"Comment","target":["https:\/\/lospoliticosveracruz.com\/?p=26194#respond"]}]},{"@type":"WebPage","@id":"https:\/\/lospoliticosveracruz.com\/?p=26194","url":"https:\/\/lospoliticosveracruz.com\/?p=26194","name":"Adopci\u00f3n y matrimonio igualitario - Los pol\u00edticos Veracruz","isPartOf":{"@id":"https:\/\/lospoliticosveracruz.com\/#website"},"datePublished":"2016-09-28T00:03:53+00:00","breadcrumb":{"@id":"https:\/\/lospoliticosveracruz.com\/?p=26194#breadcrumb"},"inLanguage":"es","potentialAction":[{"@type":"ReadAction","target":["https:\/\/lospoliticosveracruz.com\/?p=26194"]}]},{"@type":"BreadcrumbList","@id":"https:\/\/lospoliticosveracruz.com\/?p=26194#breadcrumb","itemListElement":[{"@type":"ListItem","position":1,"name":"Portada","item":"https:\/\/lospoliticosveracruz.com\/"},{"@type":"ListItem","position":2,"name":"Adopci\u00f3n y matrimonio igualitario"}]},{"@type":"WebSite","@id":"https:\/\/lospoliticosveracruz.com\/#website","url":"https:\/\/lospoliticosveracruz.com\/","name":"Los pol\u00edticos Veracruz","description":"","publisher":{"@id":"https:\/\/lospoliticosveracruz.com\/#organization"},"potentialAction":[{"@type":"SearchAction","target":{"@type":"EntryPoint","urlTemplate":"https:\/\/lospoliticosveracruz.com\/?s={search_term_string}"},"query-input":{"@type":"PropertyValueSpecification","valueRequired":true,"valueName":"search_term_string"}}],"inLanguage":"es"},{"@type":"Organization","@id":"https:\/\/lospoliticosveracruz.com\/#organization","name":"Los pol\u00edticos Veracruz","url":"https:\/\/lospoliticosveracruz.com\/","logo":{"@type":"ImageObject","inLanguage":"es","@id":"https:\/\/lospoliticosveracruz.com\/#\/schema\/logo\/image\/","url":"https:\/\/lospoliticosveracruz.com\/wp-content\/uploads\/2025\/12\/Logo-Nuevo-LOS-POLITICOS-1.jpg","contentUrl":"https:\/\/lospoliticosveracruz.com\/wp-content\/uploads\/2025\/12\/Logo-Nuevo-LOS-POLITICOS-1.jpg","width":260,"height":70,"caption":"Los pol\u00edticos Veracruz"},"image":{"@id":"https:\/\/lospoliticosveracruz.com\/#\/schema\/logo\/image\/"},"sameAs":["https:\/\/www.facebook.com\/people\/Notimemes-de-los-Polticos\/61565672886568\/","https:\/\/x.com\/LosPoliticosVer"]},{"@type":"Person","@id":"https:\/\/lospoliticosveracruz.com\/#\/schema\/person\/b8702bb0e538456e6efd07080bf2a4a2","name":"Lo viste en Los Pol\u00edticos","image":{"@type":"ImageObject","inLanguage":"es","@id":"https:\/\/secure.gravatar.com\/avatar\/3a8de04a2656d44082be478bd6c086daa447c4651605818287b9532d3d0bd435?s=96&d=mm&r=g","url":"https:\/\/secure.gravatar.com\/avatar\/3a8de04a2656d44082be478bd6c086daa447c4651605818287b9532d3d0bd435?s=96&d=mm&r=g","contentUrl":"https:\/\/secure.gravatar.com\/avatar\/3a8de04a2656d44082be478bd6c086daa447c4651605818287b9532d3d0bd435?s=96&d=mm&r=g","caption":"Lo viste en Los Pol\u00edticos"},"url":"https:\/\/lospoliticosveracruz.com\/?author=2"}]}},"_links":{"self":[{"href":"https:\/\/lospoliticosveracruz.com\/index.php?rest_route=\/wp\/v2\/posts\/26194","targetHints":{"allow":["GET"]}}],"collection":[{"href":"https:\/\/lospoliticosveracruz.com\/index.php?rest_route=\/wp\/v2\/posts"}],"about":[{"href":"https:\/\/lospoliticosveracruz.com\/index.php?rest_route=\/wp\/v2\/types\/post"}],"author":[{"embeddable":true,"href":"https:\/\/lospoliticosveracruz.com\/index.php?rest_route=\/wp\/v2\/users\/2"}],"replies":[{"embeddable":true,"href":"https:\/\/lospoliticosveracruz.com\/index.php?rest_route=%2Fwp%2Fv2%2Fcomments&post=26194"}],"version-history":[{"count":1,"href":"https:\/\/lospoliticosveracruz.com\/index.php?rest_route=\/wp\/v2\/posts\/26194\/revisions"}],"predecessor-version":[{"id":26200,"href":"https:\/\/lospoliticosveracruz.com\/index.php?rest_route=\/wp\/v2\/posts\/26194\/revisions\/26200"}],"wp:attachment":[{"href":"https:\/\/lospoliticosveracruz.com\/index.php?rest_route=%2Fwp%2Fv2%2Fmedia&parent=26194"}],"wp:term":[{"taxonomy":"category","embeddable":true,"href":"https:\/\/lospoliticosveracruz.com\/index.php?rest_route=%2Fwp%2Fv2%2Fcategories&post=26194"},{"taxonomy":"post_tag","embeddable":true,"href":"https:\/\/lospoliticosveracruz.com\/index.php?rest_route=%2Fwp%2Fv2%2Ftags&post=26194"}],"curies":[{"name":"wp","href":"https:\/\/api.w.org\/{rel}","templated":true}]}}