{"id":26201,"date":"2016-09-28T06:55:06","date_gmt":"2016-09-28T11:55:06","guid":{"rendered":"http:\/\/www.lospoliticosveracruz.com.mx\/?p=26201"},"modified":"2016-09-28T06:55:06","modified_gmt":"2016-09-28T11:55:06","slug":"el-primer-priista-en-veracruz","status":"publish","type":"post","link":"https:\/\/lospoliticosveracruz.com\/?p=26201","title":{"rendered":"El primer priista en Veracruz"},"content":{"rendered":"<p><strong>Salvador Mu\u00f1oz<\/strong><\/p>\n<p><em>Los Pol\u00edticos\u00a0<\/em><\/p>\n<p>Este martes fue un d\u00eda muy especial para el pri\u00edsmo. Amaneci\u00f3 sin \u201cPrimer Priista del Estado\u201d, como pomposamente se le llama(ba) al Gobernador Javier Duarte de Ochoa. Lo curioso, pero Amadeo Flores Espinosa no parece, aun con aparecer ante los medios y hablar de la suspensi\u00f3n de los derechos del mandatario estatal, quien tome ese espacio que ayer, amaneci\u00f3 vac\u00edo.<\/p>\n<p>Se pudiera pensar en la figura de H\u00e9ctor Yunes Landa, o quiz\u00e1s en la de Pepe Yunes Zorrilla; habr\u00e1 quienes vean tambi\u00e9n en la de Jorge Carvallo una opci\u00f3n, pero todo indica que no, que por el momento el CEN del PRI ha de mantener ac\u00e9falo ese t\u00edtulo nobiliario del PRI dicho con tanto orgullo en las reuniones partidistas donde hac\u00eda su presencia, en este caso, el Gobernador.<\/p>\n<p>II<\/p>\n<p>La foto donde aparece Amadeo Flores Espinosa y Enrique Ochoa Reza dice mucho al respecto: habr\u00e1 Amadeo para rato\u2026 pero, bajo qu\u00e9 condiciones.<\/p>\n<p>El ceder el liderazgo a un Pepe, un H\u00e9ctor o un Jorge es caer en \u201cismos\u201d que lejos est\u00e1n de fortalecer al partido y m\u00e1s en este momento que cada d\u00eda se aproximan las elecciones a presidentes municipales.<\/p>\n<p>Amadeo, si se queda, tendr\u00e1 que \u201cchutarse\u201d los intereses de grupos, tanto estatales como municipales; el asunto ser\u00e1 saber si lo har\u00e1 solo.<\/p>\n<p>\u00bfA qu\u00e9 me refiero con ello? A que si se decide en el CEN del PRI mantener al famoso \u201cTibur\u00f3n\u201d en el edificio de Ruiz Cortines con Moreno, \u00bfhan de mandarle un delegado especial con el que pueda hacer el 1-2: t\u00fa, Amadeo, das la cara; yo, tejo fino?<\/p>\n<p>III<\/p>\n<p>Para nadie debe pasar desapercibido el repentino dinamismo que los delegados federales han generado ante la prensa cada domingo.<\/p>\n<p>En estas convocatorias que han hecho a los medios de comunicaci\u00f3n, no s\u00f3lo ponderan la labor que cada delegaci\u00f3n del Gobierno federal en Veracruz viene realizando en pro de los veracruzanos\u2026 por supuesto, apoyados por el inter\u00e9s del Presidente Enrique Pe\u00f1a Nieto. Conste, esto no lo digo yo, es el discurso y el trabajo realizado por ellos.<\/p>\n<p>Hay que destacar que, al menos en lo que yo recuerdo, nunca vi en una mesa, a disposici\u00f3n de la prensa, a los delegados federales, que en la mayor parte de mi recuerdo, siempre pasaban desapercibidos, ausentes, en calidad de desconocidos.<\/p>\n<p>Hoy, no s\u00f3lo se ponen de pechito ante los cuestionamientos, sino algunos abren sus tel\u00e9fonos para escuchar quejas, peticiones, demandas, solicitudes como lo hacen Antonio Ben\u00edtez Lucho o Renato Alarc\u00f3n Guevara, por citar dos casos cuyas delegaciones (IMSS e Issste) luchan por sacudirse un estigma que por d\u00e9cadas, una burocracia o un delegado insensible, gener\u00f3.<\/p>\n<p>IV<\/p>\n<p>\u00bfPor qu\u00e9 ese repentino dinamismo en los delegados?<\/p>\n<p>Dos puntos:<\/p>\n<p>Uno.- Podr\u00eda pensar que siguiendo las instrucciones del Presidente, el secretario de Gobernaci\u00f3n, Miguel \u00c1ngel Osorio Chong, pidi\u00f3 a sus delegados hacer un trabajo cercano a la gente\u2026<\/p>\n<p>Dos.- Podr\u00eda pensar que desde el Altiplano se percataron del enorme hueco que el Gobierno estatal cre\u00f3 con la gente.<\/p>\n<p>Qu\u00e9 quiero decir con este segundo punto: Que el gobierno estatal tiene poco que presumir ante la sociedad veracruzana y lo que presume carece de credibilidad.<\/p>\n<p>Luego entonces, en t\u00e9rminos pol\u00edticos, ese enorme vac\u00edo que deja el Gobierno estatal ante la ausencia de trabajo y\/o credibilidad, lo buscan llenar los delegados exponiendo ante la prensa la acci\u00f3n de los programas del Gobierno federal y por supuesto, trabajando, ahora s\u00ed, en serio, con y por la gente.<\/p>\n<p>V<\/p>\n<p>\u00bfA qu\u00e9 voy con todo esto? No creo que el PRI d\u00e9 por perdido a Veracruz\u2026 quiz\u00e1s no pensando en este 2017, pero s\u00ed pensando en este 2018. As\u00ed, ante la ausencia de un \u201cPrimer Priista\u201d en Veracruz; ante la ausencia de un Gobernador priista a partir de este primero de diciembre; y ante la ausencia de un liderazgo confiable ajeno a intereses particulares, \u00bfpor qu\u00e9 no pensar en comprometer a los delegados federales a redoblar esfuerzos en pro de la poblaci\u00f3n veracruzana y que sean ellos el estandarte de un Gobierno federal que piensa en una sociedad cuando el Gobierno estatal les fall\u00f3? Y luego entonces, \u00bfpor qu\u00e9 no pensar que de un delegado federal surja entonces ese delegado especial que ha de acompa\u00f1ar a Amadeo Flores Espinosa en la aventura que se aproxima en este 2017? O exagerando: \u00bfQu\u00e9 tal si sale un presidente del PRI estatal de un delegado federal?<\/p>\n<p>Bueno, esto se me ocurre cuando a partir de este martes, Veracruz perdi\u00f3 a su primer priista en el estado.<\/p>\n<p>&nbsp;<\/p>\n<p><a href=\"mailto:smcainito@gmail.com\">smcainito@gmail.com<\/a><\/p>\n","protected":false},"excerpt":{"rendered":"<p>Salvador Mu\u00f1oz Los Pol\u00edticos\u00a0 Este martes fue un d\u00eda muy especial para el pri\u00edsmo. Amaneci\u00f3 sin \u201cPrimer Priista del Estado\u201d, como pomposamente se le llama(ba) al Gobernador Javier Duarte de Ochoa. Lo curioso, pero Amadeo Flores Espinosa no parece, aun con aparecer ante los medios y hablar de la suspensi\u00f3n de los derechos del mandatario [&hellip;]<\/p>\n","protected":false},"author":2,"featured_media":0,"comment_status":"open","ping_status":"open","sticky":false,"template":"","format":"standard","meta":{"tdm_status":"","tdm_grid_status":"","footnotes":""},"categories":[70],"tags":[5674,260,251,1128],"class_list":{"0":"post-26201","1":"post","2":"type-post","3":"status-publish","4":"format-standard","6":"category-de-opinion","7":"tag-enrique-ochoa-reza","8":"tag-javier-duarte-de-ochoa","9":"tag-pri","10":"tag-renato-alarcon-guevara"},"yoast_head":"<!-- This site is optimized with the Yoast SEO plugin v27.4 - https:\/\/yoast.com\/product\/yoast-seo-wordpress\/ -->\n<title>El primer priista en Veracruz - Los pol\u00edticos Veracruz<\/title>\n<meta name=\"robots\" content=\"index, follow, max-snippet:-1, max-image-preview:large, max-video-preview:-1\" \/>\n<link rel=\"canonical\" href=\"https:\/\/lospoliticosveracruz.com\/?p=26201\" \/>\n<meta property=\"og:locale\" content=\"es_ES\" \/>\n<meta property=\"og:type\" content=\"article\" \/>\n<meta property=\"og:title\" content=\"El primer priista en Veracruz - Los pol\u00edticos Veracruz\" \/>\n<meta property=\"og:description\" content=\"Salvador Mu\u00f1oz Los Pol\u00edticos\u00a0 Este martes fue un d\u00eda muy especial para el pri\u00edsmo. Amaneci\u00f3 sin \u201cPrimer Priista del Estado\u201d, como pomposamente se le llama(ba) al Gobernador Javier Duarte de Ochoa. Lo curioso, pero Amadeo Flores Espinosa no parece, aun con aparecer ante los medios y hablar de la suspensi\u00f3n de los derechos del mandatario [&hellip;]\" \/>\n<meta property=\"og:url\" content=\"https:\/\/lospoliticosveracruz.com\/?p=26201\" \/>\n<meta property=\"og:site_name\" content=\"Los pol\u00edticos Veracruz\" \/>\n<meta property=\"article:publisher\" content=\"https:\/\/www.facebook.com\/people\/Notimemes-de-los-Polticos\/61565672886568\/\" \/>\n<meta property=\"article:published_time\" content=\"2016-09-28T11:55:06+00:00\" \/>\n<meta property=\"og:image\" content=\"https:\/\/lospoliticosveracruz.com\/wp-content\/uploads\/2016\/07\/Logo-Dor.jpg\" \/>\n\t<meta property=\"og:image:width\" content=\"200\" \/>\n\t<meta property=\"og:image:height\" content=\"200\" \/>\n\t<meta property=\"og:image:type\" content=\"image\/jpeg\" \/>\n<meta name=\"author\" content=\"Lo viste en Los Pol\u00edticos\" \/>\n<meta name=\"twitter:card\" content=\"summary_large_image\" \/>\n<meta name=\"twitter:creator\" content=\"@LosPoliticosVer\" \/>\n<meta name=\"twitter:site\" content=\"@LosPoliticosVer\" \/>\n<meta name=\"twitter:label1\" content=\"Escrito por\" \/>\n\t<meta name=\"twitter:data1\" content=\"Lo viste en Los Pol\u00edticos\" \/>\n\t<meta name=\"twitter:label2\" content=\"Tiempo de lectura\" \/>\n\t<meta name=\"twitter:data2\" content=\"4 minutos\" \/>\n<script type=\"application\/ld+json\" class=\"yoast-schema-graph\">{\"@context\":\"https:\\\/\\\/schema.org\",\"@graph\":[{\"@type\":\"Article\",\"@id\":\"https:\\\/\\\/lospoliticosveracruz.com\\\/?p=26201#article\",\"isPartOf\":{\"@id\":\"https:\\\/\\\/lospoliticosveracruz.com\\\/?p=26201\"},\"author\":{\"name\":\"Lo viste en Los Pol\u00edticos\",\"@id\":\"https:\\\/\\\/lospoliticosveracruz.com\\\/#\\\/schema\\\/person\\\/b8702bb0e538456e6efd07080bf2a4a2\"},\"headline\":\"El primer priista en Veracruz\",\"datePublished\":\"2016-09-28T11:55:06+00:00\",\"mainEntityOfPage\":{\"@id\":\"https:\\\/\\\/lospoliticosveracruz.com\\\/?p=26201\"},\"wordCount\":797,\"commentCount\":0,\"publisher\":{\"@id\":\"https:\\\/\\\/lospoliticosveracruz.com\\\/#organization\"},\"keywords\":[\"Enrique Ochoa Reza\",\"Javier Duarte de Ochoa\",\"PRI\",\"Renato Alarc\u00f3n Guevara\"],\"articleSection\":[\"De Opini\u00f3n\"],\"inLanguage\":\"es\",\"potentialAction\":[{\"@type\":\"CommentAction\",\"name\":\"Comment\",\"target\":[\"https:\\\/\\\/lospoliticosveracruz.com\\\/?p=26201#respond\"]}]},{\"@type\":\"WebPage\",\"@id\":\"https:\\\/\\\/lospoliticosveracruz.com\\\/?p=26201\",\"url\":\"https:\\\/\\\/lospoliticosveracruz.com\\\/?p=26201\",\"name\":\"El primer priista en Veracruz - Los pol\u00edticos Veracruz\",\"isPartOf\":{\"@id\":\"https:\\\/\\\/lospoliticosveracruz.com\\\/#website\"},\"datePublished\":\"2016-09-28T11:55:06+00:00\",\"breadcrumb\":{\"@id\":\"https:\\\/\\\/lospoliticosveracruz.com\\\/?p=26201#breadcrumb\"},\"inLanguage\":\"es\",\"potentialAction\":[{\"@type\":\"ReadAction\",\"target\":[\"https:\\\/\\\/lospoliticosveracruz.com\\\/?p=26201\"]}]},{\"@type\":\"BreadcrumbList\",\"@id\":\"https:\\\/\\\/lospoliticosveracruz.com\\\/?p=26201#breadcrumb\",\"itemListElement\":[{\"@type\":\"ListItem\",\"position\":1,\"name\":\"Portada\",\"item\":\"https:\\\/\\\/lospoliticosveracruz.com\\\/\"},{\"@type\":\"ListItem\",\"position\":2,\"name\":\"El primer priista en Veracruz\"}]},{\"@type\":\"WebSite\",\"@id\":\"https:\\\/\\\/lospoliticosveracruz.com\\\/#website\",\"url\":\"https:\\\/\\\/lospoliticosveracruz.com\\\/\",\"name\":\"Los pol\u00edticos Veracruz\",\"description\":\"\",\"publisher\":{\"@id\":\"https:\\\/\\\/lospoliticosveracruz.com\\\/#organization\"},\"potentialAction\":[{\"@type\":\"SearchAction\",\"target\":{\"@type\":\"EntryPoint\",\"urlTemplate\":\"https:\\\/\\\/lospoliticosveracruz.com\\\/?s={search_term_string}\"},\"query-input\":{\"@type\":\"PropertyValueSpecification\",\"valueRequired\":true,\"valueName\":\"search_term_string\"}}],\"inLanguage\":\"es\"},{\"@type\":\"Organization\",\"@id\":\"https:\\\/\\\/lospoliticosveracruz.com\\\/#organization\",\"name\":\"Los pol\u00edticos Veracruz\",\"url\":\"https:\\\/\\\/lospoliticosveracruz.com\\\/\",\"logo\":{\"@type\":\"ImageObject\",\"inLanguage\":\"es\",\"@id\":\"https:\\\/\\\/lospoliticosveracruz.com\\\/#\\\/schema\\\/logo\\\/image\\\/\",\"url\":\"https:\\\/\\\/lospoliticosveracruz.com\\\/wp-content\\\/uploads\\\/2025\\\/12\\\/Logo-Nuevo-LOS-POLITICOS-1.jpg\",\"contentUrl\":\"https:\\\/\\\/lospoliticosveracruz.com\\\/wp-content\\\/uploads\\\/2025\\\/12\\\/Logo-Nuevo-LOS-POLITICOS-1.jpg\",\"width\":260,\"height\":70,\"caption\":\"Los pol\u00edticos Veracruz\"},\"image\":{\"@id\":\"https:\\\/\\\/lospoliticosveracruz.com\\\/#\\\/schema\\\/logo\\\/image\\\/\"},\"sameAs\":[\"https:\\\/\\\/www.facebook.com\\\/people\\\/Notimemes-de-los-Polticos\\\/61565672886568\\\/\",\"https:\\\/\\\/x.com\\\/LosPoliticosVer\"]},{\"@type\":\"Person\",\"@id\":\"https:\\\/\\\/lospoliticosveracruz.com\\\/#\\\/schema\\\/person\\\/b8702bb0e538456e6efd07080bf2a4a2\",\"name\":\"Lo viste en Los Pol\u00edticos\",\"image\":{\"@type\":\"ImageObject\",\"inLanguage\":\"es\",\"@id\":\"https:\\\/\\\/secure.gravatar.com\\\/avatar\\\/3a8de04a2656d44082be478bd6c086daa447c4651605818287b9532d3d0bd435?s=96&d=mm&r=g\",\"url\":\"https:\\\/\\\/secure.gravatar.com\\\/avatar\\\/3a8de04a2656d44082be478bd6c086daa447c4651605818287b9532d3d0bd435?s=96&d=mm&r=g\",\"contentUrl\":\"https:\\\/\\\/secure.gravatar.com\\\/avatar\\\/3a8de04a2656d44082be478bd6c086daa447c4651605818287b9532d3d0bd435?s=96&d=mm&r=g\",\"caption\":\"Lo viste en Los Pol\u00edticos\"},\"url\":\"https:\\\/\\\/lospoliticosveracruz.com\\\/?author=2\"}]}<\/script>\n<!-- \/ Yoast SEO plugin. -->","yoast_head_json":{"title":"El primer priista en Veracruz - Los pol\u00edticos Veracruz","robots":{"index":"index","follow":"follow","max-snippet":"max-snippet:-1","max-image-preview":"max-image-preview:large","max-video-preview":"max-video-preview:-1"},"canonical":"https:\/\/lospoliticosveracruz.com\/?p=26201","og_locale":"es_ES","og_type":"article","og_title":"El primer priista en Veracruz - Los pol\u00edticos Veracruz","og_description":"Salvador Mu\u00f1oz Los Pol\u00edticos\u00a0 Este martes fue un d\u00eda muy especial para el pri\u00edsmo. Amaneci\u00f3 sin \u201cPrimer Priista del Estado\u201d, como pomposamente se le llama(ba) al Gobernador Javier Duarte de Ochoa. Lo curioso, pero Amadeo Flores Espinosa no parece, aun con aparecer ante los medios y hablar de la suspensi\u00f3n de los derechos del mandatario [&hellip;]","og_url":"https:\/\/lospoliticosveracruz.com\/?p=26201","og_site_name":"Los pol\u00edticos Veracruz","article_publisher":"https:\/\/www.facebook.com\/people\/Notimemes-de-los-Polticos\/61565672886568\/","article_published_time":"2016-09-28T11:55:06+00:00","og_image":[{"width":200,"height":200,"url":"https:\/\/lospoliticosveracruz.com\/wp-content\/uploads\/2016\/07\/Logo-Dor.jpg","type":"image\/jpeg"}],"author":"Lo viste en Los Pol\u00edticos","twitter_card":"summary_large_image","twitter_creator":"@LosPoliticosVer","twitter_site":"@LosPoliticosVer","twitter_misc":{"Escrito por":"Lo viste en Los Pol\u00edticos","Tiempo de lectura":"4 minutos"},"schema":{"@context":"https:\/\/schema.org","@graph":[{"@type":"Article","@id":"https:\/\/lospoliticosveracruz.com\/?p=26201#article","isPartOf":{"@id":"https:\/\/lospoliticosveracruz.com\/?p=26201"},"author":{"name":"Lo viste en Los Pol\u00edticos","@id":"https:\/\/lospoliticosveracruz.com\/#\/schema\/person\/b8702bb0e538456e6efd07080bf2a4a2"},"headline":"El primer priista en Veracruz","datePublished":"2016-09-28T11:55:06+00:00","mainEntityOfPage":{"@id":"https:\/\/lospoliticosveracruz.com\/?p=26201"},"wordCount":797,"commentCount":0,"publisher":{"@id":"https:\/\/lospoliticosveracruz.com\/#organization"},"keywords":["Enrique Ochoa Reza","Javier Duarte de Ochoa","PRI","Renato Alarc\u00f3n Guevara"],"articleSection":["De Opini\u00f3n"],"inLanguage":"es","potentialAction":[{"@type":"CommentAction","name":"Comment","target":["https:\/\/lospoliticosveracruz.com\/?p=26201#respond"]}]},{"@type":"WebPage","@id":"https:\/\/lospoliticosveracruz.com\/?p=26201","url":"https:\/\/lospoliticosveracruz.com\/?p=26201","name":"El primer priista en Veracruz - Los pol\u00edticos Veracruz","isPartOf":{"@id":"https:\/\/lospoliticosveracruz.com\/#website"},"datePublished":"2016-09-28T11:55:06+00:00","breadcrumb":{"@id":"https:\/\/lospoliticosveracruz.com\/?p=26201#breadcrumb"},"inLanguage":"es","potentialAction":[{"@type":"ReadAction","target":["https:\/\/lospoliticosveracruz.com\/?p=26201"]}]},{"@type":"BreadcrumbList","@id":"https:\/\/lospoliticosveracruz.com\/?p=26201#breadcrumb","itemListElement":[{"@type":"ListItem","position":1,"name":"Portada","item":"https:\/\/lospoliticosveracruz.com\/"},{"@type":"ListItem","position":2,"name":"El primer priista en Veracruz"}]},{"@type":"WebSite","@id":"https:\/\/lospoliticosveracruz.com\/#website","url":"https:\/\/lospoliticosveracruz.com\/","name":"Los pol\u00edticos Veracruz","description":"","publisher":{"@id":"https:\/\/lospoliticosveracruz.com\/#organization"},"potentialAction":[{"@type":"SearchAction","target":{"@type":"EntryPoint","urlTemplate":"https:\/\/lospoliticosveracruz.com\/?s={search_term_string}"},"query-input":{"@type":"PropertyValueSpecification","valueRequired":true,"valueName":"search_term_string"}}],"inLanguage":"es"},{"@type":"Organization","@id":"https:\/\/lospoliticosveracruz.com\/#organization","name":"Los pol\u00edticos Veracruz","url":"https:\/\/lospoliticosveracruz.com\/","logo":{"@type":"ImageObject","inLanguage":"es","@id":"https:\/\/lospoliticosveracruz.com\/#\/schema\/logo\/image\/","url":"https:\/\/lospoliticosveracruz.com\/wp-content\/uploads\/2025\/12\/Logo-Nuevo-LOS-POLITICOS-1.jpg","contentUrl":"https:\/\/lospoliticosveracruz.com\/wp-content\/uploads\/2025\/12\/Logo-Nuevo-LOS-POLITICOS-1.jpg","width":260,"height":70,"caption":"Los pol\u00edticos Veracruz"},"image":{"@id":"https:\/\/lospoliticosveracruz.com\/#\/schema\/logo\/image\/"},"sameAs":["https:\/\/www.facebook.com\/people\/Notimemes-de-los-Polticos\/61565672886568\/","https:\/\/x.com\/LosPoliticosVer"]},{"@type":"Person","@id":"https:\/\/lospoliticosveracruz.com\/#\/schema\/person\/b8702bb0e538456e6efd07080bf2a4a2","name":"Lo viste en Los Pol\u00edticos","image":{"@type":"ImageObject","inLanguage":"es","@id":"https:\/\/secure.gravatar.com\/avatar\/3a8de04a2656d44082be478bd6c086daa447c4651605818287b9532d3d0bd435?s=96&d=mm&r=g","url":"https:\/\/secure.gravatar.com\/avatar\/3a8de04a2656d44082be478bd6c086daa447c4651605818287b9532d3d0bd435?s=96&d=mm&r=g","contentUrl":"https:\/\/secure.gravatar.com\/avatar\/3a8de04a2656d44082be478bd6c086daa447c4651605818287b9532d3d0bd435?s=96&d=mm&r=g","caption":"Lo viste en Los Pol\u00edticos"},"url":"https:\/\/lospoliticosveracruz.com\/?author=2"}]}},"_links":{"self":[{"href":"https:\/\/lospoliticosveracruz.com\/index.php?rest_route=\/wp\/v2\/posts\/26201","targetHints":{"allow":["GET"]}}],"collection":[{"href":"https:\/\/lospoliticosveracruz.com\/index.php?rest_route=\/wp\/v2\/posts"}],"about":[{"href":"https:\/\/lospoliticosveracruz.com\/index.php?rest_route=\/wp\/v2\/types\/post"}],"author":[{"embeddable":true,"href":"https:\/\/lospoliticosveracruz.com\/index.php?rest_route=\/wp\/v2\/users\/2"}],"replies":[{"embeddable":true,"href":"https:\/\/lospoliticosveracruz.com\/index.php?rest_route=%2Fwp%2Fv2%2Fcomments&post=26201"}],"version-history":[{"count":2,"href":"https:\/\/lospoliticosveracruz.com\/index.php?rest_route=\/wp\/v2\/posts\/26201\/revisions"}],"predecessor-version":[{"id":26216,"href":"https:\/\/lospoliticosveracruz.com\/index.php?rest_route=\/wp\/v2\/posts\/26201\/revisions\/26216"}],"wp:attachment":[{"href":"https:\/\/lospoliticosveracruz.com\/index.php?rest_route=%2Fwp%2Fv2%2Fmedia&parent=26201"}],"wp:term":[{"taxonomy":"category","embeddable":true,"href":"https:\/\/lospoliticosveracruz.com\/index.php?rest_route=%2Fwp%2Fv2%2Fcategories&post=26201"},{"taxonomy":"post_tag","embeddable":true,"href":"https:\/\/lospoliticosveracruz.com\/index.php?rest_route=%2Fwp%2Fv2%2Ftags&post=26201"}],"curies":[{"name":"wp","href":"https:\/\/api.w.org\/{rel}","templated":true}]}}