{"id":26451,"date":"2016-10-01T08:06:19","date_gmt":"2016-10-01T13:06:19","guid":{"rendered":"http:\/\/www.lospoliticosveracruz.com.mx\/?p=26451"},"modified":"2016-10-01T08:06:19","modified_gmt":"2016-10-01T13:06:19","slug":"duarte-delincuencia-organizada","status":"publish","type":"post","link":"https:\/\/lospoliticosveracruz.com\/?p=26451","title":{"rendered":"Duarte\u2026 \u00bfDelincuencia Organizada?"},"content":{"rendered":"<div class=\"ContentRight WithRightRail RPOn RPRight\" data-link=\"class{:~tag.contentRightClass(Layout.IsFullView, Layout.ReadingPaneMode)}\">\n<div class=\"ContentRightInner t_mbgc t_qtc t_urtc\">\n<div id=\"inboxControl0fv-ReadMessageContainer\" class=\"v-ReadMessageContainer slideOnResize\" tabindex=\"-1\">\n<div class=\"c-ReadMessage\" data-link=\"class{readMessageClass: ~tag.Show}\">\n<div id=\"ReadMessageScrollableSection\" class=\"rmMessages ClearBoth\" tabindex=\"-1\">\n<div id=\"readMessagePartControl382f\" class=\"c-ReadMessagePart ReadMsgContainer HasLayout ClearBoth HideShadows FullPart NoHistory Read RmIc\" data-link=\"class{:~tag.getHeaderCssClass(IsConversationPart, IsRead, IsDraft, IsTrustedSender, Items.length)}\">\n<div class=\"c-ReadMessagePartBody\" data-link=\"class{getClass:IsBodyExpanded}\">\n<div class=\"readMsgBody\">\n<div id=\"bodyreadMessagePartBodyControl387f\" class=\"ExternalClass MsgBodyContainer\" data-link=\"class{:~tag.cssClasses(PlainText, IsContentFiltered)}\">\n<div dir=\"ltr\">\n<div>\n<div class=\"ecxgmail_signature\">\n<div dir=\"ltr\">\n<div>\n<div dir=\"ltr\">\n<div>\n<p><strong>Brenda Caballero<\/strong><\/p>\n<p><em>N\u00fameros Rojos<\/em><\/p>\n<\/div>\n<\/div>\n<\/div>\n<div>\n<div dir=\"ltr\">\n<div>\n<p>\u00a1No seas esc\u00e9ptica! Me dicen cuando no me emociona la noticia publicada en el portal del SAT por la orden de aprehensi\u00f3n vinculada con el caso Veracruz relacionada con las empresas fantasma que salieron a la luz p\u00fablica por el portal de noticias Animal Pol\u00edtico.<\/p>\n<p>Trato de no serlo, de verdad, pero a veces mi escepticismo supera cualquier emoci\u00f3n que implique la ca\u00edda del gobernador Duarte.<\/p>\n<p>\u00bfDe verdad aprehender\u00e1n a los vinculados con estas empresas? \u00bfDe verdad el SAT har\u00e1 caer a Duarte como lo hizo con Elba Esther Gordillo o Andr\u00e9s Granier Melo?<\/p>\n<p>Antes de emitir un juicio o una opini\u00f3n tenemos que ver el Segundo Informe del Caso Veracruz que se encuentra en el apartado Transparencia, Rendici\u00f3n de Cuentas.<\/p>\n<p>El informe fechado el 30 de septiembre y de 5 p\u00e1ginas, hace menci\u00f3n en primer lugar de las consideraciones iniciales y resalta que es descriptivo, no interpretativo de los hechos ni constituye an\u00e1lisis de opini\u00f3n o juicio, asunto que me queda claro, pues el Servicio de Administraci\u00f3n Tributaria hace uso de las facultades que le confiere el C\u00f3digo Fiscal de la Federaci\u00f3n para ejercer funciones de fiscalizaci\u00f3n, las cuales realiz\u00f3 a trav\u00e9s de t\u00e9cnicas y procedimientos de auditor\u00eda fiscal hasta el 15 de septiembre. El documento no habla de estrategias jur\u00eddicas de fiscalizaci\u00f3n o sanci\u00f3n.<\/p>\n<p>Asimismo, se\u00f1ala que al revisar el cumplimiento fiscal de cada una de ellas, \u00e9stas cometieron ciertos delitos fiscales. Aunque el documento NO se\u00f1ala los delitos cometidos que se hicieron del conocimiento del Agente del Ministerio P\u00fablico, as\u00ed como los nombres de los contribuyentes, empresas o autoridades para salvaguardar el debido proceso, el C\u00f3digo Fiscal de la Federaci\u00f3n, en su cap\u00edtulo II hace referencia a los delitos fiscales: art\u00edculos 105 (actos similares al contrabando), 108 (defraudaci\u00f3n fiscal), 109 (actos similares a la defraudaci\u00f3n fiscal), 110 (relacionados con el registro federal de contribuyentes), 111 (relativos a declaraciones, contabilidad y documentaci\u00f3n), 112 (de depositarios e interventores fiscales), 113 (de alteraci\u00f3n o destrucci\u00f3n de aparatos de control, sellos o marcas oficiales), 114 (relativos a visitas domiciliarias o embargos sin mandamiento escrito, y revisi\u00f3n de mercanc\u00edas fuera de los recintos fiscales cometidos por servidores del fisco), y las operaciones con dinero obtenido por actividades il\u00edcitas.<\/p>\n<p>La segunda parte del informe refiere al conocimiento de 34 contribuyentes, 26 involucrados directos y 8 asociados. La participaci\u00f3n de 25 notarios, as\u00ed como 10 servidores p\u00fablicos del Gobierno del Estado involucrados.<\/p>\n<p>La tercera parte refiere a los hallazgos del proceso de fiscalizaci\u00f3n: se detect\u00f3 que durante los ejercicios 2013, 2014 y 2015, treinta contribuyentes declararon en cero; uno omiti\u00f3 sus obligaciones, y tres pagaron. \u00a1Vaya golpe al SAT que no detecto a tiempo la omisi\u00f3n de impuestos!<\/p>\n<p>Como podemos notar, esta informaci\u00f3n ya se hab\u00eda manejado en el primer informe del caso Veracruz. Lo nuevo que trae es el punto 4.2 donde indica que mediante querella presentada, se libr\u00f3 una orden de aprehensi\u00f3n, cumpliendo con el art\u00edculo 92, fracci\u00f3n I del C\u00f3digo Fiscal de la Federaci\u00f3n.<\/p>\n<p>Se\u00f1ala tambi\u00e9n que hubo dos audiencias iniciales; en una de ellas se dict\u00f3 auto de vinculaci\u00f3n a proceso y en otra, se solicit\u00f3 ampliaci\u00f3n del plazo constitucional. Desde luego, estos dos casos son a los contribuyentes que se les notific\u00f3 de manera personal el 7 de junio de 2016.<\/p>\n<p>El punto 4.3 se\u00f1ala a 26 contribuyentes, de los que 25 emitieron comprobantes por actividades inexistentes y son los que se enlistan en el documento y que aparecieron publicados en el portal del SAT y el Diario Oficial de la Federaci\u00f3n.<\/p>\n<p>Luego entonces, \u00bfel SAT pesc\u00f3 a 25 contribuyentes que incurrieron en delitos fiscales?<\/p>\n<p>En teor\u00eda s\u00ed, pero recordemos que de esos 25 contribuyentes, 23 est\u00e1n \u201cdesaparecidos\u201d, y el SAT ya no los encontr\u00f3 en su domicilio fiscal por lo que tuvo que notificarles por estrados. En pocas palabras, \u201cdesaparecieron m\u00e1gicamente\u201d despu\u00e9s de burlar al SAT durante 3 a\u00f1os con operaciones por actividades inexistentes.<\/p>\n<p>Casi para finalizar, refiere que se est\u00e1n integrando los expedientes de otras 8 empresas asociadas para efectuar la notificaci\u00f3n y el proceso correspondiente, as\u00ed como la cancelaci\u00f3n de los certificados de sellos digitales a 30 contribuyentes, acci\u00f3n que definitivamente tardaron mucho en realizar.<\/p>\n<p>\u00bfQu\u00e9 pasar\u00e1 entonces? \u00bfse vincular\u00e1 al gobernador de Veracruz y a funcionarios de su gabinete con estos delitos de las empresas fantasma?<\/p>\n<p>El SAT ya hizo su trabajo, y sigue con su proceso de fiscalizaci\u00f3n, pero recordemos que el mismo art\u00edculo 92 del C\u00f3digo hace referencia al sobreseimiento de los procesos de delitos fiscales, donde la Secretar\u00eda de Hacienda y Cr\u00e9dito P\u00fablico puede pedirlo discrecionalmente al Ministerio P\u00fablico Federal una vez que el procesado pague las contribuciones originadas, sanciones y recargos por los hechos imputados, o los cr\u00e9ditos fiscales queden garantizados, \u00a1claro! Antes de que el MP formule sus conclusiones.<\/p>\n<p>Ahora que tambi\u00e9n se puede cuantificar el da\u00f1o en el procedimiento penal y conceder la libertad condicional.<\/p>\n<p>\u00a1No soy esc\u00e9ptica! Simplemente que para vincular a alguien por delincuencia organizada se necesita m\u00e1s que el trabajo fiscalizador del SAT&#8230; tal vez una orden directa del Presidente. Entonces s\u00ed \u00a1Que Dios los agarre confesados!<\/p>\n<p><a href=\"mailto:caballero_brenda@hotmail.com\">caballero_brenda@hotmail.com<\/a><\/p>\n<p>@NumerosRojos_BC<\/p>\n<\/div>\n<\/div>\n<\/div>\n<\/div>\n<\/div>\n<\/div>\n<\/div>\n<\/div>\n<\/div>\n<\/div>\n<\/div>\n<\/div>\n<\/div>\n<div class=\"c-MessageCount RPOnMessageCount NoSel\" data-link=\"class{:~tag.MessageCountClass}\"><\/div>\n<\/div>\n<\/div>\n<div class=\"v-InboxFooterContainer\"><\/div>\n<\/div>\n<div id=\"RightRailContainer\" class=\"c-RightRail RightRailContainerWidth t_sbgc\"><\/div>\n","protected":false},"excerpt":{"rendered":"<p>Brenda Caballero N\u00fameros Rojos \u00a1No seas esc\u00e9ptica! Me dicen cuando no me emociona la noticia publicada en el portal del SAT por la orden de aprehensi\u00f3n vinculada con el caso Veracruz relacionada con las empresas fantasma que salieron a la luz p\u00fablica por el portal de noticias Animal Pol\u00edtico. Trato de no serlo, de verdad, [&hellip;]<\/p>\n","protected":false},"author":2,"featured_media":0,"comment_status":"open","ping_status":"open","sticky":false,"template":"","format":"standard","meta":{"tdm_status":"","tdm_grid_status":"","footnotes":""},"categories":[70],"tags":[6393,5686,260,115],"class_list":{"0":"post-26451","1":"post","2":"type-post","3":"status-publish","4":"format-standard","6":"category-de-opinion","7":"tag-delincuencia-organizada","8":"tag-empresas-fantasma","9":"tag-javier-duarte-de-ochoa","10":"tag-sat"},"yoast_head":"<!-- This site is optimized with the Yoast SEO plugin v27.4 - https:\/\/yoast.com\/product\/yoast-seo-wordpress\/ -->\n<title>Duarte\u2026 \u00bfDelincuencia Organizada? - Los pol\u00edticos Veracruz<\/title>\n<meta name=\"robots\" content=\"index, follow, max-snippet:-1, max-image-preview:large, max-video-preview:-1\" \/>\n<link rel=\"canonical\" href=\"https:\/\/lospoliticosveracruz.com\/?p=26451\" \/>\n<meta property=\"og:locale\" content=\"es_ES\" \/>\n<meta property=\"og:type\" content=\"article\" \/>\n<meta property=\"og:title\" content=\"Duarte\u2026 \u00bfDelincuencia Organizada? - Los pol\u00edticos Veracruz\" \/>\n<meta property=\"og:description\" content=\"Brenda Caballero N\u00fameros Rojos \u00a1No seas esc\u00e9ptica! Me dicen cuando no me emociona la noticia publicada en el portal del SAT por la orden de aprehensi\u00f3n vinculada con el caso Veracruz relacionada con las empresas fantasma que salieron a la luz p\u00fablica por el portal de noticias Animal Pol\u00edtico. Trato de no serlo, de verdad, [&hellip;]\" \/>\n<meta property=\"og:url\" content=\"https:\/\/lospoliticosveracruz.com\/?p=26451\" \/>\n<meta property=\"og:site_name\" content=\"Los pol\u00edticos Veracruz\" \/>\n<meta property=\"article:publisher\" content=\"https:\/\/www.facebook.com\/people\/Notimemes-de-los-Polticos\/61565672886568\/\" \/>\n<meta property=\"article:published_time\" content=\"2016-10-01T13:06:19+00:00\" \/>\n<meta property=\"og:image\" content=\"https:\/\/lospoliticosveracruz.com\/wp-content\/uploads\/2016\/07\/Logo-Dor.jpg\" \/>\n\t<meta property=\"og:image:width\" content=\"200\" \/>\n\t<meta property=\"og:image:height\" content=\"200\" \/>\n\t<meta property=\"og:image:type\" content=\"image\/jpeg\" \/>\n<meta name=\"author\" content=\"Lo viste en Los Pol\u00edticos\" \/>\n<meta name=\"twitter:card\" content=\"summary_large_image\" \/>\n<meta name=\"twitter:creator\" content=\"@LosPoliticosVer\" \/>\n<meta name=\"twitter:site\" content=\"@LosPoliticosVer\" \/>\n<meta name=\"twitter:label1\" content=\"Escrito por\" \/>\n\t<meta name=\"twitter:data1\" content=\"Lo viste en Los Pol\u00edticos\" \/>\n\t<meta name=\"twitter:label2\" content=\"Tiempo de lectura\" \/>\n\t<meta name=\"twitter:data2\" content=\"4 minutos\" \/>\n<script type=\"application\/ld+json\" class=\"yoast-schema-graph\">{\"@context\":\"https:\\\/\\\/schema.org\",\"@graph\":[{\"@type\":\"Article\",\"@id\":\"https:\\\/\\\/lospoliticosveracruz.com\\\/?p=26451#article\",\"isPartOf\":{\"@id\":\"https:\\\/\\\/lospoliticosveracruz.com\\\/?p=26451\"},\"author\":{\"name\":\"Lo viste en Los Pol\u00edticos\",\"@id\":\"https:\\\/\\\/lospoliticosveracruz.com\\\/#\\\/schema\\\/person\\\/b8702bb0e538456e6efd07080bf2a4a2\"},\"headline\":\"Duarte\u2026 \u00bfDelincuencia Organizada?\",\"datePublished\":\"2016-10-01T13:06:19+00:00\",\"mainEntityOfPage\":{\"@id\":\"https:\\\/\\\/lospoliticosveracruz.com\\\/?p=26451\"},\"wordCount\":899,\"commentCount\":0,\"publisher\":{\"@id\":\"https:\\\/\\\/lospoliticosveracruz.com\\\/#organization\"},\"keywords\":[\"Delincuencia organizada\",\"empresas fantasma\",\"Javier Duarte de Ochoa\",\"SAT\"],\"articleSection\":[\"De Opini\u00f3n\"],\"inLanguage\":\"es\",\"potentialAction\":[{\"@type\":\"CommentAction\",\"name\":\"Comment\",\"target\":[\"https:\\\/\\\/lospoliticosveracruz.com\\\/?p=26451#respond\"]}]},{\"@type\":\"WebPage\",\"@id\":\"https:\\\/\\\/lospoliticosveracruz.com\\\/?p=26451\",\"url\":\"https:\\\/\\\/lospoliticosveracruz.com\\\/?p=26451\",\"name\":\"Duarte\u2026 \u00bfDelincuencia Organizada? - Los pol\u00edticos Veracruz\",\"isPartOf\":{\"@id\":\"https:\\\/\\\/lospoliticosveracruz.com\\\/#website\"},\"datePublished\":\"2016-10-01T13:06:19+00:00\",\"breadcrumb\":{\"@id\":\"https:\\\/\\\/lospoliticosveracruz.com\\\/?p=26451#breadcrumb\"},\"inLanguage\":\"es\",\"potentialAction\":[{\"@type\":\"ReadAction\",\"target\":[\"https:\\\/\\\/lospoliticosveracruz.com\\\/?p=26451\"]}]},{\"@type\":\"BreadcrumbList\",\"@id\":\"https:\\\/\\\/lospoliticosveracruz.com\\\/?p=26451#breadcrumb\",\"itemListElement\":[{\"@type\":\"ListItem\",\"position\":1,\"name\":\"Portada\",\"item\":\"https:\\\/\\\/lospoliticosveracruz.com\\\/\"},{\"@type\":\"ListItem\",\"position\":2,\"name\":\"Duarte\u2026 \u00bfDelincuencia Organizada?\"}]},{\"@type\":\"WebSite\",\"@id\":\"https:\\\/\\\/lospoliticosveracruz.com\\\/#website\",\"url\":\"https:\\\/\\\/lospoliticosveracruz.com\\\/\",\"name\":\"Los pol\u00edticos Veracruz\",\"description\":\"\",\"publisher\":{\"@id\":\"https:\\\/\\\/lospoliticosveracruz.com\\\/#organization\"},\"potentialAction\":[{\"@type\":\"SearchAction\",\"target\":{\"@type\":\"EntryPoint\",\"urlTemplate\":\"https:\\\/\\\/lospoliticosveracruz.com\\\/?s={search_term_string}\"},\"query-input\":{\"@type\":\"PropertyValueSpecification\",\"valueRequired\":true,\"valueName\":\"search_term_string\"}}],\"inLanguage\":\"es\"},{\"@type\":\"Organization\",\"@id\":\"https:\\\/\\\/lospoliticosveracruz.com\\\/#organization\",\"name\":\"Los pol\u00edticos Veracruz\",\"url\":\"https:\\\/\\\/lospoliticosveracruz.com\\\/\",\"logo\":{\"@type\":\"ImageObject\",\"inLanguage\":\"es\",\"@id\":\"https:\\\/\\\/lospoliticosveracruz.com\\\/#\\\/schema\\\/logo\\\/image\\\/\",\"url\":\"https:\\\/\\\/lospoliticosveracruz.com\\\/wp-content\\\/uploads\\\/2025\\\/12\\\/Logo-Nuevo-LOS-POLITICOS-1.jpg\",\"contentUrl\":\"https:\\\/\\\/lospoliticosveracruz.com\\\/wp-content\\\/uploads\\\/2025\\\/12\\\/Logo-Nuevo-LOS-POLITICOS-1.jpg\",\"width\":260,\"height\":70,\"caption\":\"Los pol\u00edticos Veracruz\"},\"image\":{\"@id\":\"https:\\\/\\\/lospoliticosveracruz.com\\\/#\\\/schema\\\/logo\\\/image\\\/\"},\"sameAs\":[\"https:\\\/\\\/www.facebook.com\\\/people\\\/Notimemes-de-los-Polticos\\\/61565672886568\\\/\",\"https:\\\/\\\/x.com\\\/LosPoliticosVer\"]},{\"@type\":\"Person\",\"@id\":\"https:\\\/\\\/lospoliticosveracruz.com\\\/#\\\/schema\\\/person\\\/b8702bb0e538456e6efd07080bf2a4a2\",\"name\":\"Lo viste en Los Pol\u00edticos\",\"image\":{\"@type\":\"ImageObject\",\"inLanguage\":\"es\",\"@id\":\"https:\\\/\\\/secure.gravatar.com\\\/avatar\\\/3a8de04a2656d44082be478bd6c086daa447c4651605818287b9532d3d0bd435?s=96&d=mm&r=g\",\"url\":\"https:\\\/\\\/secure.gravatar.com\\\/avatar\\\/3a8de04a2656d44082be478bd6c086daa447c4651605818287b9532d3d0bd435?s=96&d=mm&r=g\",\"contentUrl\":\"https:\\\/\\\/secure.gravatar.com\\\/avatar\\\/3a8de04a2656d44082be478bd6c086daa447c4651605818287b9532d3d0bd435?s=96&d=mm&r=g\",\"caption\":\"Lo viste en Los Pol\u00edticos\"},\"url\":\"https:\\\/\\\/lospoliticosveracruz.com\\\/?author=2\"}]}<\/script>\n<!-- \/ Yoast SEO plugin. -->","yoast_head_json":{"title":"Duarte\u2026 \u00bfDelincuencia Organizada? - Los pol\u00edticos Veracruz","robots":{"index":"index","follow":"follow","max-snippet":"max-snippet:-1","max-image-preview":"max-image-preview:large","max-video-preview":"max-video-preview:-1"},"canonical":"https:\/\/lospoliticosveracruz.com\/?p=26451","og_locale":"es_ES","og_type":"article","og_title":"Duarte\u2026 \u00bfDelincuencia Organizada? - Los pol\u00edticos Veracruz","og_description":"Brenda Caballero N\u00fameros Rojos \u00a1No seas esc\u00e9ptica! Me dicen cuando no me emociona la noticia publicada en el portal del SAT por la orden de aprehensi\u00f3n vinculada con el caso Veracruz relacionada con las empresas fantasma que salieron a la luz p\u00fablica por el portal de noticias Animal Pol\u00edtico. Trato de no serlo, de verdad, [&hellip;]","og_url":"https:\/\/lospoliticosveracruz.com\/?p=26451","og_site_name":"Los pol\u00edticos Veracruz","article_publisher":"https:\/\/www.facebook.com\/people\/Notimemes-de-los-Polticos\/61565672886568\/","article_published_time":"2016-10-01T13:06:19+00:00","og_image":[{"width":200,"height":200,"url":"https:\/\/lospoliticosveracruz.com\/wp-content\/uploads\/2016\/07\/Logo-Dor.jpg","type":"image\/jpeg"}],"author":"Lo viste en Los Pol\u00edticos","twitter_card":"summary_large_image","twitter_creator":"@LosPoliticosVer","twitter_site":"@LosPoliticosVer","twitter_misc":{"Escrito por":"Lo viste en Los Pol\u00edticos","Tiempo de lectura":"4 minutos"},"schema":{"@context":"https:\/\/schema.org","@graph":[{"@type":"Article","@id":"https:\/\/lospoliticosveracruz.com\/?p=26451#article","isPartOf":{"@id":"https:\/\/lospoliticosveracruz.com\/?p=26451"},"author":{"name":"Lo viste en Los Pol\u00edticos","@id":"https:\/\/lospoliticosveracruz.com\/#\/schema\/person\/b8702bb0e538456e6efd07080bf2a4a2"},"headline":"Duarte\u2026 \u00bfDelincuencia Organizada?","datePublished":"2016-10-01T13:06:19+00:00","mainEntityOfPage":{"@id":"https:\/\/lospoliticosveracruz.com\/?p=26451"},"wordCount":899,"commentCount":0,"publisher":{"@id":"https:\/\/lospoliticosveracruz.com\/#organization"},"keywords":["Delincuencia organizada","empresas fantasma","Javier Duarte de Ochoa","SAT"],"articleSection":["De Opini\u00f3n"],"inLanguage":"es","potentialAction":[{"@type":"CommentAction","name":"Comment","target":["https:\/\/lospoliticosveracruz.com\/?p=26451#respond"]}]},{"@type":"WebPage","@id":"https:\/\/lospoliticosveracruz.com\/?p=26451","url":"https:\/\/lospoliticosveracruz.com\/?p=26451","name":"Duarte\u2026 \u00bfDelincuencia Organizada? - Los pol\u00edticos Veracruz","isPartOf":{"@id":"https:\/\/lospoliticosveracruz.com\/#website"},"datePublished":"2016-10-01T13:06:19+00:00","breadcrumb":{"@id":"https:\/\/lospoliticosveracruz.com\/?p=26451#breadcrumb"},"inLanguage":"es","potentialAction":[{"@type":"ReadAction","target":["https:\/\/lospoliticosveracruz.com\/?p=26451"]}]},{"@type":"BreadcrumbList","@id":"https:\/\/lospoliticosveracruz.com\/?p=26451#breadcrumb","itemListElement":[{"@type":"ListItem","position":1,"name":"Portada","item":"https:\/\/lospoliticosveracruz.com\/"},{"@type":"ListItem","position":2,"name":"Duarte\u2026 \u00bfDelincuencia Organizada?"}]},{"@type":"WebSite","@id":"https:\/\/lospoliticosveracruz.com\/#website","url":"https:\/\/lospoliticosveracruz.com\/","name":"Los pol\u00edticos Veracruz","description":"","publisher":{"@id":"https:\/\/lospoliticosveracruz.com\/#organization"},"potentialAction":[{"@type":"SearchAction","target":{"@type":"EntryPoint","urlTemplate":"https:\/\/lospoliticosveracruz.com\/?s={search_term_string}"},"query-input":{"@type":"PropertyValueSpecification","valueRequired":true,"valueName":"search_term_string"}}],"inLanguage":"es"},{"@type":"Organization","@id":"https:\/\/lospoliticosveracruz.com\/#organization","name":"Los pol\u00edticos Veracruz","url":"https:\/\/lospoliticosveracruz.com\/","logo":{"@type":"ImageObject","inLanguage":"es","@id":"https:\/\/lospoliticosveracruz.com\/#\/schema\/logo\/image\/","url":"https:\/\/lospoliticosveracruz.com\/wp-content\/uploads\/2025\/12\/Logo-Nuevo-LOS-POLITICOS-1.jpg","contentUrl":"https:\/\/lospoliticosveracruz.com\/wp-content\/uploads\/2025\/12\/Logo-Nuevo-LOS-POLITICOS-1.jpg","width":260,"height":70,"caption":"Los pol\u00edticos Veracruz"},"image":{"@id":"https:\/\/lospoliticosveracruz.com\/#\/schema\/logo\/image\/"},"sameAs":["https:\/\/www.facebook.com\/people\/Notimemes-de-los-Polticos\/61565672886568\/","https:\/\/x.com\/LosPoliticosVer"]},{"@type":"Person","@id":"https:\/\/lospoliticosveracruz.com\/#\/schema\/person\/b8702bb0e538456e6efd07080bf2a4a2","name":"Lo viste en Los Pol\u00edticos","image":{"@type":"ImageObject","inLanguage":"es","@id":"https:\/\/secure.gravatar.com\/avatar\/3a8de04a2656d44082be478bd6c086daa447c4651605818287b9532d3d0bd435?s=96&d=mm&r=g","url":"https:\/\/secure.gravatar.com\/avatar\/3a8de04a2656d44082be478bd6c086daa447c4651605818287b9532d3d0bd435?s=96&d=mm&r=g","contentUrl":"https:\/\/secure.gravatar.com\/avatar\/3a8de04a2656d44082be478bd6c086daa447c4651605818287b9532d3d0bd435?s=96&d=mm&r=g","caption":"Lo viste en Los Pol\u00edticos"},"url":"https:\/\/lospoliticosveracruz.com\/?author=2"}]}},"_links":{"self":[{"href":"https:\/\/lospoliticosveracruz.com\/index.php?rest_route=\/wp\/v2\/posts\/26451","targetHints":{"allow":["GET"]}}],"collection":[{"href":"https:\/\/lospoliticosveracruz.com\/index.php?rest_route=\/wp\/v2\/posts"}],"about":[{"href":"https:\/\/lospoliticosveracruz.com\/index.php?rest_route=\/wp\/v2\/types\/post"}],"author":[{"embeddable":true,"href":"https:\/\/lospoliticosveracruz.com\/index.php?rest_route=\/wp\/v2\/users\/2"}],"replies":[{"embeddable":true,"href":"https:\/\/lospoliticosveracruz.com\/index.php?rest_route=%2Fwp%2Fv2%2Fcomments&post=26451"}],"version-history":[{"count":3,"href":"https:\/\/lospoliticosveracruz.com\/index.php?rest_route=\/wp\/v2\/posts\/26451\/revisions"}],"predecessor-version":[{"id":26457,"href":"https:\/\/lospoliticosveracruz.com\/index.php?rest_route=\/wp\/v2\/posts\/26451\/revisions\/26457"}],"wp:attachment":[{"href":"https:\/\/lospoliticosveracruz.com\/index.php?rest_route=%2Fwp%2Fv2%2Fmedia&parent=26451"}],"wp:term":[{"taxonomy":"category","embeddable":true,"href":"https:\/\/lospoliticosveracruz.com\/index.php?rest_route=%2Fwp%2Fv2%2Fcategories&post=26451"},{"taxonomy":"post_tag","embeddable":true,"href":"https:\/\/lospoliticosveracruz.com\/index.php?rest_route=%2Fwp%2Fv2%2Ftags&post=26451"}],"curies":[{"name":"wp","href":"https:\/\/api.w.org\/{rel}","templated":true}]}}