{"id":26458,"date":"2016-10-02T10:52:06","date_gmt":"2016-10-02T15:52:06","guid":{"rendered":"http:\/\/www.lospoliticosveracruz.com.mx\/?p=26458"},"modified":"2016-10-02T10:52:06","modified_gmt":"2016-10-02T15:52:06","slug":"guerreras-del-cambio","status":"publish","type":"post","link":"https:\/\/lospoliticosveracruz.com\/?p=26458","title":{"rendered":"\u00a1Guerreras del cambio!"},"content":{"rendered":"<p><strong>Elena C\u00f3rdova <\/strong><br \/>\n<em>Luna Nueva<\/em><\/p>\n<p>&nbsp;<br \/>\nMuchas veces en discursos oficiales, y con justificaci\u00f3n, escuchamos decir a los funcionarios p\u00fablicos que \u201cla educaci\u00f3n es la mejor inversi\u00f3n que puede hacer el gobierno en sus ciudadanos\u201d, en especial a los j\u00f3venes y mujeres; a todas y todos los ciudadanos de cualquier edad. Al igual que la consabida frase \u201cobras son amores y no buenas razones\u201d. Y m\u00e1s a\u00fan, no hay nada que pueda expresar con palabras cuando se conjugan estos dos nobles prop\u00f3sitos con un solo fin, como educar y emprender.<br \/>\nTambi\u00e9n pasa que hay eventos oficiales en donde no existe la conexi\u00f3n, la magia, como s\u00ed sucedi\u00f3 el pasado mi\u00e9rcoles 28 de septiembre, donde la historia de \u00e9xito de 66 mujeres \u2013guerreras del campo les llama el Secretario Pepe Calzada Rovirosa y con justa raz\u00f3n. Son \u201c66 mujeres de \u00e9xito en el campo que no s\u00f3lo van a trascender sino se van a multiplicar\u201d, como tambi\u00e9n cita la subsecretaria Mely Romero y Paulina Escobedo. S\u00ed. Ser\u00e1n 66 voces autorizadas y llenas de conocimiento, habilidad, trabajo, esfuerzo, que no s\u00f3lo representar\u00e1n dignamente a nuestro pa\u00eds, M\u00e9xico, en los Estados Unidos, en la ciudad de Washington DC, en el programa El Campo en Nuestras Manos \u201cIntercambio de experiencias de productoras mexicanas M\u00e9xico-Washington\u201d.<br \/>\nEn el evento oficial de la Sagarpa, llevado a cabo en la explanada de las oficinas centrales, el ambiente era de alegr\u00eda, una alegr\u00eda sincera nutrida de la esperanza de que ah\u00ed se valora el trabajo, la dedicaci\u00f3n y la creatividad de las mujeres empresarias reunidas, provenientes de toda la rep\u00fablica mexicana. Mujeres que, bajo su cuidado, responsabilidad y sufrimiento diario, continuo, han creado y desarrollado valiosas empresas dignas de ser consideradas historias de \u00e9xito con letras may\u00fasculas.<br \/>\nBast\u00f3 escuchar las emotivas palabras de Mar\u00eda Miguelina Chi Gonz\u00e1lez, de la comunidad de Manuel Cepeda Peraza, del municipio de Tekax, del estado de Yucat\u00e1n. Ella es una productora de hortalizas de traspatio, en donde produce r\u00e1bano, cilantro, lechugas, repollo, zanahoria, betabel, acelga, colinabo, pepino, calabaza y chile habanero. Mar\u00eda Miguelina expreso con todo el sentimiento que \u201c Hoy, soy la voz de estas 66 mujeres, que somos orgullosamente mexicanas, que queremos agradecerle de todo coraz\u00f3n, a usted se\u00f1or secretario, la oportunidad y el privilegio que se nos ha brindado para participar en el Intercambio de Experiencias de Productoras Mexicanas M\u00e9xico-Washington, en donde hemos y estamos aprendiendo nuevos conocimientos y estrategias en temas importantes como innovaci\u00f3n, liderazgo, generaci\u00f3n de valor, empoderamiento de la mujer en el campo, entre otros&#8230;\u201d<br \/>\n\u201cQuiero transmitir el sentir de estas 66 mujeres, que muchas de nosotras no hab\u00edamos salido de nuestro estado y mucho menos de nuestro pa\u00eds. Hemos dejado familia, esposo, hijos, pap\u00e1s, nuestro negocio, el trabajo y el campo, pero estamos aqu\u00ed porque estamos comprometidas con este proyecto, y hemos venido a prepararnos para que al regreso a nuestras comunidades, podamos replicar lo aprendido; nos ha movido las ganas de prepararnos para ofrecer un mejor porvenir a nuestras familias y a nuestras comunidades\u201d.<br \/>\nEntre porras, vivas, toc\u00f3 el turno de hablar al Secretario Pepe Calzada quien, no menos emocionado, expres\u00f3 con el coraz\u00f3n en la mano: \u201cexhorto a las mujeres del campo, a convertirse en &#8216;guerreras del cambio&#8217;, que influyan en los j\u00f3venes y al mismo tiempo ser motivadoras que le den mayor esperanza a un pa\u00eds al que le urge incrementar la perspectiva de futuro\u201d. Y orgulloso dijo: \u201cpreciso que las mujeres adem\u00e1s de ser amas de casa, madres de familia y jefas econ\u00f3micas, deber\u00e1n ahora constituirse en embajadoras de M\u00e9xico\u201d.<br \/>\nHoy me sincero con los lectores. \u00c9sta vez s\u00ed me fue tan dif\u00edcil poder plasmar todo ese c\u00famulo de emociones, sentimientos en unas cuantas l\u00edneas. C\u00f3mo describir a 66 mujeres como si fuera una sola, como un mismo ser. Tal vez exagero debido a la emoci\u00f3n que me embarga, pero ahora que est\u00e9 en los Estados Unidos junto con estas 66 grandiosas mujeres mexicanas, me atrevo a decirle al mundo que \u201cno importa que tan alto quieran crear barreras\u201d, nada ser\u00eda suficiente para detener a estas 66 y millones de mujeres m\u00e1s que en M\u00e9xico, como bien dice Mar\u00eda Miguelina Chi Gonz\u00e1lez, cuando la pasi\u00f3n, el coraje, el amor, el entusiasmo, el compromiso, el trabajo de todas estas mujeres que representamos a todas\u00a0todas las mujeres de este pa\u00eds, es inagotable.<\/p>\n","protected":false},"excerpt":{"rendered":"<p>Elena C\u00f3rdova Luna Nueva &nbsp; Muchas veces en discursos oficiales, y con justificaci\u00f3n, escuchamos decir a los funcionarios p\u00fablicos que \u201cla educaci\u00f3n es la mejor inversi\u00f3n que puede hacer el gobierno en sus ciudadanos\u201d, en especial a los j\u00f3venes y mujeres; a todas y todos los ciudadanos de cualquier edad. Al igual que la consabida [&hellip;]<\/p>\n","protected":false},"author":2,"featured_media":0,"comment_status":"open","ping_status":"open","sticky":false,"template":"","format":"standard","meta":{"tdm_status":"","tdm_grid_status":"","footnotes":""},"categories":[70],"tags":[5670,1030,5669,6394,2305,5500],"class_list":{"0":"post-26458","1":"post","2":"type-post","3":"status-publish","4":"format-standard","6":"category-de-opinion","7":"tag-campo","8":"tag-educacion","9":"tag-jose-calzada-rovirosa","10":"tag-maria-miguelina-chi-gonzalez","11":"tag-mujeres","12":"tag-sagarpa"},"yoast_head":"<!-- This site is optimized with the Yoast SEO plugin v27.4 - https:\/\/yoast.com\/product\/yoast-seo-wordpress\/ -->\n<title>\u00a1Guerreras del cambio! - Los pol\u00edticos Veracruz<\/title>\n<meta name=\"robots\" content=\"index, follow, max-snippet:-1, max-image-preview:large, max-video-preview:-1\" \/>\n<link rel=\"canonical\" href=\"https:\/\/lospoliticosveracruz.com\/?p=26458\" \/>\n<meta property=\"og:locale\" content=\"es_ES\" \/>\n<meta property=\"og:type\" content=\"article\" \/>\n<meta property=\"og:title\" content=\"\u00a1Guerreras del cambio! - Los pol\u00edticos Veracruz\" \/>\n<meta property=\"og:description\" content=\"Elena C\u00f3rdova Luna Nueva &nbsp; Muchas veces en discursos oficiales, y con justificaci\u00f3n, escuchamos decir a los funcionarios p\u00fablicos que \u201cla educaci\u00f3n es la mejor inversi\u00f3n que puede hacer el gobierno en sus ciudadanos\u201d, en especial a los j\u00f3venes y mujeres; a todas y todos los ciudadanos de cualquier edad. Al igual que la consabida [&hellip;]\" \/>\n<meta property=\"og:url\" content=\"https:\/\/lospoliticosveracruz.com\/?p=26458\" \/>\n<meta property=\"og:site_name\" content=\"Los pol\u00edticos Veracruz\" \/>\n<meta property=\"article:publisher\" content=\"https:\/\/www.facebook.com\/people\/Notimemes-de-los-Polticos\/61565672886568\/\" \/>\n<meta property=\"article:published_time\" content=\"2016-10-02T15:52:06+00:00\" \/>\n<meta property=\"og:image\" content=\"https:\/\/lospoliticosveracruz.com\/wp-content\/uploads\/2016\/07\/Logo-Dor.jpg\" \/>\n\t<meta property=\"og:image:width\" content=\"200\" \/>\n\t<meta property=\"og:image:height\" content=\"200\" \/>\n\t<meta property=\"og:image:type\" content=\"image\/jpeg\" \/>\n<meta name=\"author\" content=\"Lo viste en Los Pol\u00edticos\" \/>\n<meta name=\"twitter:card\" content=\"summary_large_image\" \/>\n<meta name=\"twitter:creator\" content=\"@LosPoliticosVer\" \/>\n<meta name=\"twitter:site\" content=\"@LosPoliticosVer\" \/>\n<meta name=\"twitter:label1\" content=\"Escrito por\" \/>\n\t<meta name=\"twitter:data1\" content=\"Lo viste en Los Pol\u00edticos\" \/>\n\t<meta name=\"twitter:label2\" content=\"Tiempo de lectura\" \/>\n\t<meta name=\"twitter:data2\" content=\"4 minutos\" \/>\n<script type=\"application\/ld+json\" class=\"yoast-schema-graph\">{\"@context\":\"https:\\\/\\\/schema.org\",\"@graph\":[{\"@type\":\"Article\",\"@id\":\"https:\\\/\\\/lospoliticosveracruz.com\\\/?p=26458#article\",\"isPartOf\":{\"@id\":\"https:\\\/\\\/lospoliticosveracruz.com\\\/?p=26458\"},\"author\":{\"name\":\"Lo viste en Los Pol\u00edticos\",\"@id\":\"https:\\\/\\\/lospoliticosveracruz.com\\\/#\\\/schema\\\/person\\\/b8702bb0e538456e6efd07080bf2a4a2\"},\"headline\":\"\u00a1Guerreras del cambio!\",\"datePublished\":\"2016-10-02T15:52:06+00:00\",\"mainEntityOfPage\":{\"@id\":\"https:\\\/\\\/lospoliticosveracruz.com\\\/?p=26458\"},\"wordCount\":768,\"commentCount\":1,\"publisher\":{\"@id\":\"https:\\\/\\\/lospoliticosveracruz.com\\\/#organization\"},\"keywords\":[\"campo\",\"educaci\u00f3n\",\"Jos\u00e9 Calzada Rovirosa\",\"Mar\u00eda Miguelina Chi Gonz\u00e1lez\",\"Mujeres\",\"Sagarpa\"],\"articleSection\":[\"De Opini\u00f3n\"],\"inLanguage\":\"es\",\"potentialAction\":[{\"@type\":\"CommentAction\",\"name\":\"Comment\",\"target\":[\"https:\\\/\\\/lospoliticosveracruz.com\\\/?p=26458#respond\"]}]},{\"@type\":\"WebPage\",\"@id\":\"https:\\\/\\\/lospoliticosveracruz.com\\\/?p=26458\",\"url\":\"https:\\\/\\\/lospoliticosveracruz.com\\\/?p=26458\",\"name\":\"\u00a1Guerreras del cambio! - Los pol\u00edticos Veracruz\",\"isPartOf\":{\"@id\":\"https:\\\/\\\/lospoliticosveracruz.com\\\/#website\"},\"datePublished\":\"2016-10-02T15:52:06+00:00\",\"breadcrumb\":{\"@id\":\"https:\\\/\\\/lospoliticosveracruz.com\\\/?p=26458#breadcrumb\"},\"inLanguage\":\"es\",\"potentialAction\":[{\"@type\":\"ReadAction\",\"target\":[\"https:\\\/\\\/lospoliticosveracruz.com\\\/?p=26458\"]}]},{\"@type\":\"BreadcrumbList\",\"@id\":\"https:\\\/\\\/lospoliticosveracruz.com\\\/?p=26458#breadcrumb\",\"itemListElement\":[{\"@type\":\"ListItem\",\"position\":1,\"name\":\"Portada\",\"item\":\"https:\\\/\\\/lospoliticosveracruz.com\\\/\"},{\"@type\":\"ListItem\",\"position\":2,\"name\":\"\u00a1Guerreras del cambio!\"}]},{\"@type\":\"WebSite\",\"@id\":\"https:\\\/\\\/lospoliticosveracruz.com\\\/#website\",\"url\":\"https:\\\/\\\/lospoliticosveracruz.com\\\/\",\"name\":\"Los pol\u00edticos Veracruz\",\"description\":\"\",\"publisher\":{\"@id\":\"https:\\\/\\\/lospoliticosveracruz.com\\\/#organization\"},\"potentialAction\":[{\"@type\":\"SearchAction\",\"target\":{\"@type\":\"EntryPoint\",\"urlTemplate\":\"https:\\\/\\\/lospoliticosveracruz.com\\\/?s={search_term_string}\"},\"query-input\":{\"@type\":\"PropertyValueSpecification\",\"valueRequired\":true,\"valueName\":\"search_term_string\"}}],\"inLanguage\":\"es\"},{\"@type\":\"Organization\",\"@id\":\"https:\\\/\\\/lospoliticosveracruz.com\\\/#organization\",\"name\":\"Los pol\u00edticos Veracruz\",\"url\":\"https:\\\/\\\/lospoliticosveracruz.com\\\/\",\"logo\":{\"@type\":\"ImageObject\",\"inLanguage\":\"es\",\"@id\":\"https:\\\/\\\/lospoliticosveracruz.com\\\/#\\\/schema\\\/logo\\\/image\\\/\",\"url\":\"https:\\\/\\\/lospoliticosveracruz.com\\\/wp-content\\\/uploads\\\/2025\\\/12\\\/Logo-Nuevo-LOS-POLITICOS-1.jpg\",\"contentUrl\":\"https:\\\/\\\/lospoliticosveracruz.com\\\/wp-content\\\/uploads\\\/2025\\\/12\\\/Logo-Nuevo-LOS-POLITICOS-1.jpg\",\"width\":260,\"height\":70,\"caption\":\"Los pol\u00edticos Veracruz\"},\"image\":{\"@id\":\"https:\\\/\\\/lospoliticosveracruz.com\\\/#\\\/schema\\\/logo\\\/image\\\/\"},\"sameAs\":[\"https:\\\/\\\/www.facebook.com\\\/people\\\/Notimemes-de-los-Polticos\\\/61565672886568\\\/\",\"https:\\\/\\\/x.com\\\/LosPoliticosVer\"]},{\"@type\":\"Person\",\"@id\":\"https:\\\/\\\/lospoliticosveracruz.com\\\/#\\\/schema\\\/person\\\/b8702bb0e538456e6efd07080bf2a4a2\",\"name\":\"Lo viste en Los Pol\u00edticos\",\"image\":{\"@type\":\"ImageObject\",\"inLanguage\":\"es\",\"@id\":\"https:\\\/\\\/secure.gravatar.com\\\/avatar\\\/3a8de04a2656d44082be478bd6c086daa447c4651605818287b9532d3d0bd435?s=96&d=mm&r=g\",\"url\":\"https:\\\/\\\/secure.gravatar.com\\\/avatar\\\/3a8de04a2656d44082be478bd6c086daa447c4651605818287b9532d3d0bd435?s=96&d=mm&r=g\",\"contentUrl\":\"https:\\\/\\\/secure.gravatar.com\\\/avatar\\\/3a8de04a2656d44082be478bd6c086daa447c4651605818287b9532d3d0bd435?s=96&d=mm&r=g\",\"caption\":\"Lo viste en Los Pol\u00edticos\"},\"url\":\"https:\\\/\\\/lospoliticosveracruz.com\\\/?author=2\"}]}<\/script>\n<!-- \/ Yoast SEO plugin. -->","yoast_head_json":{"title":"\u00a1Guerreras del cambio! - Los pol\u00edticos Veracruz","robots":{"index":"index","follow":"follow","max-snippet":"max-snippet:-1","max-image-preview":"max-image-preview:large","max-video-preview":"max-video-preview:-1"},"canonical":"https:\/\/lospoliticosveracruz.com\/?p=26458","og_locale":"es_ES","og_type":"article","og_title":"\u00a1Guerreras del cambio! - Los pol\u00edticos Veracruz","og_description":"Elena C\u00f3rdova Luna Nueva &nbsp; Muchas veces en discursos oficiales, y con justificaci\u00f3n, escuchamos decir a los funcionarios p\u00fablicos que \u201cla educaci\u00f3n es la mejor inversi\u00f3n que puede hacer el gobierno en sus ciudadanos\u201d, en especial a los j\u00f3venes y mujeres; a todas y todos los ciudadanos de cualquier edad. Al igual que la consabida [&hellip;]","og_url":"https:\/\/lospoliticosveracruz.com\/?p=26458","og_site_name":"Los pol\u00edticos Veracruz","article_publisher":"https:\/\/www.facebook.com\/people\/Notimemes-de-los-Polticos\/61565672886568\/","article_published_time":"2016-10-02T15:52:06+00:00","og_image":[{"width":200,"height":200,"url":"https:\/\/lospoliticosveracruz.com\/wp-content\/uploads\/2016\/07\/Logo-Dor.jpg","type":"image\/jpeg"}],"author":"Lo viste en Los Pol\u00edticos","twitter_card":"summary_large_image","twitter_creator":"@LosPoliticosVer","twitter_site":"@LosPoliticosVer","twitter_misc":{"Escrito por":"Lo viste en Los Pol\u00edticos","Tiempo de lectura":"4 minutos"},"schema":{"@context":"https:\/\/schema.org","@graph":[{"@type":"Article","@id":"https:\/\/lospoliticosveracruz.com\/?p=26458#article","isPartOf":{"@id":"https:\/\/lospoliticosveracruz.com\/?p=26458"},"author":{"name":"Lo viste en Los Pol\u00edticos","@id":"https:\/\/lospoliticosveracruz.com\/#\/schema\/person\/b8702bb0e538456e6efd07080bf2a4a2"},"headline":"\u00a1Guerreras del cambio!","datePublished":"2016-10-02T15:52:06+00:00","mainEntityOfPage":{"@id":"https:\/\/lospoliticosveracruz.com\/?p=26458"},"wordCount":768,"commentCount":1,"publisher":{"@id":"https:\/\/lospoliticosveracruz.com\/#organization"},"keywords":["campo","educaci\u00f3n","Jos\u00e9 Calzada Rovirosa","Mar\u00eda Miguelina Chi Gonz\u00e1lez","Mujeres","Sagarpa"],"articleSection":["De Opini\u00f3n"],"inLanguage":"es","potentialAction":[{"@type":"CommentAction","name":"Comment","target":["https:\/\/lospoliticosveracruz.com\/?p=26458#respond"]}]},{"@type":"WebPage","@id":"https:\/\/lospoliticosveracruz.com\/?p=26458","url":"https:\/\/lospoliticosveracruz.com\/?p=26458","name":"\u00a1Guerreras del cambio! - Los pol\u00edticos Veracruz","isPartOf":{"@id":"https:\/\/lospoliticosveracruz.com\/#website"},"datePublished":"2016-10-02T15:52:06+00:00","breadcrumb":{"@id":"https:\/\/lospoliticosveracruz.com\/?p=26458#breadcrumb"},"inLanguage":"es","potentialAction":[{"@type":"ReadAction","target":["https:\/\/lospoliticosveracruz.com\/?p=26458"]}]},{"@type":"BreadcrumbList","@id":"https:\/\/lospoliticosveracruz.com\/?p=26458#breadcrumb","itemListElement":[{"@type":"ListItem","position":1,"name":"Portada","item":"https:\/\/lospoliticosveracruz.com\/"},{"@type":"ListItem","position":2,"name":"\u00a1Guerreras del cambio!"}]},{"@type":"WebSite","@id":"https:\/\/lospoliticosveracruz.com\/#website","url":"https:\/\/lospoliticosveracruz.com\/","name":"Los pol\u00edticos Veracruz","description":"","publisher":{"@id":"https:\/\/lospoliticosveracruz.com\/#organization"},"potentialAction":[{"@type":"SearchAction","target":{"@type":"EntryPoint","urlTemplate":"https:\/\/lospoliticosveracruz.com\/?s={search_term_string}"},"query-input":{"@type":"PropertyValueSpecification","valueRequired":true,"valueName":"search_term_string"}}],"inLanguage":"es"},{"@type":"Organization","@id":"https:\/\/lospoliticosveracruz.com\/#organization","name":"Los pol\u00edticos Veracruz","url":"https:\/\/lospoliticosveracruz.com\/","logo":{"@type":"ImageObject","inLanguage":"es","@id":"https:\/\/lospoliticosveracruz.com\/#\/schema\/logo\/image\/","url":"https:\/\/lospoliticosveracruz.com\/wp-content\/uploads\/2025\/12\/Logo-Nuevo-LOS-POLITICOS-1.jpg","contentUrl":"https:\/\/lospoliticosveracruz.com\/wp-content\/uploads\/2025\/12\/Logo-Nuevo-LOS-POLITICOS-1.jpg","width":260,"height":70,"caption":"Los pol\u00edticos Veracruz"},"image":{"@id":"https:\/\/lospoliticosveracruz.com\/#\/schema\/logo\/image\/"},"sameAs":["https:\/\/www.facebook.com\/people\/Notimemes-de-los-Polticos\/61565672886568\/","https:\/\/x.com\/LosPoliticosVer"]},{"@type":"Person","@id":"https:\/\/lospoliticosveracruz.com\/#\/schema\/person\/b8702bb0e538456e6efd07080bf2a4a2","name":"Lo viste en Los Pol\u00edticos","image":{"@type":"ImageObject","inLanguage":"es","@id":"https:\/\/secure.gravatar.com\/avatar\/3a8de04a2656d44082be478bd6c086daa447c4651605818287b9532d3d0bd435?s=96&d=mm&r=g","url":"https:\/\/secure.gravatar.com\/avatar\/3a8de04a2656d44082be478bd6c086daa447c4651605818287b9532d3d0bd435?s=96&d=mm&r=g","contentUrl":"https:\/\/secure.gravatar.com\/avatar\/3a8de04a2656d44082be478bd6c086daa447c4651605818287b9532d3d0bd435?s=96&d=mm&r=g","caption":"Lo viste en Los Pol\u00edticos"},"url":"https:\/\/lospoliticosveracruz.com\/?author=2"}]}},"_links":{"self":[{"href":"https:\/\/lospoliticosveracruz.com\/index.php?rest_route=\/wp\/v2\/posts\/26458","targetHints":{"allow":["GET"]}}],"collection":[{"href":"https:\/\/lospoliticosveracruz.com\/index.php?rest_route=\/wp\/v2\/posts"}],"about":[{"href":"https:\/\/lospoliticosveracruz.com\/index.php?rest_route=\/wp\/v2\/types\/post"}],"author":[{"embeddable":true,"href":"https:\/\/lospoliticosveracruz.com\/index.php?rest_route=\/wp\/v2\/users\/2"}],"replies":[{"embeddable":true,"href":"https:\/\/lospoliticosveracruz.com\/index.php?rest_route=%2Fwp%2Fv2%2Fcomments&post=26458"}],"version-history":[{"count":4,"href":"https:\/\/lospoliticosveracruz.com\/index.php?rest_route=\/wp\/v2\/posts\/26458\/revisions"}],"predecessor-version":[{"id":26480,"href":"https:\/\/lospoliticosveracruz.com\/index.php?rest_route=\/wp\/v2\/posts\/26458\/revisions\/26480"}],"wp:attachment":[{"href":"https:\/\/lospoliticosveracruz.com\/index.php?rest_route=%2Fwp%2Fv2%2Fmedia&parent=26458"}],"wp:term":[{"taxonomy":"category","embeddable":true,"href":"https:\/\/lospoliticosveracruz.com\/index.php?rest_route=%2Fwp%2Fv2%2Fcategories&post=26458"},{"taxonomy":"post_tag","embeddable":true,"href":"https:\/\/lospoliticosveracruz.com\/index.php?rest_route=%2Fwp%2Fv2%2Ftags&post=26458"}],"curies":[{"name":"wp","href":"https:\/\/api.w.org\/{rel}","templated":true}]}}