{"id":26466,"date":"2016-10-02T10:21:14","date_gmt":"2016-10-02T15:21:14","guid":{"rendered":"http:\/\/www.lospoliticosveracruz.com.mx\/?p=26466"},"modified":"2016-10-02T10:21:14","modified_gmt":"2016-10-02T15:21:14","slug":"corruptos-generaliza-pena-nieto","status":"publish","type":"post","link":"https:\/\/lospoliticosveracruz.com\/?p=26466","title":{"rendered":"Corruptos, generaliza Pe\u00f1a Nieto"},"content":{"rendered":"<p><strong>Arturo Reyes Gonz\u00e1lez<\/strong><\/p>\n<p><em>Burladero<\/em><\/p>\n<p>&nbsp;<br \/>\n\u201cSi hablamos de corrupci\u00f3n, no hay nadie que pueda aventar la primera piedra\u201d; al menos eso dijo nuestro presidente Enrique Pe\u00f1a Nieto, la semana pasada al inaugurar la Semana Nacional de Transparencia 2016.<br \/>\nY agreg\u00f3: \u201cPorque este tema que tanto lacera, la corrupci\u00f3n, lo est\u00e1 en todos los \u00f3rdenes de la sociedad y en todos los \u00e1mbitos. No hay alguien que pueda atreverse a arrojar la primera piedra, todos somos parte de un modelo que hoy estamos desterrando y desando cambiar, para beneficio de una sociedad que es m\u00e1s exigente y que se impone nuevos paradigmas\u201d, ante la mirada de asombro de representantes de los poderes Judicial y Legislativo, as\u00ed como de sindicatos, entre otros.<br \/>\nLo le\u00ed y de inmediato me vino a la mente los nombres, los rostros de los diputados federales y servidores p\u00fablicos veracruzanos se\u00f1alados en los casos de empresas \u201cfantasmas\u201d, \u00bflos conoce el presidente, tiene sus datos, los ubica bien por ser o eran algunos de su partido?<br \/>\nEn el caso del PAN, del PRD y Morena, \u00bfqu\u00e9 datos tiene, todos, hasta d\u00f3nde, sabe o no sabe y si sabe entonces estamos de acuerdo en que se hace totalmente de la vista gorda? S\u00ed, refiere a que en esta administraci\u00f3n, la suya, se habla de combate a la corrupci\u00f3n, de la creaci\u00f3n de una fiscal\u00eda especializada para atender el tema, pero no pasa de eso, de palabras y discursos.<br \/>\n\u00bfSe entiende derrotado ante un tema que incluso dijo en una entrevista tiempo atr\u00e1s es cultural en nuestro pa\u00eds? Por supuesto que s\u00ed. El no pasar a los hechos dice m\u00e1s que mil discursos y cien fiscal\u00edas.<br \/>\n\u00bfPara qu\u00e9 se\u00f1or Presidente tratar de justificarse de esa manera tratando de recuperar a trav\u00e9s del mensaje un poco de terreno entre los mexicanos para su partido el TRI, atrevi\u00e9ndose a generalizar y meter en el mismo saco de la corrupci\u00f3n a todos por igual?<br \/>\nEn lo personal conozco a personas que trabajan en la administraci\u00f3n p\u00fablica de Veracruz que son honestas y honradas, cabales, no tengo el gusto de conocer a m\u00e1s, debe de haber y no lo dudo y a un pol\u00edtico con trayectoria que ha sido incapaz de tomar un solo peso que no ha salido de su sueldo o de su bolsa, sin embargo, ya los embarr\u00f3.<br \/>\nAnte la opini\u00f3n p\u00fablica ya son m\u00e1s de lo mismo. \u00bfNadie, nadie se\u00f1or Presidente? \u00bfAs\u00ed de tajante? Desde mis clases de espa\u00f1ol en la Secundar\u00eda T\u00e9cnica n\u00famero 3 de Xalapa, la maestra de la materia siempre fue puntual y estricta: no pueden ni deben generalizar nunca, no abonan a la construcci\u00f3n del lenguaje, a un correcto uso, c\u00f3mo poder decir \u201ctodo el mundo sabe, todo el mundo conoce\u201d.<br \/>\n\u00bfNadie? Carajos.<\/p>\n","protected":false},"excerpt":{"rendered":"<p>Arturo Reyes Gonz\u00e1lez Burladero &nbsp; \u201cSi hablamos de corrupci\u00f3n, no hay nadie que pueda aventar la primera piedra\u201d; al menos eso dijo nuestro presidente Enrique Pe\u00f1a Nieto, la semana pasada al inaugurar la Semana Nacional de Transparencia 2016. Y agreg\u00f3: \u201cPorque este tema que tanto lacera, la corrupci\u00f3n, lo est\u00e1 en todos los \u00f3rdenes de [&hellip;]<\/p>\n","protected":false},"author":2,"featured_media":0,"comment_status":"open","ping_status":"open","sticky":false,"template":"","format":"standard","meta":{"tdm_status":"","tdm_grid_status":"","footnotes":""},"categories":[70],"tags":[282,281,6395],"class_list":{"0":"post-26466","1":"post","2":"type-post","3":"status-publish","4":"format-standard","6":"category-de-opinion","7":"tag-corrupcion","8":"tag-enrique-pena-nieto","9":"tag-semana-nacional-de-la-transparencia"},"yoast_head":"<!-- This site is optimized with the Yoast SEO plugin v27.4 - https:\/\/yoast.com\/product\/yoast-seo-wordpress\/ -->\n<title>Corruptos, generaliza Pe\u00f1a Nieto - Los pol\u00edticos Veracruz<\/title>\n<meta name=\"robots\" content=\"index, follow, max-snippet:-1, max-image-preview:large, max-video-preview:-1\" \/>\n<link rel=\"canonical\" href=\"https:\/\/lospoliticosveracruz.com\/?p=26466\" \/>\n<meta property=\"og:locale\" content=\"es_ES\" \/>\n<meta property=\"og:type\" content=\"article\" \/>\n<meta property=\"og:title\" content=\"Corruptos, generaliza Pe\u00f1a Nieto - Los pol\u00edticos Veracruz\" \/>\n<meta property=\"og:description\" content=\"Arturo Reyes Gonz\u00e1lez Burladero &nbsp; \u201cSi hablamos de corrupci\u00f3n, no hay nadie que pueda aventar la primera piedra\u201d; al menos eso dijo nuestro presidente Enrique Pe\u00f1a Nieto, la semana pasada al inaugurar la Semana Nacional de Transparencia 2016. Y agreg\u00f3: \u201cPorque este tema que tanto lacera, la corrupci\u00f3n, lo est\u00e1 en todos los \u00f3rdenes de [&hellip;]\" \/>\n<meta property=\"og:url\" content=\"https:\/\/lospoliticosveracruz.com\/?p=26466\" \/>\n<meta property=\"og:site_name\" content=\"Los pol\u00edticos Veracruz\" \/>\n<meta property=\"article:publisher\" content=\"https:\/\/www.facebook.com\/people\/Notimemes-de-los-Polticos\/61565672886568\/\" \/>\n<meta property=\"article:published_time\" content=\"2016-10-02T15:21:14+00:00\" \/>\n<meta property=\"og:image\" content=\"https:\/\/lospoliticosveracruz.com\/wp-content\/uploads\/2016\/07\/Logo-Dor.jpg\" \/>\n\t<meta property=\"og:image:width\" content=\"200\" \/>\n\t<meta property=\"og:image:height\" content=\"200\" \/>\n\t<meta property=\"og:image:type\" content=\"image\/jpeg\" \/>\n<meta name=\"author\" content=\"Lo viste en Los Pol\u00edticos\" \/>\n<meta name=\"twitter:card\" content=\"summary_large_image\" \/>\n<meta name=\"twitter:creator\" content=\"@LosPoliticosVer\" \/>\n<meta name=\"twitter:site\" content=\"@LosPoliticosVer\" \/>\n<meta name=\"twitter:label1\" content=\"Escrito por\" \/>\n\t<meta name=\"twitter:data1\" content=\"Lo viste en Los Pol\u00edticos\" \/>\n\t<meta name=\"twitter:label2\" content=\"Tiempo de lectura\" \/>\n\t<meta name=\"twitter:data2\" content=\"2 minutos\" \/>\n<script type=\"application\/ld+json\" class=\"yoast-schema-graph\">{\"@context\":\"https:\\\/\\\/schema.org\",\"@graph\":[{\"@type\":\"Article\",\"@id\":\"https:\\\/\\\/lospoliticosveracruz.com\\\/?p=26466#article\",\"isPartOf\":{\"@id\":\"https:\\\/\\\/lospoliticosveracruz.com\\\/?p=26466\"},\"author\":{\"name\":\"Lo viste en Los Pol\u00edticos\",\"@id\":\"https:\\\/\\\/lospoliticosveracruz.com\\\/#\\\/schema\\\/person\\\/b8702bb0e538456e6efd07080bf2a4a2\"},\"headline\":\"Corruptos, generaliza Pe\u00f1a Nieto\",\"datePublished\":\"2016-10-02T15:21:14+00:00\",\"mainEntityOfPage\":{\"@id\":\"https:\\\/\\\/lospoliticosveracruz.com\\\/?p=26466\"},\"wordCount\":493,\"commentCount\":0,\"publisher\":{\"@id\":\"https:\\\/\\\/lospoliticosveracruz.com\\\/#organization\"},\"keywords\":[\"corrupci\u00f3n\",\"Enrique Pe\u00f1a Nieto\",\"Semana Nacional de la Transparencia\"],\"articleSection\":[\"De Opini\u00f3n\"],\"inLanguage\":\"es\",\"potentialAction\":[{\"@type\":\"CommentAction\",\"name\":\"Comment\",\"target\":[\"https:\\\/\\\/lospoliticosveracruz.com\\\/?p=26466#respond\"]}]},{\"@type\":\"WebPage\",\"@id\":\"https:\\\/\\\/lospoliticosveracruz.com\\\/?p=26466\",\"url\":\"https:\\\/\\\/lospoliticosveracruz.com\\\/?p=26466\",\"name\":\"Corruptos, generaliza Pe\u00f1a Nieto - Los pol\u00edticos Veracruz\",\"isPartOf\":{\"@id\":\"https:\\\/\\\/lospoliticosveracruz.com\\\/#website\"},\"datePublished\":\"2016-10-02T15:21:14+00:00\",\"breadcrumb\":{\"@id\":\"https:\\\/\\\/lospoliticosveracruz.com\\\/?p=26466#breadcrumb\"},\"inLanguage\":\"es\",\"potentialAction\":[{\"@type\":\"ReadAction\",\"target\":[\"https:\\\/\\\/lospoliticosveracruz.com\\\/?p=26466\"]}]},{\"@type\":\"BreadcrumbList\",\"@id\":\"https:\\\/\\\/lospoliticosveracruz.com\\\/?p=26466#breadcrumb\",\"itemListElement\":[{\"@type\":\"ListItem\",\"position\":1,\"name\":\"Portada\",\"item\":\"https:\\\/\\\/lospoliticosveracruz.com\\\/\"},{\"@type\":\"ListItem\",\"position\":2,\"name\":\"Corruptos, generaliza Pe\u00f1a Nieto\"}]},{\"@type\":\"WebSite\",\"@id\":\"https:\\\/\\\/lospoliticosveracruz.com\\\/#website\",\"url\":\"https:\\\/\\\/lospoliticosveracruz.com\\\/\",\"name\":\"Los pol\u00edticos Veracruz\",\"description\":\"\",\"publisher\":{\"@id\":\"https:\\\/\\\/lospoliticosveracruz.com\\\/#organization\"},\"potentialAction\":[{\"@type\":\"SearchAction\",\"target\":{\"@type\":\"EntryPoint\",\"urlTemplate\":\"https:\\\/\\\/lospoliticosveracruz.com\\\/?s={search_term_string}\"},\"query-input\":{\"@type\":\"PropertyValueSpecification\",\"valueRequired\":true,\"valueName\":\"search_term_string\"}}],\"inLanguage\":\"es\"},{\"@type\":\"Organization\",\"@id\":\"https:\\\/\\\/lospoliticosveracruz.com\\\/#organization\",\"name\":\"Los pol\u00edticos Veracruz\",\"url\":\"https:\\\/\\\/lospoliticosveracruz.com\\\/\",\"logo\":{\"@type\":\"ImageObject\",\"inLanguage\":\"es\",\"@id\":\"https:\\\/\\\/lospoliticosveracruz.com\\\/#\\\/schema\\\/logo\\\/image\\\/\",\"url\":\"https:\\\/\\\/lospoliticosveracruz.com\\\/wp-content\\\/uploads\\\/2025\\\/12\\\/Logo-Nuevo-LOS-POLITICOS-1.jpg\",\"contentUrl\":\"https:\\\/\\\/lospoliticosveracruz.com\\\/wp-content\\\/uploads\\\/2025\\\/12\\\/Logo-Nuevo-LOS-POLITICOS-1.jpg\",\"width\":260,\"height\":70,\"caption\":\"Los pol\u00edticos Veracruz\"},\"image\":{\"@id\":\"https:\\\/\\\/lospoliticosveracruz.com\\\/#\\\/schema\\\/logo\\\/image\\\/\"},\"sameAs\":[\"https:\\\/\\\/www.facebook.com\\\/people\\\/Notimemes-de-los-Polticos\\\/61565672886568\\\/\",\"https:\\\/\\\/x.com\\\/LosPoliticosVer\"]},{\"@type\":\"Person\",\"@id\":\"https:\\\/\\\/lospoliticosveracruz.com\\\/#\\\/schema\\\/person\\\/b8702bb0e538456e6efd07080bf2a4a2\",\"name\":\"Lo viste en Los Pol\u00edticos\",\"image\":{\"@type\":\"ImageObject\",\"inLanguage\":\"es\",\"@id\":\"https:\\\/\\\/secure.gravatar.com\\\/avatar\\\/3a8de04a2656d44082be478bd6c086daa447c4651605818287b9532d3d0bd435?s=96&d=mm&r=g\",\"url\":\"https:\\\/\\\/secure.gravatar.com\\\/avatar\\\/3a8de04a2656d44082be478bd6c086daa447c4651605818287b9532d3d0bd435?s=96&d=mm&r=g\",\"contentUrl\":\"https:\\\/\\\/secure.gravatar.com\\\/avatar\\\/3a8de04a2656d44082be478bd6c086daa447c4651605818287b9532d3d0bd435?s=96&d=mm&r=g\",\"caption\":\"Lo viste en Los Pol\u00edticos\"},\"url\":\"https:\\\/\\\/lospoliticosveracruz.com\\\/?author=2\"}]}<\/script>\n<!-- \/ Yoast SEO plugin. -->","yoast_head_json":{"title":"Corruptos, generaliza Pe\u00f1a Nieto - Los pol\u00edticos Veracruz","robots":{"index":"index","follow":"follow","max-snippet":"max-snippet:-1","max-image-preview":"max-image-preview:large","max-video-preview":"max-video-preview:-1"},"canonical":"https:\/\/lospoliticosveracruz.com\/?p=26466","og_locale":"es_ES","og_type":"article","og_title":"Corruptos, generaliza Pe\u00f1a Nieto - Los pol\u00edticos Veracruz","og_description":"Arturo Reyes Gonz\u00e1lez Burladero &nbsp; \u201cSi hablamos de corrupci\u00f3n, no hay nadie que pueda aventar la primera piedra\u201d; al menos eso dijo nuestro presidente Enrique Pe\u00f1a Nieto, la semana pasada al inaugurar la Semana Nacional de Transparencia 2016. Y agreg\u00f3: \u201cPorque este tema que tanto lacera, la corrupci\u00f3n, lo est\u00e1 en todos los \u00f3rdenes de [&hellip;]","og_url":"https:\/\/lospoliticosveracruz.com\/?p=26466","og_site_name":"Los pol\u00edticos Veracruz","article_publisher":"https:\/\/www.facebook.com\/people\/Notimemes-de-los-Polticos\/61565672886568\/","article_published_time":"2016-10-02T15:21:14+00:00","og_image":[{"width":200,"height":200,"url":"https:\/\/lospoliticosveracruz.com\/wp-content\/uploads\/2016\/07\/Logo-Dor.jpg","type":"image\/jpeg"}],"author":"Lo viste en Los Pol\u00edticos","twitter_card":"summary_large_image","twitter_creator":"@LosPoliticosVer","twitter_site":"@LosPoliticosVer","twitter_misc":{"Escrito por":"Lo viste en Los Pol\u00edticos","Tiempo de lectura":"2 minutos"},"schema":{"@context":"https:\/\/schema.org","@graph":[{"@type":"Article","@id":"https:\/\/lospoliticosveracruz.com\/?p=26466#article","isPartOf":{"@id":"https:\/\/lospoliticosveracruz.com\/?p=26466"},"author":{"name":"Lo viste en Los Pol\u00edticos","@id":"https:\/\/lospoliticosveracruz.com\/#\/schema\/person\/b8702bb0e538456e6efd07080bf2a4a2"},"headline":"Corruptos, generaliza Pe\u00f1a Nieto","datePublished":"2016-10-02T15:21:14+00:00","mainEntityOfPage":{"@id":"https:\/\/lospoliticosveracruz.com\/?p=26466"},"wordCount":493,"commentCount":0,"publisher":{"@id":"https:\/\/lospoliticosveracruz.com\/#organization"},"keywords":["corrupci\u00f3n","Enrique Pe\u00f1a Nieto","Semana Nacional de la Transparencia"],"articleSection":["De Opini\u00f3n"],"inLanguage":"es","potentialAction":[{"@type":"CommentAction","name":"Comment","target":["https:\/\/lospoliticosveracruz.com\/?p=26466#respond"]}]},{"@type":"WebPage","@id":"https:\/\/lospoliticosveracruz.com\/?p=26466","url":"https:\/\/lospoliticosveracruz.com\/?p=26466","name":"Corruptos, generaliza Pe\u00f1a Nieto - Los pol\u00edticos Veracruz","isPartOf":{"@id":"https:\/\/lospoliticosveracruz.com\/#website"},"datePublished":"2016-10-02T15:21:14+00:00","breadcrumb":{"@id":"https:\/\/lospoliticosveracruz.com\/?p=26466#breadcrumb"},"inLanguage":"es","potentialAction":[{"@type":"ReadAction","target":["https:\/\/lospoliticosveracruz.com\/?p=26466"]}]},{"@type":"BreadcrumbList","@id":"https:\/\/lospoliticosveracruz.com\/?p=26466#breadcrumb","itemListElement":[{"@type":"ListItem","position":1,"name":"Portada","item":"https:\/\/lospoliticosveracruz.com\/"},{"@type":"ListItem","position":2,"name":"Corruptos, generaliza Pe\u00f1a Nieto"}]},{"@type":"WebSite","@id":"https:\/\/lospoliticosveracruz.com\/#website","url":"https:\/\/lospoliticosveracruz.com\/","name":"Los pol\u00edticos Veracruz","description":"","publisher":{"@id":"https:\/\/lospoliticosveracruz.com\/#organization"},"potentialAction":[{"@type":"SearchAction","target":{"@type":"EntryPoint","urlTemplate":"https:\/\/lospoliticosveracruz.com\/?s={search_term_string}"},"query-input":{"@type":"PropertyValueSpecification","valueRequired":true,"valueName":"search_term_string"}}],"inLanguage":"es"},{"@type":"Organization","@id":"https:\/\/lospoliticosveracruz.com\/#organization","name":"Los pol\u00edticos Veracruz","url":"https:\/\/lospoliticosveracruz.com\/","logo":{"@type":"ImageObject","inLanguage":"es","@id":"https:\/\/lospoliticosveracruz.com\/#\/schema\/logo\/image\/","url":"https:\/\/lospoliticosveracruz.com\/wp-content\/uploads\/2025\/12\/Logo-Nuevo-LOS-POLITICOS-1.jpg","contentUrl":"https:\/\/lospoliticosveracruz.com\/wp-content\/uploads\/2025\/12\/Logo-Nuevo-LOS-POLITICOS-1.jpg","width":260,"height":70,"caption":"Los pol\u00edticos Veracruz"},"image":{"@id":"https:\/\/lospoliticosveracruz.com\/#\/schema\/logo\/image\/"},"sameAs":["https:\/\/www.facebook.com\/people\/Notimemes-de-los-Polticos\/61565672886568\/","https:\/\/x.com\/LosPoliticosVer"]},{"@type":"Person","@id":"https:\/\/lospoliticosveracruz.com\/#\/schema\/person\/b8702bb0e538456e6efd07080bf2a4a2","name":"Lo viste en Los Pol\u00edticos","image":{"@type":"ImageObject","inLanguage":"es","@id":"https:\/\/secure.gravatar.com\/avatar\/3a8de04a2656d44082be478bd6c086daa447c4651605818287b9532d3d0bd435?s=96&d=mm&r=g","url":"https:\/\/secure.gravatar.com\/avatar\/3a8de04a2656d44082be478bd6c086daa447c4651605818287b9532d3d0bd435?s=96&d=mm&r=g","contentUrl":"https:\/\/secure.gravatar.com\/avatar\/3a8de04a2656d44082be478bd6c086daa447c4651605818287b9532d3d0bd435?s=96&d=mm&r=g","caption":"Lo viste en Los Pol\u00edticos"},"url":"https:\/\/lospoliticosveracruz.com\/?author=2"}]}},"_links":{"self":[{"href":"https:\/\/lospoliticosveracruz.com\/index.php?rest_route=\/wp\/v2\/posts\/26466","targetHints":{"allow":["GET"]}}],"collection":[{"href":"https:\/\/lospoliticosveracruz.com\/index.php?rest_route=\/wp\/v2\/posts"}],"about":[{"href":"https:\/\/lospoliticosveracruz.com\/index.php?rest_route=\/wp\/v2\/types\/post"}],"author":[{"embeddable":true,"href":"https:\/\/lospoliticosveracruz.com\/index.php?rest_route=\/wp\/v2\/users\/2"}],"replies":[{"embeddable":true,"href":"https:\/\/lospoliticosveracruz.com\/index.php?rest_route=%2Fwp%2Fv2%2Fcomments&post=26466"}],"version-history":[{"count":2,"href":"https:\/\/lospoliticosveracruz.com\/index.php?rest_route=\/wp\/v2\/posts\/26466\/revisions"}],"predecessor-version":[{"id":26479,"href":"https:\/\/lospoliticosveracruz.com\/index.php?rest_route=\/wp\/v2\/posts\/26466\/revisions\/26479"}],"wp:attachment":[{"href":"https:\/\/lospoliticosveracruz.com\/index.php?rest_route=%2Fwp%2Fv2%2Fmedia&parent=26466"}],"wp:term":[{"taxonomy":"category","embeddable":true,"href":"https:\/\/lospoliticosveracruz.com\/index.php?rest_route=%2Fwp%2Fv2%2Fcategories&post=26466"},{"taxonomy":"post_tag","embeddable":true,"href":"https:\/\/lospoliticosveracruz.com\/index.php?rest_route=%2Fwp%2Fv2%2Ftags&post=26466"}],"curies":[{"name":"wp","href":"https:\/\/api.w.org\/{rel}","templated":true}]}}