{"id":26489,"date":"2016-10-03T07:54:55","date_gmt":"2016-10-03T12:54:55","guid":{"rendered":"http:\/\/www.lospoliticosveracruz.com.mx\/?p=26489"},"modified":"2016-10-03T07:54:55","modified_gmt":"2016-10-03T12:54:55","slug":"duarte-y-los-alcaldes-del-pri","status":"publish","type":"post","link":"https:\/\/lospoliticosveracruz.com\/?p=26489","title":{"rendered":"Duarte y los alcaldes del PRI"},"content":{"rendered":"<p><strong>Salvador Mu\u00f1oz<\/strong><\/p>\n<p><em>Los Pol\u00edticos<\/em><\/p>\n<p>Javier Duarte de Ochoa ya perdi\u00f3 el juicio\u2026 \u00a1je! no se espante, me refiero al Juicio Medi\u00e1tico. Cualquier cosa que ponga o salga en las redes sociales, de inmediato la respuesta es agresiva, ofensiva, despectiva. Vamos, la libertad de las redes sociales permite que todos, de un modo u otro, prodiguen anatemas al por mayor a quien es el villano favorito en Veracruz.<\/p>\n<p>Javier Duarte de Ochoa tiene en su haber otro juicio al que tiene que enfrentar: el Juicio Partidista. Hace una semana, parec\u00eda que lo ten\u00eda perdido, de no ser por el papel (o papelazo) de su principal inquisidor: Enrique Ochoa Reza, quien mientras se ofende de las acusaciones que hacen contra Javier Duarte, las que hacen en contra de Rub\u00e9n Moreira, de Coahuila, hermano de otro enjuiciado por los medios, Humberto Moreira, dijera otro ilustre priista, \u201cni las ve ni las escucha\u201d. En pocas palabras, el PRI nacional incurre en incongruencia.<\/p>\n<p>El asunto es esperar si las denuncias de car\u00e1cter ministerial que hay en contra de Javier Duarte de Ochoa alcanzan el grado de Juicio legal\u2026<\/p>\n<p>II<\/p>\n<p>Mientras Fuente Ovejuna est\u00e1 a la espera de llevar al cadalso al Gobernador, la que hoy todav\u00eda es oposici\u00f3n deber\u00e1 cambiar la estrategia a impulsar en los municipios, pr\u00f3ximos a elegir presidentes municipales, no s\u00e9 si desde ahora o una vez asumiendo el poder.<\/p>\n<p>No se trata de ser un genio para adivinar lo que viene: el \u201cJuicio\u201d a los alcaldes, en especial a los que hoy ocupan plaza priista, como pueden ser Veracruz, Coatza, Xalapa, Orizaba, Tuxpan, por citar no \u201calgunos\u201d, sino los importantes tanto por su n\u00famero electoral y hasta por el presupuesto que manejan.<\/p>\n<p>\u00bfQu\u00e9 tipo de juicio? Puede ser un \u201cJuicio Pol\u00edtico\u201d, en el sentido de atacar su \u201cnula obra\u201d; su \u201cp\u00e9sima labor\u201d pol\u00edtica ante los problemas sociales que aquejan al municipio; tambi\u00e9n podr\u00eda enfocarse a su \u201causencia de sensibilidad pol\u00edtica\u201d o simplemente \u201ccorrupci\u00f3n\u201d.<\/p>\n<p>Es posible que haya quienes cubran en su totalidad los que han de ser \u201clos se\u00f1alamientos\u201d que la hoy oposici\u00f3n endilgar\u00e1 el d\u00eda de ma\u00f1ana o en los d\u00edas por venir; en una de \u00e9sas, si a ning\u00fan edil le pueden colgar tales anatemas, bastar\u00e1 entonces con recordar su g\u00e9nesis, su origen, su cuna: \u201ces priista\u201d.<\/p>\n<p>III<\/p>\n<p>Por eso, a estas alturas, si el PRI (junto con sus partidos aliados) quiere, m\u00ednimo, mantener sus m\u00e1s de 100 alcald\u00edas para tener algo que apostar al 2018, habr\u00e1 que ver el papel que desarrollen en el cierre de su administraci\u00f3n sus ediles como pueden ser Am\u00e9rico Z\u00fa\u00f1iga, Ram\u00f3n Poo, Manuel Rosendo Pelayo, Jorge Gonz\u00e1lez Azamar, Joaqu\u00edn Caballero Rosi\u00f1ol, Juan Manuel Diez Francos, Ruiz D\u00edaz, entre otros\u2026<\/p>\n<p>Aunque es posible que no importa qu\u00e9 tanto hagan, desarrollen, generen\u2026 las pasadas elecciones dieron muestra de ello. Orizaba, Tuxpan, Coatza, Xalapa, ejemplos donde si no fue Morena fue el PAN.<\/p>\n<p>IV<\/p>\n<p>El PRI tendr\u00e1 que apostar a una alianza entre ellos mismos y buscar una reconciliaci\u00f3n con la sociedad. Apostar a los cuadros j\u00f3venes pero no a los que hicieron de la pol\u00edtica un instrumento de poder y no de servicio. Reinventarse. Los cotos de poder ya dejaron de serlo. El sindicalismo es m\u00e1s ficticio que su l\u00edder. Quiz\u00e1s lo \u00fanico real sea su militancia, la que todav\u00eda cree en el PRI, que ya se despabil\u00f3 y dej\u00f3 ese estado de shock que sobrevino desde el cinco de junio; esa militancia que ya est\u00e1 pedaleando su municipio tratando de reagrupar a su gente, a sus conocidos, a sus amigos, porque cree que hoy m\u00e1s que nunca, es la oportunidad de crecer, porque una vez que el PRI toc\u00f3 fondo, s\u00f3lo hay de dos: quedarse abajo o empezar a salir. As\u00ed como en Emiliano Zapata, donde ya trajina un Daniel Baizabal tratando de ser una opci\u00f3n para su partido. Por eso, el priismo espera que as\u00ed se vean, animados, a esos militantes que antes se peleaban por ser candidatos y hoy, ni sus luces se ven en Xalapa, en el Puerto, y en otros municipios, como si el Juicio Medi\u00e1tico y Partidista que pesa en Javier Duarte de Ochoa, los hubiera alcanzado por el hecho de ser priista o peor a\u00fan, como si fuera una verg\u00fcenza ser priista. Claro, pueden abogar que el duartismo no es lo mismo que priismo, pero es innegable que el silencio del partido y de sus m\u00e1ximos representantes, tambi\u00e9n los hizo c\u00f3mplices. Reinventarse y caminar, la tarea interna; reconciliarse con la sociedad, la externa. Mientras, a esperar que Javier Duarte de Ochoa confronte, si es que llega, el Juicio legal que Veracruz desea.<\/p>\n<p>&nbsp;<\/p>\n<p><a href=\"mailto:smcainito@gmail.com\">smcainito@gmail.com<\/a><\/p>\n","protected":false},"excerpt":{"rendered":"<p>Salvador Mu\u00f1oz Los Pol\u00edticos Javier Duarte de Ochoa ya perdi\u00f3 el juicio\u2026 \u00a1je! no se espante, me refiero al Juicio Medi\u00e1tico. Cualquier cosa que ponga o salga en las redes sociales, de inmediato la respuesta es agresiva, ofensiva, despectiva. Vamos, la libertad de las redes sociales permite que todos, de un modo u otro, prodiguen [&hellip;]<\/p>\n","protected":false},"author":2,"featured_media":0,"comment_status":"open","ping_status":"open","sticky":false,"template":"","format":"standard","meta":{"tdm_status":"","tdm_grid_status":"","footnotes":""},"categories":[70],"tags":[4599,260,6397,251,6398],"class_list":{"0":"post-26489","1":"post","2":"type-post","3":"status-publish","4":"format-standard","6":"category-de-opinion","7":"tag-humberto-moreira","8":"tag-javier-duarte-de-ochoa","9":"tag-juicio","10":"tag-pri","11":"tag-ruben-moreira"},"yoast_head":"<!-- This site is optimized with the Yoast SEO plugin v27.4 - https:\/\/yoast.com\/product\/yoast-seo-wordpress\/ -->\n<title>Duarte y los alcaldes del PRI - Los pol\u00edticos Veracruz<\/title>\n<meta name=\"robots\" content=\"index, follow, max-snippet:-1, max-image-preview:large, max-video-preview:-1\" \/>\n<link rel=\"canonical\" href=\"https:\/\/lospoliticosveracruz.com\/?p=26489\" \/>\n<meta property=\"og:locale\" content=\"es_ES\" \/>\n<meta property=\"og:type\" content=\"article\" \/>\n<meta property=\"og:title\" content=\"Duarte y los alcaldes del PRI - Los pol\u00edticos Veracruz\" \/>\n<meta property=\"og:description\" content=\"Salvador Mu\u00f1oz Los Pol\u00edticos Javier Duarte de Ochoa ya perdi\u00f3 el juicio\u2026 \u00a1je! no se espante, me refiero al Juicio Medi\u00e1tico. Cualquier cosa que ponga o salga en las redes sociales, de inmediato la respuesta es agresiva, ofensiva, despectiva. Vamos, la libertad de las redes sociales permite que todos, de un modo u otro, prodiguen [&hellip;]\" \/>\n<meta property=\"og:url\" content=\"https:\/\/lospoliticosveracruz.com\/?p=26489\" \/>\n<meta property=\"og:site_name\" content=\"Los pol\u00edticos Veracruz\" \/>\n<meta property=\"article:publisher\" content=\"https:\/\/www.facebook.com\/people\/Notimemes-de-los-Polticos\/61565672886568\/\" \/>\n<meta property=\"article:published_time\" content=\"2016-10-03T12:54:55+00:00\" \/>\n<meta property=\"og:image\" content=\"https:\/\/lospoliticosveracruz.com\/wp-content\/uploads\/2016\/07\/Logo-Dor.jpg\" \/>\n\t<meta property=\"og:image:width\" content=\"200\" \/>\n\t<meta property=\"og:image:height\" content=\"200\" \/>\n\t<meta property=\"og:image:type\" content=\"image\/jpeg\" \/>\n<meta name=\"author\" content=\"Lo viste en Los Pol\u00edticos\" \/>\n<meta name=\"twitter:card\" content=\"summary_large_image\" \/>\n<meta name=\"twitter:creator\" content=\"@LosPoliticosVer\" \/>\n<meta name=\"twitter:site\" content=\"@LosPoliticosVer\" \/>\n<meta name=\"twitter:label1\" content=\"Escrito por\" \/>\n\t<meta name=\"twitter:data1\" content=\"Lo viste en Los Pol\u00edticos\" \/>\n\t<meta name=\"twitter:label2\" content=\"Tiempo de lectura\" \/>\n\t<meta name=\"twitter:data2\" content=\"4 minutos\" \/>\n<script type=\"application\/ld+json\" class=\"yoast-schema-graph\">{\"@context\":\"https:\\\/\\\/schema.org\",\"@graph\":[{\"@type\":\"Article\",\"@id\":\"https:\\\/\\\/lospoliticosveracruz.com\\\/?p=26489#article\",\"isPartOf\":{\"@id\":\"https:\\\/\\\/lospoliticosveracruz.com\\\/?p=26489\"},\"author\":{\"name\":\"Lo viste en Los Pol\u00edticos\",\"@id\":\"https:\\\/\\\/lospoliticosveracruz.com\\\/#\\\/schema\\\/person\\\/b8702bb0e538456e6efd07080bf2a4a2\"},\"headline\":\"Duarte y los alcaldes del PRI\",\"datePublished\":\"2016-10-03T12:54:55+00:00\",\"mainEntityOfPage\":{\"@id\":\"https:\\\/\\\/lospoliticosveracruz.com\\\/?p=26489\"},\"wordCount\":824,\"commentCount\":0,\"publisher\":{\"@id\":\"https:\\\/\\\/lospoliticosveracruz.com\\\/#organization\"},\"keywords\":[\"Humberto Moreira\",\"Javier Duarte de Ochoa\",\"Juicio\",\"PRI\",\"Rub\u00e9n Moreira\"],\"articleSection\":[\"De Opini\u00f3n\"],\"inLanguage\":\"es\",\"potentialAction\":[{\"@type\":\"CommentAction\",\"name\":\"Comment\",\"target\":[\"https:\\\/\\\/lospoliticosveracruz.com\\\/?p=26489#respond\"]}]},{\"@type\":\"WebPage\",\"@id\":\"https:\\\/\\\/lospoliticosveracruz.com\\\/?p=26489\",\"url\":\"https:\\\/\\\/lospoliticosveracruz.com\\\/?p=26489\",\"name\":\"Duarte y los alcaldes del PRI - Los pol\u00edticos Veracruz\",\"isPartOf\":{\"@id\":\"https:\\\/\\\/lospoliticosveracruz.com\\\/#website\"},\"datePublished\":\"2016-10-03T12:54:55+00:00\",\"breadcrumb\":{\"@id\":\"https:\\\/\\\/lospoliticosveracruz.com\\\/?p=26489#breadcrumb\"},\"inLanguage\":\"es\",\"potentialAction\":[{\"@type\":\"ReadAction\",\"target\":[\"https:\\\/\\\/lospoliticosveracruz.com\\\/?p=26489\"]}]},{\"@type\":\"BreadcrumbList\",\"@id\":\"https:\\\/\\\/lospoliticosveracruz.com\\\/?p=26489#breadcrumb\",\"itemListElement\":[{\"@type\":\"ListItem\",\"position\":1,\"name\":\"Portada\",\"item\":\"https:\\\/\\\/lospoliticosveracruz.com\\\/\"},{\"@type\":\"ListItem\",\"position\":2,\"name\":\"Duarte y los alcaldes del PRI\"}]},{\"@type\":\"WebSite\",\"@id\":\"https:\\\/\\\/lospoliticosveracruz.com\\\/#website\",\"url\":\"https:\\\/\\\/lospoliticosveracruz.com\\\/\",\"name\":\"Los pol\u00edticos Veracruz\",\"description\":\"\",\"publisher\":{\"@id\":\"https:\\\/\\\/lospoliticosveracruz.com\\\/#organization\"},\"potentialAction\":[{\"@type\":\"SearchAction\",\"target\":{\"@type\":\"EntryPoint\",\"urlTemplate\":\"https:\\\/\\\/lospoliticosveracruz.com\\\/?s={search_term_string}\"},\"query-input\":{\"@type\":\"PropertyValueSpecification\",\"valueRequired\":true,\"valueName\":\"search_term_string\"}}],\"inLanguage\":\"es\"},{\"@type\":\"Organization\",\"@id\":\"https:\\\/\\\/lospoliticosveracruz.com\\\/#organization\",\"name\":\"Los pol\u00edticos Veracruz\",\"url\":\"https:\\\/\\\/lospoliticosveracruz.com\\\/\",\"logo\":{\"@type\":\"ImageObject\",\"inLanguage\":\"es\",\"@id\":\"https:\\\/\\\/lospoliticosveracruz.com\\\/#\\\/schema\\\/logo\\\/image\\\/\",\"url\":\"https:\\\/\\\/lospoliticosveracruz.com\\\/wp-content\\\/uploads\\\/2025\\\/12\\\/Logo-Nuevo-LOS-POLITICOS-1.jpg\",\"contentUrl\":\"https:\\\/\\\/lospoliticosveracruz.com\\\/wp-content\\\/uploads\\\/2025\\\/12\\\/Logo-Nuevo-LOS-POLITICOS-1.jpg\",\"width\":260,\"height\":70,\"caption\":\"Los pol\u00edticos Veracruz\"},\"image\":{\"@id\":\"https:\\\/\\\/lospoliticosveracruz.com\\\/#\\\/schema\\\/logo\\\/image\\\/\"},\"sameAs\":[\"https:\\\/\\\/www.facebook.com\\\/people\\\/Notimemes-de-los-Polticos\\\/61565672886568\\\/\",\"https:\\\/\\\/x.com\\\/LosPoliticosVer\"]},{\"@type\":\"Person\",\"@id\":\"https:\\\/\\\/lospoliticosveracruz.com\\\/#\\\/schema\\\/person\\\/b8702bb0e538456e6efd07080bf2a4a2\",\"name\":\"Lo viste en Los Pol\u00edticos\",\"image\":{\"@type\":\"ImageObject\",\"inLanguage\":\"es\",\"@id\":\"https:\\\/\\\/secure.gravatar.com\\\/avatar\\\/3a8de04a2656d44082be478bd6c086daa447c4651605818287b9532d3d0bd435?s=96&d=mm&r=g\",\"url\":\"https:\\\/\\\/secure.gravatar.com\\\/avatar\\\/3a8de04a2656d44082be478bd6c086daa447c4651605818287b9532d3d0bd435?s=96&d=mm&r=g\",\"contentUrl\":\"https:\\\/\\\/secure.gravatar.com\\\/avatar\\\/3a8de04a2656d44082be478bd6c086daa447c4651605818287b9532d3d0bd435?s=96&d=mm&r=g\",\"caption\":\"Lo viste en Los Pol\u00edticos\"},\"url\":\"https:\\\/\\\/lospoliticosveracruz.com\\\/?author=2\"}]}<\/script>\n<!-- \/ Yoast SEO plugin. -->","yoast_head_json":{"title":"Duarte y los alcaldes del PRI - Los pol\u00edticos Veracruz","robots":{"index":"index","follow":"follow","max-snippet":"max-snippet:-1","max-image-preview":"max-image-preview:large","max-video-preview":"max-video-preview:-1"},"canonical":"https:\/\/lospoliticosveracruz.com\/?p=26489","og_locale":"es_ES","og_type":"article","og_title":"Duarte y los alcaldes del PRI - Los pol\u00edticos Veracruz","og_description":"Salvador Mu\u00f1oz Los Pol\u00edticos Javier Duarte de Ochoa ya perdi\u00f3 el juicio\u2026 \u00a1je! no se espante, me refiero al Juicio Medi\u00e1tico. Cualquier cosa que ponga o salga en las redes sociales, de inmediato la respuesta es agresiva, ofensiva, despectiva. Vamos, la libertad de las redes sociales permite que todos, de un modo u otro, prodiguen [&hellip;]","og_url":"https:\/\/lospoliticosveracruz.com\/?p=26489","og_site_name":"Los pol\u00edticos Veracruz","article_publisher":"https:\/\/www.facebook.com\/people\/Notimemes-de-los-Polticos\/61565672886568\/","article_published_time":"2016-10-03T12:54:55+00:00","og_image":[{"width":200,"height":200,"url":"https:\/\/lospoliticosveracruz.com\/wp-content\/uploads\/2016\/07\/Logo-Dor.jpg","type":"image\/jpeg"}],"author":"Lo viste en Los Pol\u00edticos","twitter_card":"summary_large_image","twitter_creator":"@LosPoliticosVer","twitter_site":"@LosPoliticosVer","twitter_misc":{"Escrito por":"Lo viste en Los Pol\u00edticos","Tiempo de lectura":"4 minutos"},"schema":{"@context":"https:\/\/schema.org","@graph":[{"@type":"Article","@id":"https:\/\/lospoliticosveracruz.com\/?p=26489#article","isPartOf":{"@id":"https:\/\/lospoliticosveracruz.com\/?p=26489"},"author":{"name":"Lo viste en Los Pol\u00edticos","@id":"https:\/\/lospoliticosveracruz.com\/#\/schema\/person\/b8702bb0e538456e6efd07080bf2a4a2"},"headline":"Duarte y los alcaldes del PRI","datePublished":"2016-10-03T12:54:55+00:00","mainEntityOfPage":{"@id":"https:\/\/lospoliticosveracruz.com\/?p=26489"},"wordCount":824,"commentCount":0,"publisher":{"@id":"https:\/\/lospoliticosveracruz.com\/#organization"},"keywords":["Humberto Moreira","Javier Duarte de Ochoa","Juicio","PRI","Rub\u00e9n Moreira"],"articleSection":["De Opini\u00f3n"],"inLanguage":"es","potentialAction":[{"@type":"CommentAction","name":"Comment","target":["https:\/\/lospoliticosveracruz.com\/?p=26489#respond"]}]},{"@type":"WebPage","@id":"https:\/\/lospoliticosveracruz.com\/?p=26489","url":"https:\/\/lospoliticosveracruz.com\/?p=26489","name":"Duarte y los alcaldes del PRI - Los pol\u00edticos Veracruz","isPartOf":{"@id":"https:\/\/lospoliticosveracruz.com\/#website"},"datePublished":"2016-10-03T12:54:55+00:00","breadcrumb":{"@id":"https:\/\/lospoliticosveracruz.com\/?p=26489#breadcrumb"},"inLanguage":"es","potentialAction":[{"@type":"ReadAction","target":["https:\/\/lospoliticosveracruz.com\/?p=26489"]}]},{"@type":"BreadcrumbList","@id":"https:\/\/lospoliticosveracruz.com\/?p=26489#breadcrumb","itemListElement":[{"@type":"ListItem","position":1,"name":"Portada","item":"https:\/\/lospoliticosveracruz.com\/"},{"@type":"ListItem","position":2,"name":"Duarte y los alcaldes del PRI"}]},{"@type":"WebSite","@id":"https:\/\/lospoliticosveracruz.com\/#website","url":"https:\/\/lospoliticosveracruz.com\/","name":"Los pol\u00edticos Veracruz","description":"","publisher":{"@id":"https:\/\/lospoliticosveracruz.com\/#organization"},"potentialAction":[{"@type":"SearchAction","target":{"@type":"EntryPoint","urlTemplate":"https:\/\/lospoliticosveracruz.com\/?s={search_term_string}"},"query-input":{"@type":"PropertyValueSpecification","valueRequired":true,"valueName":"search_term_string"}}],"inLanguage":"es"},{"@type":"Organization","@id":"https:\/\/lospoliticosveracruz.com\/#organization","name":"Los pol\u00edticos Veracruz","url":"https:\/\/lospoliticosveracruz.com\/","logo":{"@type":"ImageObject","inLanguage":"es","@id":"https:\/\/lospoliticosveracruz.com\/#\/schema\/logo\/image\/","url":"https:\/\/lospoliticosveracruz.com\/wp-content\/uploads\/2025\/12\/Logo-Nuevo-LOS-POLITICOS-1.jpg","contentUrl":"https:\/\/lospoliticosveracruz.com\/wp-content\/uploads\/2025\/12\/Logo-Nuevo-LOS-POLITICOS-1.jpg","width":260,"height":70,"caption":"Los pol\u00edticos Veracruz"},"image":{"@id":"https:\/\/lospoliticosveracruz.com\/#\/schema\/logo\/image\/"},"sameAs":["https:\/\/www.facebook.com\/people\/Notimemes-de-los-Polticos\/61565672886568\/","https:\/\/x.com\/LosPoliticosVer"]},{"@type":"Person","@id":"https:\/\/lospoliticosveracruz.com\/#\/schema\/person\/b8702bb0e538456e6efd07080bf2a4a2","name":"Lo viste en Los Pol\u00edticos","image":{"@type":"ImageObject","inLanguage":"es","@id":"https:\/\/secure.gravatar.com\/avatar\/3a8de04a2656d44082be478bd6c086daa447c4651605818287b9532d3d0bd435?s=96&d=mm&r=g","url":"https:\/\/secure.gravatar.com\/avatar\/3a8de04a2656d44082be478bd6c086daa447c4651605818287b9532d3d0bd435?s=96&d=mm&r=g","contentUrl":"https:\/\/secure.gravatar.com\/avatar\/3a8de04a2656d44082be478bd6c086daa447c4651605818287b9532d3d0bd435?s=96&d=mm&r=g","caption":"Lo viste en Los Pol\u00edticos"},"url":"https:\/\/lospoliticosveracruz.com\/?author=2"}]}},"_links":{"self":[{"href":"https:\/\/lospoliticosveracruz.com\/index.php?rest_route=\/wp\/v2\/posts\/26489","targetHints":{"allow":["GET"]}}],"collection":[{"href":"https:\/\/lospoliticosveracruz.com\/index.php?rest_route=\/wp\/v2\/posts"}],"about":[{"href":"https:\/\/lospoliticosveracruz.com\/index.php?rest_route=\/wp\/v2\/types\/post"}],"author":[{"embeddable":true,"href":"https:\/\/lospoliticosveracruz.com\/index.php?rest_route=\/wp\/v2\/users\/2"}],"replies":[{"embeddable":true,"href":"https:\/\/lospoliticosveracruz.com\/index.php?rest_route=%2Fwp%2Fv2%2Fcomments&post=26489"}],"version-history":[{"count":2,"href":"https:\/\/lospoliticosveracruz.com\/index.php?rest_route=\/wp\/v2\/posts\/26489\/revisions"}],"predecessor-version":[{"id":26493,"href":"https:\/\/lospoliticosveracruz.com\/index.php?rest_route=\/wp\/v2\/posts\/26489\/revisions\/26493"}],"wp:attachment":[{"href":"https:\/\/lospoliticosveracruz.com\/index.php?rest_route=%2Fwp%2Fv2%2Fmedia&parent=26489"}],"wp:term":[{"taxonomy":"category","embeddable":true,"href":"https:\/\/lospoliticosveracruz.com\/index.php?rest_route=%2Fwp%2Fv2%2Fcategories&post=26489"},{"taxonomy":"post_tag","embeddable":true,"href":"https:\/\/lospoliticosveracruz.com\/index.php?rest_route=%2Fwp%2Fv2%2Ftags&post=26489"}],"curies":[{"name":"wp","href":"https:\/\/api.w.org\/{rel}","templated":true}]}}