{"id":2666,"date":"2014-05-20T12:31:00","date_gmt":"2014-05-20T12:31:00","guid":{"rendered":"http:\/\/www.lospoliticosveracruz.com.mx\/?p=2666"},"modified":"2014-10-10T03:00:31","modified_gmt":"2014-10-10T03:00:31","slug":"libertad-de-expresion-de-paleros-represion-y-censura","status":"publish","type":"post","link":"https:\/\/lospoliticosveracruz.com\/?p=2666","title":{"rendered":"Libertad de Expresi\u00f3n: De paleros, represi\u00f3n y censura"},"content":{"rendered":"<div><b>Antonio Alonso<\/b><\/div>\n<div>A cerca de dos semanas de celebrar el d\u00eda nacional de la Libertad de Expresi\u00f3n, el pr\u00f3ximo 7 de junio, cabe hacerse la pregunta de si de veras existe esta garant\u00eda. Tenemos el ejemplo en la escala nacional de la Reforma a Telecomunicaciones; pero, en la escala local o regional, aqu\u00ed donde vivimos y donde pasamos el d\u00eda a d\u00eda, donde seguramente no es tan \u201cmalo\u201d decir lo que pensamos, \u00bfexiste dicha libertad?<br \/>En los pr\u00f3ximos p\u00e1rrafos, se desarrollar\u00e1 un an\u00e1lisis basado en evidencia, dejo a juicio individual la valoraci\u00f3n de los hechos que a continuaci\u00f3n se describen.&nbsp;<a name='more'><\/a><\/p>\n<p>LA REPRESI\u00d3N Y LA CENSURA<br \/>Pareciera que no las hay. Pero las hay. \u00bfPor qu\u00e9 creen que a veces no encontramos los ejemplares de la revista Proceso que tanto esperamos? Los datos inc\u00f3modos hacen que los pol\u00edticos involucrados en esas l\u00edneas compren todo el tiraje para que nadie las lea. \u00c9ste es uno de los casos de censura m\u00e1s tranquilos.<br \/>Est\u00e1n los casos de quienes niegan las cosas mil veces, los que caen en la descalificaci\u00f3n y de quienes exigen se act\u00fae de manera represiva, un castigo por actuar de manera contraria a la corriente oficial.<br \/>Teniendo en cuenta que vivimos en un mundo multicultural, rico en diversidad, determinado por diferentes historias individuales, hay quienes se niegan a trazar rutas hacia una convivencia, personas convencidas en que la negaci\u00f3n y la ausencia de la otredad en sus proyectos los han llevado a donde est\u00e1n hoy. Se niega, se repele, se persigue, se se\u00f1ala se anula lo que es \u201cdiferente\u201d. Diferente, incluso, a su realidad inventada. Esto es una relaci\u00f3n soberbia de poder que subordina y anula cualquier posibilidad de hacer que la vida de los \u201cotros\u201d sea digna.<br \/>En el marco de la Feria Internacional del Libro Universitario (FILU) el pasado 17 de mayo, la rectora de la Universidad Veracruzana (UV), Sara Ladr\u00f3n de Guevara, anunci\u00f3 que \u00e9sta universidad es \u201cespacio para todas las voces, y este debe ser un respeto total al derecho que tenemos todos los ciudadanos de expresar nuestras opiniones\u201d. Esto a raz\u00f3n de la \u201cmentada colectiva\u201d a Enrique Pe\u00f1a Nieto por parte de estudiantes de la instituci\u00f3n. Coment\u00f3 que tiene tanto respeto a la libertad de expresi\u00f3n, que el joven que hab\u00eda sido expulsado de la UV por pronunciarse contra autoridades pasadas, fue reinsertado en las aulas universitarias.<br \/>Caso que no se dio cuando Roc\u00edo Ojeda Callado, entonces Directora de la Facultad de Ciencias de la Comunicaci\u00f3n de la UV y actual Presidenta de la Comisi\u00f3n Estatal para la Atenci\u00f3n y Protecci\u00f3n de los Periodistas (CEAPP) movi\u00f3 todos sus hilos y llamo a todos sus contactos para convocar una Junta Acad\u00e9mica \u2013enti\u00e9ndase, un juicio-, donde el orden del d\u00eda sentaba en el banquillo a cuatro estudiantes para expulsarlos; esto en diciembre de 2009.<br \/>El motivo, la distribuci\u00f3n de un video ofensivo en que s\u00f3lo uno particip\u00f3, fue privado de sus derechos universitarios y expulsado inmediatamente. El verdadero motivo, el 10 de septiembre de 2009, el Consejo de Acreditaci\u00f3n de la Comunicaci\u00f3n (CONAC) entreg\u00f3 a la directora de FACICO el documento que certifica la calidad de su instituci\u00f3n; en contra medida a ello, alumnos de la facultad distribuyen panfletos que revelan la verdadera situaci\u00f3n de entonces: un centro de c\u00f3mputo deplorable, docentes escondidos en compadrazgos y un brutal sindicalismo, instalaciones el\u00e9ctricas fallonas, equipo de producci\u00f3n de video obsoleto, as\u00ed como un ma\u00f1anero aroma a fritangas. \u00bfTambi\u00e9n ahora?<br \/>Lo que incomod\u00f3 a funcionarios, egresados y paleros, al grado de afectar la imagen de los estudiantes, as\u00ed como entorpecer su proceso acad\u00e9mico. Como lo descrito en los volantes resultaba cierto, no pudieron hacer algo; hasta que plantaron falsa evidencia y los culparon.<br \/>En el proceso de defensa, s\u00f3lo uno fue expulsado, pues aparece en el video, entonces publicado en Youtube. Sin embargo, Marco Agust\u00edn Malpica, entonces catedr\u00e1tico y actual director de FACICO, ex delegado sindical y \u2013dicen- compadre de Ojeda, exig\u00eda la cabeza de los cuatro, prestando o\u00eddos sordos a las defensas de alumnos y otros docentes. Ojeda Callado pidi\u00f3 lo mismo, pero se sali\u00f3 del recinto para atender otros asuntos \u201cm\u00e1s importantes\u201d.<br \/>A cinco a\u00f1os de ese d\u00eda y en el marco de los 60 a\u00f1os de fundada la Facultad de Ciencias y T\u00e9cnicas de la Comunicaci\u00f3n de la Universidad Veracruzana, s\u00f3lo eso queda: dos directores represores, con cara de buenos, al hilo.<\/p>\n<p>DE LOS PALEROS<br \/>De esos sobran. Casi todos los que ostentan alg\u00fan cargo p\u00fablico tienen los suyos, vienen en todos los tama\u00f1os, formas, colores y olores (unos m\u00e1s hediondos que otros). Traen varias frases paleras pregargadas y suelen repetirlas incansablemente, var\u00edan seg\u00fan el modelo.<br \/>En M\u00e9xico, a quien funge de palero se le define como \u201cpersona que favorece o ayuda a alguien en t\u00e9rminos de p\u00fablico que aplaude en representaciones art\u00edsticas o en m\u00edtines pol\u00edticos\u201d, o \u201cayudante convenenciero de grupos o de dirigentes pol\u00edticos\u201d. En Paraguay, un palero es un cocain\u00f3mano; quiz\u00e1s sea lo mismo ac\u00e1.<br \/>Si el actor pol\u00edtico da un discurso, el palero le aplaude. Si el pol\u00edtico se equivoca, el palero lo excusa. Si el pol\u00edtico la riega, el palero lo justifica. Y, si al pol\u00edtico lo atacan, el palero lo defiende hasta con las u\u00f1as.<br \/>Cualquiera puede aspirar a ser un palero, s\u00f3lo necesita cumplir con los puntos descritos en el p\u00e1rrafo anterior, no hay que pensarle tanto. El atuendo es lo de menos, cons\u00edgase una playera con el nombre de su representante favorito y ya estuvo, no importa si es una gorra, bandera, pancarta, abanico, lona, m\u00e1scara, tortillero, reloj, o lo que sea, s\u00f3lo debe tener grabado el nombre.<br \/>Lo que siempre caracteriza a los paleros, cuando no se identifican con el m\u00e9todo descrito, es que salen a la defensa sin pensarlo y sin pensar lo que dicen. Creen que hacen bien, pero casi siempre es mayormente perjudicial; pero para no da\u00f1ar su corazoncito de palero nadie les dice nada. Si usted se encuentra con uno y es un poco m\u00e1s intelectual que \u00e9l o ella, siempre podr\u00e1 tener horas y horas de diversi\u00f3n garantizada.<br \/>No estamos juzgando el proceder de un funcionario o el desarrollo de una campa\u00f1a proselitista., se trata de la figura del palero. Ese hombrecillo escondido en los matorrales que espera la oportunidad de causar simpat\u00eda a su modo, tendiendo una alfombra con p\u00e9talos de rosa o dizque haciendo de guarura.<br \/>Y es que recientemente, en la cuenta de Facebook de Alto Lucero Zona Costa, administrada por el Gobierno Municipal de Alto Lucero, cuyo alcalde es el se\u00f1or Manolo Dom\u00ednguez, apareci\u00f3 una publicaci\u00f3n invitando al carnaval de Palma Sola, en el que habr\u00e1 una corte real, batucada, comparsas y hasta una cabalgata \u2013suena interesante-; lo curioso es que tambi\u00e9n anuncia \u201clos esperamos en la explanada de la Iglesia para divertirnos y gozar con excelente m\u00fasica\u201d. Uno se dobla de la risa escuchando tal cosa, aparentemente incongruente, de ir a la Iglesia a gozar y divertirse.<br \/>Al hacer el se\u00f1alamiento de por qu\u00e9 un evento p\u00fablico del gobierno se desarrolla en la sede de una instituci\u00f3n religiosa, evocando al laicismo, el alcalde respondi\u00f3 oportunamente \u201cdebo aclarar ciertamente, que en ning\u00fan momento es un evento vinculado con la iglesia, \u00fanicamente se est\u00e1 prestando el espacio del Sal\u00f3n Social por espacio y ubicaci\u00f3n, como lo hacen con los habitantes del pueblo que lo solicitan para alguna fiesta o reuni\u00f3n sin adquirir con ello ning\u00fan v\u00ednculo en nuestro evento\u201d. Una respuesta clara y contundente.<br \/>Sin embargo, como capullo abri\u00e9ndose ante los rayos del Sol, no faltaron los paleros. Ambos invitaron a la participaci\u00f3n proactiva por la comunidad, a s\u00f3lo hacer propuestas y no cr\u00edticas (aqu\u00ed vamos calentando). El primero, funcionario de la oficina de Comunicaci\u00f3n Social municipal, menciona que \u201cenfocarnos s\u00f3lo en los peque\u00f1os detalles que opacan la participaci\u00f3n y uni\u00f3n de la gente no hace que un pueblo progrese, s\u00f3lo genera un pueblo ap\u00e1tico\u201d. M\u00e1s adelante, un se\u00f1or de nombre Mart\u00edn, escribe con un severo problema ortogr\u00e1fico que transcribo literalmente \u201c como parte de esta sociedad tenemos q aportar algo y algo positivo o cr\u00edticas constructivas q sean para mejorar no solo para castrar, y lo digo x mi y x todos xq como ciudadanos no hemos hecho ni madres y solo votamos veneno, yo estoy en palma y m doy cuenta d lo q pasa d lo q caresemos y de lo q necesitamos, pero los q son d aqu\u00ed y est\u00e1n fuera no veo q hagan algo\u201d.<br \/>\u00bfEs de veras necesario ese nivel de agresi\u00f3n? En dos oraciones, a quien hizo la pregunta, le llamaron ap\u00e1tico, antiprogresista, no participativo, castroso y venenoso, entre otras que puedan sumarse. El alcalde ya hab\u00eda ofrecido su respuesta y los paleros s\u00f3lo aparecieron para regarla, complicar las cosas, generar ambig\u00fcedad, opacar la comunicaci\u00f3n y ensuciar la imagen p\u00fablica de un funcionario, no fueron corteses y, en el caso de la comunicadora, no us\u00f3 un lenguaje institucional.<br \/>\u00bfQu\u00e9 necesidad?<br \/>Otro ejemplo es el de los trabajadores sindicalizados de TAMSA protegiendo a su l\u00edder, Pascual Lagunes, de las preguntas de los reporteros. Esa es otra historia.<\/div>\n<div>A FINAL DE CUENTAS<br \/>En grande o en chico, la comunicaci\u00f3n es un proceso que cualquiera puede entorpecer, voluntaria e involuntariamente. Si tienes paleros te va peor. \u00bfPodemos realmente decir lo que queramos, donde y cuando queramos hacerlo?<br \/>Ni en las redes sociales est\u00e1 uno seguro, el ciberpalero es una especie nueva, evolucionada, con un nivel de conocimientos un poco m\u00e1s sofisticado, que siempre est\u00e1 al acecho, buscando lo que dicen los dem\u00e1s con el af\u00e1n de reportarlo.<br \/>Hablar en privado ya no sirve, no se puede saber la clase de persona que puede estar a la escucha. Y si va con el chisme, peor si cambia la versi\u00f3n y altera la informaci\u00f3n, habr\u00e1 consecuencias, un rega\u00f1o, una falta administrativa, suspensi\u00f3n del sueldo, despido, etc\u00e9tera.<br \/>A veces no queda de otra que ignorarlo y hablar en congruencia como se piensa, \u00bfCu\u00e1l ser\u00eda nuestra calidad moral si no?<br \/>Paleros atacando en 3\u20262\u20261\u2026<\/div>\n","protected":false},"excerpt":{"rendered":"<p>Antonio Alonso A cerca de dos semanas de celebrar el d\u00eda nacional de la Libertad de Expresi\u00f3n, el pr\u00f3ximo 7 de junio, cabe hacerse la pregunta de si de veras existe esta garant\u00eda. Tenemos el ejemplo en la escala nacional de la Reforma a Telecomunicaciones; pero, en la escala local o regional, aqu\u00ed donde vivimos [&hellip;]<\/p>\n","protected":false},"author":1,"featured_media":0,"comment_status":"open","ping_status":"open","sticky":false,"template":"","format":"standard","meta":{"tdm_status":"","tdm_grid_status":"","footnotes":""},"categories":[1],"tags":[],"class_list":{"0":"post-2666","1":"post","2":"type-post","3":"status-publish","4":"format-standard","6":"category-sin-categoria"},"yoast_head":"<!-- This site is optimized with the Yoast SEO plugin v27.4 - https:\/\/yoast.com\/product\/yoast-seo-wordpress\/ -->\n<title>Libertad de Expresi\u00f3n: De paleros, represi\u00f3n y censura - Los pol\u00edticos Veracruz<\/title>\n<meta name=\"robots\" content=\"index, follow, max-snippet:-1, max-image-preview:large, max-video-preview:-1\" \/>\n<link rel=\"canonical\" href=\"https:\/\/lospoliticosveracruz.com\/?p=2666\" \/>\n<meta property=\"og:locale\" content=\"es_ES\" \/>\n<meta property=\"og:type\" content=\"article\" \/>\n<meta property=\"og:title\" content=\"Libertad de Expresi\u00f3n: De paleros, represi\u00f3n y censura - Los pol\u00edticos Veracruz\" \/>\n<meta property=\"og:description\" content=\"Antonio Alonso A cerca de dos semanas de celebrar el d\u00eda nacional de la Libertad de Expresi\u00f3n, el pr\u00f3ximo 7 de junio, cabe hacerse la pregunta de si de veras existe esta garant\u00eda. Tenemos el ejemplo en la escala nacional de la Reforma a Telecomunicaciones; pero, en la escala local o regional, aqu\u00ed donde vivimos [&hellip;]\" \/>\n<meta property=\"og:url\" content=\"https:\/\/lospoliticosveracruz.com\/?p=2666\" \/>\n<meta property=\"og:site_name\" content=\"Los pol\u00edticos Veracruz\" \/>\n<meta property=\"article:publisher\" content=\"https:\/\/www.facebook.com\/people\/Notimemes-de-los-Polticos\/61565672886568\/\" \/>\n<meta property=\"article:published_time\" content=\"2014-05-20T12:31:00+00:00\" \/>\n<meta property=\"article:modified_time\" content=\"2014-10-10T03:00:31+00:00\" \/>\n<meta property=\"og:image\" content=\"https:\/\/lospoliticosveracruz.com\/wp-content\/uploads\/2016\/07\/Logo-Dor.jpg\" \/>\n\t<meta property=\"og:image:width\" content=\"200\" \/>\n\t<meta property=\"og:image:height\" content=\"200\" \/>\n\t<meta property=\"og:image:type\" content=\"image\/jpeg\" \/>\n<meta name=\"author\" content=\"lospoladmin\" \/>\n<meta name=\"twitter:card\" content=\"summary_large_image\" \/>\n<meta name=\"twitter:creator\" content=\"@LosPoliticosVer\" \/>\n<meta name=\"twitter:site\" content=\"@LosPoliticosVer\" \/>\n<meta name=\"twitter:label1\" content=\"Escrito por\" \/>\n\t<meta name=\"twitter:data1\" content=\"lospoladmin\" \/>\n\t<meta name=\"twitter:label2\" content=\"Tiempo de lectura\" \/>\n\t<meta name=\"twitter:data2\" content=\"9 minutos\" \/>\n<script type=\"application\/ld+json\" class=\"yoast-schema-graph\">{\"@context\":\"https:\\\/\\\/schema.org\",\"@graph\":[{\"@type\":\"Article\",\"@id\":\"https:\\\/\\\/lospoliticosveracruz.com\\\/?p=2666#article\",\"isPartOf\":{\"@id\":\"https:\\\/\\\/lospoliticosveracruz.com\\\/?p=2666\"},\"author\":{\"name\":\"lospoladmin\",\"@id\":\"https:\\\/\\\/lospoliticosveracruz.com\\\/#\\\/schema\\\/person\\\/c5fee8df75ee4700bd7f8e92859bd696\"},\"headline\":\"Libertad de Expresi\u00f3n: De paleros, represi\u00f3n y censura\",\"datePublished\":\"2014-05-20T12:31:00+00:00\",\"dateModified\":\"2014-10-10T03:00:31+00:00\",\"mainEntityOfPage\":{\"@id\":\"https:\\\/\\\/lospoliticosveracruz.com\\\/?p=2666\"},\"wordCount\":1797,\"commentCount\":0,\"publisher\":{\"@id\":\"https:\\\/\\\/lospoliticosveracruz.com\\\/#organization\"},\"inLanguage\":\"es\",\"potentialAction\":[{\"@type\":\"CommentAction\",\"name\":\"Comment\",\"target\":[\"https:\\\/\\\/lospoliticosveracruz.com\\\/?p=2666#respond\"]}]},{\"@type\":\"WebPage\",\"@id\":\"https:\\\/\\\/lospoliticosveracruz.com\\\/?p=2666\",\"url\":\"https:\\\/\\\/lospoliticosveracruz.com\\\/?p=2666\",\"name\":\"Libertad de Expresi\u00f3n: De paleros, represi\u00f3n y censura - Los pol\u00edticos Veracruz\",\"isPartOf\":{\"@id\":\"https:\\\/\\\/lospoliticosveracruz.com\\\/#website\"},\"datePublished\":\"2014-05-20T12:31:00+00:00\",\"dateModified\":\"2014-10-10T03:00:31+00:00\",\"breadcrumb\":{\"@id\":\"https:\\\/\\\/lospoliticosveracruz.com\\\/?p=2666#breadcrumb\"},\"inLanguage\":\"es\",\"potentialAction\":[{\"@type\":\"ReadAction\",\"target\":[\"https:\\\/\\\/lospoliticosveracruz.com\\\/?p=2666\"]}]},{\"@type\":\"BreadcrumbList\",\"@id\":\"https:\\\/\\\/lospoliticosveracruz.com\\\/?p=2666#breadcrumb\",\"itemListElement\":[{\"@type\":\"ListItem\",\"position\":1,\"name\":\"Portada\",\"item\":\"https:\\\/\\\/lospoliticosveracruz.com\\\/\"},{\"@type\":\"ListItem\",\"position\":2,\"name\":\"Libertad de Expresi\u00f3n: De paleros, represi\u00f3n y censura\"}]},{\"@type\":\"WebSite\",\"@id\":\"https:\\\/\\\/lospoliticosveracruz.com\\\/#website\",\"url\":\"https:\\\/\\\/lospoliticosveracruz.com\\\/\",\"name\":\"Los pol\u00edticos Veracruz\",\"description\":\"\",\"publisher\":{\"@id\":\"https:\\\/\\\/lospoliticosveracruz.com\\\/#organization\"},\"potentialAction\":[{\"@type\":\"SearchAction\",\"target\":{\"@type\":\"EntryPoint\",\"urlTemplate\":\"https:\\\/\\\/lospoliticosveracruz.com\\\/?s={search_term_string}\"},\"query-input\":{\"@type\":\"PropertyValueSpecification\",\"valueRequired\":true,\"valueName\":\"search_term_string\"}}],\"inLanguage\":\"es\"},{\"@type\":\"Organization\",\"@id\":\"https:\\\/\\\/lospoliticosveracruz.com\\\/#organization\",\"name\":\"Los pol\u00edticos Veracruz\",\"url\":\"https:\\\/\\\/lospoliticosveracruz.com\\\/\",\"logo\":{\"@type\":\"ImageObject\",\"inLanguage\":\"es\",\"@id\":\"https:\\\/\\\/lospoliticosveracruz.com\\\/#\\\/schema\\\/logo\\\/image\\\/\",\"url\":\"https:\\\/\\\/lospoliticosveracruz.com\\\/wp-content\\\/uploads\\\/2025\\\/12\\\/Logo-Nuevo-LOS-POLITICOS-1.jpg\",\"contentUrl\":\"https:\\\/\\\/lospoliticosveracruz.com\\\/wp-content\\\/uploads\\\/2025\\\/12\\\/Logo-Nuevo-LOS-POLITICOS-1.jpg\",\"width\":260,\"height\":70,\"caption\":\"Los pol\u00edticos Veracruz\"},\"image\":{\"@id\":\"https:\\\/\\\/lospoliticosveracruz.com\\\/#\\\/schema\\\/logo\\\/image\\\/\"},\"sameAs\":[\"https:\\\/\\\/www.facebook.com\\\/people\\\/Notimemes-de-los-Polticos\\\/61565672886568\\\/\",\"https:\\\/\\\/x.com\\\/LosPoliticosVer\"]},{\"@type\":\"Person\",\"@id\":\"https:\\\/\\\/lospoliticosveracruz.com\\\/#\\\/schema\\\/person\\\/c5fee8df75ee4700bd7f8e92859bd696\",\"name\":\"lospoladmin\",\"image\":{\"@type\":\"ImageObject\",\"inLanguage\":\"es\",\"@id\":\"https:\\\/\\\/secure.gravatar.com\\\/avatar\\\/f4a468785695515895c4d618820f242e33d3d72a0284244a0fad6d19795cb724?s=96&d=mm&r=g\",\"url\":\"https:\\\/\\\/secure.gravatar.com\\\/avatar\\\/f4a468785695515895c4d618820f242e33d3d72a0284244a0fad6d19795cb724?s=96&d=mm&r=g\",\"contentUrl\":\"https:\\\/\\\/secure.gravatar.com\\\/avatar\\\/f4a468785695515895c4d618820f242e33d3d72a0284244a0fad6d19795cb724?s=96&d=mm&r=g\",\"caption\":\"lospoladmin\"},\"url\":\"https:\\\/\\\/lospoliticosveracruz.com\\\/?author=1\"}]}<\/script>\n<!-- \/ Yoast SEO plugin. -->","yoast_head_json":{"title":"Libertad de Expresi\u00f3n: De paleros, represi\u00f3n y censura - Los pol\u00edticos Veracruz","robots":{"index":"index","follow":"follow","max-snippet":"max-snippet:-1","max-image-preview":"max-image-preview:large","max-video-preview":"max-video-preview:-1"},"canonical":"https:\/\/lospoliticosveracruz.com\/?p=2666","og_locale":"es_ES","og_type":"article","og_title":"Libertad de Expresi\u00f3n: De paleros, represi\u00f3n y censura - Los pol\u00edticos Veracruz","og_description":"Antonio Alonso A cerca de dos semanas de celebrar el d\u00eda nacional de la Libertad de Expresi\u00f3n, el pr\u00f3ximo 7 de junio, cabe hacerse la pregunta de si de veras existe esta garant\u00eda. Tenemos el ejemplo en la escala nacional de la Reforma a Telecomunicaciones; pero, en la escala local o regional, aqu\u00ed donde vivimos [&hellip;]","og_url":"https:\/\/lospoliticosveracruz.com\/?p=2666","og_site_name":"Los pol\u00edticos Veracruz","article_publisher":"https:\/\/www.facebook.com\/people\/Notimemes-de-los-Polticos\/61565672886568\/","article_published_time":"2014-05-20T12:31:00+00:00","article_modified_time":"2014-10-10T03:00:31+00:00","og_image":[{"width":200,"height":200,"url":"https:\/\/lospoliticosveracruz.com\/wp-content\/uploads\/2016\/07\/Logo-Dor.jpg","type":"image\/jpeg"}],"author":"lospoladmin","twitter_card":"summary_large_image","twitter_creator":"@LosPoliticosVer","twitter_site":"@LosPoliticosVer","twitter_misc":{"Escrito por":"lospoladmin","Tiempo de lectura":"9 minutos"},"schema":{"@context":"https:\/\/schema.org","@graph":[{"@type":"Article","@id":"https:\/\/lospoliticosveracruz.com\/?p=2666#article","isPartOf":{"@id":"https:\/\/lospoliticosveracruz.com\/?p=2666"},"author":{"name":"lospoladmin","@id":"https:\/\/lospoliticosveracruz.com\/#\/schema\/person\/c5fee8df75ee4700bd7f8e92859bd696"},"headline":"Libertad de Expresi\u00f3n: De paleros, represi\u00f3n y censura","datePublished":"2014-05-20T12:31:00+00:00","dateModified":"2014-10-10T03:00:31+00:00","mainEntityOfPage":{"@id":"https:\/\/lospoliticosveracruz.com\/?p=2666"},"wordCount":1797,"commentCount":0,"publisher":{"@id":"https:\/\/lospoliticosveracruz.com\/#organization"},"inLanguage":"es","potentialAction":[{"@type":"CommentAction","name":"Comment","target":["https:\/\/lospoliticosveracruz.com\/?p=2666#respond"]}]},{"@type":"WebPage","@id":"https:\/\/lospoliticosveracruz.com\/?p=2666","url":"https:\/\/lospoliticosveracruz.com\/?p=2666","name":"Libertad de Expresi\u00f3n: De paleros, represi\u00f3n y censura - Los pol\u00edticos Veracruz","isPartOf":{"@id":"https:\/\/lospoliticosveracruz.com\/#website"},"datePublished":"2014-05-20T12:31:00+00:00","dateModified":"2014-10-10T03:00:31+00:00","breadcrumb":{"@id":"https:\/\/lospoliticosveracruz.com\/?p=2666#breadcrumb"},"inLanguage":"es","potentialAction":[{"@type":"ReadAction","target":["https:\/\/lospoliticosveracruz.com\/?p=2666"]}]},{"@type":"BreadcrumbList","@id":"https:\/\/lospoliticosveracruz.com\/?p=2666#breadcrumb","itemListElement":[{"@type":"ListItem","position":1,"name":"Portada","item":"https:\/\/lospoliticosveracruz.com\/"},{"@type":"ListItem","position":2,"name":"Libertad de Expresi\u00f3n: De paleros, represi\u00f3n y censura"}]},{"@type":"WebSite","@id":"https:\/\/lospoliticosveracruz.com\/#website","url":"https:\/\/lospoliticosveracruz.com\/","name":"Los pol\u00edticos Veracruz","description":"","publisher":{"@id":"https:\/\/lospoliticosveracruz.com\/#organization"},"potentialAction":[{"@type":"SearchAction","target":{"@type":"EntryPoint","urlTemplate":"https:\/\/lospoliticosveracruz.com\/?s={search_term_string}"},"query-input":{"@type":"PropertyValueSpecification","valueRequired":true,"valueName":"search_term_string"}}],"inLanguage":"es"},{"@type":"Organization","@id":"https:\/\/lospoliticosveracruz.com\/#organization","name":"Los pol\u00edticos Veracruz","url":"https:\/\/lospoliticosveracruz.com\/","logo":{"@type":"ImageObject","inLanguage":"es","@id":"https:\/\/lospoliticosveracruz.com\/#\/schema\/logo\/image\/","url":"https:\/\/lospoliticosveracruz.com\/wp-content\/uploads\/2025\/12\/Logo-Nuevo-LOS-POLITICOS-1.jpg","contentUrl":"https:\/\/lospoliticosveracruz.com\/wp-content\/uploads\/2025\/12\/Logo-Nuevo-LOS-POLITICOS-1.jpg","width":260,"height":70,"caption":"Los pol\u00edticos Veracruz"},"image":{"@id":"https:\/\/lospoliticosveracruz.com\/#\/schema\/logo\/image\/"},"sameAs":["https:\/\/www.facebook.com\/people\/Notimemes-de-los-Polticos\/61565672886568\/","https:\/\/x.com\/LosPoliticosVer"]},{"@type":"Person","@id":"https:\/\/lospoliticosveracruz.com\/#\/schema\/person\/c5fee8df75ee4700bd7f8e92859bd696","name":"lospoladmin","image":{"@type":"ImageObject","inLanguage":"es","@id":"https:\/\/secure.gravatar.com\/avatar\/f4a468785695515895c4d618820f242e33d3d72a0284244a0fad6d19795cb724?s=96&d=mm&r=g","url":"https:\/\/secure.gravatar.com\/avatar\/f4a468785695515895c4d618820f242e33d3d72a0284244a0fad6d19795cb724?s=96&d=mm&r=g","contentUrl":"https:\/\/secure.gravatar.com\/avatar\/f4a468785695515895c4d618820f242e33d3d72a0284244a0fad6d19795cb724?s=96&d=mm&r=g","caption":"lospoladmin"},"url":"https:\/\/lospoliticosveracruz.com\/?author=1"}]}},"_links":{"self":[{"href":"https:\/\/lospoliticosveracruz.com\/index.php?rest_route=\/wp\/v2\/posts\/2666","targetHints":{"allow":["GET"]}}],"collection":[{"href":"https:\/\/lospoliticosveracruz.com\/index.php?rest_route=\/wp\/v2\/posts"}],"about":[{"href":"https:\/\/lospoliticosveracruz.com\/index.php?rest_route=\/wp\/v2\/types\/post"}],"author":[{"embeddable":true,"href":"https:\/\/lospoliticosveracruz.com\/index.php?rest_route=\/wp\/v2\/users\/1"}],"replies":[{"embeddable":true,"href":"https:\/\/lospoliticosveracruz.com\/index.php?rest_route=%2Fwp%2Fv2%2Fcomments&post=2666"}],"version-history":[{"count":0,"href":"https:\/\/lospoliticosveracruz.com\/index.php?rest_route=\/wp\/v2\/posts\/2666\/revisions"}],"wp:attachment":[{"href":"https:\/\/lospoliticosveracruz.com\/index.php?rest_route=%2Fwp%2Fv2%2Fmedia&parent=2666"}],"wp:term":[{"taxonomy":"category","embeddable":true,"href":"https:\/\/lospoliticosveracruz.com\/index.php?rest_route=%2Fwp%2Fv2%2Fcategories&post=2666"},{"taxonomy":"post_tag","embeddable":true,"href":"https:\/\/lospoliticosveracruz.com\/index.php?rest_route=%2Fwp%2Fv2%2Ftags&post=2666"}],"curies":[{"name":"wp","href":"https:\/\/api.w.org\/{rel}","templated":true}]}}