{"id":2670,"date":"2014-05-19T21:55:00","date_gmt":"2014-05-19T21:55:00","guid":{"rendered":"http:\/\/www.lospoliticosveracruz.com.mx\/?p=2670"},"modified":"2014-10-10T03:00:31","modified_gmt":"2014-10-10T03:00:31","slug":"dia-nacional-de-la-lucha-contra-la-homofobia","status":"publish","type":"post","link":"https:\/\/lospoliticosveracruz.com\/?p=2670","title":{"rendered":"D\u00eda nacional de la lucha contra la homofobia"},"content":{"rendered":"<p><b>Yadira Hidalgo Gonz\u00e1lez <\/b><br \/><i>Mujeres que saben lat\u00edn<\/i><\/p>\n<p>El 17 de mayo de 1990, la homosexualidad sali\u00f3 de la lista de enfermedades mentales, por decreto de la Asamblea de la Organizaci\u00f3n Mundial de la Salud. Veinticuatro a\u00f1os despu\u00e9s nuestro pa\u00eds conmemorar\u00e1 esta fecha como el D\u00eda Nacional de la Lucha contra la Homofobia, as\u00ed con todas sus letras. <br \/>Antes, en el sexenio de Felipe Calder\u00f3n, se hab\u00eda instaurado la conmemoraci\u00f3n del D\u00eda Nacional de la Tolerancia y el Respeto a las Diferencias, haciendo gala del eufemismo y de la vacilaci\u00f3n de llamar a las cosas por su nombre. Sin embargo el pasado 21 de marzo, se decret\u00f3 la conmemoraci\u00f3n con el nombre actual, que pone a nuestro pa\u00eds a la par del marco de los derechos humanos que rige a la comunidad internacional.&nbsp;<a name='more'><\/a><br \/>La homofobia es el \u201ctemor, rechazo o aversi\u00f3n hacia las personas en raz\u00f3n de su orientaci\u00f3n, preferencia sexual, identidad y expresi\u00f3n de g\u00e9nero, basada en estereotipos, prejuicios y estigmas, expresada en actitudes y conductas discriminatorias que vulneran la igualdad, dignidad, derechos y libertades de toda persona, que pueden generar diversos tipos de violencia\u201c.<br \/>Seg\u00fan la reforma constitucional del 2011, el art\u00edculo 1 de nuestra Carta Magna se\u00f1ala que, \u201cqueda prohibida toda discriminaci\u00f3n motivada por origen \u00e9tnico o nacional, el g\u00e9nero, la edad, las discapacidades, la condici\u00f3n social, las condiciones de salud, la religi\u00f3n, las opiniones, las preferencias sexuales, el estado civil o cualquier otra que atente contra la dignidad humana y tenga por objeto anular o menoscabar los derechos y libertades de las personas\u201d. <br \/>  Por lo anterior, la homofobia es anti constitucional, pues vulnera los Derechos Humanos de cientos de miles de ciudadanas y ciudadanos de este pa\u00eds, quienes bajo el principio de igualdad, merecen el respeto y la garant\u00eda total de sus derechos, pues no hay ciudadan\u00eda a medias y en ese sentido, los derechos o son completos o no lo son. <br \/>  As\u00ed, las autoridades de los tres niveles de gobierno est\u00e1n mandatadas constitucionalmente a hacer cumplir la ley y en este caso, a visibilizar y realizar acciones para erradicar este flagelo que tanto da\u00f1o ha hecho a la vida, la integridad y la paz de muchas personas en este pa\u00eds, quienes, debido a su orientaci\u00f3n sexual, se enfrentan al rechazo familiar y comunitario; a la violencia normalizada, traducida en chistes y estereotipos repetidos incansablemente a trav\u00e9s de los medios de comunicaci\u00f3n, al da\u00f1o f\u00edsico y psicol\u00f3gico e incluso al asesinato impulsado por el miedo, el odio y la ignorancia. <br \/>  Que sea este primer a\u00f1o en que M\u00e9xico visibiliza esta conmemoraci\u00f3n, un buen comienzo para erradicar la homofobia. Que se tomen acciones para erradicarla de las escuelas, de los centros de trabajo, de las instituciones. Que se concienticen a las personas, a quienes hacen los medios de comunicaci\u00f3n para que sus mensajes sean m\u00e1s respetuosos e incluyentes con la diversidad; y que cada quien revise su grado de homofobia y haga lo necesario porque cada d\u00eda, cada mes, cada a\u00f1o, disminuya hasta desvanecerse.<\/p>\n","protected":false},"excerpt":{"rendered":"<p>Yadira Hidalgo Gonz\u00e1lez Mujeres que saben lat\u00edn El 17 de mayo de 1990, la homosexualidad sali\u00f3 de la lista de enfermedades mentales, por decreto de la Asamblea de la Organizaci\u00f3n Mundial de la Salud. Veinticuatro a\u00f1os despu\u00e9s nuestro pa\u00eds conmemorar\u00e1 esta fecha como el D\u00eda Nacional de la Lucha contra la Homofobia, as\u00ed con todas [&hellip;]<\/p>\n","protected":false},"author":1,"featured_media":0,"comment_status":"open","ping_status":"open","sticky":false,"template":"","format":"standard","meta":{"tdm_status":"","tdm_grid_status":"","footnotes":""},"categories":[1],"tags":[],"class_list":{"0":"post-2670","1":"post","2":"type-post","3":"status-publish","4":"format-standard","6":"category-sin-categoria"},"yoast_head":"<!-- This site is optimized with the Yoast SEO plugin v27.4 - https:\/\/yoast.com\/product\/yoast-seo-wordpress\/ -->\n<title>D\u00eda nacional de la lucha contra la homofobia - Los pol\u00edticos Veracruz<\/title>\n<meta name=\"robots\" content=\"index, follow, max-snippet:-1, max-image-preview:large, max-video-preview:-1\" \/>\n<link rel=\"canonical\" href=\"https:\/\/lospoliticosveracruz.com\/?p=2670\" \/>\n<meta property=\"og:locale\" content=\"es_ES\" \/>\n<meta property=\"og:type\" content=\"article\" \/>\n<meta property=\"og:title\" content=\"D\u00eda nacional de la lucha contra la homofobia - Los pol\u00edticos Veracruz\" \/>\n<meta property=\"og:description\" content=\"Yadira Hidalgo Gonz\u00e1lez Mujeres que saben lat\u00edn El 17 de mayo de 1990, la homosexualidad sali\u00f3 de la lista de enfermedades mentales, por decreto de la Asamblea de la Organizaci\u00f3n Mundial de la Salud. Veinticuatro a\u00f1os despu\u00e9s nuestro pa\u00eds conmemorar\u00e1 esta fecha como el D\u00eda Nacional de la Lucha contra la Homofobia, as\u00ed con todas [&hellip;]\" \/>\n<meta property=\"og:url\" content=\"https:\/\/lospoliticosveracruz.com\/?p=2670\" \/>\n<meta property=\"og:site_name\" content=\"Los pol\u00edticos Veracruz\" \/>\n<meta property=\"article:publisher\" content=\"https:\/\/www.facebook.com\/people\/Notimemes-de-los-Polticos\/61565672886568\/\" \/>\n<meta property=\"article:published_time\" content=\"2014-05-19T21:55:00+00:00\" \/>\n<meta property=\"article:modified_time\" content=\"2014-10-10T03:00:31+00:00\" \/>\n<meta property=\"og:image\" content=\"https:\/\/lospoliticosveracruz.com\/wp-content\/uploads\/2016\/07\/Logo-Dor.jpg\" \/>\n\t<meta property=\"og:image:width\" content=\"200\" \/>\n\t<meta property=\"og:image:height\" content=\"200\" \/>\n\t<meta property=\"og:image:type\" content=\"image\/jpeg\" \/>\n<meta name=\"author\" content=\"lospoladmin\" \/>\n<meta name=\"twitter:card\" content=\"summary_large_image\" \/>\n<meta name=\"twitter:creator\" content=\"@LosPoliticosVer\" \/>\n<meta name=\"twitter:site\" content=\"@LosPoliticosVer\" \/>\n<meta name=\"twitter:label1\" content=\"Escrito por\" \/>\n\t<meta name=\"twitter:data1\" content=\"lospoladmin\" \/>\n\t<meta name=\"twitter:label2\" content=\"Tiempo de lectura\" \/>\n\t<meta name=\"twitter:data2\" content=\"3 minutos\" \/>\n<script type=\"application\/ld+json\" class=\"yoast-schema-graph\">{\"@context\":\"https:\\\/\\\/schema.org\",\"@graph\":[{\"@type\":\"Article\",\"@id\":\"https:\\\/\\\/lospoliticosveracruz.com\\\/?p=2670#article\",\"isPartOf\":{\"@id\":\"https:\\\/\\\/lospoliticosveracruz.com\\\/?p=2670\"},\"author\":{\"name\":\"lospoladmin\",\"@id\":\"https:\\\/\\\/lospoliticosveracruz.com\\\/#\\\/schema\\\/person\\\/c5fee8df75ee4700bd7f8e92859bd696\"},\"headline\":\"D\u00eda nacional de la lucha contra la homofobia\",\"datePublished\":\"2014-05-19T21:55:00+00:00\",\"dateModified\":\"2014-10-10T03:00:31+00:00\",\"mainEntityOfPage\":{\"@id\":\"https:\\\/\\\/lospoliticosveracruz.com\\\/?p=2670\"},\"wordCount\":546,\"commentCount\":0,\"publisher\":{\"@id\":\"https:\\\/\\\/lospoliticosveracruz.com\\\/#organization\"},\"inLanguage\":\"es\",\"potentialAction\":[{\"@type\":\"CommentAction\",\"name\":\"Comment\",\"target\":[\"https:\\\/\\\/lospoliticosveracruz.com\\\/?p=2670#respond\"]}]},{\"@type\":\"WebPage\",\"@id\":\"https:\\\/\\\/lospoliticosveracruz.com\\\/?p=2670\",\"url\":\"https:\\\/\\\/lospoliticosveracruz.com\\\/?p=2670\",\"name\":\"D\u00eda nacional de la lucha contra la homofobia - Los pol\u00edticos Veracruz\",\"isPartOf\":{\"@id\":\"https:\\\/\\\/lospoliticosveracruz.com\\\/#website\"},\"datePublished\":\"2014-05-19T21:55:00+00:00\",\"dateModified\":\"2014-10-10T03:00:31+00:00\",\"breadcrumb\":{\"@id\":\"https:\\\/\\\/lospoliticosveracruz.com\\\/?p=2670#breadcrumb\"},\"inLanguage\":\"es\",\"potentialAction\":[{\"@type\":\"ReadAction\",\"target\":[\"https:\\\/\\\/lospoliticosveracruz.com\\\/?p=2670\"]}]},{\"@type\":\"BreadcrumbList\",\"@id\":\"https:\\\/\\\/lospoliticosveracruz.com\\\/?p=2670#breadcrumb\",\"itemListElement\":[{\"@type\":\"ListItem\",\"position\":1,\"name\":\"Portada\",\"item\":\"https:\\\/\\\/lospoliticosveracruz.com\\\/\"},{\"@type\":\"ListItem\",\"position\":2,\"name\":\"D\u00eda nacional de la lucha contra la homofobia\"}]},{\"@type\":\"WebSite\",\"@id\":\"https:\\\/\\\/lospoliticosveracruz.com\\\/#website\",\"url\":\"https:\\\/\\\/lospoliticosveracruz.com\\\/\",\"name\":\"Los pol\u00edticos Veracruz\",\"description\":\"\",\"publisher\":{\"@id\":\"https:\\\/\\\/lospoliticosveracruz.com\\\/#organization\"},\"potentialAction\":[{\"@type\":\"SearchAction\",\"target\":{\"@type\":\"EntryPoint\",\"urlTemplate\":\"https:\\\/\\\/lospoliticosveracruz.com\\\/?s={search_term_string}\"},\"query-input\":{\"@type\":\"PropertyValueSpecification\",\"valueRequired\":true,\"valueName\":\"search_term_string\"}}],\"inLanguage\":\"es\"},{\"@type\":\"Organization\",\"@id\":\"https:\\\/\\\/lospoliticosveracruz.com\\\/#organization\",\"name\":\"Los pol\u00edticos Veracruz\",\"url\":\"https:\\\/\\\/lospoliticosveracruz.com\\\/\",\"logo\":{\"@type\":\"ImageObject\",\"inLanguage\":\"es\",\"@id\":\"https:\\\/\\\/lospoliticosveracruz.com\\\/#\\\/schema\\\/logo\\\/image\\\/\",\"url\":\"https:\\\/\\\/lospoliticosveracruz.com\\\/wp-content\\\/uploads\\\/2025\\\/12\\\/Logo-Nuevo-LOS-POLITICOS-1.jpg\",\"contentUrl\":\"https:\\\/\\\/lospoliticosveracruz.com\\\/wp-content\\\/uploads\\\/2025\\\/12\\\/Logo-Nuevo-LOS-POLITICOS-1.jpg\",\"width\":260,\"height\":70,\"caption\":\"Los pol\u00edticos Veracruz\"},\"image\":{\"@id\":\"https:\\\/\\\/lospoliticosveracruz.com\\\/#\\\/schema\\\/logo\\\/image\\\/\"},\"sameAs\":[\"https:\\\/\\\/www.facebook.com\\\/people\\\/Notimemes-de-los-Polticos\\\/61565672886568\\\/\",\"https:\\\/\\\/x.com\\\/LosPoliticosVer\"]},{\"@type\":\"Person\",\"@id\":\"https:\\\/\\\/lospoliticosveracruz.com\\\/#\\\/schema\\\/person\\\/c5fee8df75ee4700bd7f8e92859bd696\",\"name\":\"lospoladmin\",\"image\":{\"@type\":\"ImageObject\",\"inLanguage\":\"es\",\"@id\":\"https:\\\/\\\/secure.gravatar.com\\\/avatar\\\/f4a468785695515895c4d618820f242e33d3d72a0284244a0fad6d19795cb724?s=96&d=mm&r=g\",\"url\":\"https:\\\/\\\/secure.gravatar.com\\\/avatar\\\/f4a468785695515895c4d618820f242e33d3d72a0284244a0fad6d19795cb724?s=96&d=mm&r=g\",\"contentUrl\":\"https:\\\/\\\/secure.gravatar.com\\\/avatar\\\/f4a468785695515895c4d618820f242e33d3d72a0284244a0fad6d19795cb724?s=96&d=mm&r=g\",\"caption\":\"lospoladmin\"},\"url\":\"https:\\\/\\\/lospoliticosveracruz.com\\\/?author=1\"}]}<\/script>\n<!-- \/ Yoast SEO plugin. -->","yoast_head_json":{"title":"D\u00eda nacional de la lucha contra la homofobia - Los pol\u00edticos Veracruz","robots":{"index":"index","follow":"follow","max-snippet":"max-snippet:-1","max-image-preview":"max-image-preview:large","max-video-preview":"max-video-preview:-1"},"canonical":"https:\/\/lospoliticosveracruz.com\/?p=2670","og_locale":"es_ES","og_type":"article","og_title":"D\u00eda nacional de la lucha contra la homofobia - Los pol\u00edticos Veracruz","og_description":"Yadira Hidalgo Gonz\u00e1lez Mujeres que saben lat\u00edn El 17 de mayo de 1990, la homosexualidad sali\u00f3 de la lista de enfermedades mentales, por decreto de la Asamblea de la Organizaci\u00f3n Mundial de la Salud. Veinticuatro a\u00f1os despu\u00e9s nuestro pa\u00eds conmemorar\u00e1 esta fecha como el D\u00eda Nacional de la Lucha contra la Homofobia, as\u00ed con todas [&hellip;]","og_url":"https:\/\/lospoliticosveracruz.com\/?p=2670","og_site_name":"Los pol\u00edticos Veracruz","article_publisher":"https:\/\/www.facebook.com\/people\/Notimemes-de-los-Polticos\/61565672886568\/","article_published_time":"2014-05-19T21:55:00+00:00","article_modified_time":"2014-10-10T03:00:31+00:00","og_image":[{"width":200,"height":200,"url":"https:\/\/lospoliticosveracruz.com\/wp-content\/uploads\/2016\/07\/Logo-Dor.jpg","type":"image\/jpeg"}],"author":"lospoladmin","twitter_card":"summary_large_image","twitter_creator":"@LosPoliticosVer","twitter_site":"@LosPoliticosVer","twitter_misc":{"Escrito por":"lospoladmin","Tiempo de lectura":"3 minutos"},"schema":{"@context":"https:\/\/schema.org","@graph":[{"@type":"Article","@id":"https:\/\/lospoliticosveracruz.com\/?p=2670#article","isPartOf":{"@id":"https:\/\/lospoliticosveracruz.com\/?p=2670"},"author":{"name":"lospoladmin","@id":"https:\/\/lospoliticosveracruz.com\/#\/schema\/person\/c5fee8df75ee4700bd7f8e92859bd696"},"headline":"D\u00eda nacional de la lucha contra la homofobia","datePublished":"2014-05-19T21:55:00+00:00","dateModified":"2014-10-10T03:00:31+00:00","mainEntityOfPage":{"@id":"https:\/\/lospoliticosveracruz.com\/?p=2670"},"wordCount":546,"commentCount":0,"publisher":{"@id":"https:\/\/lospoliticosveracruz.com\/#organization"},"inLanguage":"es","potentialAction":[{"@type":"CommentAction","name":"Comment","target":["https:\/\/lospoliticosveracruz.com\/?p=2670#respond"]}]},{"@type":"WebPage","@id":"https:\/\/lospoliticosveracruz.com\/?p=2670","url":"https:\/\/lospoliticosveracruz.com\/?p=2670","name":"D\u00eda nacional de la lucha contra la homofobia - Los pol\u00edticos Veracruz","isPartOf":{"@id":"https:\/\/lospoliticosveracruz.com\/#website"},"datePublished":"2014-05-19T21:55:00+00:00","dateModified":"2014-10-10T03:00:31+00:00","breadcrumb":{"@id":"https:\/\/lospoliticosveracruz.com\/?p=2670#breadcrumb"},"inLanguage":"es","potentialAction":[{"@type":"ReadAction","target":["https:\/\/lospoliticosveracruz.com\/?p=2670"]}]},{"@type":"BreadcrumbList","@id":"https:\/\/lospoliticosveracruz.com\/?p=2670#breadcrumb","itemListElement":[{"@type":"ListItem","position":1,"name":"Portada","item":"https:\/\/lospoliticosveracruz.com\/"},{"@type":"ListItem","position":2,"name":"D\u00eda nacional de la lucha contra la homofobia"}]},{"@type":"WebSite","@id":"https:\/\/lospoliticosveracruz.com\/#website","url":"https:\/\/lospoliticosveracruz.com\/","name":"Los pol\u00edticos Veracruz","description":"","publisher":{"@id":"https:\/\/lospoliticosveracruz.com\/#organization"},"potentialAction":[{"@type":"SearchAction","target":{"@type":"EntryPoint","urlTemplate":"https:\/\/lospoliticosveracruz.com\/?s={search_term_string}"},"query-input":{"@type":"PropertyValueSpecification","valueRequired":true,"valueName":"search_term_string"}}],"inLanguage":"es"},{"@type":"Organization","@id":"https:\/\/lospoliticosveracruz.com\/#organization","name":"Los pol\u00edticos Veracruz","url":"https:\/\/lospoliticosveracruz.com\/","logo":{"@type":"ImageObject","inLanguage":"es","@id":"https:\/\/lospoliticosveracruz.com\/#\/schema\/logo\/image\/","url":"https:\/\/lospoliticosveracruz.com\/wp-content\/uploads\/2025\/12\/Logo-Nuevo-LOS-POLITICOS-1.jpg","contentUrl":"https:\/\/lospoliticosveracruz.com\/wp-content\/uploads\/2025\/12\/Logo-Nuevo-LOS-POLITICOS-1.jpg","width":260,"height":70,"caption":"Los pol\u00edticos Veracruz"},"image":{"@id":"https:\/\/lospoliticosveracruz.com\/#\/schema\/logo\/image\/"},"sameAs":["https:\/\/www.facebook.com\/people\/Notimemes-de-los-Polticos\/61565672886568\/","https:\/\/x.com\/LosPoliticosVer"]},{"@type":"Person","@id":"https:\/\/lospoliticosveracruz.com\/#\/schema\/person\/c5fee8df75ee4700bd7f8e92859bd696","name":"lospoladmin","image":{"@type":"ImageObject","inLanguage":"es","@id":"https:\/\/secure.gravatar.com\/avatar\/f4a468785695515895c4d618820f242e33d3d72a0284244a0fad6d19795cb724?s=96&d=mm&r=g","url":"https:\/\/secure.gravatar.com\/avatar\/f4a468785695515895c4d618820f242e33d3d72a0284244a0fad6d19795cb724?s=96&d=mm&r=g","contentUrl":"https:\/\/secure.gravatar.com\/avatar\/f4a468785695515895c4d618820f242e33d3d72a0284244a0fad6d19795cb724?s=96&d=mm&r=g","caption":"lospoladmin"},"url":"https:\/\/lospoliticosveracruz.com\/?author=1"}]}},"_links":{"self":[{"href":"https:\/\/lospoliticosveracruz.com\/index.php?rest_route=\/wp\/v2\/posts\/2670","targetHints":{"allow":["GET"]}}],"collection":[{"href":"https:\/\/lospoliticosveracruz.com\/index.php?rest_route=\/wp\/v2\/posts"}],"about":[{"href":"https:\/\/lospoliticosveracruz.com\/index.php?rest_route=\/wp\/v2\/types\/post"}],"author":[{"embeddable":true,"href":"https:\/\/lospoliticosveracruz.com\/index.php?rest_route=\/wp\/v2\/users\/1"}],"replies":[{"embeddable":true,"href":"https:\/\/lospoliticosveracruz.com\/index.php?rest_route=%2Fwp%2Fv2%2Fcomments&post=2670"}],"version-history":[{"count":0,"href":"https:\/\/lospoliticosveracruz.com\/index.php?rest_route=\/wp\/v2\/posts\/2670\/revisions"}],"wp:attachment":[{"href":"https:\/\/lospoliticosveracruz.com\/index.php?rest_route=%2Fwp%2Fv2%2Fmedia&parent=2670"}],"wp:term":[{"taxonomy":"category","embeddable":true,"href":"https:\/\/lospoliticosveracruz.com\/index.php?rest_route=%2Fwp%2Fv2%2Fcategories&post=2670"},{"taxonomy":"post_tag","embeddable":true,"href":"https:\/\/lospoliticosveracruz.com\/index.php?rest_route=%2Fwp%2Fv2%2Ftags&post=2670"}],"curies":[{"name":"wp","href":"https:\/\/api.w.org\/{rel}","templated":true}]}}