{"id":26816,"date":"2016-10-09T17:07:24","date_gmt":"2016-10-09T22:07:24","guid":{"rendered":"http:\/\/www.lospoliticosveracruz.com.mx\/?p=26816"},"modified":"2016-10-09T17:41:11","modified_gmt":"2016-10-09T22:41:11","slug":"mayday-siop-irregularidades-a-la-vista","status":"publish","type":"post","link":"https:\/\/lospoliticosveracruz.com\/?p=26816","title":{"rendered":"\u00a1Mayday, SIOP! \u00a1Irregularidades a la vista!"},"content":{"rendered":"<p><em><strong>SPI Veracruz<\/strong><\/em><\/p>\n<p>La Direcci\u00f3n General de Aeron\u00e1utica \u00a0de la Secretar\u00eda de Infraestructura y Obras P\u00fablicas del gobierno estatal cometi\u00f3 diversas irregularidades en la contrataci\u00f3n de servicios a\u00e9reos\u00a0por m\u00e1s de 10 millones de pesos y la falta de pagos de los mismos.<\/p>\n<p>De acuerdo con los resultados de las auditor\u00edas ordenadas por el \u00d3rgano de Fiscalizaci\u00f3n Superior (Orfis) al ejercicio fiscal del 2015, se detect\u00f3 adem\u00e1s un pago faltante por capacitaci\u00f3n para uno de los helic\u00f3pteros de la flotilla a\u00e9rea.<\/p>\n<p>Las anomal\u00edas violaron la Ley de Adquisiciones, Arrendamientos y Servicios del Sector P\u00fablico; y la Ley de Adquisiciones, Arrendamientos, Administraci\u00f3n y Enajenaci\u00f3n de Bienes Muebles del Estado de Veracruz.<\/p>\n<p>Los auditores encontraron que hab\u00eda contratos y facturas por diversos servicios a\u00e9reos por m\u00e1s de diez millones de pesos realizados en la Direcci\u00f3n General de Aeron\u00e1utica \u00a0con expedientes incompletos de la documentaci\u00f3n legal y financiera ni con la justificaci\u00f3n de la contrataci\u00f3n de los servicios.<\/p>\n<p>En la observaci\u00f3n N\u00famero FP-019\/2015\/026 ADM , se informa que en respuesta a la compulsa realizada a la empresa \u201cAirbus Helicopters M\u00e9xico S.A. de C.V.\u201d, se descubri\u00f3 que existe un adeudo por un monto de 319 mil 759 mil d\u00f3lares por concepto de capacitaci\u00f3n servicios para el helic\u00f3ptero Dauphine AS365N matr\u00edcula XC-GEV.<\/p>\n<p>Esos servicios, realizados en el ejercicio 2011, jam\u00e1s se pagaron y los auditores no identificaron en las cuentas por pagar del Gobierno del Estado, ni la justificaci\u00f3n de la contrataci\u00f3n del servicio ni la raz\u00f3n por la que no se liquid\u00f3 con el presupuesto asignado de ese ejercicio.<\/p>\n<p>De manera paralela, se encontr\u00f3 que no se integran en su totalidad expedientes con la documentaci\u00f3n legal y financiera en adjudicaciones, como \u00a0contratos, fianzas, facturas y soporte documental de pagos por distintos servicios a\u00e9reos.<\/p>\n<p>Adem\u00e1s que los contratos fueron formalizados con montos m\u00e1ximos y m\u00ednimos a facturar, sin que se especificara hasta que l\u00edmite; y las facturas no presentaban conceptos detallados de cada uno de los servicios o bienes adquiridos.<\/p>\n<p>En la observaci\u00f3n N\u00famero: FP-019\/2015\/027 ADM, \u00a0\u00a0los auditores no encontraron evidencias de que se hayan elaborado las bit\u00e1coras de mantenimiento de las aeronaves del Gobierno estatal.<\/p>\n<p>Del contrato DGA\/005\/15 con la empresa \u201cAsa Trading Company\u201d por la adquisici\u00f3n de refacciones, partes, componentes, equipos, accesorios, as\u00ed como consumibles de la actividad a\u00e9rea por medio mill\u00f3n de pesos.<\/p>\n<p>En la lista se incluye el contrato DGA\/006\/15 con la compa\u00f1\u00eda \u00a0\u201cSoporte Aerologistico, S.A. de C.V.\u201d por adquisici\u00f3n de refacciones, partes, componentes, equipos, accesorios, as\u00ed como consumibles de la actividad a\u00e9rea tambi\u00e9n por un monto de medio mill\u00f3n de pesos.<\/p>\n<p>El contrato DGA\/009\/15 \u00a0con \u201cAeroservicios T\u00e9cnicos de Toluca, S.A. de C.V.\u201d fue por servicios especializados varios, entre otros, servicios de \u00abFBO\u00bb pernoctas, transito, arrastre, mantenimiento en l\u00ednea por un mill\u00f3n 200 mil pesos.<\/p>\n<p>Por montos de 928 mil pesos, ofrecieron servicios de mantenimiento a\u00e9reo las empresas Centro de Servicios Aeron\u00e1uticos, S.A. de C.V., Uniflight LLC, Val Aeroespacial, S.A. de C.V., Aeroservicios T\u00e9cnicos de Toluca, S.A. de C.V., Lear Jet Inc. Bombamdier, Soporte Aerologistico, S.A. de C.V.,\u00a0 Acah, Accesorios y Componentes para Aviones y Helic\u00f3pteros, S. de R.L. de C.V. y Servicios T\u00e9cnicos A\u00e9reos de M\u00e9xico, S.A. de C.V..<\/p>\n<p>Los montos y las empresas est\u00e1n contenidos en los contratos DGA\/001\/15, DGA\/010\/15, DGA\/012\/15,<\/p>\n<p>DGA\/013\/15, DGA\/015\/15, DGA\/016\/15, DGA\/018\/15 y DGA\/019\/15.<\/p>\n<p>Por montos de 600 mil pesos cada uno, se contrataron los servicios de taxi a\u00e9reo y\/o arrendamiento de aeronaves para la transportaci\u00f3n del titular del Poder Ejecutivo del Estado, as\u00ed como de sus funcionarios con las empresas Aeroservicios T\u00e9cnicos de Toluca, S.A. de C.V. y Val Aeroespacial, S.A. de C.V.<\/p>\n<p>Y seg\u00fan el contrato DGA\/020\/15 otorgado a Comercializadora Caracal, S.A. de C.V. \u00a0por servicio de flete y arrendamiento de un veh\u00edculo Pick Up, equipado con un semiremolque nuevo, tipo cama baja, con capacidad de 2 mil 200 litros se pagaron 69 mil 600 pesos.<\/p>\n<p>Los auditores ordenaron al \u00d3rgano Interno de Control dar seguimiento a esta observaci\u00f3n a fin de implementar las medidas y acciones pertinentes para evitar su recurrencia e iniciar los procedimientos administrativos en su caso.<\/p>\n","protected":false},"excerpt":{"rendered":"<p>SPI Veracruz La Direcci\u00f3n General de Aeron\u00e1utica \u00a0de la Secretar\u00eda de Infraestructura y Obras P\u00fablicas del gobierno estatal cometi\u00f3 diversas irregularidades en la contrataci\u00f3n de servicios a\u00e9reos\u00a0por m\u00e1s de 10 millones de pesos y la falta de pagos de los mismos. De acuerdo con los resultados de las auditor\u00edas ordenadas por el \u00d3rgano de Fiscalizaci\u00f3n [&hellip;]<\/p>\n","protected":false},"author":2,"featured_media":0,"comment_status":"open","ping_status":"open","sticky":false,"template":"","format":"standard","meta":{"tdm_status":"","tdm_grid_status":"","footnotes":""},"categories":[6446],"tags":[6461,6460,135,342],"class_list":{"0":"post-26816","1":"post","2":"type-post","3":"status-publish","4":"format-standard","6":"category-la-nota","7":"tag-direccion-general-de-aeronautica","8":"tag-helicopteros","9":"tag-orfis","10":"tag-siop"},"yoast_head":"<!-- This site is optimized with the Yoast SEO plugin v27.4 - https:\/\/yoast.com\/product\/yoast-seo-wordpress\/ -->\n<title>\u00a1Mayday, SIOP! \u00a1Irregularidades a la vista! - Los pol\u00edticos Veracruz<\/title>\n<meta name=\"robots\" content=\"index, follow, max-snippet:-1, max-image-preview:large, max-video-preview:-1\" \/>\n<link rel=\"canonical\" href=\"https:\/\/lospoliticosveracruz.com\/?p=26816\" \/>\n<meta property=\"og:locale\" content=\"es_ES\" \/>\n<meta property=\"og:type\" content=\"article\" \/>\n<meta property=\"og:title\" content=\"\u00a1Mayday, SIOP! \u00a1Irregularidades a la vista! - Los pol\u00edticos Veracruz\" \/>\n<meta property=\"og:description\" content=\"SPI Veracruz La Direcci\u00f3n General de Aeron\u00e1utica \u00a0de la Secretar\u00eda de Infraestructura y Obras P\u00fablicas del gobierno estatal cometi\u00f3 diversas irregularidades en la contrataci\u00f3n de servicios a\u00e9reos\u00a0por m\u00e1s de 10 millones de pesos y la falta de pagos de los mismos. De acuerdo con los resultados de las auditor\u00edas ordenadas por el \u00d3rgano de Fiscalizaci\u00f3n [&hellip;]\" \/>\n<meta property=\"og:url\" content=\"https:\/\/lospoliticosveracruz.com\/?p=26816\" \/>\n<meta property=\"og:site_name\" content=\"Los pol\u00edticos Veracruz\" \/>\n<meta property=\"article:publisher\" content=\"https:\/\/www.facebook.com\/people\/Notimemes-de-los-Polticos\/61565672886568\/\" \/>\n<meta property=\"article:published_time\" content=\"2016-10-09T22:07:24+00:00\" \/>\n<meta property=\"article:modified_time\" content=\"2016-10-09T22:41:11+00:00\" \/>\n<meta property=\"og:image\" content=\"https:\/\/lospoliticosveracruz.com\/wp-content\/uploads\/2016\/07\/Logo-Dor.jpg\" \/>\n\t<meta property=\"og:image:width\" content=\"200\" \/>\n\t<meta property=\"og:image:height\" content=\"200\" \/>\n\t<meta property=\"og:image:type\" content=\"image\/jpeg\" \/>\n<meta name=\"author\" content=\"Lo viste en Los Pol\u00edticos\" \/>\n<meta name=\"twitter:card\" content=\"summary_large_image\" \/>\n<meta name=\"twitter:creator\" content=\"@LosPoliticosVer\" \/>\n<meta name=\"twitter:site\" content=\"@LosPoliticosVer\" \/>\n<meta name=\"twitter:label1\" content=\"Escrito por\" \/>\n\t<meta name=\"twitter:data1\" content=\"Lo viste en Los Pol\u00edticos\" \/>\n\t<meta name=\"twitter:label2\" content=\"Tiempo de lectura\" \/>\n\t<meta name=\"twitter:data2\" content=\"4 minutos\" \/>\n<script type=\"application\/ld+json\" class=\"yoast-schema-graph\">{\"@context\":\"https:\\\/\\\/schema.org\",\"@graph\":[{\"@type\":\"Article\",\"@id\":\"https:\\\/\\\/lospoliticosveracruz.com\\\/?p=26816#article\",\"isPartOf\":{\"@id\":\"https:\\\/\\\/lospoliticosveracruz.com\\\/?p=26816\"},\"author\":{\"name\":\"Lo viste en Los Pol\u00edticos\",\"@id\":\"https:\\\/\\\/lospoliticosveracruz.com\\\/#\\\/schema\\\/person\\\/b8702bb0e538456e6efd07080bf2a4a2\"},\"headline\":\"\u00a1Mayday, SIOP! \u00a1Irregularidades a la vista!\",\"datePublished\":\"2016-10-09T22:07:24+00:00\",\"dateModified\":\"2016-10-09T22:41:11+00:00\",\"mainEntityOfPage\":{\"@id\":\"https:\\\/\\\/lospoliticosveracruz.com\\\/?p=26816\"},\"wordCount\":754,\"commentCount\":0,\"publisher\":{\"@id\":\"https:\\\/\\\/lospoliticosveracruz.com\\\/#organization\"},\"keywords\":[\"Direcci\u00f3n General de Aeron\u00e1utica\",\"helic\u00f3pteros\",\"Orfis\",\"SIOP\"],\"articleSection\":[\"La Nota\"],\"inLanguage\":\"es\",\"potentialAction\":[{\"@type\":\"CommentAction\",\"name\":\"Comment\",\"target\":[\"https:\\\/\\\/lospoliticosveracruz.com\\\/?p=26816#respond\"]}]},{\"@type\":\"WebPage\",\"@id\":\"https:\\\/\\\/lospoliticosveracruz.com\\\/?p=26816\",\"url\":\"https:\\\/\\\/lospoliticosveracruz.com\\\/?p=26816\",\"name\":\"\u00a1Mayday, SIOP! \u00a1Irregularidades a la vista! - Los pol\u00edticos Veracruz\",\"isPartOf\":{\"@id\":\"https:\\\/\\\/lospoliticosveracruz.com\\\/#website\"},\"datePublished\":\"2016-10-09T22:07:24+00:00\",\"dateModified\":\"2016-10-09T22:41:11+00:00\",\"breadcrumb\":{\"@id\":\"https:\\\/\\\/lospoliticosveracruz.com\\\/?p=26816#breadcrumb\"},\"inLanguage\":\"es\",\"potentialAction\":[{\"@type\":\"ReadAction\",\"target\":[\"https:\\\/\\\/lospoliticosveracruz.com\\\/?p=26816\"]}]},{\"@type\":\"BreadcrumbList\",\"@id\":\"https:\\\/\\\/lospoliticosveracruz.com\\\/?p=26816#breadcrumb\",\"itemListElement\":[{\"@type\":\"ListItem\",\"position\":1,\"name\":\"Portada\",\"item\":\"https:\\\/\\\/lospoliticosveracruz.com\\\/\"},{\"@type\":\"ListItem\",\"position\":2,\"name\":\"\u00a1Mayday, SIOP! \u00a1Irregularidades a la vista!\"}]},{\"@type\":\"WebSite\",\"@id\":\"https:\\\/\\\/lospoliticosveracruz.com\\\/#website\",\"url\":\"https:\\\/\\\/lospoliticosveracruz.com\\\/\",\"name\":\"Los pol\u00edticos Veracruz\",\"description\":\"\",\"publisher\":{\"@id\":\"https:\\\/\\\/lospoliticosveracruz.com\\\/#organization\"},\"potentialAction\":[{\"@type\":\"SearchAction\",\"target\":{\"@type\":\"EntryPoint\",\"urlTemplate\":\"https:\\\/\\\/lospoliticosveracruz.com\\\/?s={search_term_string}\"},\"query-input\":{\"@type\":\"PropertyValueSpecification\",\"valueRequired\":true,\"valueName\":\"search_term_string\"}}],\"inLanguage\":\"es\"},{\"@type\":\"Organization\",\"@id\":\"https:\\\/\\\/lospoliticosveracruz.com\\\/#organization\",\"name\":\"Los pol\u00edticos Veracruz\",\"url\":\"https:\\\/\\\/lospoliticosveracruz.com\\\/\",\"logo\":{\"@type\":\"ImageObject\",\"inLanguage\":\"es\",\"@id\":\"https:\\\/\\\/lospoliticosveracruz.com\\\/#\\\/schema\\\/logo\\\/image\\\/\",\"url\":\"https:\\\/\\\/lospoliticosveracruz.com\\\/wp-content\\\/uploads\\\/2025\\\/12\\\/Logo-Nuevo-LOS-POLITICOS-1.jpg\",\"contentUrl\":\"https:\\\/\\\/lospoliticosveracruz.com\\\/wp-content\\\/uploads\\\/2025\\\/12\\\/Logo-Nuevo-LOS-POLITICOS-1.jpg\",\"width\":260,\"height\":70,\"caption\":\"Los pol\u00edticos Veracruz\"},\"image\":{\"@id\":\"https:\\\/\\\/lospoliticosveracruz.com\\\/#\\\/schema\\\/logo\\\/image\\\/\"},\"sameAs\":[\"https:\\\/\\\/www.facebook.com\\\/people\\\/Notimemes-de-los-Polticos\\\/61565672886568\\\/\",\"https:\\\/\\\/x.com\\\/LosPoliticosVer\"]},{\"@type\":\"Person\",\"@id\":\"https:\\\/\\\/lospoliticosveracruz.com\\\/#\\\/schema\\\/person\\\/b8702bb0e538456e6efd07080bf2a4a2\",\"name\":\"Lo viste en Los Pol\u00edticos\",\"image\":{\"@type\":\"ImageObject\",\"inLanguage\":\"es\",\"@id\":\"https:\\\/\\\/secure.gravatar.com\\\/avatar\\\/3a8de04a2656d44082be478bd6c086daa447c4651605818287b9532d3d0bd435?s=96&d=mm&r=g\",\"url\":\"https:\\\/\\\/secure.gravatar.com\\\/avatar\\\/3a8de04a2656d44082be478bd6c086daa447c4651605818287b9532d3d0bd435?s=96&d=mm&r=g\",\"contentUrl\":\"https:\\\/\\\/secure.gravatar.com\\\/avatar\\\/3a8de04a2656d44082be478bd6c086daa447c4651605818287b9532d3d0bd435?s=96&d=mm&r=g\",\"caption\":\"Lo viste en Los Pol\u00edticos\"},\"url\":\"https:\\\/\\\/lospoliticosveracruz.com\\\/?author=2\"}]}<\/script>\n<!-- \/ Yoast SEO plugin. -->","yoast_head_json":{"title":"\u00a1Mayday, SIOP! \u00a1Irregularidades a la vista! - Los pol\u00edticos Veracruz","robots":{"index":"index","follow":"follow","max-snippet":"max-snippet:-1","max-image-preview":"max-image-preview:large","max-video-preview":"max-video-preview:-1"},"canonical":"https:\/\/lospoliticosveracruz.com\/?p=26816","og_locale":"es_ES","og_type":"article","og_title":"\u00a1Mayday, SIOP! \u00a1Irregularidades a la vista! - Los pol\u00edticos Veracruz","og_description":"SPI Veracruz La Direcci\u00f3n General de Aeron\u00e1utica \u00a0de la Secretar\u00eda de Infraestructura y Obras P\u00fablicas del gobierno estatal cometi\u00f3 diversas irregularidades en la contrataci\u00f3n de servicios a\u00e9reos\u00a0por m\u00e1s de 10 millones de pesos y la falta de pagos de los mismos. De acuerdo con los resultados de las auditor\u00edas ordenadas por el \u00d3rgano de Fiscalizaci\u00f3n [&hellip;]","og_url":"https:\/\/lospoliticosveracruz.com\/?p=26816","og_site_name":"Los pol\u00edticos Veracruz","article_publisher":"https:\/\/www.facebook.com\/people\/Notimemes-de-los-Polticos\/61565672886568\/","article_published_time":"2016-10-09T22:07:24+00:00","article_modified_time":"2016-10-09T22:41:11+00:00","og_image":[{"width":200,"height":200,"url":"https:\/\/lospoliticosveracruz.com\/wp-content\/uploads\/2016\/07\/Logo-Dor.jpg","type":"image\/jpeg"}],"author":"Lo viste en Los Pol\u00edticos","twitter_card":"summary_large_image","twitter_creator":"@LosPoliticosVer","twitter_site":"@LosPoliticosVer","twitter_misc":{"Escrito por":"Lo viste en Los Pol\u00edticos","Tiempo de lectura":"4 minutos"},"schema":{"@context":"https:\/\/schema.org","@graph":[{"@type":"Article","@id":"https:\/\/lospoliticosveracruz.com\/?p=26816#article","isPartOf":{"@id":"https:\/\/lospoliticosveracruz.com\/?p=26816"},"author":{"name":"Lo viste en Los Pol\u00edticos","@id":"https:\/\/lospoliticosveracruz.com\/#\/schema\/person\/b8702bb0e538456e6efd07080bf2a4a2"},"headline":"\u00a1Mayday, SIOP! \u00a1Irregularidades a la vista!","datePublished":"2016-10-09T22:07:24+00:00","dateModified":"2016-10-09T22:41:11+00:00","mainEntityOfPage":{"@id":"https:\/\/lospoliticosveracruz.com\/?p=26816"},"wordCount":754,"commentCount":0,"publisher":{"@id":"https:\/\/lospoliticosveracruz.com\/#organization"},"keywords":["Direcci\u00f3n General de Aeron\u00e1utica","helic\u00f3pteros","Orfis","SIOP"],"articleSection":["La Nota"],"inLanguage":"es","potentialAction":[{"@type":"CommentAction","name":"Comment","target":["https:\/\/lospoliticosveracruz.com\/?p=26816#respond"]}]},{"@type":"WebPage","@id":"https:\/\/lospoliticosveracruz.com\/?p=26816","url":"https:\/\/lospoliticosveracruz.com\/?p=26816","name":"\u00a1Mayday, SIOP! \u00a1Irregularidades a la vista! - Los pol\u00edticos Veracruz","isPartOf":{"@id":"https:\/\/lospoliticosveracruz.com\/#website"},"datePublished":"2016-10-09T22:07:24+00:00","dateModified":"2016-10-09T22:41:11+00:00","breadcrumb":{"@id":"https:\/\/lospoliticosveracruz.com\/?p=26816#breadcrumb"},"inLanguage":"es","potentialAction":[{"@type":"ReadAction","target":["https:\/\/lospoliticosveracruz.com\/?p=26816"]}]},{"@type":"BreadcrumbList","@id":"https:\/\/lospoliticosveracruz.com\/?p=26816#breadcrumb","itemListElement":[{"@type":"ListItem","position":1,"name":"Portada","item":"https:\/\/lospoliticosveracruz.com\/"},{"@type":"ListItem","position":2,"name":"\u00a1Mayday, SIOP! \u00a1Irregularidades a la vista!"}]},{"@type":"WebSite","@id":"https:\/\/lospoliticosveracruz.com\/#website","url":"https:\/\/lospoliticosveracruz.com\/","name":"Los pol\u00edticos Veracruz","description":"","publisher":{"@id":"https:\/\/lospoliticosveracruz.com\/#organization"},"potentialAction":[{"@type":"SearchAction","target":{"@type":"EntryPoint","urlTemplate":"https:\/\/lospoliticosveracruz.com\/?s={search_term_string}"},"query-input":{"@type":"PropertyValueSpecification","valueRequired":true,"valueName":"search_term_string"}}],"inLanguage":"es"},{"@type":"Organization","@id":"https:\/\/lospoliticosveracruz.com\/#organization","name":"Los pol\u00edticos Veracruz","url":"https:\/\/lospoliticosveracruz.com\/","logo":{"@type":"ImageObject","inLanguage":"es","@id":"https:\/\/lospoliticosveracruz.com\/#\/schema\/logo\/image\/","url":"https:\/\/lospoliticosveracruz.com\/wp-content\/uploads\/2025\/12\/Logo-Nuevo-LOS-POLITICOS-1.jpg","contentUrl":"https:\/\/lospoliticosveracruz.com\/wp-content\/uploads\/2025\/12\/Logo-Nuevo-LOS-POLITICOS-1.jpg","width":260,"height":70,"caption":"Los pol\u00edticos Veracruz"},"image":{"@id":"https:\/\/lospoliticosveracruz.com\/#\/schema\/logo\/image\/"},"sameAs":["https:\/\/www.facebook.com\/people\/Notimemes-de-los-Polticos\/61565672886568\/","https:\/\/x.com\/LosPoliticosVer"]},{"@type":"Person","@id":"https:\/\/lospoliticosveracruz.com\/#\/schema\/person\/b8702bb0e538456e6efd07080bf2a4a2","name":"Lo viste en Los Pol\u00edticos","image":{"@type":"ImageObject","inLanguage":"es","@id":"https:\/\/secure.gravatar.com\/avatar\/3a8de04a2656d44082be478bd6c086daa447c4651605818287b9532d3d0bd435?s=96&d=mm&r=g","url":"https:\/\/secure.gravatar.com\/avatar\/3a8de04a2656d44082be478bd6c086daa447c4651605818287b9532d3d0bd435?s=96&d=mm&r=g","contentUrl":"https:\/\/secure.gravatar.com\/avatar\/3a8de04a2656d44082be478bd6c086daa447c4651605818287b9532d3d0bd435?s=96&d=mm&r=g","caption":"Lo viste en Los Pol\u00edticos"},"url":"https:\/\/lospoliticosveracruz.com\/?author=2"}]}},"_links":{"self":[{"href":"https:\/\/lospoliticosveracruz.com\/index.php?rest_route=\/wp\/v2\/posts\/26816","targetHints":{"allow":["GET"]}}],"collection":[{"href":"https:\/\/lospoliticosveracruz.com\/index.php?rest_route=\/wp\/v2\/posts"}],"about":[{"href":"https:\/\/lospoliticosveracruz.com\/index.php?rest_route=\/wp\/v2\/types\/post"}],"author":[{"embeddable":true,"href":"https:\/\/lospoliticosveracruz.com\/index.php?rest_route=\/wp\/v2\/users\/2"}],"replies":[{"embeddable":true,"href":"https:\/\/lospoliticosveracruz.com\/index.php?rest_route=%2Fwp%2Fv2%2Fcomments&post=26816"}],"version-history":[{"count":2,"href":"https:\/\/lospoliticosveracruz.com\/index.php?rest_route=\/wp\/v2\/posts\/26816\/revisions"}],"predecessor-version":[{"id":26835,"href":"https:\/\/lospoliticosveracruz.com\/index.php?rest_route=\/wp\/v2\/posts\/26816\/revisions\/26835"}],"wp:attachment":[{"href":"https:\/\/lospoliticosveracruz.com\/index.php?rest_route=%2Fwp%2Fv2%2Fmedia&parent=26816"}],"wp:term":[{"taxonomy":"category","embeddable":true,"href":"https:\/\/lospoliticosveracruz.com\/index.php?rest_route=%2Fwp%2Fv2%2Fcategories&post=26816"},{"taxonomy":"post_tag","embeddable":true,"href":"https:\/\/lospoliticosveracruz.com\/index.php?rest_route=%2Fwp%2Fv2%2Ftags&post=26816"}],"curies":[{"name":"wp","href":"https:\/\/api.w.org\/{rel}","templated":true}]}}