{"id":26903,"date":"2016-10-10T16:02:23","date_gmt":"2016-10-10T21:02:23","guid":{"rendered":"http:\/\/www.lospoliticosveracruz.com.mx\/?p=26903"},"modified":"2016-10-10T16:02:23","modified_gmt":"2016-10-10T21:02:23","slug":"llamen-al-exorcista-aparecen-mas-empresas-fantasma","status":"publish","type":"post","link":"https:\/\/lospoliticosveracruz.com\/?p=26903","title":{"rendered":"\u00a1Llamen al Exorcista! \u00a1Aparecen m\u00e1s empresas fantasma!"},"content":{"rendered":"<div><em><strong>SPI Veracruz\u00a0<\/strong><\/em><\/div>\n<div>El Gobierno del estado otorg\u00f3 58 contratos m\u00e1s a la presunta red de \u00abempresas fantasmas\u00bb, precis\u00f3 el\u00a0\u00d3rgano de Fiscalizaci\u00f3n Superior (Orfis) del Estado de Veracruz en su dictamen de la Cuenta P\u00fablica de 2015.<\/div>\n<div><\/div>\n<div>Hasta el momento sumar\u00edan 131 contratos con esta red, pues a los primeros 73 que dio a conocer un medio de comunicaci\u00f3n nacional, se sumar\u00edan los 58 que informa ahora el Orfis.<\/div>\n<div><\/div>\n<div>El monto econ\u00f3mico asignado mediante estos contratos ser\u00eda de\u00a0casi 950 millones de\u00a0pesos, que fueron entregados a\u00a0compa\u00f1\u00edas que no existen en sus domicilios fiscales y cuyos accionistas tampoco son empresarios.<\/div>\n<div><\/div>\n<p>Por ello, el pasado 16 de agosto de 2016 el Orfis present\u00f3 una denuncia ante la Fiscal\u00eda Especializada en Delitos Relacionados con Hechos de Corrupci\u00f3n y Cometidos por Servidores P\u00fablicos, de la Fiscal\u00eda General del Estado, expresada en la carpeta de Investigaci\u00f3n FESP\/261\/2016-VII.<\/p>\n<div>\u201cSe mencionan 131 contratos realizados con el Gobierno del Estado en 3 Dependencias y 1 Entidad, por un importe detectado de 940.2 millones de pesos, en la que se presume que los bienes motivo de los citados contratos no fueron entregados a los respectivos beneficiarios\u201d.<\/div>\n<div><\/div>\n<div>Agrega que dicha denuncia la sustentada en las auditor\u00edas realizadas a las cuentas p\u00fablicas de los ejercicios 2012, 2013 y 2014. Y reconoce que\u00a0seg\u00fan los Servicios de Administraci\u00f3n Tributaria (SAT) al inicio de la investigaci\u00f3n\u00a0s\u00f3lo se habr\u00edan suscrito 73 contratos con diferentes Dependencias y Entidades del Gobierno del Estado de Veracruz.<\/div>\n<div><\/div>\n<div>Entre las dependencias involucradas se encuentran la Secretar\u00eda de Protecci\u00f3n Civil (SPC), la Secretar\u00eda de Desarrollo Social (Sedesol), la Secretar\u00eda de Educaci\u00f3n de Veracruz (SEV) y el Sistema para el Desarrollo Integral de la Familia del Estado (DIF Estatal), durante los a\u00f1os 2012, 2013 y 2014.<\/div>\n<div><\/div>\n<div>En cuanto a las empresas que est\u00e1n en revisi\u00f3n, detalla que se solicit\u00f3 al contralor general del estado, Ricardo Garc\u00eda Guzm\u00e1n, que deber\u00e1 validar previamente \u00a0cualquier pago que se vaya a realizar a cualquiera de las 25 empresas.<\/div>\n","protected":false},"excerpt":{"rendered":"<p>SPI Veracruz\u00a0 El Gobierno del estado otorg\u00f3 58 contratos m\u00e1s a la presunta red de \u00abempresas fantasmas\u00bb, precis\u00f3 el\u00a0\u00d3rgano de Fiscalizaci\u00f3n Superior (Orfis) del Estado de Veracruz en su dictamen de la Cuenta P\u00fablica de 2015. Hasta el momento sumar\u00edan 131 contratos con esta red, pues a los primeros 73 que dio a conocer un [&hellip;]<\/p>\n","protected":false},"author":2,"featured_media":0,"comment_status":"open","ping_status":"open","sticky":false,"template":"","format":"standard","meta":{"tdm_status":"","tdm_grid_status":"","footnotes":""},"categories":[6446],"tags":[5686,135],"class_list":{"0":"post-26903","1":"post","2":"type-post","3":"status-publish","4":"format-standard","6":"category-la-nota","7":"tag-empresas-fantasma","8":"tag-orfis"},"yoast_head":"<!-- This site is optimized with the Yoast SEO plugin v27.4 - https:\/\/yoast.com\/product\/yoast-seo-wordpress\/ -->\n<title>\u00a1Llamen al Exorcista! \u00a1Aparecen m\u00e1s empresas fantasma! - Los pol\u00edticos Veracruz<\/title>\n<meta name=\"robots\" content=\"index, follow, max-snippet:-1, max-image-preview:large, max-video-preview:-1\" \/>\n<link rel=\"canonical\" href=\"https:\/\/lospoliticosveracruz.com\/?p=26903\" \/>\n<meta property=\"og:locale\" content=\"es_ES\" \/>\n<meta property=\"og:type\" content=\"article\" \/>\n<meta property=\"og:title\" content=\"\u00a1Llamen al Exorcista! \u00a1Aparecen m\u00e1s empresas fantasma! - Los pol\u00edticos Veracruz\" \/>\n<meta property=\"og:description\" content=\"SPI Veracruz\u00a0 El Gobierno del estado otorg\u00f3 58 contratos m\u00e1s a la presunta red de \u00abempresas fantasmas\u00bb, precis\u00f3 el\u00a0\u00d3rgano de Fiscalizaci\u00f3n Superior (Orfis) del Estado de Veracruz en su dictamen de la Cuenta P\u00fablica de 2015. Hasta el momento sumar\u00edan 131 contratos con esta red, pues a los primeros 73 que dio a conocer un [&hellip;]\" \/>\n<meta property=\"og:url\" content=\"https:\/\/lospoliticosveracruz.com\/?p=26903\" \/>\n<meta property=\"og:site_name\" content=\"Los pol\u00edticos Veracruz\" \/>\n<meta property=\"article:publisher\" content=\"https:\/\/www.facebook.com\/people\/Notimemes-de-los-Polticos\/61565672886568\/\" \/>\n<meta property=\"article:published_time\" content=\"2016-10-10T21:02:23+00:00\" \/>\n<meta property=\"og:image\" content=\"https:\/\/lospoliticosveracruz.com\/wp-content\/uploads\/2016\/07\/Logo-Dor.jpg\" \/>\n\t<meta property=\"og:image:width\" content=\"200\" \/>\n\t<meta property=\"og:image:height\" content=\"200\" \/>\n\t<meta property=\"og:image:type\" content=\"image\/jpeg\" \/>\n<meta name=\"author\" content=\"Lo viste en Los Pol\u00edticos\" \/>\n<meta name=\"twitter:card\" content=\"summary_large_image\" \/>\n<meta name=\"twitter:creator\" content=\"@LosPoliticosVer\" \/>\n<meta name=\"twitter:site\" content=\"@LosPoliticosVer\" \/>\n<meta name=\"twitter:label1\" content=\"Escrito por\" \/>\n\t<meta name=\"twitter:data1\" content=\"Lo viste en Los Pol\u00edticos\" \/>\n\t<meta name=\"twitter:label2\" content=\"Tiempo de lectura\" \/>\n\t<meta name=\"twitter:data2\" content=\"2 minutos\" \/>\n<script type=\"application\/ld+json\" class=\"yoast-schema-graph\">{\"@context\":\"https:\\\/\\\/schema.org\",\"@graph\":[{\"@type\":\"Article\",\"@id\":\"https:\\\/\\\/lospoliticosveracruz.com\\\/?p=26903#article\",\"isPartOf\":{\"@id\":\"https:\\\/\\\/lospoliticosveracruz.com\\\/?p=26903\"},\"author\":{\"name\":\"Lo viste en Los Pol\u00edticos\",\"@id\":\"https:\\\/\\\/lospoliticosveracruz.com\\\/#\\\/schema\\\/person\\\/b8702bb0e538456e6efd07080bf2a4a2\"},\"headline\":\"\u00a1Llamen al Exorcista! \u00a1Aparecen m\u00e1s empresas fantasma!\",\"datePublished\":\"2016-10-10T21:02:23+00:00\",\"mainEntityOfPage\":{\"@id\":\"https:\\\/\\\/lospoliticosveracruz.com\\\/?p=26903\"},\"wordCount\":346,\"commentCount\":0,\"publisher\":{\"@id\":\"https:\\\/\\\/lospoliticosveracruz.com\\\/#organization\"},\"keywords\":[\"empresas fantasma\",\"Orfis\"],\"articleSection\":[\"La Nota\"],\"inLanguage\":\"es\",\"potentialAction\":[{\"@type\":\"CommentAction\",\"name\":\"Comment\",\"target\":[\"https:\\\/\\\/lospoliticosveracruz.com\\\/?p=26903#respond\"]}]},{\"@type\":\"WebPage\",\"@id\":\"https:\\\/\\\/lospoliticosveracruz.com\\\/?p=26903\",\"url\":\"https:\\\/\\\/lospoliticosveracruz.com\\\/?p=26903\",\"name\":\"\u00a1Llamen al Exorcista! \u00a1Aparecen m\u00e1s empresas fantasma! - Los pol\u00edticos Veracruz\",\"isPartOf\":{\"@id\":\"https:\\\/\\\/lospoliticosveracruz.com\\\/#website\"},\"datePublished\":\"2016-10-10T21:02:23+00:00\",\"breadcrumb\":{\"@id\":\"https:\\\/\\\/lospoliticosveracruz.com\\\/?p=26903#breadcrumb\"},\"inLanguage\":\"es\",\"potentialAction\":[{\"@type\":\"ReadAction\",\"target\":[\"https:\\\/\\\/lospoliticosveracruz.com\\\/?p=26903\"]}]},{\"@type\":\"BreadcrumbList\",\"@id\":\"https:\\\/\\\/lospoliticosveracruz.com\\\/?p=26903#breadcrumb\",\"itemListElement\":[{\"@type\":\"ListItem\",\"position\":1,\"name\":\"Portada\",\"item\":\"https:\\\/\\\/lospoliticosveracruz.com\\\/\"},{\"@type\":\"ListItem\",\"position\":2,\"name\":\"\u00a1Llamen al Exorcista! \u00a1Aparecen m\u00e1s empresas fantasma!\"}]},{\"@type\":\"WebSite\",\"@id\":\"https:\\\/\\\/lospoliticosveracruz.com\\\/#website\",\"url\":\"https:\\\/\\\/lospoliticosveracruz.com\\\/\",\"name\":\"Los pol\u00edticos Veracruz\",\"description\":\"\",\"publisher\":{\"@id\":\"https:\\\/\\\/lospoliticosveracruz.com\\\/#organization\"},\"potentialAction\":[{\"@type\":\"SearchAction\",\"target\":{\"@type\":\"EntryPoint\",\"urlTemplate\":\"https:\\\/\\\/lospoliticosveracruz.com\\\/?s={search_term_string}\"},\"query-input\":{\"@type\":\"PropertyValueSpecification\",\"valueRequired\":true,\"valueName\":\"search_term_string\"}}],\"inLanguage\":\"es\"},{\"@type\":\"Organization\",\"@id\":\"https:\\\/\\\/lospoliticosveracruz.com\\\/#organization\",\"name\":\"Los pol\u00edticos Veracruz\",\"url\":\"https:\\\/\\\/lospoliticosveracruz.com\\\/\",\"logo\":{\"@type\":\"ImageObject\",\"inLanguage\":\"es\",\"@id\":\"https:\\\/\\\/lospoliticosveracruz.com\\\/#\\\/schema\\\/logo\\\/image\\\/\",\"url\":\"https:\\\/\\\/lospoliticosveracruz.com\\\/wp-content\\\/uploads\\\/2025\\\/12\\\/Logo-Nuevo-LOS-POLITICOS-1.jpg\",\"contentUrl\":\"https:\\\/\\\/lospoliticosveracruz.com\\\/wp-content\\\/uploads\\\/2025\\\/12\\\/Logo-Nuevo-LOS-POLITICOS-1.jpg\",\"width\":260,\"height\":70,\"caption\":\"Los pol\u00edticos Veracruz\"},\"image\":{\"@id\":\"https:\\\/\\\/lospoliticosveracruz.com\\\/#\\\/schema\\\/logo\\\/image\\\/\"},\"sameAs\":[\"https:\\\/\\\/www.facebook.com\\\/people\\\/Notimemes-de-los-Polticos\\\/61565672886568\\\/\",\"https:\\\/\\\/x.com\\\/LosPoliticosVer\"]},{\"@type\":\"Person\",\"@id\":\"https:\\\/\\\/lospoliticosveracruz.com\\\/#\\\/schema\\\/person\\\/b8702bb0e538456e6efd07080bf2a4a2\",\"name\":\"Lo viste en Los Pol\u00edticos\",\"image\":{\"@type\":\"ImageObject\",\"inLanguage\":\"es\",\"@id\":\"https:\\\/\\\/secure.gravatar.com\\\/avatar\\\/3a8de04a2656d44082be478bd6c086daa447c4651605818287b9532d3d0bd435?s=96&d=mm&r=g\",\"url\":\"https:\\\/\\\/secure.gravatar.com\\\/avatar\\\/3a8de04a2656d44082be478bd6c086daa447c4651605818287b9532d3d0bd435?s=96&d=mm&r=g\",\"contentUrl\":\"https:\\\/\\\/secure.gravatar.com\\\/avatar\\\/3a8de04a2656d44082be478bd6c086daa447c4651605818287b9532d3d0bd435?s=96&d=mm&r=g\",\"caption\":\"Lo viste en Los Pol\u00edticos\"},\"url\":\"https:\\\/\\\/lospoliticosveracruz.com\\\/?author=2\"}]}<\/script>\n<!-- \/ Yoast SEO plugin. -->","yoast_head_json":{"title":"\u00a1Llamen al Exorcista! \u00a1Aparecen m\u00e1s empresas fantasma! - Los pol\u00edticos Veracruz","robots":{"index":"index","follow":"follow","max-snippet":"max-snippet:-1","max-image-preview":"max-image-preview:large","max-video-preview":"max-video-preview:-1"},"canonical":"https:\/\/lospoliticosveracruz.com\/?p=26903","og_locale":"es_ES","og_type":"article","og_title":"\u00a1Llamen al Exorcista! \u00a1Aparecen m\u00e1s empresas fantasma! - Los pol\u00edticos Veracruz","og_description":"SPI Veracruz\u00a0 El Gobierno del estado otorg\u00f3 58 contratos m\u00e1s a la presunta red de \u00abempresas fantasmas\u00bb, precis\u00f3 el\u00a0\u00d3rgano de Fiscalizaci\u00f3n Superior (Orfis) del Estado de Veracruz en su dictamen de la Cuenta P\u00fablica de 2015. Hasta el momento sumar\u00edan 131 contratos con esta red, pues a los primeros 73 que dio a conocer un [&hellip;]","og_url":"https:\/\/lospoliticosveracruz.com\/?p=26903","og_site_name":"Los pol\u00edticos Veracruz","article_publisher":"https:\/\/www.facebook.com\/people\/Notimemes-de-los-Polticos\/61565672886568\/","article_published_time":"2016-10-10T21:02:23+00:00","og_image":[{"width":200,"height":200,"url":"https:\/\/lospoliticosveracruz.com\/wp-content\/uploads\/2016\/07\/Logo-Dor.jpg","type":"image\/jpeg"}],"author":"Lo viste en Los Pol\u00edticos","twitter_card":"summary_large_image","twitter_creator":"@LosPoliticosVer","twitter_site":"@LosPoliticosVer","twitter_misc":{"Escrito por":"Lo viste en Los Pol\u00edticos","Tiempo de lectura":"2 minutos"},"schema":{"@context":"https:\/\/schema.org","@graph":[{"@type":"Article","@id":"https:\/\/lospoliticosveracruz.com\/?p=26903#article","isPartOf":{"@id":"https:\/\/lospoliticosveracruz.com\/?p=26903"},"author":{"name":"Lo viste en Los Pol\u00edticos","@id":"https:\/\/lospoliticosveracruz.com\/#\/schema\/person\/b8702bb0e538456e6efd07080bf2a4a2"},"headline":"\u00a1Llamen al Exorcista! \u00a1Aparecen m\u00e1s empresas fantasma!","datePublished":"2016-10-10T21:02:23+00:00","mainEntityOfPage":{"@id":"https:\/\/lospoliticosveracruz.com\/?p=26903"},"wordCount":346,"commentCount":0,"publisher":{"@id":"https:\/\/lospoliticosveracruz.com\/#organization"},"keywords":["empresas fantasma","Orfis"],"articleSection":["La Nota"],"inLanguage":"es","potentialAction":[{"@type":"CommentAction","name":"Comment","target":["https:\/\/lospoliticosveracruz.com\/?p=26903#respond"]}]},{"@type":"WebPage","@id":"https:\/\/lospoliticosveracruz.com\/?p=26903","url":"https:\/\/lospoliticosveracruz.com\/?p=26903","name":"\u00a1Llamen al Exorcista! \u00a1Aparecen m\u00e1s empresas fantasma! - Los pol\u00edticos Veracruz","isPartOf":{"@id":"https:\/\/lospoliticosveracruz.com\/#website"},"datePublished":"2016-10-10T21:02:23+00:00","breadcrumb":{"@id":"https:\/\/lospoliticosveracruz.com\/?p=26903#breadcrumb"},"inLanguage":"es","potentialAction":[{"@type":"ReadAction","target":["https:\/\/lospoliticosveracruz.com\/?p=26903"]}]},{"@type":"BreadcrumbList","@id":"https:\/\/lospoliticosveracruz.com\/?p=26903#breadcrumb","itemListElement":[{"@type":"ListItem","position":1,"name":"Portada","item":"https:\/\/lospoliticosveracruz.com\/"},{"@type":"ListItem","position":2,"name":"\u00a1Llamen al Exorcista! \u00a1Aparecen m\u00e1s empresas fantasma!"}]},{"@type":"WebSite","@id":"https:\/\/lospoliticosveracruz.com\/#website","url":"https:\/\/lospoliticosveracruz.com\/","name":"Los pol\u00edticos Veracruz","description":"","publisher":{"@id":"https:\/\/lospoliticosveracruz.com\/#organization"},"potentialAction":[{"@type":"SearchAction","target":{"@type":"EntryPoint","urlTemplate":"https:\/\/lospoliticosveracruz.com\/?s={search_term_string}"},"query-input":{"@type":"PropertyValueSpecification","valueRequired":true,"valueName":"search_term_string"}}],"inLanguage":"es"},{"@type":"Organization","@id":"https:\/\/lospoliticosveracruz.com\/#organization","name":"Los pol\u00edticos Veracruz","url":"https:\/\/lospoliticosveracruz.com\/","logo":{"@type":"ImageObject","inLanguage":"es","@id":"https:\/\/lospoliticosveracruz.com\/#\/schema\/logo\/image\/","url":"https:\/\/lospoliticosveracruz.com\/wp-content\/uploads\/2025\/12\/Logo-Nuevo-LOS-POLITICOS-1.jpg","contentUrl":"https:\/\/lospoliticosveracruz.com\/wp-content\/uploads\/2025\/12\/Logo-Nuevo-LOS-POLITICOS-1.jpg","width":260,"height":70,"caption":"Los pol\u00edticos Veracruz"},"image":{"@id":"https:\/\/lospoliticosveracruz.com\/#\/schema\/logo\/image\/"},"sameAs":["https:\/\/www.facebook.com\/people\/Notimemes-de-los-Polticos\/61565672886568\/","https:\/\/x.com\/LosPoliticosVer"]},{"@type":"Person","@id":"https:\/\/lospoliticosveracruz.com\/#\/schema\/person\/b8702bb0e538456e6efd07080bf2a4a2","name":"Lo viste en Los Pol\u00edticos","image":{"@type":"ImageObject","inLanguage":"es","@id":"https:\/\/secure.gravatar.com\/avatar\/3a8de04a2656d44082be478bd6c086daa447c4651605818287b9532d3d0bd435?s=96&d=mm&r=g","url":"https:\/\/secure.gravatar.com\/avatar\/3a8de04a2656d44082be478bd6c086daa447c4651605818287b9532d3d0bd435?s=96&d=mm&r=g","contentUrl":"https:\/\/secure.gravatar.com\/avatar\/3a8de04a2656d44082be478bd6c086daa447c4651605818287b9532d3d0bd435?s=96&d=mm&r=g","caption":"Lo viste en Los Pol\u00edticos"},"url":"https:\/\/lospoliticosveracruz.com\/?author=2"}]}},"_links":{"self":[{"href":"https:\/\/lospoliticosveracruz.com\/index.php?rest_route=\/wp\/v2\/posts\/26903","targetHints":{"allow":["GET"]}}],"collection":[{"href":"https:\/\/lospoliticosveracruz.com\/index.php?rest_route=\/wp\/v2\/posts"}],"about":[{"href":"https:\/\/lospoliticosveracruz.com\/index.php?rest_route=\/wp\/v2\/types\/post"}],"author":[{"embeddable":true,"href":"https:\/\/lospoliticosveracruz.com\/index.php?rest_route=\/wp\/v2\/users\/2"}],"replies":[{"embeddable":true,"href":"https:\/\/lospoliticosveracruz.com\/index.php?rest_route=%2Fwp%2Fv2%2Fcomments&post=26903"}],"version-history":[{"count":2,"href":"https:\/\/lospoliticosveracruz.com\/index.php?rest_route=\/wp\/v2\/posts\/26903\/revisions"}],"predecessor-version":[{"id":26907,"href":"https:\/\/lospoliticosveracruz.com\/index.php?rest_route=\/wp\/v2\/posts\/26903\/revisions\/26907"}],"wp:attachment":[{"href":"https:\/\/lospoliticosveracruz.com\/index.php?rest_route=%2Fwp%2Fv2%2Fmedia&parent=26903"}],"wp:term":[{"taxonomy":"category","embeddable":true,"href":"https:\/\/lospoliticosveracruz.com\/index.php?rest_route=%2Fwp%2Fv2%2Fcategories&post=26903"},{"taxonomy":"post_tag","embeddable":true,"href":"https:\/\/lospoliticosveracruz.com\/index.php?rest_route=%2Fwp%2Fv2%2Ftags&post=26903"}],"curies":[{"name":"wp","href":"https:\/\/api.w.org\/{rel}","templated":true}]}}