{"id":27058,"date":"2016-10-15T12:21:26","date_gmt":"2016-10-15T17:21:26","guid":{"rendered":"http:\/\/www.lospoliticosveracruz.com.mx\/?p=27058"},"modified":"2016-10-15T12:21:26","modified_gmt":"2016-10-15T17:21:26","slug":"e-da-banquetao-grappa-con-la-ev","status":"publish","type":"post","link":"https:\/\/lospoliticosveracruz.com\/?p=27058","title":{"rendered":"$e da banqueta$o Grappa con la $EV"},"content":{"rendered":"<p><em><strong>SPI Veracruz<\/strong><\/em><\/p>\n<p>La hermana del titular de la Secretar\u00eda de Turismo y Cultura (Sectur), Harry Grappa G\u00fazman fue beneficiada con contratos de banquetes, suministro de paquetes alimentarios, arrendamiento de autobuses y veh\u00edculos de lujo.<\/p>\n<p>La Secretar\u00eda de Educaci\u00f3n de Veracruz (SEV) le dio contratos millonarios a Adriana Grappa Guzm\u00e1n, a la cual al ver que ten\u00edan retrasos en el pago de sus \u201cservicios\u201d present\u00f3 demandas mercantiles en contra del gobierno de Javier Duarte de Ochoa.<\/p>\n<p>De acuerdo con los resultados de las auditor\u00edas de la Cuenta P\u00fablica del 2015, que se encuentra en an\u00e1lisis en el Congreso del Estado, la hermana del funcionario estatal demand\u00f3 mercantilmente al gobierno estatal 9 millones 400 mil pesos..<\/p>\n<p>Los auditores encontraron que como parte del juicio mercantil, la dependencia pag\u00f3 la mayor parte del adeudo a la hermana de Secretario de Turismo y s\u00f3lo estaban pendientes de pagar 34 mil pesos de las facturas A000001213, A000001374, A000001499, B000000120 y B000000122.<\/p>\n<p>La Observaci\u00f3n N\u00famero FP-016\/2015\/005 ADM, explica que la querella fue\u00a0 por el incumplimiento de pago derivado de la prestaci\u00f3n de servicio de banquetes y suministros de paquetes alimentarios para eventos sociales y pol\u00edticos realizados por parte de la Secretar\u00eda.<\/p>\n<p>Adem\u00e1s, la empresa de Grappa Guzm\u00e1n rent\u00f3 al gobierno autobuses, suburbans y veh\u00edculos de lujo, importe \u2013se\u00f1alan los resultados de las auditor\u00edas- que no se relaciona con un concepto de gasto sustantivo para la Secretar\u00eda.<\/p>\n<p>La SEV, por demandas mercantiles, se le demand\u00f3 el pago de casi 40 millones de pesos por servicios prestados que van desde banquetes, pr\u00e9stamo de camionetas,\u00a0 suburbans y veh\u00edculos de lujo, as\u00ed como alquiler de mobiliario y equipo para eventos, impartici\u00f3n de cursos y diplomados.<\/p>\n<p>En deudas a proveedores, la SEV acumul\u00f3 el a\u00f1o pasado cerca de 40 millones de pesos por renta de unidades y autobuses, contrataci\u00f3n de banquetes, as\u00ed como por talleres, cursos ofrecidos y hasta por la venta de boletos a la poblaci\u00f3n estudiantil.<\/p>\n<p>Algunos de los adeudos son a Tecnolog\u00eda Educativa Galileo, que reclama el pago de 14 millones 741 mil pesos, por el incumplimiento de pago por un \u201cCurso de capacitaci\u00f3n para profesores\u201d. Aunque en el expediente no se encontr\u00f3 evidencia documental relacionada con la licitaci\u00f3n correspondiente.<\/p>\n<p>La misma empresa reclama otro pago por 8 millones 800 mil pesos\u00a0 por la falta de formalizaci\u00f3n contractual por la \u201cimpartici\u00f3n de un Diplomado de Innovaci\u00f3n en el Aprendizaje con Apoyo de Tecnolog\u00eda y Cursos de Matem\u00e1ticas para Estudiantes\u201d.<\/p>\n<p>A la dependencia la tienen demandada hasta por la venta de 10 mil boletos para el segundo gran sorteo UV, el cual ascender\u00eda a 2 millones de pesos.<\/p>\n","protected":false},"excerpt":{"rendered":"<p>SPI Veracruz La hermana del titular de la Secretar\u00eda de Turismo y Cultura (Sectur), Harry Grappa G\u00fazman fue beneficiada con contratos de banquetes, suministro de paquetes alimentarios, arrendamiento de autobuses y veh\u00edculos de lujo. La Secretar\u00eda de Educaci\u00f3n de Veracruz (SEV) le dio contratos millonarios a Adriana Grappa Guzm\u00e1n, a la cual al ver que [&hellip;]<\/p>\n","protected":false},"author":2,"featured_media":0,"comment_status":"open","ping_status":"open","sticky":false,"template":"","format":"standard","meta":{"tdm_status":"","tdm_grid_status":"","footnotes":""},"categories":[6446],"tags":[2155,6511],"class_list":{"0":"post-27058","1":"post","2":"type-post","3":"status-publish","4":"format-standard","6":"category-la-nota","7":"tag-harry-grappa-guzman","8":"tag-sector"},"yoast_head":"<!-- This site is optimized with the Yoast SEO plugin v27.4 - https:\/\/yoast.com\/product\/yoast-seo-wordpress\/ -->\n<title>$e da banqueta$o Grappa con la $EV - Los pol\u00edticos Veracruz<\/title>\n<meta name=\"robots\" content=\"index, follow, max-snippet:-1, max-image-preview:large, max-video-preview:-1\" \/>\n<link rel=\"canonical\" href=\"https:\/\/lospoliticosveracruz.com\/?p=27058\" \/>\n<meta property=\"og:locale\" content=\"es_ES\" \/>\n<meta property=\"og:type\" content=\"article\" \/>\n<meta property=\"og:title\" content=\"$e da banqueta$o Grappa con la $EV - Los pol\u00edticos Veracruz\" \/>\n<meta property=\"og:description\" content=\"SPI Veracruz La hermana del titular de la Secretar\u00eda de Turismo y Cultura (Sectur), Harry Grappa G\u00fazman fue beneficiada con contratos de banquetes, suministro de paquetes alimentarios, arrendamiento de autobuses y veh\u00edculos de lujo. La Secretar\u00eda de Educaci\u00f3n de Veracruz (SEV) le dio contratos millonarios a Adriana Grappa Guzm\u00e1n, a la cual al ver que [&hellip;]\" \/>\n<meta property=\"og:url\" content=\"https:\/\/lospoliticosveracruz.com\/?p=27058\" \/>\n<meta property=\"og:site_name\" content=\"Los pol\u00edticos Veracruz\" \/>\n<meta property=\"article:publisher\" content=\"https:\/\/www.facebook.com\/people\/Notimemes-de-los-Polticos\/61565672886568\/\" \/>\n<meta property=\"article:published_time\" content=\"2016-10-15T17:21:26+00:00\" \/>\n<meta property=\"og:image\" content=\"https:\/\/lospoliticosveracruz.com\/wp-content\/uploads\/2016\/07\/Logo-Dor.jpg\" \/>\n\t<meta property=\"og:image:width\" content=\"200\" \/>\n\t<meta property=\"og:image:height\" content=\"200\" \/>\n\t<meta property=\"og:image:type\" content=\"image\/jpeg\" \/>\n<meta name=\"author\" content=\"Lo viste en Los Pol\u00edticos\" \/>\n<meta name=\"twitter:card\" content=\"summary_large_image\" \/>\n<meta name=\"twitter:creator\" content=\"@LosPoliticosVer\" \/>\n<meta name=\"twitter:site\" content=\"@LosPoliticosVer\" \/>\n<meta name=\"twitter:label1\" content=\"Escrito por\" \/>\n\t<meta name=\"twitter:data1\" content=\"Lo viste en Los Pol\u00edticos\" \/>\n\t<meta name=\"twitter:label2\" content=\"Tiempo de lectura\" \/>\n\t<meta name=\"twitter:data2\" content=\"2 minutos\" \/>\n<script type=\"application\/ld+json\" class=\"yoast-schema-graph\">{\"@context\":\"https:\\\/\\\/schema.org\",\"@graph\":[{\"@type\":\"Article\",\"@id\":\"https:\\\/\\\/lospoliticosveracruz.com\\\/?p=27058#article\",\"isPartOf\":{\"@id\":\"https:\\\/\\\/lospoliticosveracruz.com\\\/?p=27058\"},\"author\":{\"name\":\"Lo viste en Los Pol\u00edticos\",\"@id\":\"https:\\\/\\\/lospoliticosveracruz.com\\\/#\\\/schema\\\/person\\\/b8702bb0e538456e6efd07080bf2a4a2\"},\"headline\":\"$e da banqueta$o Grappa con la $EV\",\"datePublished\":\"2016-10-15T17:21:26+00:00\",\"mainEntityOfPage\":{\"@id\":\"https:\\\/\\\/lospoliticosveracruz.com\\\/?p=27058\"},\"wordCount\":462,\"commentCount\":0,\"publisher\":{\"@id\":\"https:\\\/\\\/lospoliticosveracruz.com\\\/#organization\"},\"keywords\":[\"Harry Grappa Guzm\u00e1n\",\"Sector\"],\"articleSection\":[\"La Nota\"],\"inLanguage\":\"es\",\"potentialAction\":[{\"@type\":\"CommentAction\",\"name\":\"Comment\",\"target\":[\"https:\\\/\\\/lospoliticosveracruz.com\\\/?p=27058#respond\"]}]},{\"@type\":\"WebPage\",\"@id\":\"https:\\\/\\\/lospoliticosveracruz.com\\\/?p=27058\",\"url\":\"https:\\\/\\\/lospoliticosveracruz.com\\\/?p=27058\",\"name\":\"$e da banqueta$o Grappa con la $EV - Los pol\u00edticos Veracruz\",\"isPartOf\":{\"@id\":\"https:\\\/\\\/lospoliticosveracruz.com\\\/#website\"},\"datePublished\":\"2016-10-15T17:21:26+00:00\",\"breadcrumb\":{\"@id\":\"https:\\\/\\\/lospoliticosveracruz.com\\\/?p=27058#breadcrumb\"},\"inLanguage\":\"es\",\"potentialAction\":[{\"@type\":\"ReadAction\",\"target\":[\"https:\\\/\\\/lospoliticosveracruz.com\\\/?p=27058\"]}]},{\"@type\":\"BreadcrumbList\",\"@id\":\"https:\\\/\\\/lospoliticosveracruz.com\\\/?p=27058#breadcrumb\",\"itemListElement\":[{\"@type\":\"ListItem\",\"position\":1,\"name\":\"Portada\",\"item\":\"https:\\\/\\\/lospoliticosveracruz.com\\\/\"},{\"@type\":\"ListItem\",\"position\":2,\"name\":\"$e da banqueta$o Grappa con la $EV\"}]},{\"@type\":\"WebSite\",\"@id\":\"https:\\\/\\\/lospoliticosveracruz.com\\\/#website\",\"url\":\"https:\\\/\\\/lospoliticosveracruz.com\\\/\",\"name\":\"Los pol\u00edticos Veracruz\",\"description\":\"\",\"publisher\":{\"@id\":\"https:\\\/\\\/lospoliticosveracruz.com\\\/#organization\"},\"potentialAction\":[{\"@type\":\"SearchAction\",\"target\":{\"@type\":\"EntryPoint\",\"urlTemplate\":\"https:\\\/\\\/lospoliticosveracruz.com\\\/?s={search_term_string}\"},\"query-input\":{\"@type\":\"PropertyValueSpecification\",\"valueRequired\":true,\"valueName\":\"search_term_string\"}}],\"inLanguage\":\"es\"},{\"@type\":\"Organization\",\"@id\":\"https:\\\/\\\/lospoliticosveracruz.com\\\/#organization\",\"name\":\"Los pol\u00edticos Veracruz\",\"url\":\"https:\\\/\\\/lospoliticosveracruz.com\\\/\",\"logo\":{\"@type\":\"ImageObject\",\"inLanguage\":\"es\",\"@id\":\"https:\\\/\\\/lospoliticosveracruz.com\\\/#\\\/schema\\\/logo\\\/image\\\/\",\"url\":\"https:\\\/\\\/lospoliticosveracruz.com\\\/wp-content\\\/uploads\\\/2025\\\/12\\\/Logo-Nuevo-LOS-POLITICOS-1.jpg\",\"contentUrl\":\"https:\\\/\\\/lospoliticosveracruz.com\\\/wp-content\\\/uploads\\\/2025\\\/12\\\/Logo-Nuevo-LOS-POLITICOS-1.jpg\",\"width\":260,\"height\":70,\"caption\":\"Los pol\u00edticos Veracruz\"},\"image\":{\"@id\":\"https:\\\/\\\/lospoliticosveracruz.com\\\/#\\\/schema\\\/logo\\\/image\\\/\"},\"sameAs\":[\"https:\\\/\\\/www.facebook.com\\\/people\\\/Notimemes-de-los-Polticos\\\/61565672886568\\\/\",\"https:\\\/\\\/x.com\\\/LosPoliticosVer\"]},{\"@type\":\"Person\",\"@id\":\"https:\\\/\\\/lospoliticosveracruz.com\\\/#\\\/schema\\\/person\\\/b8702bb0e538456e6efd07080bf2a4a2\",\"name\":\"Lo viste en Los Pol\u00edticos\",\"image\":{\"@type\":\"ImageObject\",\"inLanguage\":\"es\",\"@id\":\"https:\\\/\\\/secure.gravatar.com\\\/avatar\\\/3a8de04a2656d44082be478bd6c086daa447c4651605818287b9532d3d0bd435?s=96&d=mm&r=g\",\"url\":\"https:\\\/\\\/secure.gravatar.com\\\/avatar\\\/3a8de04a2656d44082be478bd6c086daa447c4651605818287b9532d3d0bd435?s=96&d=mm&r=g\",\"contentUrl\":\"https:\\\/\\\/secure.gravatar.com\\\/avatar\\\/3a8de04a2656d44082be478bd6c086daa447c4651605818287b9532d3d0bd435?s=96&d=mm&r=g\",\"caption\":\"Lo viste en Los Pol\u00edticos\"},\"url\":\"https:\\\/\\\/lospoliticosveracruz.com\\\/?author=2\"}]}<\/script>\n<!-- \/ Yoast SEO plugin. -->","yoast_head_json":{"title":"$e da banqueta$o Grappa con la $EV - Los pol\u00edticos Veracruz","robots":{"index":"index","follow":"follow","max-snippet":"max-snippet:-1","max-image-preview":"max-image-preview:large","max-video-preview":"max-video-preview:-1"},"canonical":"https:\/\/lospoliticosveracruz.com\/?p=27058","og_locale":"es_ES","og_type":"article","og_title":"$e da banqueta$o Grappa con la $EV - Los pol\u00edticos Veracruz","og_description":"SPI Veracruz La hermana del titular de la Secretar\u00eda de Turismo y Cultura (Sectur), Harry Grappa G\u00fazman fue beneficiada con contratos de banquetes, suministro de paquetes alimentarios, arrendamiento de autobuses y veh\u00edculos de lujo. La Secretar\u00eda de Educaci\u00f3n de Veracruz (SEV) le dio contratos millonarios a Adriana Grappa Guzm\u00e1n, a la cual al ver que [&hellip;]","og_url":"https:\/\/lospoliticosveracruz.com\/?p=27058","og_site_name":"Los pol\u00edticos Veracruz","article_publisher":"https:\/\/www.facebook.com\/people\/Notimemes-de-los-Polticos\/61565672886568\/","article_published_time":"2016-10-15T17:21:26+00:00","og_image":[{"width":200,"height":200,"url":"https:\/\/lospoliticosveracruz.com\/wp-content\/uploads\/2016\/07\/Logo-Dor.jpg","type":"image\/jpeg"}],"author":"Lo viste en Los Pol\u00edticos","twitter_card":"summary_large_image","twitter_creator":"@LosPoliticosVer","twitter_site":"@LosPoliticosVer","twitter_misc":{"Escrito por":"Lo viste en Los Pol\u00edticos","Tiempo de lectura":"2 minutos"},"schema":{"@context":"https:\/\/schema.org","@graph":[{"@type":"Article","@id":"https:\/\/lospoliticosveracruz.com\/?p=27058#article","isPartOf":{"@id":"https:\/\/lospoliticosveracruz.com\/?p=27058"},"author":{"name":"Lo viste en Los Pol\u00edticos","@id":"https:\/\/lospoliticosveracruz.com\/#\/schema\/person\/b8702bb0e538456e6efd07080bf2a4a2"},"headline":"$e da banqueta$o Grappa con la $EV","datePublished":"2016-10-15T17:21:26+00:00","mainEntityOfPage":{"@id":"https:\/\/lospoliticosveracruz.com\/?p=27058"},"wordCount":462,"commentCount":0,"publisher":{"@id":"https:\/\/lospoliticosveracruz.com\/#organization"},"keywords":["Harry Grappa Guzm\u00e1n","Sector"],"articleSection":["La Nota"],"inLanguage":"es","potentialAction":[{"@type":"CommentAction","name":"Comment","target":["https:\/\/lospoliticosveracruz.com\/?p=27058#respond"]}]},{"@type":"WebPage","@id":"https:\/\/lospoliticosveracruz.com\/?p=27058","url":"https:\/\/lospoliticosveracruz.com\/?p=27058","name":"$e da banqueta$o Grappa con la $EV - Los pol\u00edticos Veracruz","isPartOf":{"@id":"https:\/\/lospoliticosveracruz.com\/#website"},"datePublished":"2016-10-15T17:21:26+00:00","breadcrumb":{"@id":"https:\/\/lospoliticosveracruz.com\/?p=27058#breadcrumb"},"inLanguage":"es","potentialAction":[{"@type":"ReadAction","target":["https:\/\/lospoliticosveracruz.com\/?p=27058"]}]},{"@type":"BreadcrumbList","@id":"https:\/\/lospoliticosveracruz.com\/?p=27058#breadcrumb","itemListElement":[{"@type":"ListItem","position":1,"name":"Portada","item":"https:\/\/lospoliticosveracruz.com\/"},{"@type":"ListItem","position":2,"name":"$e da banqueta$o Grappa con la $EV"}]},{"@type":"WebSite","@id":"https:\/\/lospoliticosveracruz.com\/#website","url":"https:\/\/lospoliticosveracruz.com\/","name":"Los pol\u00edticos Veracruz","description":"","publisher":{"@id":"https:\/\/lospoliticosveracruz.com\/#organization"},"potentialAction":[{"@type":"SearchAction","target":{"@type":"EntryPoint","urlTemplate":"https:\/\/lospoliticosveracruz.com\/?s={search_term_string}"},"query-input":{"@type":"PropertyValueSpecification","valueRequired":true,"valueName":"search_term_string"}}],"inLanguage":"es"},{"@type":"Organization","@id":"https:\/\/lospoliticosveracruz.com\/#organization","name":"Los pol\u00edticos Veracruz","url":"https:\/\/lospoliticosveracruz.com\/","logo":{"@type":"ImageObject","inLanguage":"es","@id":"https:\/\/lospoliticosveracruz.com\/#\/schema\/logo\/image\/","url":"https:\/\/lospoliticosveracruz.com\/wp-content\/uploads\/2025\/12\/Logo-Nuevo-LOS-POLITICOS-1.jpg","contentUrl":"https:\/\/lospoliticosveracruz.com\/wp-content\/uploads\/2025\/12\/Logo-Nuevo-LOS-POLITICOS-1.jpg","width":260,"height":70,"caption":"Los pol\u00edticos Veracruz"},"image":{"@id":"https:\/\/lospoliticosveracruz.com\/#\/schema\/logo\/image\/"},"sameAs":["https:\/\/www.facebook.com\/people\/Notimemes-de-los-Polticos\/61565672886568\/","https:\/\/x.com\/LosPoliticosVer"]},{"@type":"Person","@id":"https:\/\/lospoliticosveracruz.com\/#\/schema\/person\/b8702bb0e538456e6efd07080bf2a4a2","name":"Lo viste en Los Pol\u00edticos","image":{"@type":"ImageObject","inLanguage":"es","@id":"https:\/\/secure.gravatar.com\/avatar\/3a8de04a2656d44082be478bd6c086daa447c4651605818287b9532d3d0bd435?s=96&d=mm&r=g","url":"https:\/\/secure.gravatar.com\/avatar\/3a8de04a2656d44082be478bd6c086daa447c4651605818287b9532d3d0bd435?s=96&d=mm&r=g","contentUrl":"https:\/\/secure.gravatar.com\/avatar\/3a8de04a2656d44082be478bd6c086daa447c4651605818287b9532d3d0bd435?s=96&d=mm&r=g","caption":"Lo viste en Los Pol\u00edticos"},"url":"https:\/\/lospoliticosveracruz.com\/?author=2"}]}},"_links":{"self":[{"href":"https:\/\/lospoliticosveracruz.com\/index.php?rest_route=\/wp\/v2\/posts\/27058","targetHints":{"allow":["GET"]}}],"collection":[{"href":"https:\/\/lospoliticosveracruz.com\/index.php?rest_route=\/wp\/v2\/posts"}],"about":[{"href":"https:\/\/lospoliticosveracruz.com\/index.php?rest_route=\/wp\/v2\/types\/post"}],"author":[{"embeddable":true,"href":"https:\/\/lospoliticosveracruz.com\/index.php?rest_route=\/wp\/v2\/users\/2"}],"replies":[{"embeddable":true,"href":"https:\/\/lospoliticosveracruz.com\/index.php?rest_route=%2Fwp%2Fv2%2Fcomments&post=27058"}],"version-history":[{"count":1,"href":"https:\/\/lospoliticosveracruz.com\/index.php?rest_route=\/wp\/v2\/posts\/27058\/revisions"}],"predecessor-version":[{"id":27060,"href":"https:\/\/lospoliticosveracruz.com\/index.php?rest_route=\/wp\/v2\/posts\/27058\/revisions\/27060"}],"wp:attachment":[{"href":"https:\/\/lospoliticosveracruz.com\/index.php?rest_route=%2Fwp%2Fv2%2Fmedia&parent=27058"}],"wp:term":[{"taxonomy":"category","embeddable":true,"href":"https:\/\/lospoliticosveracruz.com\/index.php?rest_route=%2Fwp%2Fv2%2Fcategories&post=27058"},{"taxonomy":"post_tag","embeddable":true,"href":"https:\/\/lospoliticosveracruz.com\/index.php?rest_route=%2Fwp%2Fv2%2Ftags&post=27058"}],"curies":[{"name":"wp","href":"https:\/\/api.w.org\/{rel}","templated":true}]}}