{"id":27077,"date":"2016-10-16T10:29:04","date_gmt":"2016-10-16T15:29:04","guid":{"rendered":"http:\/\/www.lospoliticosveracruz.com.mx\/?p=27077"},"modified":"2016-10-16T10:29:04","modified_gmt":"2016-10-16T15:29:04","slug":"dia-internacional-de-las-mujeres-rurales-2","status":"publish","type":"post","link":"https:\/\/lospoliticosveracruz.com\/?p=27077","title":{"rendered":"D\u00eda Internacional de las Mujeres Rurales"},"content":{"rendered":"<p><strong>Elena C\u00f3rdova<\/strong><\/p>\n<p><em>Luna Nueva<\/em><\/p>\n<p>&nbsp;<\/p>\n<p>&nbsp;<\/p>\n<p>Hace apenas un par de a\u00f1os, el Instituto Nacional de Geograf\u00eda, Estad\u00edstica e Inform\u00e1tica (Inegi) detall\u00f3 en un comunicado que en nuestro pa\u00eds la poblaci\u00f3n femenina ocupa en el \u00e1mbito rural, el 94.5% del total de la Poblaci\u00f3n Econ\u00f3micamente Activa (PEA).<\/p>\n<p>Este mismo informe mencionaba que de este porcentaje, m\u00e1s de tres millones de mujeres del medio rural participaron en la producci\u00f3n de bienes y servicios, lo que representa 15.4% de la Poblaci\u00f3n Econ\u00f3micamente Activa (PEA) femenina de la naci\u00f3n mexicana.<\/p>\n<p>Ah\u00ed mismo se cita que, en M\u00e9xico residen aproximadamente 14 millones de mujeres en localidades menores a dos mil 500 habitantes. Agregando un dato m\u00e1s que preocupante, la creciente urbanizaci\u00f3n, es decir, las mujeres del campo abandonan su lugar de origen para irse a trabajar en las ciudades, lo cual representan uno de los mayores retos en la actualidad, el de lograr que estas significativas y singulares mujeres desarrollen su potencial sin tener que abandonar sus ra\u00edces, el lugar donde nacieron y vivieron hasta el momento de su infausta decisi\u00f3n.<\/p>\n<p>La Organizaci\u00f3n de las Naciones Unidas (ONU), en el a\u00f1o del 2008, celebr\u00f3 por primera vez, el D\u00eda Internacional de las Mujeres Rurales, seg\u00fan lo establecido por la Asamblea General en su resoluci\u00f3n 62\/136, de 18 de diciembre de 2007. En ese mismo texto se reconoce \u00abla funci\u00f3n y contribuci\u00f3n decisivas de la mujer rural, incluida la mujer ind\u00edgena, en la promoci\u00f3n del desarrollo agr\u00edcola y rural, la mejora de la seguridad alimentaria y la erradicaci\u00f3n de la pobreza rural\u00bb. Por su parte, la directora ejecutiva de ONU Mujeres, Phumzile Mlambo-Ngcuka, ha se\u00f1alado muy acertadamente que \u201clas mujeres rurales son hoy en el mundo parte fundamental del desarrollo y clave para la transformaci\u00f3n econ\u00f3mica, medioambiental y social que requiere el desarrollo de cualquier naci\u00f3n, por lo que todas y todos, deben asumir el compromiso de reconocer sus contribuciones y sus derechos\u201d. A lo que agrega \u201cse debe apoyar y garantizar el empoderamiento de las mujeres rurales para que puedan reclamar los derechos que merecen y disfrutar plenamente de los beneficios de ese desarrollo\u201d.<\/p>\n<p>Y si de fechas importantes hablamos, los d\u00edas 28 y 29 de marzo del a\u00f1o 2014, en la ciudad de Morelia, Michoac\u00e1n, dentro del marco de la realizaci\u00f3n del Encuentro Nacional de Mujeres Rurales de M\u00e9xico, se fund\u00f3 la Conferencia de Mujeres Rurales de M\u00e9xico (Conmujer), encabezada por primera vez por la Subsecretaria de Desarrollo Rural de la Secretar\u00eda de Agricultura, Ganader\u00eda, Desarrollo Rural, Pesca y Alimentaci\u00f3n (Sagarpa) del Gobierno de la Rep\u00fablica, Mely Romero Celis, quien fue electa de manera un\u00e1nime como presidenta y la diputada Griselda Campos Beas como secretaria general.<\/p>\n<p>En este importante evento, que sirvi\u00f3 como plataforma para que esta organizaci\u00f3n civil aprobara sus estatutos, programa de acci\u00f3n, declaraci\u00f3n de principios y la integraci\u00f3n del comit\u00e9 ejecutivo nacional, contando con el aval y representaci\u00f3n de cada una de las 270 delegadas, de 29 estados; quienes en una votaci\u00f3n un\u00e1nime lograron ver el sue\u00f1o cumplido. Por si fuera poco, se desatac\u00f3 que la creaci\u00f3n de esta AC tiene como objetivo el desarrollo profesional, social, pol\u00edtico y econ\u00f3mico de las mujeres campesinas y rurales del pa\u00eds mediante la renovaci\u00f3n de las capacidades de las mujeres rurales, la transformaci\u00f3n de la educaci\u00f3n rural y campesina, mejorando la calidad de vida y salud de las mujeres rurales y campesinas. Democratizando la producci\u00f3n y la igualdad en el<\/p>\n<p>trabajo. Incluyendo a las mujeres en la defensa del patrimonio familiar. Prevenir y combatir la violencia contra las mujeres. Al igual que promover la construir una participaci\u00f3n pol\u00edtica activa con dimensi\u00f3n de g\u00e9nero.<\/p>\n<p>En lo personal, es un verdadero privilegio trabajar y aprender al lado de una gran mujer, a la vez extraordinaria funcionaria, pol\u00edtica y destacada, la Subsecretaria Mely Romero Celis, quien me brind\u00f3 la oportunidad de crecer y desarrollarme profesionalmente bajo su direcci\u00f3n y gu\u00eda. Y que mejor momento, cuando se hace un justo y merecido reconocimiento a esas grandes mujeres an\u00f3nimas, mujeres rurales que casi siempre emplean gran parte de su d\u00eda, de todos los d\u00edas de la semana, produciendo, elaborando, vendiendo, preparando alimentos, recogiendo materiales para combustible y acarreando agua, adem\u00e1s de otras labores como el cuidado de los hijos, la familia y animales de traspatio. Situaci\u00f3n y condici\u00f3n pasada, presente y futura que, entiende a la perfecci\u00f3n y raz\u00f3n de su lucha constante de la maestra Mely Romero Celis. Mi agradecimiento eterno por darme la oportunidad de aprender.<\/p>\n","protected":false},"excerpt":{"rendered":"<p>Elena C\u00f3rdova Luna Nueva &nbsp; &nbsp; Hace apenas un par de a\u00f1os, el Instituto Nacional de Geograf\u00eda, Estad\u00edstica e Inform\u00e1tica (Inegi) detall\u00f3 en un comunicado que en nuestro pa\u00eds la poblaci\u00f3n femenina ocupa en el \u00e1mbito rural, el 94.5% del total de la Poblaci\u00f3n Econ\u00f3micamente Activa (PEA). Este mismo informe mencionaba que de este porcentaje, [&hellip;]<\/p>\n","protected":false},"author":2,"featured_media":0,"comment_status":"open","ping_status":"open","sticky":false,"template":"","format":"standard","meta":{"tdm_status":"","tdm_grid_status":"","footnotes":""},"categories":[70],"tags":[6514,6516,4454,326,6515],"class_list":{"0":"post-27077","1":"post","2":"type-post","3":"status-publish","4":"format-standard","6":"category-de-opinion","7":"tag-dia-internacional-de-las-mujeres-rurales","8":"tag-griselda-campos-beas","9":"tag-mely-romero-celis","10":"tag-mujeres-rurales","11":"tag-phumzile-mlambo-ngcuka"},"yoast_head":"<!-- This site is optimized with the Yoast SEO plugin v27.4 - https:\/\/yoast.com\/product\/yoast-seo-wordpress\/ -->\n<title>D\u00eda Internacional de las Mujeres Rurales - Los pol\u00edticos Veracruz<\/title>\n<meta name=\"robots\" content=\"index, follow, max-snippet:-1, max-image-preview:large, max-video-preview:-1\" \/>\n<link rel=\"canonical\" href=\"https:\/\/lospoliticosveracruz.com\/?p=27077\" \/>\n<meta property=\"og:locale\" content=\"es_ES\" \/>\n<meta property=\"og:type\" content=\"article\" \/>\n<meta property=\"og:title\" content=\"D\u00eda Internacional de las Mujeres Rurales - Los pol\u00edticos Veracruz\" \/>\n<meta property=\"og:description\" content=\"Elena C\u00f3rdova Luna Nueva &nbsp; &nbsp; Hace apenas un par de a\u00f1os, el Instituto Nacional de Geograf\u00eda, Estad\u00edstica e Inform\u00e1tica (Inegi) detall\u00f3 en un comunicado que en nuestro pa\u00eds la poblaci\u00f3n femenina ocupa en el \u00e1mbito rural, el 94.5% del total de la Poblaci\u00f3n Econ\u00f3micamente Activa (PEA). Este mismo informe mencionaba que de este porcentaje, [&hellip;]\" \/>\n<meta property=\"og:url\" content=\"https:\/\/lospoliticosveracruz.com\/?p=27077\" \/>\n<meta property=\"og:site_name\" content=\"Los pol\u00edticos Veracruz\" \/>\n<meta property=\"article:publisher\" content=\"https:\/\/www.facebook.com\/people\/Notimemes-de-los-Polticos\/61565672886568\/\" \/>\n<meta property=\"article:published_time\" content=\"2016-10-16T15:29:04+00:00\" \/>\n<meta property=\"og:image\" content=\"https:\/\/lospoliticosveracruz.com\/wp-content\/uploads\/2016\/07\/Logo-Dor.jpg\" \/>\n\t<meta property=\"og:image:width\" content=\"200\" \/>\n\t<meta property=\"og:image:height\" content=\"200\" \/>\n\t<meta property=\"og:image:type\" content=\"image\/jpeg\" \/>\n<meta name=\"author\" content=\"Lo viste en Los Pol\u00edticos\" \/>\n<meta name=\"twitter:card\" content=\"summary_large_image\" \/>\n<meta name=\"twitter:creator\" content=\"@LosPoliticosVer\" \/>\n<meta name=\"twitter:site\" content=\"@LosPoliticosVer\" \/>\n<meta name=\"twitter:label1\" content=\"Escrito por\" \/>\n\t<meta name=\"twitter:data1\" content=\"Lo viste en Los Pol\u00edticos\" \/>\n\t<meta name=\"twitter:label2\" content=\"Tiempo de lectura\" \/>\n\t<meta name=\"twitter:data2\" content=\"4 minutos\" \/>\n<script type=\"application\/ld+json\" class=\"yoast-schema-graph\">{\"@context\":\"https:\\\/\\\/schema.org\",\"@graph\":[{\"@type\":\"Article\",\"@id\":\"https:\\\/\\\/lospoliticosveracruz.com\\\/?p=27077#article\",\"isPartOf\":{\"@id\":\"https:\\\/\\\/lospoliticosveracruz.com\\\/?p=27077\"},\"author\":{\"name\":\"Lo viste en Los Pol\u00edticos\",\"@id\":\"https:\\\/\\\/lospoliticosveracruz.com\\\/#\\\/schema\\\/person\\\/b8702bb0e538456e6efd07080bf2a4a2\"},\"headline\":\"D\u00eda Internacional de las Mujeres Rurales\",\"datePublished\":\"2016-10-16T15:29:04+00:00\",\"mainEntityOfPage\":{\"@id\":\"https:\\\/\\\/lospoliticosveracruz.com\\\/?p=27077\"},\"wordCount\":810,\"commentCount\":0,\"publisher\":{\"@id\":\"https:\\\/\\\/lospoliticosveracruz.com\\\/#organization\"},\"keywords\":[\"D\u00eda Internacional de las Mujeres Rurales\",\"Griselda Campos Beas\",\"Mely Romero Celis\",\"Mujeres Rurales\",\"Phumzile Mlambo-Ngcuka\"],\"articleSection\":[\"De Opini\u00f3n\"],\"inLanguage\":\"es\",\"potentialAction\":[{\"@type\":\"CommentAction\",\"name\":\"Comment\",\"target\":[\"https:\\\/\\\/lospoliticosveracruz.com\\\/?p=27077#respond\"]}]},{\"@type\":\"WebPage\",\"@id\":\"https:\\\/\\\/lospoliticosveracruz.com\\\/?p=27077\",\"url\":\"https:\\\/\\\/lospoliticosveracruz.com\\\/?p=27077\",\"name\":\"D\u00eda Internacional de las Mujeres Rurales - Los pol\u00edticos Veracruz\",\"isPartOf\":{\"@id\":\"https:\\\/\\\/lospoliticosveracruz.com\\\/#website\"},\"datePublished\":\"2016-10-16T15:29:04+00:00\",\"breadcrumb\":{\"@id\":\"https:\\\/\\\/lospoliticosveracruz.com\\\/?p=27077#breadcrumb\"},\"inLanguage\":\"es\",\"potentialAction\":[{\"@type\":\"ReadAction\",\"target\":[\"https:\\\/\\\/lospoliticosveracruz.com\\\/?p=27077\"]}]},{\"@type\":\"BreadcrumbList\",\"@id\":\"https:\\\/\\\/lospoliticosveracruz.com\\\/?p=27077#breadcrumb\",\"itemListElement\":[{\"@type\":\"ListItem\",\"position\":1,\"name\":\"Portada\",\"item\":\"https:\\\/\\\/lospoliticosveracruz.com\\\/\"},{\"@type\":\"ListItem\",\"position\":2,\"name\":\"D\u00eda Internacional de las Mujeres Rurales\"}]},{\"@type\":\"WebSite\",\"@id\":\"https:\\\/\\\/lospoliticosveracruz.com\\\/#website\",\"url\":\"https:\\\/\\\/lospoliticosveracruz.com\\\/\",\"name\":\"Los pol\u00edticos Veracruz\",\"description\":\"\",\"publisher\":{\"@id\":\"https:\\\/\\\/lospoliticosveracruz.com\\\/#organization\"},\"potentialAction\":[{\"@type\":\"SearchAction\",\"target\":{\"@type\":\"EntryPoint\",\"urlTemplate\":\"https:\\\/\\\/lospoliticosveracruz.com\\\/?s={search_term_string}\"},\"query-input\":{\"@type\":\"PropertyValueSpecification\",\"valueRequired\":true,\"valueName\":\"search_term_string\"}}],\"inLanguage\":\"es\"},{\"@type\":\"Organization\",\"@id\":\"https:\\\/\\\/lospoliticosveracruz.com\\\/#organization\",\"name\":\"Los pol\u00edticos Veracruz\",\"url\":\"https:\\\/\\\/lospoliticosveracruz.com\\\/\",\"logo\":{\"@type\":\"ImageObject\",\"inLanguage\":\"es\",\"@id\":\"https:\\\/\\\/lospoliticosveracruz.com\\\/#\\\/schema\\\/logo\\\/image\\\/\",\"url\":\"https:\\\/\\\/lospoliticosveracruz.com\\\/wp-content\\\/uploads\\\/2025\\\/12\\\/Logo-Nuevo-LOS-POLITICOS-1.jpg\",\"contentUrl\":\"https:\\\/\\\/lospoliticosveracruz.com\\\/wp-content\\\/uploads\\\/2025\\\/12\\\/Logo-Nuevo-LOS-POLITICOS-1.jpg\",\"width\":260,\"height\":70,\"caption\":\"Los pol\u00edticos Veracruz\"},\"image\":{\"@id\":\"https:\\\/\\\/lospoliticosveracruz.com\\\/#\\\/schema\\\/logo\\\/image\\\/\"},\"sameAs\":[\"https:\\\/\\\/www.facebook.com\\\/people\\\/Notimemes-de-los-Polticos\\\/61565672886568\\\/\",\"https:\\\/\\\/x.com\\\/LosPoliticosVer\"]},{\"@type\":\"Person\",\"@id\":\"https:\\\/\\\/lospoliticosveracruz.com\\\/#\\\/schema\\\/person\\\/b8702bb0e538456e6efd07080bf2a4a2\",\"name\":\"Lo viste en Los Pol\u00edticos\",\"image\":{\"@type\":\"ImageObject\",\"inLanguage\":\"es\",\"@id\":\"https:\\\/\\\/secure.gravatar.com\\\/avatar\\\/3a8de04a2656d44082be478bd6c086daa447c4651605818287b9532d3d0bd435?s=96&d=mm&r=g\",\"url\":\"https:\\\/\\\/secure.gravatar.com\\\/avatar\\\/3a8de04a2656d44082be478bd6c086daa447c4651605818287b9532d3d0bd435?s=96&d=mm&r=g\",\"contentUrl\":\"https:\\\/\\\/secure.gravatar.com\\\/avatar\\\/3a8de04a2656d44082be478bd6c086daa447c4651605818287b9532d3d0bd435?s=96&d=mm&r=g\",\"caption\":\"Lo viste en Los Pol\u00edticos\"},\"url\":\"https:\\\/\\\/lospoliticosveracruz.com\\\/?author=2\"}]}<\/script>\n<!-- \/ Yoast SEO plugin. -->","yoast_head_json":{"title":"D\u00eda Internacional de las Mujeres Rurales - Los pol\u00edticos Veracruz","robots":{"index":"index","follow":"follow","max-snippet":"max-snippet:-1","max-image-preview":"max-image-preview:large","max-video-preview":"max-video-preview:-1"},"canonical":"https:\/\/lospoliticosveracruz.com\/?p=27077","og_locale":"es_ES","og_type":"article","og_title":"D\u00eda Internacional de las Mujeres Rurales - Los pol\u00edticos Veracruz","og_description":"Elena C\u00f3rdova Luna Nueva &nbsp; &nbsp; Hace apenas un par de a\u00f1os, el Instituto Nacional de Geograf\u00eda, Estad\u00edstica e Inform\u00e1tica (Inegi) detall\u00f3 en un comunicado que en nuestro pa\u00eds la poblaci\u00f3n femenina ocupa en el \u00e1mbito rural, el 94.5% del total de la Poblaci\u00f3n Econ\u00f3micamente Activa (PEA). Este mismo informe mencionaba que de este porcentaje, [&hellip;]","og_url":"https:\/\/lospoliticosveracruz.com\/?p=27077","og_site_name":"Los pol\u00edticos Veracruz","article_publisher":"https:\/\/www.facebook.com\/people\/Notimemes-de-los-Polticos\/61565672886568\/","article_published_time":"2016-10-16T15:29:04+00:00","og_image":[{"width":200,"height":200,"url":"https:\/\/lospoliticosveracruz.com\/wp-content\/uploads\/2016\/07\/Logo-Dor.jpg","type":"image\/jpeg"}],"author":"Lo viste en Los Pol\u00edticos","twitter_card":"summary_large_image","twitter_creator":"@LosPoliticosVer","twitter_site":"@LosPoliticosVer","twitter_misc":{"Escrito por":"Lo viste en Los Pol\u00edticos","Tiempo de lectura":"4 minutos"},"schema":{"@context":"https:\/\/schema.org","@graph":[{"@type":"Article","@id":"https:\/\/lospoliticosveracruz.com\/?p=27077#article","isPartOf":{"@id":"https:\/\/lospoliticosveracruz.com\/?p=27077"},"author":{"name":"Lo viste en Los Pol\u00edticos","@id":"https:\/\/lospoliticosveracruz.com\/#\/schema\/person\/b8702bb0e538456e6efd07080bf2a4a2"},"headline":"D\u00eda Internacional de las Mujeres Rurales","datePublished":"2016-10-16T15:29:04+00:00","mainEntityOfPage":{"@id":"https:\/\/lospoliticosveracruz.com\/?p=27077"},"wordCount":810,"commentCount":0,"publisher":{"@id":"https:\/\/lospoliticosveracruz.com\/#organization"},"keywords":["D\u00eda Internacional de las Mujeres Rurales","Griselda Campos Beas","Mely Romero Celis","Mujeres Rurales","Phumzile Mlambo-Ngcuka"],"articleSection":["De Opini\u00f3n"],"inLanguage":"es","potentialAction":[{"@type":"CommentAction","name":"Comment","target":["https:\/\/lospoliticosveracruz.com\/?p=27077#respond"]}]},{"@type":"WebPage","@id":"https:\/\/lospoliticosveracruz.com\/?p=27077","url":"https:\/\/lospoliticosveracruz.com\/?p=27077","name":"D\u00eda Internacional de las Mujeres Rurales - Los pol\u00edticos Veracruz","isPartOf":{"@id":"https:\/\/lospoliticosveracruz.com\/#website"},"datePublished":"2016-10-16T15:29:04+00:00","breadcrumb":{"@id":"https:\/\/lospoliticosveracruz.com\/?p=27077#breadcrumb"},"inLanguage":"es","potentialAction":[{"@type":"ReadAction","target":["https:\/\/lospoliticosveracruz.com\/?p=27077"]}]},{"@type":"BreadcrumbList","@id":"https:\/\/lospoliticosveracruz.com\/?p=27077#breadcrumb","itemListElement":[{"@type":"ListItem","position":1,"name":"Portada","item":"https:\/\/lospoliticosveracruz.com\/"},{"@type":"ListItem","position":2,"name":"D\u00eda Internacional de las Mujeres Rurales"}]},{"@type":"WebSite","@id":"https:\/\/lospoliticosveracruz.com\/#website","url":"https:\/\/lospoliticosveracruz.com\/","name":"Los pol\u00edticos Veracruz","description":"","publisher":{"@id":"https:\/\/lospoliticosveracruz.com\/#organization"},"potentialAction":[{"@type":"SearchAction","target":{"@type":"EntryPoint","urlTemplate":"https:\/\/lospoliticosveracruz.com\/?s={search_term_string}"},"query-input":{"@type":"PropertyValueSpecification","valueRequired":true,"valueName":"search_term_string"}}],"inLanguage":"es"},{"@type":"Organization","@id":"https:\/\/lospoliticosveracruz.com\/#organization","name":"Los pol\u00edticos Veracruz","url":"https:\/\/lospoliticosveracruz.com\/","logo":{"@type":"ImageObject","inLanguage":"es","@id":"https:\/\/lospoliticosveracruz.com\/#\/schema\/logo\/image\/","url":"https:\/\/lospoliticosveracruz.com\/wp-content\/uploads\/2025\/12\/Logo-Nuevo-LOS-POLITICOS-1.jpg","contentUrl":"https:\/\/lospoliticosveracruz.com\/wp-content\/uploads\/2025\/12\/Logo-Nuevo-LOS-POLITICOS-1.jpg","width":260,"height":70,"caption":"Los pol\u00edticos Veracruz"},"image":{"@id":"https:\/\/lospoliticosveracruz.com\/#\/schema\/logo\/image\/"},"sameAs":["https:\/\/www.facebook.com\/people\/Notimemes-de-los-Polticos\/61565672886568\/","https:\/\/x.com\/LosPoliticosVer"]},{"@type":"Person","@id":"https:\/\/lospoliticosveracruz.com\/#\/schema\/person\/b8702bb0e538456e6efd07080bf2a4a2","name":"Lo viste en Los Pol\u00edticos","image":{"@type":"ImageObject","inLanguage":"es","@id":"https:\/\/secure.gravatar.com\/avatar\/3a8de04a2656d44082be478bd6c086daa447c4651605818287b9532d3d0bd435?s=96&d=mm&r=g","url":"https:\/\/secure.gravatar.com\/avatar\/3a8de04a2656d44082be478bd6c086daa447c4651605818287b9532d3d0bd435?s=96&d=mm&r=g","contentUrl":"https:\/\/secure.gravatar.com\/avatar\/3a8de04a2656d44082be478bd6c086daa447c4651605818287b9532d3d0bd435?s=96&d=mm&r=g","caption":"Lo viste en Los Pol\u00edticos"},"url":"https:\/\/lospoliticosveracruz.com\/?author=2"}]}},"_links":{"self":[{"href":"https:\/\/lospoliticosveracruz.com\/index.php?rest_route=\/wp\/v2\/posts\/27077","targetHints":{"allow":["GET"]}}],"collection":[{"href":"https:\/\/lospoliticosveracruz.com\/index.php?rest_route=\/wp\/v2\/posts"}],"about":[{"href":"https:\/\/lospoliticosveracruz.com\/index.php?rest_route=\/wp\/v2\/types\/post"}],"author":[{"embeddable":true,"href":"https:\/\/lospoliticosveracruz.com\/index.php?rest_route=\/wp\/v2\/users\/2"}],"replies":[{"embeddable":true,"href":"https:\/\/lospoliticosveracruz.com\/index.php?rest_route=%2Fwp%2Fv2%2Fcomments&post=27077"}],"version-history":[{"count":1,"href":"https:\/\/lospoliticosveracruz.com\/index.php?rest_route=\/wp\/v2\/posts\/27077\/revisions"}],"predecessor-version":[{"id":27078,"href":"https:\/\/lospoliticosveracruz.com\/index.php?rest_route=\/wp\/v2\/posts\/27077\/revisions\/27078"}],"wp:attachment":[{"href":"https:\/\/lospoliticosveracruz.com\/index.php?rest_route=%2Fwp%2Fv2%2Fmedia&parent=27077"}],"wp:term":[{"taxonomy":"category","embeddable":true,"href":"https:\/\/lospoliticosveracruz.com\/index.php?rest_route=%2Fwp%2Fv2%2Fcategories&post=27077"},{"taxonomy":"post_tag","embeddable":true,"href":"https:\/\/lospoliticosveracruz.com\/index.php?rest_route=%2Fwp%2Fv2%2Ftags&post=27077"}],"curies":[{"name":"wp","href":"https:\/\/api.w.org\/{rel}","templated":true}]}}