{"id":27079,"date":"2016-10-16T10:34:24","date_gmt":"2016-10-16T15:34:24","guid":{"rendered":"http:\/\/www.lospoliticosveracruz.com.mx\/?p=27079"},"modified":"2016-10-16T10:34:24","modified_gmt":"2016-10-16T15:34:24","slug":"mi-vida-con-michael-jackson","status":"publish","type":"post","link":"https:\/\/lospoliticosveracruz.com\/?p=27079","title":{"rendered":"Mi vida con Michael Jackson"},"content":{"rendered":"<p><strong>Armando Ortiz<\/strong><\/p>\n<p><em>El Hijo Pr\u00f3digo<\/em><\/p>\n<p>&nbsp;<\/p>\n<p>&nbsp;<\/p>\n<p>El 25 de junio de 2009 Mario todav\u00eda estaba en la c\u00e1rcel. Ya no lo visitaba tan frecuente como antes. Pero el domingo 30 de abril estaba haciendo fila para la visita familiar en el Cereso de Pacho Viejo. Michael Jackson hab\u00eda muerto y yo ten\u00eda que estar cerca de Mario para consolarlo. Supuse que estar\u00eda derrumbado; su \u00eddolo hab\u00eda muerto cuando estaba preparando su inminente regreso.<\/p>\n<p>Esa ma\u00f1ana recibi\u00f3 la noticia con indiferencia, como si no le importara la muerte de su \u00eddolo. Esa ma\u00f1ana, en el patio del Cereso, mientras ve\u00edamos a los presos jugar futbol, caminando en c\u00edrculos alrededor de la cancha, algunos vagando solos, otros paseando con sus familias, en esa ma\u00f1ana comprend\u00ed que Mario ya no regresar\u00eda. Al igual que Michael Jackson, el chico de diecisiete a\u00f1os que hab\u00eda conocido tambi\u00e9n estaba muerto.<\/p>\n<p>Si lo volv\u00ed a visitar ya no lo recuerdo. S\u00f3lo s\u00e9 que esa tarde dej\u00e9 en el patio, a la hora de la despedida, a un joven de veinte a\u00f1os que se hab\u00eda transmutado en un ser sin sentimientos ni memoria. Luego supe que hab\u00eda salido de la c\u00e1rcel, despu\u00e9s ya no supe nada de \u00e9l.<\/p>\n<p>En 2011 todo el pa\u00eds estaba transformado. Particularmente Veracruz era un estado en plena colombianizaci\u00f3n. Nos hab\u00edamos acostumbrado a las balaceras, a los levantones, a la extorsi\u00f3n. Los que sal\u00edan a tomar una copa a los bares de la ciudad prefer\u00edan hacerlo en casa. Las noticas por las redes sociales cund\u00edan.<\/p>\n<p>Sorprend\u00eda la crudeza de las im\u00e1genes de un secuestro en las calles que regularmente transit\u00e1bamos; causaba indignaci\u00f3n el video de un grupo de agentes de tr\u00e1nsito a los que s\u00f3lo les daban la alternativa de servir de halcones o atenerse a las consecuencias si se negaban. Luego vino la psicosis y el famoso caso de los tuiteros. El mundo que conoc\u00edamos, tan cotidiano, casero, vecinal estaba consumi\u00e9ndose en un caldero de violencia.<\/p>\n<p>El d\u00eda 21 de septiembre el rostro de Veracruz cambi\u00f3 por completo. Por estar muy ocupado me enter\u00e9 de todo lo acontecido d\u00edas despu\u00e9s. Un contacto del Facebook hab\u00eda subido el texto de un periodista que en un ejercicio de \u00e9cfrasis describ\u00eda literariamente la escena de los treinta y cinco muertos arrojados frente a una plaza comercial en medio del boulevard.<\/p>\n<p>\u00abAh\u00ed est\u00e1n las fotos. Cad\u00e1veres con sus cuerpos desnudos, las nalgas al aire, las palmas de las manos expuestas. Por el tama\u00f1o de los cuerpos se puede advertir que algunos de ellos fueron adolescentes: su piel morena, sus pies peque\u00f1os, sus tragedias enormes. Las mujeres est\u00e1n boca abajo, como si la muerte hip\u00f3crita se llenara de pudor y no las dejara mostrar su sexo; avergonzadas pegan el rostro al pavimento para que no las descubran sin maquillaje.<\/p>\n<p>\u00bbAh\u00ed est\u00e1n, atados de pies y manos, con el dolor detenido en sus caras, con ese grito de espanto que contin\u00faa silencioso a\u00fan despu\u00e9s de la muerte. Ah\u00ed est\u00e1n lacerados, mostrando la estocada en la garganta que les quit\u00f3 la vida, algunos todav\u00eda suplican pero el golpe en el piso debi\u00f3 sacar todo el aire de sus pulmones y por eso no escuchamos su lamento\u00bb.<\/p>\n<p>Si el texto de este periodista es crudo, las im\u00e1genes son m\u00e1s. Cuando pude por fin verlas, una terrible zozobra me alcanz\u00f3. Entre todos los cuerpos regados en ese boulevard se me hizo reconocer el cuerpo desnudo, espigado, alguna vez blanco, de ese chico de diecisiete a\u00f1os que para ese entonces deber\u00eda tener veintid\u00f3s. Fue como una terrible epifan\u00eda, una infausta revelaci\u00f3n. Busqu\u00e9 m\u00e1s im\u00e1genes. Las observ\u00e9 desde\u00a0diversos \u00e1ngulos tratando que alguna de ellas me diera el rostro de ese cuerpo de pies y brazos atados que parec\u00edan ser los de Mario. Pero no.<\/p>\n<p>Por esos d\u00edas una pesadilla perniciosa ocup\u00f3 el lugar de mis sue\u00f1os. En ella ve\u00eda a la muerte retir\u00e1ndose, la muy puta llevaba las manos ensangrentadas, la boca llena de esa lascivia hedionda, pues en los \u00faltimos d\u00edas hab\u00eda devorado muchas almas. Cuando se retiraba corr\u00ed hasta alcanzarla y no me quise quedar con las ganas de preguntarle: \u00ab\u00bfQui\u00e9n te dio permiso para tanta matanza?\u00bb<\/p>\n<p>Ella se volvi\u00f3 a mirarme, esboz\u00f3 una sonrisa, no movi\u00f3 los labios porque no tiene, pero comprend\u00ed que algo me quer\u00eda decir. Me arm\u00e9 de valor y me acerqu\u00e9 a escucharla. Me susurr\u00f3 algo al o\u00eddo, era una palabra\u2026 Pero me orden\u00f3 que no la dijera para que nada me pasara.<\/p>\n<p>En las semanas siguientes esper\u00e9 que se dieran los nombres de los asesinados, pero s\u00f3lo trascendieron unos cuantos que al final resultaron falsos. La zozobra me per- sigui\u00f3 por varias semanas m\u00e1s. A veces por las tardes no hac\u00eda otra cosa que mirar esas fotos para ver si en un descuido, en un abrir y cerrar de ojos se asomaba el rostro de ese cuerpo que me hab\u00eda sobresaltado. Pero no, las im\u00e1genes continuaron inmutables.<\/p>\n<p>Despu\u00e9s de varios meses, sin noticias de Mario, sin noticias de los nombres de esos cuerpos arrojados, decid\u00ed ya no mirar las fotos.<\/p>\n<p>He preferido, por salud mental creer que Mario se encuentra bien en alg\u00fan lugar del norte de Veracruz. Tambi\u00e9n he preferido recordar al muchacho de diecisiete a\u00f1os que bailaba la m\u00fasica de Michael Jackson. As\u00ed lo prefiere mi memoria y cada vez que por casualidad escucho \u201cBillie Jean\u201d, la melod\u00eda que Mario bailaba con tanto ah\u00ednco, siento como si alguien estuviera toc\u00e1ndome la espalda. Pero no me doy vuelta porque pueden ser los recuerdos que me arrastran a la nostalgia y eso no quiero; pero tambi\u00e9n puede ser la muerte, esa puta lujuriosa que regresa, insaciable, para seguir devorando almas.<\/p>\n<p>(Fragmento del libro \u201cTodos estamos muertos\u201d que se presentar\u00e1 el d\u00eda 28 de octubre en Xalapa. Los presentadores ser\u00e1n Silvia Tomasa Rivera, Maryjos\u00e9 Gamboa y German Ceballos)<\/p>\n<p>aortiz52@hotmail.com<\/p>\n","protected":false},"excerpt":{"rendered":"<p>Armando Ortiz El Hijo Pr\u00f3digo &nbsp; &nbsp; El 25 de junio de 2009 Mario todav\u00eda estaba en la c\u00e1rcel. Ya no lo visitaba tan frecuente como antes. Pero el domingo 30 de abril estaba haciendo fila para la visita familiar en el Cereso de Pacho Viejo. Michael Jackson hab\u00eda muerto y yo ten\u00eda que estar [&hellip;]<\/p>\n","protected":false},"author":2,"featured_media":0,"comment_status":"open","ping_status":"open","sticky":false,"template":"","format":"standard","meta":{"tdm_status":"","tdm_grid_status":"","footnotes":""},"categories":[75],"tags":[517,6518,6519,6517,2993],"class_list":{"0":"post-27079","1":"post","2":"type-post","3":"status-publish","4":"format-standard","6":"category-cine-libros-y-mas","7":"tag-armando-ortiz","8":"tag-colombianizacion","9":"tag-cuerpos-veracruz","10":"tag-michael-jackson","11":"tag-todos-estamos-muertos"},"yoast_head":"<!-- This site is optimized with the Yoast SEO plugin v27.4 - https:\/\/yoast.com\/product\/yoast-seo-wordpress\/ -->\n<title>Mi vida con Michael Jackson - Los pol\u00edticos Veracruz<\/title>\n<meta name=\"robots\" content=\"index, follow, max-snippet:-1, max-image-preview:large, max-video-preview:-1\" \/>\n<link rel=\"canonical\" href=\"https:\/\/lospoliticosveracruz.com\/?p=27079\" \/>\n<meta property=\"og:locale\" content=\"es_ES\" \/>\n<meta property=\"og:type\" content=\"article\" \/>\n<meta property=\"og:title\" content=\"Mi vida con Michael Jackson - Los pol\u00edticos Veracruz\" \/>\n<meta property=\"og:description\" content=\"Armando Ortiz El Hijo Pr\u00f3digo &nbsp; &nbsp; El 25 de junio de 2009 Mario todav\u00eda estaba en la c\u00e1rcel. Ya no lo visitaba tan frecuente como antes. Pero el domingo 30 de abril estaba haciendo fila para la visita familiar en el Cereso de Pacho Viejo. Michael Jackson hab\u00eda muerto y yo ten\u00eda que estar [&hellip;]\" \/>\n<meta property=\"og:url\" content=\"https:\/\/lospoliticosveracruz.com\/?p=27079\" \/>\n<meta property=\"og:site_name\" content=\"Los pol\u00edticos Veracruz\" \/>\n<meta property=\"article:publisher\" content=\"https:\/\/www.facebook.com\/people\/Notimemes-de-los-Polticos\/61565672886568\/\" \/>\n<meta property=\"article:published_time\" content=\"2016-10-16T15:34:24+00:00\" \/>\n<meta property=\"og:image\" content=\"https:\/\/lospoliticosveracruz.com\/wp-content\/uploads\/2016\/07\/Logo-Dor.jpg\" \/>\n\t<meta property=\"og:image:width\" content=\"200\" \/>\n\t<meta property=\"og:image:height\" content=\"200\" \/>\n\t<meta property=\"og:image:type\" content=\"image\/jpeg\" \/>\n<meta name=\"author\" content=\"Lo viste en Los Pol\u00edticos\" \/>\n<meta name=\"twitter:card\" content=\"summary_large_image\" \/>\n<meta name=\"twitter:creator\" content=\"@LosPoliticosVer\" \/>\n<meta name=\"twitter:site\" content=\"@LosPoliticosVer\" \/>\n<meta name=\"twitter:label1\" content=\"Escrito por\" \/>\n\t<meta name=\"twitter:data1\" content=\"Lo viste en Los Pol\u00edticos\" \/>\n\t<meta name=\"twitter:label2\" content=\"Tiempo de lectura\" \/>\n\t<meta name=\"twitter:data2\" content=\"5 minutos\" \/>\n<script type=\"application\/ld+json\" class=\"yoast-schema-graph\">{\"@context\":\"https:\\\/\\\/schema.org\",\"@graph\":[{\"@type\":\"Article\",\"@id\":\"https:\\\/\\\/lospoliticosveracruz.com\\\/?p=27079#article\",\"isPartOf\":{\"@id\":\"https:\\\/\\\/lospoliticosveracruz.com\\\/?p=27079\"},\"author\":{\"name\":\"Lo viste en Los Pol\u00edticos\",\"@id\":\"https:\\\/\\\/lospoliticosveracruz.com\\\/#\\\/schema\\\/person\\\/b8702bb0e538456e6efd07080bf2a4a2\"},\"headline\":\"Mi vida con Michael Jackson\",\"datePublished\":\"2016-10-16T15:34:24+00:00\",\"mainEntityOfPage\":{\"@id\":\"https:\\\/\\\/lospoliticosveracruz.com\\\/?p=27079\"},\"wordCount\":1054,\"commentCount\":0,\"publisher\":{\"@id\":\"https:\\\/\\\/lospoliticosveracruz.com\\\/#organization\"},\"keywords\":[\"Armando Ortiz\",\"Colombianizaci\u00f3n\",\"Cuerpos Veracruz\",\"Michael Jackson\",\"Todos estamos muertos\"],\"articleSection\":[\"Cine, Libros y m\u00e1s\"],\"inLanguage\":\"es\",\"potentialAction\":[{\"@type\":\"CommentAction\",\"name\":\"Comment\",\"target\":[\"https:\\\/\\\/lospoliticosveracruz.com\\\/?p=27079#respond\"]}]},{\"@type\":\"WebPage\",\"@id\":\"https:\\\/\\\/lospoliticosveracruz.com\\\/?p=27079\",\"url\":\"https:\\\/\\\/lospoliticosveracruz.com\\\/?p=27079\",\"name\":\"Mi vida con Michael Jackson - Los pol\u00edticos Veracruz\",\"isPartOf\":{\"@id\":\"https:\\\/\\\/lospoliticosveracruz.com\\\/#website\"},\"datePublished\":\"2016-10-16T15:34:24+00:00\",\"breadcrumb\":{\"@id\":\"https:\\\/\\\/lospoliticosveracruz.com\\\/?p=27079#breadcrumb\"},\"inLanguage\":\"es\",\"potentialAction\":[{\"@type\":\"ReadAction\",\"target\":[\"https:\\\/\\\/lospoliticosveracruz.com\\\/?p=27079\"]}]},{\"@type\":\"BreadcrumbList\",\"@id\":\"https:\\\/\\\/lospoliticosveracruz.com\\\/?p=27079#breadcrumb\",\"itemListElement\":[{\"@type\":\"ListItem\",\"position\":1,\"name\":\"Portada\",\"item\":\"https:\\\/\\\/lospoliticosveracruz.com\\\/\"},{\"@type\":\"ListItem\",\"position\":2,\"name\":\"Mi vida con Michael Jackson\"}]},{\"@type\":\"WebSite\",\"@id\":\"https:\\\/\\\/lospoliticosveracruz.com\\\/#website\",\"url\":\"https:\\\/\\\/lospoliticosveracruz.com\\\/\",\"name\":\"Los pol\u00edticos Veracruz\",\"description\":\"\",\"publisher\":{\"@id\":\"https:\\\/\\\/lospoliticosveracruz.com\\\/#organization\"},\"potentialAction\":[{\"@type\":\"SearchAction\",\"target\":{\"@type\":\"EntryPoint\",\"urlTemplate\":\"https:\\\/\\\/lospoliticosveracruz.com\\\/?s={search_term_string}\"},\"query-input\":{\"@type\":\"PropertyValueSpecification\",\"valueRequired\":true,\"valueName\":\"search_term_string\"}}],\"inLanguage\":\"es\"},{\"@type\":\"Organization\",\"@id\":\"https:\\\/\\\/lospoliticosveracruz.com\\\/#organization\",\"name\":\"Los pol\u00edticos Veracruz\",\"url\":\"https:\\\/\\\/lospoliticosveracruz.com\\\/\",\"logo\":{\"@type\":\"ImageObject\",\"inLanguage\":\"es\",\"@id\":\"https:\\\/\\\/lospoliticosveracruz.com\\\/#\\\/schema\\\/logo\\\/image\\\/\",\"url\":\"https:\\\/\\\/lospoliticosveracruz.com\\\/wp-content\\\/uploads\\\/2025\\\/12\\\/Logo-Nuevo-LOS-POLITICOS-1.jpg\",\"contentUrl\":\"https:\\\/\\\/lospoliticosveracruz.com\\\/wp-content\\\/uploads\\\/2025\\\/12\\\/Logo-Nuevo-LOS-POLITICOS-1.jpg\",\"width\":260,\"height\":70,\"caption\":\"Los pol\u00edticos Veracruz\"},\"image\":{\"@id\":\"https:\\\/\\\/lospoliticosveracruz.com\\\/#\\\/schema\\\/logo\\\/image\\\/\"},\"sameAs\":[\"https:\\\/\\\/www.facebook.com\\\/people\\\/Notimemes-de-los-Polticos\\\/61565672886568\\\/\",\"https:\\\/\\\/x.com\\\/LosPoliticosVer\"]},{\"@type\":\"Person\",\"@id\":\"https:\\\/\\\/lospoliticosveracruz.com\\\/#\\\/schema\\\/person\\\/b8702bb0e538456e6efd07080bf2a4a2\",\"name\":\"Lo viste en Los Pol\u00edticos\",\"image\":{\"@type\":\"ImageObject\",\"inLanguage\":\"es\",\"@id\":\"https:\\\/\\\/secure.gravatar.com\\\/avatar\\\/3a8de04a2656d44082be478bd6c086daa447c4651605818287b9532d3d0bd435?s=96&d=mm&r=g\",\"url\":\"https:\\\/\\\/secure.gravatar.com\\\/avatar\\\/3a8de04a2656d44082be478bd6c086daa447c4651605818287b9532d3d0bd435?s=96&d=mm&r=g\",\"contentUrl\":\"https:\\\/\\\/secure.gravatar.com\\\/avatar\\\/3a8de04a2656d44082be478bd6c086daa447c4651605818287b9532d3d0bd435?s=96&d=mm&r=g\",\"caption\":\"Lo viste en Los Pol\u00edticos\"},\"url\":\"https:\\\/\\\/lospoliticosveracruz.com\\\/?author=2\"}]}<\/script>\n<!-- \/ Yoast SEO plugin. -->","yoast_head_json":{"title":"Mi vida con Michael Jackson - Los pol\u00edticos Veracruz","robots":{"index":"index","follow":"follow","max-snippet":"max-snippet:-1","max-image-preview":"max-image-preview:large","max-video-preview":"max-video-preview:-1"},"canonical":"https:\/\/lospoliticosveracruz.com\/?p=27079","og_locale":"es_ES","og_type":"article","og_title":"Mi vida con Michael Jackson - Los pol\u00edticos Veracruz","og_description":"Armando Ortiz El Hijo Pr\u00f3digo &nbsp; &nbsp; El 25 de junio de 2009 Mario todav\u00eda estaba en la c\u00e1rcel. Ya no lo visitaba tan frecuente como antes. Pero el domingo 30 de abril estaba haciendo fila para la visita familiar en el Cereso de Pacho Viejo. Michael Jackson hab\u00eda muerto y yo ten\u00eda que estar [&hellip;]","og_url":"https:\/\/lospoliticosveracruz.com\/?p=27079","og_site_name":"Los pol\u00edticos Veracruz","article_publisher":"https:\/\/www.facebook.com\/people\/Notimemes-de-los-Polticos\/61565672886568\/","article_published_time":"2016-10-16T15:34:24+00:00","og_image":[{"width":200,"height":200,"url":"https:\/\/lospoliticosveracruz.com\/wp-content\/uploads\/2016\/07\/Logo-Dor.jpg","type":"image\/jpeg"}],"author":"Lo viste en Los Pol\u00edticos","twitter_card":"summary_large_image","twitter_creator":"@LosPoliticosVer","twitter_site":"@LosPoliticosVer","twitter_misc":{"Escrito por":"Lo viste en Los Pol\u00edticos","Tiempo de lectura":"5 minutos"},"schema":{"@context":"https:\/\/schema.org","@graph":[{"@type":"Article","@id":"https:\/\/lospoliticosveracruz.com\/?p=27079#article","isPartOf":{"@id":"https:\/\/lospoliticosveracruz.com\/?p=27079"},"author":{"name":"Lo viste en Los Pol\u00edticos","@id":"https:\/\/lospoliticosveracruz.com\/#\/schema\/person\/b8702bb0e538456e6efd07080bf2a4a2"},"headline":"Mi vida con Michael Jackson","datePublished":"2016-10-16T15:34:24+00:00","mainEntityOfPage":{"@id":"https:\/\/lospoliticosveracruz.com\/?p=27079"},"wordCount":1054,"commentCount":0,"publisher":{"@id":"https:\/\/lospoliticosveracruz.com\/#organization"},"keywords":["Armando Ortiz","Colombianizaci\u00f3n","Cuerpos Veracruz","Michael Jackson","Todos estamos muertos"],"articleSection":["Cine, Libros y m\u00e1s"],"inLanguage":"es","potentialAction":[{"@type":"CommentAction","name":"Comment","target":["https:\/\/lospoliticosveracruz.com\/?p=27079#respond"]}]},{"@type":"WebPage","@id":"https:\/\/lospoliticosveracruz.com\/?p=27079","url":"https:\/\/lospoliticosveracruz.com\/?p=27079","name":"Mi vida con Michael Jackson - Los pol\u00edticos Veracruz","isPartOf":{"@id":"https:\/\/lospoliticosveracruz.com\/#website"},"datePublished":"2016-10-16T15:34:24+00:00","breadcrumb":{"@id":"https:\/\/lospoliticosveracruz.com\/?p=27079#breadcrumb"},"inLanguage":"es","potentialAction":[{"@type":"ReadAction","target":["https:\/\/lospoliticosveracruz.com\/?p=27079"]}]},{"@type":"BreadcrumbList","@id":"https:\/\/lospoliticosveracruz.com\/?p=27079#breadcrumb","itemListElement":[{"@type":"ListItem","position":1,"name":"Portada","item":"https:\/\/lospoliticosveracruz.com\/"},{"@type":"ListItem","position":2,"name":"Mi vida con Michael Jackson"}]},{"@type":"WebSite","@id":"https:\/\/lospoliticosveracruz.com\/#website","url":"https:\/\/lospoliticosveracruz.com\/","name":"Los pol\u00edticos Veracruz","description":"","publisher":{"@id":"https:\/\/lospoliticosveracruz.com\/#organization"},"potentialAction":[{"@type":"SearchAction","target":{"@type":"EntryPoint","urlTemplate":"https:\/\/lospoliticosveracruz.com\/?s={search_term_string}"},"query-input":{"@type":"PropertyValueSpecification","valueRequired":true,"valueName":"search_term_string"}}],"inLanguage":"es"},{"@type":"Organization","@id":"https:\/\/lospoliticosveracruz.com\/#organization","name":"Los pol\u00edticos Veracruz","url":"https:\/\/lospoliticosveracruz.com\/","logo":{"@type":"ImageObject","inLanguage":"es","@id":"https:\/\/lospoliticosveracruz.com\/#\/schema\/logo\/image\/","url":"https:\/\/lospoliticosveracruz.com\/wp-content\/uploads\/2025\/12\/Logo-Nuevo-LOS-POLITICOS-1.jpg","contentUrl":"https:\/\/lospoliticosveracruz.com\/wp-content\/uploads\/2025\/12\/Logo-Nuevo-LOS-POLITICOS-1.jpg","width":260,"height":70,"caption":"Los pol\u00edticos Veracruz"},"image":{"@id":"https:\/\/lospoliticosveracruz.com\/#\/schema\/logo\/image\/"},"sameAs":["https:\/\/www.facebook.com\/people\/Notimemes-de-los-Polticos\/61565672886568\/","https:\/\/x.com\/LosPoliticosVer"]},{"@type":"Person","@id":"https:\/\/lospoliticosveracruz.com\/#\/schema\/person\/b8702bb0e538456e6efd07080bf2a4a2","name":"Lo viste en Los Pol\u00edticos","image":{"@type":"ImageObject","inLanguage":"es","@id":"https:\/\/secure.gravatar.com\/avatar\/3a8de04a2656d44082be478bd6c086daa447c4651605818287b9532d3d0bd435?s=96&d=mm&r=g","url":"https:\/\/secure.gravatar.com\/avatar\/3a8de04a2656d44082be478bd6c086daa447c4651605818287b9532d3d0bd435?s=96&d=mm&r=g","contentUrl":"https:\/\/secure.gravatar.com\/avatar\/3a8de04a2656d44082be478bd6c086daa447c4651605818287b9532d3d0bd435?s=96&d=mm&r=g","caption":"Lo viste en Los Pol\u00edticos"},"url":"https:\/\/lospoliticosveracruz.com\/?author=2"}]}},"_links":{"self":[{"href":"https:\/\/lospoliticosveracruz.com\/index.php?rest_route=\/wp\/v2\/posts\/27079","targetHints":{"allow":["GET"]}}],"collection":[{"href":"https:\/\/lospoliticosveracruz.com\/index.php?rest_route=\/wp\/v2\/posts"}],"about":[{"href":"https:\/\/lospoliticosveracruz.com\/index.php?rest_route=\/wp\/v2\/types\/post"}],"author":[{"embeddable":true,"href":"https:\/\/lospoliticosveracruz.com\/index.php?rest_route=\/wp\/v2\/users\/2"}],"replies":[{"embeddable":true,"href":"https:\/\/lospoliticosveracruz.com\/index.php?rest_route=%2Fwp%2Fv2%2Fcomments&post=27079"}],"version-history":[{"count":1,"href":"https:\/\/lospoliticosveracruz.com\/index.php?rest_route=\/wp\/v2\/posts\/27079\/revisions"}],"predecessor-version":[{"id":27080,"href":"https:\/\/lospoliticosveracruz.com\/index.php?rest_route=\/wp\/v2\/posts\/27079\/revisions\/27080"}],"wp:attachment":[{"href":"https:\/\/lospoliticosveracruz.com\/index.php?rest_route=%2Fwp%2Fv2%2Fmedia&parent=27079"}],"wp:term":[{"taxonomy":"category","embeddable":true,"href":"https:\/\/lospoliticosveracruz.com\/index.php?rest_route=%2Fwp%2Fv2%2Fcategories&post=27079"},{"taxonomy":"post_tag","embeddable":true,"href":"https:\/\/lospoliticosveracruz.com\/index.php?rest_route=%2Fwp%2Fv2%2Ftags&post=27079"}],"curies":[{"name":"wp","href":"https:\/\/api.w.org\/{rel}","templated":true}]}}