{"id":27307,"date":"2016-10-23T10:17:29","date_gmt":"2016-10-23T15:17:29","guid":{"rendered":"http:\/\/www.lospoliticosveracruz.com.mx\/?p=27307"},"modified":"2016-10-23T10:17:29","modified_gmt":"2016-10-23T15:17:29","slug":"la-muerte-del-autor","status":"publish","type":"post","link":"https:\/\/lospoliticosveracruz.com\/?p=27307","title":{"rendered":"La muerte del autor"},"content":{"rendered":"<p><strong>Armando Ortiz<\/strong><\/p>\n<p><em>El Hijo Pr\u00f3digo<\/em><\/p>\n<p>&nbsp;<\/p>\n<p>&nbsp;<\/p>\n<p>Y todos dec\u00edan haberle conocido cuando despu\u00e9s de muerto su obra comenz\u00f3 a ser valorada. Le brotaron amigos y parientes por todos lados y de todos los estratos sociales. Su obra in\u00e9dita que entonces nadie tomara en cuenta, hoy es una de las m\u00e1s le\u00eddas y estudiadas. Surgieron ensayistas dedicados a indagar en su obra ese contexto filos\u00f3fico que dicen contiene; trataron de investigar una existencia que todos aseguraban conocer, pero nadie se atrev\u00eda a dar pormenores. T\u00edtulos como Las cien noches de Prometeo o El celo de las an\u00e9monas se vend\u00edan en grandes cantidades. Sus cuentos fant\u00e1sticos y ap\u00f3crifos eran el tema de conferencias y simposios.<\/p>\n<p>En una entrevista Carlos Ph., cigarro en mano, con aires de gran divo, afirmaba que algunos s\u00e1bados en el Caf\u00e9 Bari discut\u00eda con el autor ciertas t\u00e9cnicas y recursos literarios; al final el divo terminaba hablando de su propia obra. Octavio P. reconoci\u00f3 haber tenido poco trato con \u00e9l. \u00abSi su nombre no nos dice nada de un escritor pr\u00f3digo \u2014dec\u00eda\u2014, su conversaci\u00f3n fuerte y bien sostenida clama la inspiraci\u00f3n prolija de un autor poco convencional\u00bb. Octavio P. tambi\u00e9n dijo saber muy poco de su pasado y tarde se enter\u00f3 de su muerte por no encontrarse en el pa\u00eds.<\/p>\n<p>Ni Carlos Ph. ni Octavio P. pudieron dar una pista pret\u00e9rita acerca del autor de El temor sali\u00f3 del sue\u00f1o. Fue J. Emilio P. el que se refiri\u00f3 a \u00e9l como un escritor de fuertes impulsos psicol\u00f3gicos. Habl\u00f3 de una posible infancia precoz y de un supuesto complejo ed\u00edpico; de una sexualidad resentida, quiz\u00e1 reprimida. Sin embargo, cuando le preguntaron d\u00f3nde lo hab\u00eda conocido, se turb\u00f3 y contest\u00f3 poco convincente: \u00abEn una conferencia en el puerto de Veracruz\u00bb.<\/p>\n<p>Mentiras, puras mentiras de personas que le negaron acceso a una \u00e9lite literaria, tal vez ante el riesgo de verse opacados por una escritura superior. Ni Carlos Ph. ni Octavio P. ni J. Emilio P. dicen la verdad; incluso el supuesto romance que se atribuye Elena P. es falso; todo es mentira.<\/p>\n<p>Realmente el \u00fanico que lo conoci\u00f3 bien fui yo, que lo ve\u00eda llegar todas las tardes con un manojo de papeles manchados de tinta y con el \u00e1nimo deca\u00eddo en el iris de los ojos. Lo escuch\u00e9 varias veces maldecir los nombres de los que ahora se disputan su amistad, de las editoriales que se pelean los derechos de sus trabajos.<\/p>\n<p>En el balc\u00f3n de su cuarto, como \u00fanica compa\u00f1era, la depresi\u00f3n hac\u00eda estragos en su persona. En las noches de octubre, antes de cerrar mi farmacia, dirig\u00eda la vista hacia su ventana y lo observaba sentado, fumando y suplic\u00e1ndose a s\u00ed mismo dejar de escribir; pero al parecer nunca lo logr\u00f3, pues hasta el \u00faltimo d\u00eda de su vida escribi\u00f3 y dej\u00f3 textos como para hacer ricos a todos los editores que hoy d\u00eda se disputan algunos de sus cuentos.<\/p>\n<p>La tarde antes de su muerte vino a la farmacia y me dijo que pensaba quitarse la vida; como no era la primera ocasi\u00f3n que lo mencionaba lo tom\u00e9 a broma. Tambi\u00e9n dijo que ten\u00eda ganas de dormir y compr\u00f3 unos gramos de veronal, cinco, como era su costumbre. Los guard\u00f3 en el bolsillo de su cazadora y se retir\u00f3. Lo vi alejarse, no a su cuarto, sino rumbo a Puente Alto; fue en ese instante que tuve un mal presentimiento. Esa noche no pude dormir tranquilo. Al d\u00eda siguiente, en las p\u00e1ginas policiacas de los peri\u00f3dicos le\u00ed sobre su muerte. Lo encontraron ahorcado, colgado de la rama de un encino; el veronal no estaba entre las cosas que de sus bolsillos recuperaron y en la autopsia no se habl\u00f3 de \u00e9ste. No hubo fotograf\u00edas y nadie reclam\u00f3 su cuerpo; a los dos meses fue a dar a la fosa com\u00fan.<\/p>\n<p>Un a\u00f1o despu\u00e9s Miguel Garc\u00eda Paniagua, cronista de la ciudad, lo record\u00f3 al hablar del encino de Puente Alto, al que grotescamente llam\u00f3 \u00abel encino del ahorcado\u00bb. Un fragmento de Las cien noches de Prometeo se cit\u00f3 en su discurso; esas palabras se inscribieron en una placa de cemento que hoy es de bronce. La inscripci\u00f3n dice lo siguiente: \u00abPero siempre llega la muerte para\u00a0desenga\u00f1arnos, que nos despierta del sue\u00f1o de la inmortalidad, para dormirnos en otro donde la noche es perpetua\u00bb.<\/p>\n<p>Yo sigo pensando en el veronal. Si quer\u00eda suicidarse de esa manera, \u00bfpara qu\u00e9 el veronal?<\/p>\n<p>Su cuerpo no fue identificado por nadie, la polic\u00eda supuso el nombre por los documentos del abrigo que llevaba. Pero esa tarde que fue a la farmacia hab\u00eda surada y juro que no llevaba abrigo, si acaso una sencilla cazadora.<\/p>\n<p>Recuerdo que al d\u00eda siguiente de su muerte, ya cerrando la farmacia y habituado a mirar hacia el balc\u00f3n de su cuarto, vi una sombra deslizarse por los cristales de su ventana; escuch\u00e9 una m\u00fasica suave, blues, la que \u00e9l acostumbraba escuchar. Tambi\u00e9n me lleg\u00f3 el olor de su cigarrillo de mariguana; inconfundible olor que inflama mis arterias.<\/p>\n<p>Desde ese d\u00eda me asalta la idea de que el autor sigue vivo, penando en alg\u00fan lugar la muerte ficticia que se autoimpuso. He cre\u00eddo ver su rostro en los mendigos que pasan solicit\u00e1ndome unas monedas, y por eso no se las he negado. He cre\u00eddo verlo en el balc\u00f3n de su cuarto, en la luz que misteriosamente se enciende y apaga, en las noches, cuando octubre se cuaja de im\u00e1genes o cuando la droga me hace ver alucinaciones.<\/p>\n<p>Postdata 1: Se presenta el libro Todos estamos muertos de Armando Ortiz el viernes 28 de octubre<\/p>\n<p>\u201cLa muerte del autor\u201d es un cuento del volumen que se presentar\u00e1 el d\u00eda viernes 28 de octubre a las 18:00 horas en el auditorio del Colegio de Notarios. Los presentadores ser\u00e1n Silvia Tomasa Rivera, Maryjose Gamboa y German Ceballos. El libro est\u00e1 editado por la Universidad Popular Aut\u00f3noma de Veracruz. \u201cLa muerte del autor es uno de los primeros cuentos que escrib\u00ed hace m\u00e1s de 20 a\u00f1os en la inocencia de mi asombro. Dedicado a m\u00ed, sin decirlo, plantea la idea de que la trascendencia en vida por parte de cualquier escritor es esforzarse tras viento, pura vanidad. La trascendencia s\u00f3lo llega cuando estamos ausentes.<\/p>\n<p>aortiz52@hotmail.com<\/p>\n","protected":false},"excerpt":{"rendered":"<p>Armando Ortiz El Hijo Pr\u00f3digo &nbsp; &nbsp; Y todos dec\u00edan haberle conocido cuando despu\u00e9s de muerto su obra comenz\u00f3 a ser valorada. Le brotaron amigos y parientes por todos lados y de todos los estratos sociales. Su obra in\u00e9dita que entonces nadie tomara en cuenta, hoy es una de las m\u00e1s le\u00eddas y estudiadas. Surgieron [&hellip;]<\/p>\n","protected":false},"author":2,"featured_media":0,"comment_status":"open","ping_status":"open","sticky":false,"template":"","format":"standard","meta":{"tdm_status":"","tdm_grid_status":"","footnotes":""},"categories":[75],"tags":[517,6574,6573,1937,725,2993],"class_list":{"0":"post-27307","1":"post","2":"type-post","3":"status-publish","4":"format-standard","6":"category-cine-libros-y-mas","7":"tag-armando-ortiz","8":"tag-german-ceballos","9":"tag-la-muerte-del-autor","10":"tag-maryjose-gamboa","11":"tag-silvia-tomasa-rivera","12":"tag-todos-estamos-muertos"},"yoast_head":"<!-- This site is optimized with the Yoast SEO plugin v27.4 - https:\/\/yoast.com\/product\/yoast-seo-wordpress\/ -->\n<title>La muerte del autor - Los pol\u00edticos Veracruz<\/title>\n<meta name=\"robots\" content=\"index, follow, max-snippet:-1, max-image-preview:large, max-video-preview:-1\" \/>\n<link rel=\"canonical\" href=\"https:\/\/lospoliticosveracruz.com\/?p=27307\" \/>\n<meta property=\"og:locale\" content=\"es_ES\" \/>\n<meta property=\"og:type\" content=\"article\" \/>\n<meta property=\"og:title\" content=\"La muerte del autor - Los pol\u00edticos Veracruz\" \/>\n<meta property=\"og:description\" content=\"Armando Ortiz El Hijo Pr\u00f3digo &nbsp; &nbsp; Y todos dec\u00edan haberle conocido cuando despu\u00e9s de muerto su obra comenz\u00f3 a ser valorada. Le brotaron amigos y parientes por todos lados y de todos los estratos sociales. Su obra in\u00e9dita que entonces nadie tomara en cuenta, hoy es una de las m\u00e1s le\u00eddas y estudiadas. Surgieron [&hellip;]\" \/>\n<meta property=\"og:url\" content=\"https:\/\/lospoliticosveracruz.com\/?p=27307\" \/>\n<meta property=\"og:site_name\" content=\"Los pol\u00edticos Veracruz\" \/>\n<meta property=\"article:publisher\" content=\"https:\/\/www.facebook.com\/people\/Notimemes-de-los-Polticos\/61565672886568\/\" \/>\n<meta property=\"article:published_time\" content=\"2016-10-23T15:17:29+00:00\" \/>\n<meta property=\"og:image\" content=\"https:\/\/lospoliticosveracruz.com\/wp-content\/uploads\/2016\/07\/Logo-Dor.jpg\" \/>\n\t<meta property=\"og:image:width\" content=\"200\" \/>\n\t<meta property=\"og:image:height\" content=\"200\" \/>\n\t<meta property=\"og:image:type\" content=\"image\/jpeg\" \/>\n<meta name=\"author\" content=\"Lo viste en Los Pol\u00edticos\" \/>\n<meta name=\"twitter:card\" content=\"summary_large_image\" \/>\n<meta name=\"twitter:creator\" content=\"@LosPoliticosVer\" \/>\n<meta name=\"twitter:site\" content=\"@LosPoliticosVer\" \/>\n<meta name=\"twitter:label1\" content=\"Escrito por\" \/>\n\t<meta name=\"twitter:data1\" content=\"Lo viste en Los Pol\u00edticos\" \/>\n\t<meta name=\"twitter:label2\" content=\"Tiempo de lectura\" \/>\n\t<meta name=\"twitter:data2\" content=\"6 minutos\" \/>\n<script type=\"application\/ld+json\" class=\"yoast-schema-graph\">{\"@context\":\"https:\\\/\\\/schema.org\",\"@graph\":[{\"@type\":\"Article\",\"@id\":\"https:\\\/\\\/lospoliticosveracruz.com\\\/?p=27307#article\",\"isPartOf\":{\"@id\":\"https:\\\/\\\/lospoliticosveracruz.com\\\/?p=27307\"},\"author\":{\"name\":\"Lo viste en Los Pol\u00edticos\",\"@id\":\"https:\\\/\\\/lospoliticosveracruz.com\\\/#\\\/schema\\\/person\\\/b8702bb0e538456e6efd07080bf2a4a2\"},\"headline\":\"La muerte del autor\",\"datePublished\":\"2016-10-23T15:17:29+00:00\",\"mainEntityOfPage\":{\"@id\":\"https:\\\/\\\/lospoliticosveracruz.com\\\/?p=27307\"},\"wordCount\":1108,\"commentCount\":0,\"publisher\":{\"@id\":\"https:\\\/\\\/lospoliticosveracruz.com\\\/#organization\"},\"keywords\":[\"Armando Ortiz\",\"German Ceballos\",\"La Muerte del Autor\",\"Maryjose Gamboa\",\"Silvia Tomasa Rivera\",\"Todos estamos muertos\"],\"articleSection\":[\"Cine, Libros y m\u00e1s\"],\"inLanguage\":\"es\",\"potentialAction\":[{\"@type\":\"CommentAction\",\"name\":\"Comment\",\"target\":[\"https:\\\/\\\/lospoliticosveracruz.com\\\/?p=27307#respond\"]}]},{\"@type\":\"WebPage\",\"@id\":\"https:\\\/\\\/lospoliticosveracruz.com\\\/?p=27307\",\"url\":\"https:\\\/\\\/lospoliticosveracruz.com\\\/?p=27307\",\"name\":\"La muerte del autor - Los pol\u00edticos Veracruz\",\"isPartOf\":{\"@id\":\"https:\\\/\\\/lospoliticosveracruz.com\\\/#website\"},\"datePublished\":\"2016-10-23T15:17:29+00:00\",\"breadcrumb\":{\"@id\":\"https:\\\/\\\/lospoliticosveracruz.com\\\/?p=27307#breadcrumb\"},\"inLanguage\":\"es\",\"potentialAction\":[{\"@type\":\"ReadAction\",\"target\":[\"https:\\\/\\\/lospoliticosveracruz.com\\\/?p=27307\"]}]},{\"@type\":\"BreadcrumbList\",\"@id\":\"https:\\\/\\\/lospoliticosveracruz.com\\\/?p=27307#breadcrumb\",\"itemListElement\":[{\"@type\":\"ListItem\",\"position\":1,\"name\":\"Portada\",\"item\":\"https:\\\/\\\/lospoliticosveracruz.com\\\/\"},{\"@type\":\"ListItem\",\"position\":2,\"name\":\"La muerte del autor\"}]},{\"@type\":\"WebSite\",\"@id\":\"https:\\\/\\\/lospoliticosveracruz.com\\\/#website\",\"url\":\"https:\\\/\\\/lospoliticosveracruz.com\\\/\",\"name\":\"Los pol\u00edticos Veracruz\",\"description\":\"\",\"publisher\":{\"@id\":\"https:\\\/\\\/lospoliticosveracruz.com\\\/#organization\"},\"potentialAction\":[{\"@type\":\"SearchAction\",\"target\":{\"@type\":\"EntryPoint\",\"urlTemplate\":\"https:\\\/\\\/lospoliticosveracruz.com\\\/?s={search_term_string}\"},\"query-input\":{\"@type\":\"PropertyValueSpecification\",\"valueRequired\":true,\"valueName\":\"search_term_string\"}}],\"inLanguage\":\"es\"},{\"@type\":\"Organization\",\"@id\":\"https:\\\/\\\/lospoliticosveracruz.com\\\/#organization\",\"name\":\"Los pol\u00edticos Veracruz\",\"url\":\"https:\\\/\\\/lospoliticosveracruz.com\\\/\",\"logo\":{\"@type\":\"ImageObject\",\"inLanguage\":\"es\",\"@id\":\"https:\\\/\\\/lospoliticosveracruz.com\\\/#\\\/schema\\\/logo\\\/image\\\/\",\"url\":\"https:\\\/\\\/lospoliticosveracruz.com\\\/wp-content\\\/uploads\\\/2025\\\/12\\\/Logo-Nuevo-LOS-POLITICOS-1.jpg\",\"contentUrl\":\"https:\\\/\\\/lospoliticosveracruz.com\\\/wp-content\\\/uploads\\\/2025\\\/12\\\/Logo-Nuevo-LOS-POLITICOS-1.jpg\",\"width\":260,\"height\":70,\"caption\":\"Los pol\u00edticos Veracruz\"},\"image\":{\"@id\":\"https:\\\/\\\/lospoliticosveracruz.com\\\/#\\\/schema\\\/logo\\\/image\\\/\"},\"sameAs\":[\"https:\\\/\\\/www.facebook.com\\\/people\\\/Notimemes-de-los-Polticos\\\/61565672886568\\\/\",\"https:\\\/\\\/x.com\\\/LosPoliticosVer\"]},{\"@type\":\"Person\",\"@id\":\"https:\\\/\\\/lospoliticosveracruz.com\\\/#\\\/schema\\\/person\\\/b8702bb0e538456e6efd07080bf2a4a2\",\"name\":\"Lo viste en Los Pol\u00edticos\",\"image\":{\"@type\":\"ImageObject\",\"inLanguage\":\"es\",\"@id\":\"https:\\\/\\\/secure.gravatar.com\\\/avatar\\\/3a8de04a2656d44082be478bd6c086daa447c4651605818287b9532d3d0bd435?s=96&d=mm&r=g\",\"url\":\"https:\\\/\\\/secure.gravatar.com\\\/avatar\\\/3a8de04a2656d44082be478bd6c086daa447c4651605818287b9532d3d0bd435?s=96&d=mm&r=g\",\"contentUrl\":\"https:\\\/\\\/secure.gravatar.com\\\/avatar\\\/3a8de04a2656d44082be478bd6c086daa447c4651605818287b9532d3d0bd435?s=96&d=mm&r=g\",\"caption\":\"Lo viste en Los Pol\u00edticos\"},\"url\":\"https:\\\/\\\/lospoliticosveracruz.com\\\/?author=2\"}]}<\/script>\n<!-- \/ Yoast SEO plugin. -->","yoast_head_json":{"title":"La muerte del autor - Los pol\u00edticos Veracruz","robots":{"index":"index","follow":"follow","max-snippet":"max-snippet:-1","max-image-preview":"max-image-preview:large","max-video-preview":"max-video-preview:-1"},"canonical":"https:\/\/lospoliticosveracruz.com\/?p=27307","og_locale":"es_ES","og_type":"article","og_title":"La muerte del autor - Los pol\u00edticos Veracruz","og_description":"Armando Ortiz El Hijo Pr\u00f3digo &nbsp; &nbsp; Y todos dec\u00edan haberle conocido cuando despu\u00e9s de muerto su obra comenz\u00f3 a ser valorada. Le brotaron amigos y parientes por todos lados y de todos los estratos sociales. Su obra in\u00e9dita que entonces nadie tomara en cuenta, hoy es una de las m\u00e1s le\u00eddas y estudiadas. Surgieron [&hellip;]","og_url":"https:\/\/lospoliticosveracruz.com\/?p=27307","og_site_name":"Los pol\u00edticos Veracruz","article_publisher":"https:\/\/www.facebook.com\/people\/Notimemes-de-los-Polticos\/61565672886568\/","article_published_time":"2016-10-23T15:17:29+00:00","og_image":[{"width":200,"height":200,"url":"https:\/\/lospoliticosveracruz.com\/wp-content\/uploads\/2016\/07\/Logo-Dor.jpg","type":"image\/jpeg"}],"author":"Lo viste en Los Pol\u00edticos","twitter_card":"summary_large_image","twitter_creator":"@LosPoliticosVer","twitter_site":"@LosPoliticosVer","twitter_misc":{"Escrito por":"Lo viste en Los Pol\u00edticos","Tiempo de lectura":"6 minutos"},"schema":{"@context":"https:\/\/schema.org","@graph":[{"@type":"Article","@id":"https:\/\/lospoliticosveracruz.com\/?p=27307#article","isPartOf":{"@id":"https:\/\/lospoliticosveracruz.com\/?p=27307"},"author":{"name":"Lo viste en Los Pol\u00edticos","@id":"https:\/\/lospoliticosveracruz.com\/#\/schema\/person\/b8702bb0e538456e6efd07080bf2a4a2"},"headline":"La muerte del autor","datePublished":"2016-10-23T15:17:29+00:00","mainEntityOfPage":{"@id":"https:\/\/lospoliticosveracruz.com\/?p=27307"},"wordCount":1108,"commentCount":0,"publisher":{"@id":"https:\/\/lospoliticosveracruz.com\/#organization"},"keywords":["Armando Ortiz","German Ceballos","La Muerte del Autor","Maryjose Gamboa","Silvia Tomasa Rivera","Todos estamos muertos"],"articleSection":["Cine, Libros y m\u00e1s"],"inLanguage":"es","potentialAction":[{"@type":"CommentAction","name":"Comment","target":["https:\/\/lospoliticosveracruz.com\/?p=27307#respond"]}]},{"@type":"WebPage","@id":"https:\/\/lospoliticosveracruz.com\/?p=27307","url":"https:\/\/lospoliticosveracruz.com\/?p=27307","name":"La muerte del autor - Los pol\u00edticos Veracruz","isPartOf":{"@id":"https:\/\/lospoliticosveracruz.com\/#website"},"datePublished":"2016-10-23T15:17:29+00:00","breadcrumb":{"@id":"https:\/\/lospoliticosveracruz.com\/?p=27307#breadcrumb"},"inLanguage":"es","potentialAction":[{"@type":"ReadAction","target":["https:\/\/lospoliticosveracruz.com\/?p=27307"]}]},{"@type":"BreadcrumbList","@id":"https:\/\/lospoliticosveracruz.com\/?p=27307#breadcrumb","itemListElement":[{"@type":"ListItem","position":1,"name":"Portada","item":"https:\/\/lospoliticosveracruz.com\/"},{"@type":"ListItem","position":2,"name":"La muerte del autor"}]},{"@type":"WebSite","@id":"https:\/\/lospoliticosveracruz.com\/#website","url":"https:\/\/lospoliticosveracruz.com\/","name":"Los pol\u00edticos Veracruz","description":"","publisher":{"@id":"https:\/\/lospoliticosveracruz.com\/#organization"},"potentialAction":[{"@type":"SearchAction","target":{"@type":"EntryPoint","urlTemplate":"https:\/\/lospoliticosveracruz.com\/?s={search_term_string}"},"query-input":{"@type":"PropertyValueSpecification","valueRequired":true,"valueName":"search_term_string"}}],"inLanguage":"es"},{"@type":"Organization","@id":"https:\/\/lospoliticosveracruz.com\/#organization","name":"Los pol\u00edticos Veracruz","url":"https:\/\/lospoliticosveracruz.com\/","logo":{"@type":"ImageObject","inLanguage":"es","@id":"https:\/\/lospoliticosveracruz.com\/#\/schema\/logo\/image\/","url":"https:\/\/lospoliticosveracruz.com\/wp-content\/uploads\/2025\/12\/Logo-Nuevo-LOS-POLITICOS-1.jpg","contentUrl":"https:\/\/lospoliticosveracruz.com\/wp-content\/uploads\/2025\/12\/Logo-Nuevo-LOS-POLITICOS-1.jpg","width":260,"height":70,"caption":"Los pol\u00edticos Veracruz"},"image":{"@id":"https:\/\/lospoliticosveracruz.com\/#\/schema\/logo\/image\/"},"sameAs":["https:\/\/www.facebook.com\/people\/Notimemes-de-los-Polticos\/61565672886568\/","https:\/\/x.com\/LosPoliticosVer"]},{"@type":"Person","@id":"https:\/\/lospoliticosveracruz.com\/#\/schema\/person\/b8702bb0e538456e6efd07080bf2a4a2","name":"Lo viste en Los Pol\u00edticos","image":{"@type":"ImageObject","inLanguage":"es","@id":"https:\/\/secure.gravatar.com\/avatar\/3a8de04a2656d44082be478bd6c086daa447c4651605818287b9532d3d0bd435?s=96&d=mm&r=g","url":"https:\/\/secure.gravatar.com\/avatar\/3a8de04a2656d44082be478bd6c086daa447c4651605818287b9532d3d0bd435?s=96&d=mm&r=g","contentUrl":"https:\/\/secure.gravatar.com\/avatar\/3a8de04a2656d44082be478bd6c086daa447c4651605818287b9532d3d0bd435?s=96&d=mm&r=g","caption":"Lo viste en Los Pol\u00edticos"},"url":"https:\/\/lospoliticosveracruz.com\/?author=2"}]}},"_links":{"self":[{"href":"https:\/\/lospoliticosveracruz.com\/index.php?rest_route=\/wp\/v2\/posts\/27307","targetHints":{"allow":["GET"]}}],"collection":[{"href":"https:\/\/lospoliticosveracruz.com\/index.php?rest_route=\/wp\/v2\/posts"}],"about":[{"href":"https:\/\/lospoliticosveracruz.com\/index.php?rest_route=\/wp\/v2\/types\/post"}],"author":[{"embeddable":true,"href":"https:\/\/lospoliticosveracruz.com\/index.php?rest_route=\/wp\/v2\/users\/2"}],"replies":[{"embeddable":true,"href":"https:\/\/lospoliticosveracruz.com\/index.php?rest_route=%2Fwp%2Fv2%2Fcomments&post=27307"}],"version-history":[{"count":1,"href":"https:\/\/lospoliticosveracruz.com\/index.php?rest_route=\/wp\/v2\/posts\/27307\/revisions"}],"predecessor-version":[{"id":27316,"href":"https:\/\/lospoliticosveracruz.com\/index.php?rest_route=\/wp\/v2\/posts\/27307\/revisions\/27316"}],"wp:attachment":[{"href":"https:\/\/lospoliticosveracruz.com\/index.php?rest_route=%2Fwp%2Fv2%2Fmedia&parent=27307"}],"wp:term":[{"taxonomy":"category","embeddable":true,"href":"https:\/\/lospoliticosveracruz.com\/index.php?rest_route=%2Fwp%2Fv2%2Fcategories&post=27307"},{"taxonomy":"post_tag","embeddable":true,"href":"https:\/\/lospoliticosveracruz.com\/index.php?rest_route=%2Fwp%2Fv2%2Ftags&post=27307"}],"curies":[{"name":"wp","href":"https:\/\/api.w.org\/{rel}","templated":true}]}}