{"id":27361,"date":"2016-10-23T22:22:56","date_gmt":"2016-10-24T03:22:56","guid":{"rendered":"http:\/\/www.lospoliticosveracruz.com.mx\/?p=27361"},"modified":"2016-10-23T22:22:56","modified_gmt":"2016-10-24T03:22:56","slug":"mujeres-y-medios-2","status":"publish","type":"post","link":"https:\/\/lospoliticosveracruz.com\/?p=27361","title":{"rendered":"Mujeres y Medios"},"content":{"rendered":"<p><strong>Brenda Caballero<\/strong><\/p>\n<p><em>N\u00fameros Rojos<\/em><\/p>\n<p>\u00a1La mat\u00f3 porque lo enga\u00f1aba! Era el titular m\u00e1s com\u00fan en la nota roja de muchos peri\u00f3dicos, cuando hac\u00edan referencia al asesinato de una mujer en manos de su esposo.<\/p>\n<p>El amarillismo del peri\u00f3dico m\u00e1s que producir morbo para vender, en cierto modo \u201cjustificaba\u201d el asesinato porque ella \u201cse lo hab\u00eda buscado\u201d, era algo como un mensaje subliminal donde la mala era la mujer, la cual ten\u00eda \u201cbien merecido\u201d lo que le hab\u00eda pasado; y la \u201cv\u00edctima\u201d, el marido.<\/p>\n<p>Creo que ese tipo de mensajes pudo haber aumentado la violencia contra la mujer.<\/p>\n<p>Publicaciones como Alarma!, Metro, incluso algunos diarios locales, llevaban en sus p\u00e1ginas la violencia contra las mujeres sin percatarse que esta acci\u00f3n constituye un atentado contra el derecho a la vida, la dignidad, la integridad f\u00edsica y ps\u00edquica de las v\u00edctimas; en conclusi\u00f3n, un atentado contra ellas y contra sus derechos humanos.<\/p>\n<p>Tambi\u00e9n los hombres han sido \u201cv\u00edctimas\u201d del amarillismo de los medios de comunicaci\u00f3n, como el titular que alguna vez le\u00ed: \u201clo agarr\u00f3 a sartenazos\u201d, aunque de manera m\u00ednima.<\/p>\n<p>Pero no todo es escrito con respecto a las mujeres. A\u00fan se les discrimina mediante im\u00e1genes estereotipadas y expresiones que alimentan precisamente ese patr\u00f3n que muestra una visi\u00f3n deformada de la mujer como objeto, sexo d\u00e9bil y v\u00edctima.<\/p>\n<p>A pesar de que en los \u00faltimos a\u00f1os se han logrado avances para regularizar los medios de comunicaci\u00f3n, a\u00fan no es suficiente y todos lo sabemos, en especial los integrantes de organizaciones civiles del Sistema Estatal para Prevenir, Atender, Sancionar y Erradicar la Violencia contra las Mujeres (Sepasevm) y el Instituto Veracruzano de las Mujeres (IVM) a cargo de Edda Arrez Rebolledo, quienes en conjunto con la Coordinaci\u00f3n General de Comunicaci\u00f3n Social del Gobierno del Estado de Veracruz, han publicado La Gu\u00eda de Disposiciones \u00c9ticas para Medios de Comunicaci\u00f3n y Agencias de Publicidad con Enfoque de G\u00e9nero, para que en conjunto con el C\u00f3digo de \u00c9tica que tienen los medios, sea un apoyo para dejar de reproducir los estereotipos de g\u00e9nero y se maneje un lenguaje incluyente que genere igualdad.<\/p>\n<p>La gu\u00eda tiene el objetivo de difundir un enfoque de trato igualitario, incluyente y respetuoso de las mujeres y los hombres, que sirva de referencia en el proceso de incorporaci\u00f3n de la perspectiva de g\u00e9nero en los instrumentos normativos \u00e9ticos de cada medio de comunicaci\u00f3n y agencia de publicidad.<\/p>\n<p>El fundamento de esta publicaci\u00f3n se contempla en el marco internacional, nacional y estatal de los Derechos Humanos y si se quiere consultar se encuentra disponible en la p\u00e1gina\u00a0<a href=\"http:\/\/www.ivermujeres.gob.mx\/\" target=\"_blank\" data-saferedirecturl=\"https:\/\/www.google.com\/url?hl=es&amp;q=http:\/\/www.ivermujeres.gob.mx&amp;source=gmail&amp;ust=1477357448528000&amp;usg=AFQjCNFezoyJmHWB7NrcTZxHqPY7bqcAxg\">www.ivermujeres.gob.mx<\/a>.<\/p>\n<p>La gu\u00eda tambi\u00e9n incluye disposiciones sobre la participaci\u00f3n de las mujeres en los medios de comunicaci\u00f3n. Aplaudo este apartado, pues varias veces, platicando con otras mujeres que se encuentran inmersas en el campo de la comunicaci\u00f3n, hemos detectado que se nos minimiza en la informaci\u00f3n que presentamos. Entiendo los intereses de cada medio, los amiguismos y compadrazgos, pero considero importante la pluralidad y participaci\u00f3n equitativa de mujeres y hombres en la producci\u00f3n de la informaci\u00f3n.<\/p>\n<p>Ojal\u00e1 todos los que estamos inmersos en los medios de comunicaci\u00f3n, ll\u00e1mese portales de internet, peri\u00f3dicos, radio, televisi\u00f3n, cine, agencias de publicidad, entre otros, reflexion\u00e1ramos y nos comprometi\u00e9ramos a difundir y promocionar los derechos humanos de las mujeres, adem\u00e1s de contribuir a eliminar el lenguaje sexista, as\u00ed como dimensionar el tratamiento informativo de la violencia contra las mujeres y las ni\u00f1as. Una manera de ello ser\u00eda ampliar el campo de representaci\u00f3n de la mujer con im\u00e1genes positivas que reflejen la realidad, pues recordemos que tenemos mujeres ingenieras, juezas, taxistas, astronautas, agricultoras, ministras, etc\u00e9tera.<\/p>\n<p>Sin la menor duda, esto ayudar\u00eda mucho a evitar que se sobredimensione la violencia contra ellas.<\/p>\n<p><a href=\"mailto:caballero_brenda@hotmail.com\" target=\"_blank\">caballero_brenda@hotmail.com<\/a><\/p>\n<p>@NumerosRojos_BC<\/p>\n","protected":false},"excerpt":{"rendered":"<p>Brenda Caballero N\u00fameros Rojos \u00a1La mat\u00f3 porque lo enga\u00f1aba! Era el titular m\u00e1s com\u00fan en la nota roja de muchos peri\u00f3dicos, cuando hac\u00edan referencia al asesinato de una mujer en manos de su esposo. El amarillismo del peri\u00f3dico m\u00e1s que producir morbo para vender, en cierto modo \u201cjustificaba\u201d el asesinato porque ella \u201cse lo hab\u00eda [&hellip;]<\/p>\n","protected":false},"author":2,"featured_media":0,"comment_status":"open","ping_status":"open","sticky":false,"template":"","format":"standard","meta":{"tdm_status":"","tdm_grid_status":"","footnotes":""},"categories":[70],"tags":[4250,6587,842,463],"class_list":{"0":"post-27361","1":"post","2":"type-post","3":"status-publish","4":"format-standard","6":"category-de-opinion","7":"tag-edda-arrez-rebolledo","8":"tag-instituto-veracruzano-de-las-mujeres","9":"tag-medios","10":"tag-violencia"},"yoast_head":"<!-- This site is optimized with the Yoast SEO plugin v27.4 - https:\/\/yoast.com\/product\/yoast-seo-wordpress\/ -->\n<title>Mujeres y Medios - Los pol\u00edticos Veracruz<\/title>\n<meta name=\"robots\" content=\"index, follow, max-snippet:-1, max-image-preview:large, max-video-preview:-1\" \/>\n<link rel=\"canonical\" href=\"https:\/\/lospoliticosveracruz.com\/?p=27361\" \/>\n<meta property=\"og:locale\" content=\"es_ES\" \/>\n<meta property=\"og:type\" content=\"article\" \/>\n<meta property=\"og:title\" content=\"Mujeres y Medios - Los pol\u00edticos Veracruz\" \/>\n<meta property=\"og:description\" content=\"Brenda Caballero N\u00fameros Rojos \u00a1La mat\u00f3 porque lo enga\u00f1aba! Era el titular m\u00e1s com\u00fan en la nota roja de muchos peri\u00f3dicos, cuando hac\u00edan referencia al asesinato de una mujer en manos de su esposo. El amarillismo del peri\u00f3dico m\u00e1s que producir morbo para vender, en cierto modo \u201cjustificaba\u201d el asesinato porque ella \u201cse lo hab\u00eda [&hellip;]\" \/>\n<meta property=\"og:url\" content=\"https:\/\/lospoliticosveracruz.com\/?p=27361\" \/>\n<meta property=\"og:site_name\" content=\"Los pol\u00edticos Veracruz\" \/>\n<meta property=\"article:publisher\" content=\"https:\/\/www.facebook.com\/people\/Notimemes-de-los-Polticos\/61565672886568\/\" \/>\n<meta property=\"article:published_time\" content=\"2016-10-24T03:22:56+00:00\" \/>\n<meta property=\"og:image\" content=\"https:\/\/lospoliticosveracruz.com\/wp-content\/uploads\/2016\/07\/Logo-Dor.jpg\" \/>\n\t<meta property=\"og:image:width\" content=\"200\" \/>\n\t<meta property=\"og:image:height\" content=\"200\" \/>\n\t<meta property=\"og:image:type\" content=\"image\/jpeg\" \/>\n<meta name=\"author\" content=\"Lo viste en Los Pol\u00edticos\" \/>\n<meta name=\"twitter:card\" content=\"summary_large_image\" \/>\n<meta name=\"twitter:creator\" content=\"@LosPoliticosVer\" \/>\n<meta name=\"twitter:site\" content=\"@LosPoliticosVer\" \/>\n<meta name=\"twitter:label1\" content=\"Escrito por\" \/>\n\t<meta name=\"twitter:data1\" content=\"Lo viste en Los Pol\u00edticos\" \/>\n\t<meta name=\"twitter:label2\" content=\"Tiempo de lectura\" \/>\n\t<meta name=\"twitter:data2\" content=\"3 minutos\" \/>\n<script type=\"application\/ld+json\" class=\"yoast-schema-graph\">{\"@context\":\"https:\\\/\\\/schema.org\",\"@graph\":[{\"@type\":\"Article\",\"@id\":\"https:\\\/\\\/lospoliticosveracruz.com\\\/?p=27361#article\",\"isPartOf\":{\"@id\":\"https:\\\/\\\/lospoliticosveracruz.com\\\/?p=27361\"},\"author\":{\"name\":\"Lo viste en Los Pol\u00edticos\",\"@id\":\"https:\\\/\\\/lospoliticosveracruz.com\\\/#\\\/schema\\\/person\\\/b8702bb0e538456e6efd07080bf2a4a2\"},\"headline\":\"Mujeres y Medios\",\"datePublished\":\"2016-10-24T03:22:56+00:00\",\"mainEntityOfPage\":{\"@id\":\"https:\\\/\\\/lospoliticosveracruz.com\\\/?p=27361\"},\"wordCount\":686,\"commentCount\":0,\"publisher\":{\"@id\":\"https:\\\/\\\/lospoliticosveracruz.com\\\/#organization\"},\"keywords\":[\"Edda Arrez Rebolledo\",\"Instituto Veracruzano de las Mujeres\",\"medios\",\"violencia\"],\"articleSection\":[\"De Opini\u00f3n\"],\"inLanguage\":\"es\",\"potentialAction\":[{\"@type\":\"CommentAction\",\"name\":\"Comment\",\"target\":[\"https:\\\/\\\/lospoliticosveracruz.com\\\/?p=27361#respond\"]}]},{\"@type\":\"WebPage\",\"@id\":\"https:\\\/\\\/lospoliticosveracruz.com\\\/?p=27361\",\"url\":\"https:\\\/\\\/lospoliticosveracruz.com\\\/?p=27361\",\"name\":\"Mujeres y Medios - Los pol\u00edticos Veracruz\",\"isPartOf\":{\"@id\":\"https:\\\/\\\/lospoliticosveracruz.com\\\/#website\"},\"datePublished\":\"2016-10-24T03:22:56+00:00\",\"breadcrumb\":{\"@id\":\"https:\\\/\\\/lospoliticosveracruz.com\\\/?p=27361#breadcrumb\"},\"inLanguage\":\"es\",\"potentialAction\":[{\"@type\":\"ReadAction\",\"target\":[\"https:\\\/\\\/lospoliticosveracruz.com\\\/?p=27361\"]}]},{\"@type\":\"BreadcrumbList\",\"@id\":\"https:\\\/\\\/lospoliticosveracruz.com\\\/?p=27361#breadcrumb\",\"itemListElement\":[{\"@type\":\"ListItem\",\"position\":1,\"name\":\"Portada\",\"item\":\"https:\\\/\\\/lospoliticosveracruz.com\\\/\"},{\"@type\":\"ListItem\",\"position\":2,\"name\":\"Mujeres y Medios\"}]},{\"@type\":\"WebSite\",\"@id\":\"https:\\\/\\\/lospoliticosveracruz.com\\\/#website\",\"url\":\"https:\\\/\\\/lospoliticosveracruz.com\\\/\",\"name\":\"Los pol\u00edticos Veracruz\",\"description\":\"\",\"publisher\":{\"@id\":\"https:\\\/\\\/lospoliticosveracruz.com\\\/#organization\"},\"potentialAction\":[{\"@type\":\"SearchAction\",\"target\":{\"@type\":\"EntryPoint\",\"urlTemplate\":\"https:\\\/\\\/lospoliticosveracruz.com\\\/?s={search_term_string}\"},\"query-input\":{\"@type\":\"PropertyValueSpecification\",\"valueRequired\":true,\"valueName\":\"search_term_string\"}}],\"inLanguage\":\"es\"},{\"@type\":\"Organization\",\"@id\":\"https:\\\/\\\/lospoliticosveracruz.com\\\/#organization\",\"name\":\"Los pol\u00edticos Veracruz\",\"url\":\"https:\\\/\\\/lospoliticosveracruz.com\\\/\",\"logo\":{\"@type\":\"ImageObject\",\"inLanguage\":\"es\",\"@id\":\"https:\\\/\\\/lospoliticosveracruz.com\\\/#\\\/schema\\\/logo\\\/image\\\/\",\"url\":\"https:\\\/\\\/lospoliticosveracruz.com\\\/wp-content\\\/uploads\\\/2025\\\/12\\\/Logo-Nuevo-LOS-POLITICOS-1.jpg\",\"contentUrl\":\"https:\\\/\\\/lospoliticosveracruz.com\\\/wp-content\\\/uploads\\\/2025\\\/12\\\/Logo-Nuevo-LOS-POLITICOS-1.jpg\",\"width\":260,\"height\":70,\"caption\":\"Los pol\u00edticos Veracruz\"},\"image\":{\"@id\":\"https:\\\/\\\/lospoliticosveracruz.com\\\/#\\\/schema\\\/logo\\\/image\\\/\"},\"sameAs\":[\"https:\\\/\\\/www.facebook.com\\\/people\\\/Notimemes-de-los-Polticos\\\/61565672886568\\\/\",\"https:\\\/\\\/x.com\\\/LosPoliticosVer\"]},{\"@type\":\"Person\",\"@id\":\"https:\\\/\\\/lospoliticosveracruz.com\\\/#\\\/schema\\\/person\\\/b8702bb0e538456e6efd07080bf2a4a2\",\"name\":\"Lo viste en Los Pol\u00edticos\",\"image\":{\"@type\":\"ImageObject\",\"inLanguage\":\"es\",\"@id\":\"https:\\\/\\\/secure.gravatar.com\\\/avatar\\\/3a8de04a2656d44082be478bd6c086daa447c4651605818287b9532d3d0bd435?s=96&d=mm&r=g\",\"url\":\"https:\\\/\\\/secure.gravatar.com\\\/avatar\\\/3a8de04a2656d44082be478bd6c086daa447c4651605818287b9532d3d0bd435?s=96&d=mm&r=g\",\"contentUrl\":\"https:\\\/\\\/secure.gravatar.com\\\/avatar\\\/3a8de04a2656d44082be478bd6c086daa447c4651605818287b9532d3d0bd435?s=96&d=mm&r=g\",\"caption\":\"Lo viste en Los Pol\u00edticos\"},\"url\":\"https:\\\/\\\/lospoliticosveracruz.com\\\/?author=2\"}]}<\/script>\n<!-- \/ Yoast SEO plugin. -->","yoast_head_json":{"title":"Mujeres y Medios - Los pol\u00edticos Veracruz","robots":{"index":"index","follow":"follow","max-snippet":"max-snippet:-1","max-image-preview":"max-image-preview:large","max-video-preview":"max-video-preview:-1"},"canonical":"https:\/\/lospoliticosveracruz.com\/?p=27361","og_locale":"es_ES","og_type":"article","og_title":"Mujeres y Medios - Los pol\u00edticos Veracruz","og_description":"Brenda Caballero N\u00fameros Rojos \u00a1La mat\u00f3 porque lo enga\u00f1aba! Era el titular m\u00e1s com\u00fan en la nota roja de muchos peri\u00f3dicos, cuando hac\u00edan referencia al asesinato de una mujer en manos de su esposo. El amarillismo del peri\u00f3dico m\u00e1s que producir morbo para vender, en cierto modo \u201cjustificaba\u201d el asesinato porque ella \u201cse lo hab\u00eda [&hellip;]","og_url":"https:\/\/lospoliticosveracruz.com\/?p=27361","og_site_name":"Los pol\u00edticos Veracruz","article_publisher":"https:\/\/www.facebook.com\/people\/Notimemes-de-los-Polticos\/61565672886568\/","article_published_time":"2016-10-24T03:22:56+00:00","og_image":[{"width":200,"height":200,"url":"https:\/\/lospoliticosveracruz.com\/wp-content\/uploads\/2016\/07\/Logo-Dor.jpg","type":"image\/jpeg"}],"author":"Lo viste en Los Pol\u00edticos","twitter_card":"summary_large_image","twitter_creator":"@LosPoliticosVer","twitter_site":"@LosPoliticosVer","twitter_misc":{"Escrito por":"Lo viste en Los Pol\u00edticos","Tiempo de lectura":"3 minutos"},"schema":{"@context":"https:\/\/schema.org","@graph":[{"@type":"Article","@id":"https:\/\/lospoliticosveracruz.com\/?p=27361#article","isPartOf":{"@id":"https:\/\/lospoliticosveracruz.com\/?p=27361"},"author":{"name":"Lo viste en Los Pol\u00edticos","@id":"https:\/\/lospoliticosveracruz.com\/#\/schema\/person\/b8702bb0e538456e6efd07080bf2a4a2"},"headline":"Mujeres y Medios","datePublished":"2016-10-24T03:22:56+00:00","mainEntityOfPage":{"@id":"https:\/\/lospoliticosveracruz.com\/?p=27361"},"wordCount":686,"commentCount":0,"publisher":{"@id":"https:\/\/lospoliticosveracruz.com\/#organization"},"keywords":["Edda Arrez Rebolledo","Instituto Veracruzano de las Mujeres","medios","violencia"],"articleSection":["De Opini\u00f3n"],"inLanguage":"es","potentialAction":[{"@type":"CommentAction","name":"Comment","target":["https:\/\/lospoliticosveracruz.com\/?p=27361#respond"]}]},{"@type":"WebPage","@id":"https:\/\/lospoliticosveracruz.com\/?p=27361","url":"https:\/\/lospoliticosveracruz.com\/?p=27361","name":"Mujeres y Medios - Los pol\u00edticos Veracruz","isPartOf":{"@id":"https:\/\/lospoliticosveracruz.com\/#website"},"datePublished":"2016-10-24T03:22:56+00:00","breadcrumb":{"@id":"https:\/\/lospoliticosveracruz.com\/?p=27361#breadcrumb"},"inLanguage":"es","potentialAction":[{"@type":"ReadAction","target":["https:\/\/lospoliticosveracruz.com\/?p=27361"]}]},{"@type":"BreadcrumbList","@id":"https:\/\/lospoliticosveracruz.com\/?p=27361#breadcrumb","itemListElement":[{"@type":"ListItem","position":1,"name":"Portada","item":"https:\/\/lospoliticosveracruz.com\/"},{"@type":"ListItem","position":2,"name":"Mujeres y Medios"}]},{"@type":"WebSite","@id":"https:\/\/lospoliticosveracruz.com\/#website","url":"https:\/\/lospoliticosveracruz.com\/","name":"Los pol\u00edticos Veracruz","description":"","publisher":{"@id":"https:\/\/lospoliticosveracruz.com\/#organization"},"potentialAction":[{"@type":"SearchAction","target":{"@type":"EntryPoint","urlTemplate":"https:\/\/lospoliticosveracruz.com\/?s={search_term_string}"},"query-input":{"@type":"PropertyValueSpecification","valueRequired":true,"valueName":"search_term_string"}}],"inLanguage":"es"},{"@type":"Organization","@id":"https:\/\/lospoliticosveracruz.com\/#organization","name":"Los pol\u00edticos Veracruz","url":"https:\/\/lospoliticosveracruz.com\/","logo":{"@type":"ImageObject","inLanguage":"es","@id":"https:\/\/lospoliticosveracruz.com\/#\/schema\/logo\/image\/","url":"https:\/\/lospoliticosveracruz.com\/wp-content\/uploads\/2025\/12\/Logo-Nuevo-LOS-POLITICOS-1.jpg","contentUrl":"https:\/\/lospoliticosveracruz.com\/wp-content\/uploads\/2025\/12\/Logo-Nuevo-LOS-POLITICOS-1.jpg","width":260,"height":70,"caption":"Los pol\u00edticos Veracruz"},"image":{"@id":"https:\/\/lospoliticosveracruz.com\/#\/schema\/logo\/image\/"},"sameAs":["https:\/\/www.facebook.com\/people\/Notimemes-de-los-Polticos\/61565672886568\/","https:\/\/x.com\/LosPoliticosVer"]},{"@type":"Person","@id":"https:\/\/lospoliticosveracruz.com\/#\/schema\/person\/b8702bb0e538456e6efd07080bf2a4a2","name":"Lo viste en Los Pol\u00edticos","image":{"@type":"ImageObject","inLanguage":"es","@id":"https:\/\/secure.gravatar.com\/avatar\/3a8de04a2656d44082be478bd6c086daa447c4651605818287b9532d3d0bd435?s=96&d=mm&r=g","url":"https:\/\/secure.gravatar.com\/avatar\/3a8de04a2656d44082be478bd6c086daa447c4651605818287b9532d3d0bd435?s=96&d=mm&r=g","contentUrl":"https:\/\/secure.gravatar.com\/avatar\/3a8de04a2656d44082be478bd6c086daa447c4651605818287b9532d3d0bd435?s=96&d=mm&r=g","caption":"Lo viste en Los Pol\u00edticos"},"url":"https:\/\/lospoliticosveracruz.com\/?author=2"}]}},"_links":{"self":[{"href":"https:\/\/lospoliticosveracruz.com\/index.php?rest_route=\/wp\/v2\/posts\/27361","targetHints":{"allow":["GET"]}}],"collection":[{"href":"https:\/\/lospoliticosveracruz.com\/index.php?rest_route=\/wp\/v2\/posts"}],"about":[{"href":"https:\/\/lospoliticosveracruz.com\/index.php?rest_route=\/wp\/v2\/types\/post"}],"author":[{"embeddable":true,"href":"https:\/\/lospoliticosveracruz.com\/index.php?rest_route=\/wp\/v2\/users\/2"}],"replies":[{"embeddable":true,"href":"https:\/\/lospoliticosveracruz.com\/index.php?rest_route=%2Fwp%2Fv2%2Fcomments&post=27361"}],"version-history":[{"count":1,"href":"https:\/\/lospoliticosveracruz.com\/index.php?rest_route=\/wp\/v2\/posts\/27361\/revisions"}],"predecessor-version":[{"id":27364,"href":"https:\/\/lospoliticosveracruz.com\/index.php?rest_route=\/wp\/v2\/posts\/27361\/revisions\/27364"}],"wp:attachment":[{"href":"https:\/\/lospoliticosveracruz.com\/index.php?rest_route=%2Fwp%2Fv2%2Fmedia&parent=27361"}],"wp:term":[{"taxonomy":"category","embeddable":true,"href":"https:\/\/lospoliticosveracruz.com\/index.php?rest_route=%2Fwp%2Fv2%2Fcategories&post=27361"},{"taxonomy":"post_tag","embeddable":true,"href":"https:\/\/lospoliticosveracruz.com\/index.php?rest_route=%2Fwp%2Fv2%2Ftags&post=27361"}],"curies":[{"name":"wp","href":"https:\/\/api.w.org\/{rel}","templated":true}]}}