{"id":27365,"date":"2016-10-23T22:37:51","date_gmt":"2016-10-24T03:37:51","guid":{"rendered":"http:\/\/www.lospoliticosveracruz.com.mx\/?p=27365"},"modified":"2016-10-23T22:37:51","modified_gmt":"2016-10-24T03:37:51","slug":"los-pecados-de-javier-y-karime","status":"publish","type":"post","link":"https:\/\/lospoliticosveracruz.com\/?p=27365","title":{"rendered":"Los pecados de Javier y Karime"},"content":{"rendered":"<p dir=\"ltr\"><strong>Salvador Mu\u00f1oz<\/strong><\/p>\n<p><em>Los Politicos<\/em><\/p>\n<p dir=\"ltr\">Tom\u00e9 asiento en la sala mientras esperaba con un grupo de columnistas. Entonces, apareci\u00f3 corriendo, y del mismo modo, recorri\u00f3 a todos en su paso hasta que al llegar conmigo, se sent\u00f3 a mi lado y apacigu\u00f3 su loca entrada. Me olvid\u00e9 de la cl\u00e1sica pl\u00e1tica pol\u00edtica que puede haber en un grupo de ocho personas que s\u00f3lo escriben de pol\u00edtica y mi atenci\u00f3n se concentr\u00f3 en ella que me miraba fijamente como si tratara de entender lo que le dec\u00eda. Cuando entr\u00f3 Javier Duarte y la vio, se sorprendi\u00f3, y llam\u00f3 a Carolina para que la llevara a su cuarto \u00a1Era la Bruja de Casa Veracruz! Una perrita Shitzu, la mascota de Carolina.<\/p>\n<p dir=\"ltr\">II<\/p>\n<p dir=\"ltr\">No recuerdo con exactitud a qu\u00e9 fui al mercado San Jos\u00e9 pero s\u00ed recuerdo que me invit\u00f3 Elizabeth Morales cuando alcaldesa de Xalapa. Al evento lleg\u00f3 Javier Duarte de Ochoa, quien previo, hab\u00eda estado en el cuartel de San Jos\u00e9 y se pas\u00f3 al recorrido con la presidenta municipal. Estando all\u00ed, me vio Javier Duarte y me salud\u00f3. Un breve intercambio de comentarios pero hubo uno que recuerdo con exactitud:<\/p>\n<p dir=\"ltr\">\u2013\u00bfC\u00f3mo se va a llamar?<\/p>\n<p dir=\"ltr\">\u2013Emilio.<\/p>\n<p dir=\"ltr\">III<\/p>\n<p dir=\"ltr\">Javier se sorprendi\u00f3 cuando en un viaje a Estados Unidos le dieron permiso de bajar la ventanilla del carro. Se pod\u00eda asomar, ver\u2026 cuando en Veracruz no se lo permit\u00edan. Ac\u00e1, salir a la calle era andar con miembros de la Marina, ya no s\u00f3lo para ir a la escuela, sino hasta para ir al cine.<\/p>\n<p dir=\"ltr\">Por eso, cuando iban a la casa de la abuela en C\u00f3rdoba, le pod\u00eda decir: \u201cPap\u00e1, as\u00ed es como nos gusta vivir, estando todos juntos, en una casa normal\u201d.<\/p>\n<p dir=\"ltr\">IV<\/p>\n<p dir=\"ltr\">\u201cDe sus hijos, confiesa amar a los tres: al grande, porque es el grande y porque se llama como \u00e9l, adem\u00e1s de que se ve reflejado en \u00e9l; a Carolina, por ser la ni\u00f1a de sus ojos; y a Emilio, el peque\u00f1o de dos a\u00f1os, \u2018es una bala\u2019; al abrir el ojo es al primero que busca\u2026 \u2018es muy simp\u00e1tico y muy despierto\u2019. Fue quien le acompa\u00f1\u00f3 a entregar unos premios del deporte y sali\u00f3 con \u00e9l tomado de sus piernas en una fotograf\u00eda que circul\u00f3 en redes sociales\u201d. Un p\u00e1rrafo de la cr\u00f3nica de N\u00fameros Rojos, de Brenda Caballero (Duarte, el Padre), durante una pl\u00e1tica con el hoy Gobernador con licencia.<\/p>\n<p dir=\"ltr\">V<\/p>\n<p dir=\"ltr\">Desde el pasado jueves, empec\u00e9 a tener una duda\u2026 \u00bfd\u00f3nde est\u00e1n? \u00bfc\u00f3mo estar\u00e1n? \u00bfcon qui\u00e9n est\u00e1n? Y no me refiero a Javier Duarte de Ochoa y Karime Mac\u00edas Tubilla, sino a Javier, Carolina y Emilio, sus hijos.<\/p>\n<p dir=\"ltr\">Desde ese d\u00eda a la fecha, es tema recurrente con Brenda, la Mujer, en la sala, en el comedor, en la rec\u00e1mara, en nuestros paseos. Luego, para todav\u00eda remachar nuestra incertidumbre, un apreciado amigo, Wilber Mota Montoya, hace este comentario que me hizo pensar a\u00fan m\u00e1s en Javier, Carolina y Emilio: \u201cEn la historia que ellos (Karime y Javier) ten\u00edan prevista no aparec\u00eda este final&#8230; \u00bfPara qu\u00e9 tanto dinero? Al final los van a atrapar en una casucha como a los Abarca&#8230; Ese es el destino que ya los alcanz\u00f3\u2026\u201d<\/p>\n<p dir=\"ltr\">VI<\/p>\n<p dir=\"ltr\">Quiz\u00e1s no me est\u00e9 dando entender\u2026 y es que a m\u00ed tambi\u00e9n me cuesta un harto entender c\u00f3mo toda esta mara\u00f1a que se teje en torno a los Duarte-Mac\u00edas donde ya se cita involucrados \u00a1hasta a los abuelos, cu\u00f1ados, concu\u00f1os, amigos!, ha de alcanzar a estos ni\u00f1os, no hoy, sino ma\u00f1ana. S\u00f3lo espero se encuentren bien, con alguien que los proteja, ampare y \u00bfexplique?<\/p>\n<p dir=\"ltr\">Este s\u00e1bado, si mi conciencia trataba de apaciguarse, no lo logr\u00f3\u2026 un amigo me mand\u00f3 el siguiente comentario tomado del Facebook: \u201cFamilia de rateros. Si los ve, favor de decirle que regrese los millones que se llev\u00f3\u2026 Atte un verdadero jarocho\u201d y estaba acompa\u00f1ado por una foto familiar, de Karime, Javier y sus hijos.<\/p>\n<p dir=\"ltr\">Entiendo el malestar ciudadano. No justifico la imagen y aunque suena como broma, la frase de Las Lavanderas no deja de ser exacta: \u201cUno, como quiera\u2026 \u00a1las criaturas!\u201d<\/p>\n<p dir=\"ltr\">V<\/p>\n<p dir=\"ltr\">Me rebelo un poco a una frase lapidaria que reza m\u00e1s o menos as\u00ed: \u201clos pecados de los padres los han de pagar los hijos\u201d&#8230; no la quiero creer, pero al final, habr\u00e1 consecuencias y a veces el apellido de los padres pesa tanto como sus propias palabras:<\/p>\n<p dir=\"ltr\">\u201c\u00bfCu\u00e1ntas casas tiene la se\u00f1ora Karime? R\u00ede, \u2018s\u00f3lo tenemos la de C\u00f3rdoba y \u00e9sta (refiri\u00e9ndose a la Casa Veracruz) que rento\u2019. Cuenta la an\u00e9cdota de una se\u00f1ora a la que se encuentra y le dice que le vuelve a pedir algo que ya ha hecho cinco veces; \u00e9l le pregunta qu\u00e9. La se\u00f1ora dice \u2018\u00a1una casa!\u2019 Le contesta: \u201cmi esposa me lo ha pedido 20\u201d. N\u00fameros Rojos, Brenda Caballero (Los chones de Duarte).<\/p>\n<p dir=\"ltr\">Y creo que al final, \u00a1se lo cumpli\u00f3 con m\u00e1s de 20!<\/p>\n<p>&nbsp;<\/p>\n<p dir=\"ltr\"><strong>PD Extra\u00f1an a Fer en el RC<\/strong><\/p>\n<p dir=\"ltr\">Para la empleoman\u00eda del Registro Civil, la salida de Fernando S\u00e1nchez es vista con incertidumbre, pues cuando ve\u00edan un giro radical y tomaba forma de una dependencia p\u00fablica en serio, \u00a1nuevamente cambios! Ahora, esperan del Gobernador y de su secretario de Gobierno acierto, as\u00ed como lo hizo con Fernando S\u00e1nchez, en la designaci\u00f3n del nuevo director del Registro Civil. Los empleados esperan una persona igual de eficiente que Fernando o si se puede, mejor pero no un Junior prepotente sin experiencia, \u201csi el Registro Civil fuera un establo, ser\u00eda indicado, pero no es as\u00ed, ya que el Registro Civil es una dependencia de car\u00e1cter p\u00fablico y lo que menos se requiere es de un director demostrando su prepotencia y falta de capacidad insultando y gritando en pasillos (ahora s\u00ed con todas las de la ley), \u201c\u00a1el que manda aqu\u00ed soy yo!\u201d, \u201cel jefe ahora s\u00ed soy yo\u201d, al personal que realmente trabaja o maltratando a los usuarios. Esperemos que la experiencia del doctor Flavino sea la que lo lleve a decidir por el mejor candidato para esa silla.<\/p>\n<p dir=\"ltr\"><a href=\"mailto:smcainito@gmail.com\" target=\"_blank\">smcainito@gmail.com<\/a><\/p>\n","protected":false},"excerpt":{"rendered":"<p>Salvador Mu\u00f1oz Los Politicos Tom\u00e9 asiento en la sala mientras esperaba con un grupo de columnistas. Entonces, apareci\u00f3 corriendo, y del mismo modo, recorri\u00f3 a todos en su paso hasta que al llegar conmigo, se sent\u00f3 a mi lado y apacigu\u00f3 su loca entrada. Me olvid\u00e9 de la cl\u00e1sica pl\u00e1tica pol\u00edtica que puede haber en [&hellip;]<\/p>\n","protected":false},"author":2,"featured_media":0,"comment_status":"open","ping_status":"open","sticky":false,"template":"","format":"standard","meta":{"tdm_status":"","tdm_grid_status":"","footnotes":""},"categories":[70],"tags":[1133,6588,260,231],"class_list":{"0":"post-27365","1":"post","2":"type-post","3":"status-publish","4":"format-standard","6":"category-de-opinion","7":"tag-carolina-duarte-macias","8":"tag-emilio","9":"tag-javier-duarte-de-ochoa","10":"tag-karime-macias-tubilla"},"yoast_head":"<!-- This site is optimized with the Yoast SEO plugin v27.4 - https:\/\/yoast.com\/product\/yoast-seo-wordpress\/ -->\n<title>Los pecados de Javier y Karime - Los pol\u00edticos Veracruz<\/title>\n<meta name=\"robots\" content=\"index, follow, max-snippet:-1, max-image-preview:large, max-video-preview:-1\" \/>\n<link rel=\"canonical\" href=\"https:\/\/lospoliticosveracruz.com\/?p=27365\" \/>\n<meta property=\"og:locale\" content=\"es_ES\" \/>\n<meta property=\"og:type\" content=\"article\" \/>\n<meta property=\"og:title\" content=\"Los pecados de Javier y Karime - Los pol\u00edticos Veracruz\" \/>\n<meta property=\"og:description\" content=\"Salvador Mu\u00f1oz Los Politicos Tom\u00e9 asiento en la sala mientras esperaba con un grupo de columnistas. Entonces, apareci\u00f3 corriendo, y del mismo modo, recorri\u00f3 a todos en su paso hasta que al llegar conmigo, se sent\u00f3 a mi lado y apacigu\u00f3 su loca entrada. Me olvid\u00e9 de la cl\u00e1sica pl\u00e1tica pol\u00edtica que puede haber en [&hellip;]\" \/>\n<meta property=\"og:url\" content=\"https:\/\/lospoliticosveracruz.com\/?p=27365\" \/>\n<meta property=\"og:site_name\" content=\"Los pol\u00edticos Veracruz\" \/>\n<meta property=\"article:publisher\" content=\"https:\/\/www.facebook.com\/people\/Notimemes-de-los-Polticos\/61565672886568\/\" \/>\n<meta property=\"article:published_time\" content=\"2016-10-24T03:37:51+00:00\" \/>\n<meta property=\"og:image\" content=\"https:\/\/lospoliticosveracruz.com\/wp-content\/uploads\/2016\/07\/Logo-Dor.jpg\" \/>\n\t<meta property=\"og:image:width\" content=\"200\" \/>\n\t<meta property=\"og:image:height\" content=\"200\" \/>\n\t<meta property=\"og:image:type\" content=\"image\/jpeg\" \/>\n<meta name=\"author\" content=\"Lo viste en Los Pol\u00edticos\" \/>\n<meta name=\"twitter:card\" content=\"summary_large_image\" \/>\n<meta name=\"twitter:creator\" content=\"@LosPoliticosVer\" \/>\n<meta name=\"twitter:site\" content=\"@LosPoliticosVer\" \/>\n<meta name=\"twitter:label1\" content=\"Escrito por\" \/>\n\t<meta name=\"twitter:data1\" content=\"Lo viste en Los Pol\u00edticos\" \/>\n\t<meta name=\"twitter:label2\" content=\"Tiempo de lectura\" \/>\n\t<meta name=\"twitter:data2\" content=\"5 minutos\" \/>\n<script type=\"application\/ld+json\" class=\"yoast-schema-graph\">{\"@context\":\"https:\\\/\\\/schema.org\",\"@graph\":[{\"@type\":\"Article\",\"@id\":\"https:\\\/\\\/lospoliticosveracruz.com\\\/?p=27365#article\",\"isPartOf\":{\"@id\":\"https:\\\/\\\/lospoliticosveracruz.com\\\/?p=27365\"},\"author\":{\"name\":\"Lo viste en Los Pol\u00edticos\",\"@id\":\"https:\\\/\\\/lospoliticosveracruz.com\\\/#\\\/schema\\\/person\\\/b8702bb0e538456e6efd07080bf2a4a2\"},\"headline\":\"Los pecados de Javier y Karime\",\"datePublished\":\"2016-10-24T03:37:51+00:00\",\"mainEntityOfPage\":{\"@id\":\"https:\\\/\\\/lospoliticosveracruz.com\\\/?p=27365\"},\"wordCount\":1069,\"commentCount\":0,\"publisher\":{\"@id\":\"https:\\\/\\\/lospoliticosveracruz.com\\\/#organization\"},\"keywords\":[\"Carolina Duarte Mac\u00edas\",\"Emilio\",\"Javier Duarte de Ochoa\",\"Karime Mac\u00edas Tubilla\"],\"articleSection\":[\"De Opini\u00f3n\"],\"inLanguage\":\"es\",\"potentialAction\":[{\"@type\":\"CommentAction\",\"name\":\"Comment\",\"target\":[\"https:\\\/\\\/lospoliticosveracruz.com\\\/?p=27365#respond\"]}]},{\"@type\":\"WebPage\",\"@id\":\"https:\\\/\\\/lospoliticosveracruz.com\\\/?p=27365\",\"url\":\"https:\\\/\\\/lospoliticosveracruz.com\\\/?p=27365\",\"name\":\"Los pecados de Javier y Karime - Los pol\u00edticos Veracruz\",\"isPartOf\":{\"@id\":\"https:\\\/\\\/lospoliticosveracruz.com\\\/#website\"},\"datePublished\":\"2016-10-24T03:37:51+00:00\",\"breadcrumb\":{\"@id\":\"https:\\\/\\\/lospoliticosveracruz.com\\\/?p=27365#breadcrumb\"},\"inLanguage\":\"es\",\"potentialAction\":[{\"@type\":\"ReadAction\",\"target\":[\"https:\\\/\\\/lospoliticosveracruz.com\\\/?p=27365\"]}]},{\"@type\":\"BreadcrumbList\",\"@id\":\"https:\\\/\\\/lospoliticosveracruz.com\\\/?p=27365#breadcrumb\",\"itemListElement\":[{\"@type\":\"ListItem\",\"position\":1,\"name\":\"Portada\",\"item\":\"https:\\\/\\\/lospoliticosveracruz.com\\\/\"},{\"@type\":\"ListItem\",\"position\":2,\"name\":\"Los pecados de Javier y Karime\"}]},{\"@type\":\"WebSite\",\"@id\":\"https:\\\/\\\/lospoliticosveracruz.com\\\/#website\",\"url\":\"https:\\\/\\\/lospoliticosveracruz.com\\\/\",\"name\":\"Los pol\u00edticos Veracruz\",\"description\":\"\",\"publisher\":{\"@id\":\"https:\\\/\\\/lospoliticosveracruz.com\\\/#organization\"},\"potentialAction\":[{\"@type\":\"SearchAction\",\"target\":{\"@type\":\"EntryPoint\",\"urlTemplate\":\"https:\\\/\\\/lospoliticosveracruz.com\\\/?s={search_term_string}\"},\"query-input\":{\"@type\":\"PropertyValueSpecification\",\"valueRequired\":true,\"valueName\":\"search_term_string\"}}],\"inLanguage\":\"es\"},{\"@type\":\"Organization\",\"@id\":\"https:\\\/\\\/lospoliticosveracruz.com\\\/#organization\",\"name\":\"Los pol\u00edticos Veracruz\",\"url\":\"https:\\\/\\\/lospoliticosveracruz.com\\\/\",\"logo\":{\"@type\":\"ImageObject\",\"inLanguage\":\"es\",\"@id\":\"https:\\\/\\\/lospoliticosveracruz.com\\\/#\\\/schema\\\/logo\\\/image\\\/\",\"url\":\"https:\\\/\\\/lospoliticosveracruz.com\\\/wp-content\\\/uploads\\\/2025\\\/12\\\/Logo-Nuevo-LOS-POLITICOS-1.jpg\",\"contentUrl\":\"https:\\\/\\\/lospoliticosveracruz.com\\\/wp-content\\\/uploads\\\/2025\\\/12\\\/Logo-Nuevo-LOS-POLITICOS-1.jpg\",\"width\":260,\"height\":70,\"caption\":\"Los pol\u00edticos Veracruz\"},\"image\":{\"@id\":\"https:\\\/\\\/lospoliticosveracruz.com\\\/#\\\/schema\\\/logo\\\/image\\\/\"},\"sameAs\":[\"https:\\\/\\\/www.facebook.com\\\/people\\\/Notimemes-de-los-Polticos\\\/61565672886568\\\/\",\"https:\\\/\\\/x.com\\\/LosPoliticosVer\"]},{\"@type\":\"Person\",\"@id\":\"https:\\\/\\\/lospoliticosveracruz.com\\\/#\\\/schema\\\/person\\\/b8702bb0e538456e6efd07080bf2a4a2\",\"name\":\"Lo viste en Los Pol\u00edticos\",\"image\":{\"@type\":\"ImageObject\",\"inLanguage\":\"es\",\"@id\":\"https:\\\/\\\/secure.gravatar.com\\\/avatar\\\/3a8de04a2656d44082be478bd6c086daa447c4651605818287b9532d3d0bd435?s=96&d=mm&r=g\",\"url\":\"https:\\\/\\\/secure.gravatar.com\\\/avatar\\\/3a8de04a2656d44082be478bd6c086daa447c4651605818287b9532d3d0bd435?s=96&d=mm&r=g\",\"contentUrl\":\"https:\\\/\\\/secure.gravatar.com\\\/avatar\\\/3a8de04a2656d44082be478bd6c086daa447c4651605818287b9532d3d0bd435?s=96&d=mm&r=g\",\"caption\":\"Lo viste en Los Pol\u00edticos\"},\"url\":\"https:\\\/\\\/lospoliticosveracruz.com\\\/?author=2\"}]}<\/script>\n<!-- \/ Yoast SEO plugin. -->","yoast_head_json":{"title":"Los pecados de Javier y Karime - Los pol\u00edticos Veracruz","robots":{"index":"index","follow":"follow","max-snippet":"max-snippet:-1","max-image-preview":"max-image-preview:large","max-video-preview":"max-video-preview:-1"},"canonical":"https:\/\/lospoliticosveracruz.com\/?p=27365","og_locale":"es_ES","og_type":"article","og_title":"Los pecados de Javier y Karime - Los pol\u00edticos Veracruz","og_description":"Salvador Mu\u00f1oz Los Politicos Tom\u00e9 asiento en la sala mientras esperaba con un grupo de columnistas. Entonces, apareci\u00f3 corriendo, y del mismo modo, recorri\u00f3 a todos en su paso hasta que al llegar conmigo, se sent\u00f3 a mi lado y apacigu\u00f3 su loca entrada. Me olvid\u00e9 de la cl\u00e1sica pl\u00e1tica pol\u00edtica que puede haber en [&hellip;]","og_url":"https:\/\/lospoliticosveracruz.com\/?p=27365","og_site_name":"Los pol\u00edticos Veracruz","article_publisher":"https:\/\/www.facebook.com\/people\/Notimemes-de-los-Polticos\/61565672886568\/","article_published_time":"2016-10-24T03:37:51+00:00","og_image":[{"width":200,"height":200,"url":"https:\/\/lospoliticosveracruz.com\/wp-content\/uploads\/2016\/07\/Logo-Dor.jpg","type":"image\/jpeg"}],"author":"Lo viste en Los Pol\u00edticos","twitter_card":"summary_large_image","twitter_creator":"@LosPoliticosVer","twitter_site":"@LosPoliticosVer","twitter_misc":{"Escrito por":"Lo viste en Los Pol\u00edticos","Tiempo de lectura":"5 minutos"},"schema":{"@context":"https:\/\/schema.org","@graph":[{"@type":"Article","@id":"https:\/\/lospoliticosveracruz.com\/?p=27365#article","isPartOf":{"@id":"https:\/\/lospoliticosveracruz.com\/?p=27365"},"author":{"name":"Lo viste en Los Pol\u00edticos","@id":"https:\/\/lospoliticosveracruz.com\/#\/schema\/person\/b8702bb0e538456e6efd07080bf2a4a2"},"headline":"Los pecados de Javier y Karime","datePublished":"2016-10-24T03:37:51+00:00","mainEntityOfPage":{"@id":"https:\/\/lospoliticosveracruz.com\/?p=27365"},"wordCount":1069,"commentCount":0,"publisher":{"@id":"https:\/\/lospoliticosveracruz.com\/#organization"},"keywords":["Carolina Duarte Mac\u00edas","Emilio","Javier Duarte de Ochoa","Karime Mac\u00edas Tubilla"],"articleSection":["De Opini\u00f3n"],"inLanguage":"es","potentialAction":[{"@type":"CommentAction","name":"Comment","target":["https:\/\/lospoliticosveracruz.com\/?p=27365#respond"]}]},{"@type":"WebPage","@id":"https:\/\/lospoliticosveracruz.com\/?p=27365","url":"https:\/\/lospoliticosveracruz.com\/?p=27365","name":"Los pecados de Javier y Karime - Los pol\u00edticos Veracruz","isPartOf":{"@id":"https:\/\/lospoliticosveracruz.com\/#website"},"datePublished":"2016-10-24T03:37:51+00:00","breadcrumb":{"@id":"https:\/\/lospoliticosveracruz.com\/?p=27365#breadcrumb"},"inLanguage":"es","potentialAction":[{"@type":"ReadAction","target":["https:\/\/lospoliticosveracruz.com\/?p=27365"]}]},{"@type":"BreadcrumbList","@id":"https:\/\/lospoliticosveracruz.com\/?p=27365#breadcrumb","itemListElement":[{"@type":"ListItem","position":1,"name":"Portada","item":"https:\/\/lospoliticosveracruz.com\/"},{"@type":"ListItem","position":2,"name":"Los pecados de Javier y Karime"}]},{"@type":"WebSite","@id":"https:\/\/lospoliticosveracruz.com\/#website","url":"https:\/\/lospoliticosveracruz.com\/","name":"Los pol\u00edticos Veracruz","description":"","publisher":{"@id":"https:\/\/lospoliticosveracruz.com\/#organization"},"potentialAction":[{"@type":"SearchAction","target":{"@type":"EntryPoint","urlTemplate":"https:\/\/lospoliticosveracruz.com\/?s={search_term_string}"},"query-input":{"@type":"PropertyValueSpecification","valueRequired":true,"valueName":"search_term_string"}}],"inLanguage":"es"},{"@type":"Organization","@id":"https:\/\/lospoliticosveracruz.com\/#organization","name":"Los pol\u00edticos Veracruz","url":"https:\/\/lospoliticosveracruz.com\/","logo":{"@type":"ImageObject","inLanguage":"es","@id":"https:\/\/lospoliticosveracruz.com\/#\/schema\/logo\/image\/","url":"https:\/\/lospoliticosveracruz.com\/wp-content\/uploads\/2025\/12\/Logo-Nuevo-LOS-POLITICOS-1.jpg","contentUrl":"https:\/\/lospoliticosveracruz.com\/wp-content\/uploads\/2025\/12\/Logo-Nuevo-LOS-POLITICOS-1.jpg","width":260,"height":70,"caption":"Los pol\u00edticos Veracruz"},"image":{"@id":"https:\/\/lospoliticosveracruz.com\/#\/schema\/logo\/image\/"},"sameAs":["https:\/\/www.facebook.com\/people\/Notimemes-de-los-Polticos\/61565672886568\/","https:\/\/x.com\/LosPoliticosVer"]},{"@type":"Person","@id":"https:\/\/lospoliticosveracruz.com\/#\/schema\/person\/b8702bb0e538456e6efd07080bf2a4a2","name":"Lo viste en Los Pol\u00edticos","image":{"@type":"ImageObject","inLanguage":"es","@id":"https:\/\/secure.gravatar.com\/avatar\/3a8de04a2656d44082be478bd6c086daa447c4651605818287b9532d3d0bd435?s=96&d=mm&r=g","url":"https:\/\/secure.gravatar.com\/avatar\/3a8de04a2656d44082be478bd6c086daa447c4651605818287b9532d3d0bd435?s=96&d=mm&r=g","contentUrl":"https:\/\/secure.gravatar.com\/avatar\/3a8de04a2656d44082be478bd6c086daa447c4651605818287b9532d3d0bd435?s=96&d=mm&r=g","caption":"Lo viste en Los Pol\u00edticos"},"url":"https:\/\/lospoliticosveracruz.com\/?author=2"}]}},"_links":{"self":[{"href":"https:\/\/lospoliticosveracruz.com\/index.php?rest_route=\/wp\/v2\/posts\/27365","targetHints":{"allow":["GET"]}}],"collection":[{"href":"https:\/\/lospoliticosveracruz.com\/index.php?rest_route=\/wp\/v2\/posts"}],"about":[{"href":"https:\/\/lospoliticosveracruz.com\/index.php?rest_route=\/wp\/v2\/types\/post"}],"author":[{"embeddable":true,"href":"https:\/\/lospoliticosveracruz.com\/index.php?rest_route=\/wp\/v2\/users\/2"}],"replies":[{"embeddable":true,"href":"https:\/\/lospoliticosveracruz.com\/index.php?rest_route=%2Fwp%2Fv2%2Fcomments&post=27365"}],"version-history":[{"count":1,"href":"https:\/\/lospoliticosveracruz.com\/index.php?rest_route=\/wp\/v2\/posts\/27365\/revisions"}],"predecessor-version":[{"id":27371,"href":"https:\/\/lospoliticosveracruz.com\/index.php?rest_route=\/wp\/v2\/posts\/27365\/revisions\/27371"}],"wp:attachment":[{"href":"https:\/\/lospoliticosveracruz.com\/index.php?rest_route=%2Fwp%2Fv2%2Fmedia&parent=27365"}],"wp:term":[{"taxonomy":"category","embeddable":true,"href":"https:\/\/lospoliticosveracruz.com\/index.php?rest_route=%2Fwp%2Fv2%2Fcategories&post=27365"},{"taxonomy":"post_tag","embeddable":true,"href":"https:\/\/lospoliticosveracruz.com\/index.php?rest_route=%2Fwp%2Fv2%2Ftags&post=27365"}],"curies":[{"name":"wp","href":"https:\/\/api.w.org\/{rel}","templated":true}]}}