{"id":27729,"date":"2016-11-04T21:31:51","date_gmt":"2016-11-05T03:31:51","guid":{"rendered":"http:\/\/www.lospoliticosveracruz.com.mx\/?p=27729"},"modified":"2016-11-04T21:31:51","modified_gmt":"2016-11-05T03:31:51","slug":"la-promesa-de-daniela","status":"publish","type":"post","link":"https:\/\/lospoliticosveracruz.com\/?p=27729","title":{"rendered":"La promesa de Daniela"},"content":{"rendered":"<p><strong>Salvador Mu\u00f1oz<\/strong><\/p>\n<p><em>Los Pol\u00edticos<\/em><\/p>\n<p><span style=\"font-weight: 400;\">Quedamos de vernos a las nueve en un restaurante. Llego antes de la hora acordada y mientras estaciono la moto, la veo caminar tranquilamente hacia el punto de reuni\u00f3n. La alcanzo y me presento. Nos plantamos ante la puerta del restaurante cerrado\u2026 \u201cllegamos cinco minutos antes\u201d, digo a manera de excusa. Sin querer, nos enfrascamos en una charla que nos lleva m\u00e1s de 15 minutos hasta que mis ansias de caf\u00e9 caliente me hacen tocar la puerta y sale una muchacha que nos dice que tardar\u00e1 como media hora en abrir. Cambiamos sede\u2026 \u201c\u00bftraes carro?\u201d y me responde que lleg\u00f3 en taxi. Me ofrezco llevarla en la moto\u2026 se r\u00ede y pregunta si no habr\u00eda problema. \u201c\u00bfPor qu\u00e9? si nos detienen, digo que soy prensa y que t\u00fa eres diputada\u201d&#8230; se r\u00ede y me dice: \u201cMe voy caminando&#8230; est\u00e1 a tres cuadras\u201d el otro restaurante. Al otro punto \u00a1lleg\u00f3 primero que yo! \u00a1Vaya que camina r\u00e1pido!<\/span><\/p>\n<p><span style=\"font-weight: 400;\">II<\/span><\/p>\n<p><span style=\"font-weight: 400;\">Ya con un caf\u00e9 de por medio, voy descubriendo a otra Daniela Griego Ceballos, muy distante a cada palabra de la Daniela que s\u00f3lo en fotos y medios he visto y seguido. Lo mejor, tambi\u00e9n descubro que tenemos un amigo en com\u00fan: Octavio Lara Hern\u00e1ndez, uno de los fundadores junto con el jesuita Daniel Fern\u00e1ndez, de Matraca (Movimiento de Apoyo a Ni\u00f1os Trabajadores y de la Calle)&#8230; confiesa que cuando le dijeron que se iba a encontrar conmigo, \u201cinvestig\u00f3\u201d qui\u00e9n era y a la primera persona que le pregunt\u00f3 fue a Octavio, quien le dijo que me conoc\u00eda desde hace muchos a\u00f1os y creo que dio buenas referencias. Bueno, hagan cuentas, Matraca tiene 25 a\u00f1os de fundada\u2026<\/span><\/p>\n<p><span style=\"font-weight: 400;\">III<\/span><\/p>\n<p><span style=\"font-weight: 400;\">Egresada de la Facultad de Sociolog\u00eda, no s\u00f3lo participa en Matraca sino en el Movimiento Agrario Ind\u00edgena Zapatista (MAIZ) lo que por supuesto, no la hace una novata en las artes de las demandas, manifestaciones y hasta del di\u00e1logo, y no con cualquiera, sino con el mismo Miguel \u00c1ngel Yunes Linares, a quien le toc\u00f3 conocer cuando secretario de Gobierno\u2026 hoy, varios a\u00f1os despu\u00e9s, es posible que se vuelva a reencontrar con \u00e9l, pero ya desde otros escenarios.<\/span><\/p>\n<p><span style=\"font-weight: 400;\">Todav\u00eda es m\u00e1s curioso el paso pol\u00edtico de Daniela\u2026 con poco tiempo de \u201cincursionar\u201d a la pol\u00edtica partidista a invitaci\u00f3n de Fidel Robles Guadarrama (qepd), estuvo a punto de ser candidata a la Gubernatura del PT, pero cosas del destino, Fidel decidi\u00f3 no participar en el juego del Partido del Trabajo que desde el nivel nacional se dictaba y tuvo acercamiento con Morena, de donde sale candidata a la diputaci\u00f3n.<\/span><\/p>\n<p><span style=\"font-weight: 400;\">IV<\/span><\/p>\n<p><span style=\"font-weight: 400;\">Gusta de la nataci\u00f3n, el boliche, softball y voli. No me dice su edad\u2026 pero me dice que viene de Minatitl\u00e1n y todav\u00eda mejor: tiene una mezcla entre italiano y chino. Del lado paterno, el Greco pas\u00f3 a Griego. Del lado materno, Ceballos Chiu.<\/span><\/p>\n<p><span style=\"font-weight: 400;\">Ayer, alz\u00f3 la voz. Al parecer quer\u00edan dejar fuera de la jugada a Morena de la Mesa Directiva o de las Comisiones m\u00e1s importantes en la Legislatura LXIV\u2026 al parecer\u2026 mientras, ya advirti\u00f3 que Morena no se a chupar el dedo\u2026 veremos c\u00f3mo se desarrolla el comportamiento del PAN-PRD y el resto de las fracciones&#8230;<\/span><\/p>\n<p><span style=\"font-weight: 400;\">Vive en el Fovissste. Renta. No usa carro. Si es necesario, toma taxi, si no, camina y ya me demostr\u00f3 que lo hace r\u00e1pido. Es conocedora de los mejores puestos de tacos en Xalapa y de un botanero cuyo nombre escapa a mi memoria pero no as\u00ed la promesa (que no de campa\u00f1a) de acudir a \u00e9l pronto\u2026 \u201cy si no, que el pueblo (o sea yo) se lo demande\u201d.<\/span><\/p>\n<p><span style=\"font-weight: 400;\">smcainito@gmail.com<\/span><\/p>\n","protected":false},"excerpt":{"rendered":"<p>Salvador Mu\u00f1oz Los Pol\u00edticos Quedamos de vernos a las nueve en un restaurante. Llego antes de la hora acordada y mientras estaciono la moto, la veo caminar tranquilamente hacia el punto de reuni\u00f3n. La alcanzo y me presento. Nos plantamos ante la puerta del restaurante cerrado\u2026 \u201cllegamos cinco minutos antes\u201d, digo a manera de excusa. [&hellip;]<\/p>\n","protected":false},"author":2,"featured_media":0,"comment_status":"open","ping_status":"open","sticky":false,"template":"","format":"standard","meta":{"tdm_status":"","tdm_grid_status":"","footnotes":""},"categories":[1],"tags":[6657,6658,6659],"class_list":{"0":"post-27729","1":"post","2":"type-post","3":"status-publish","4":"format-standard","6":"category-sin-categoria","7":"tag-daniela-griego-ceballos","8":"tag-matraca","9":"tag-octavio-lara-hernandez"},"yoast_head":"<!-- This site is optimized with the Yoast SEO plugin v27.4 - https:\/\/yoast.com\/product\/yoast-seo-wordpress\/ -->\n<title>La promesa de Daniela - Los pol\u00edticos Veracruz<\/title>\n<meta name=\"robots\" content=\"index, follow, max-snippet:-1, max-image-preview:large, max-video-preview:-1\" \/>\n<link rel=\"canonical\" href=\"https:\/\/lospoliticosveracruz.com\/?p=27729\" \/>\n<meta property=\"og:locale\" content=\"es_ES\" \/>\n<meta property=\"og:type\" content=\"article\" \/>\n<meta property=\"og:title\" content=\"La promesa de Daniela - Los pol\u00edticos Veracruz\" \/>\n<meta property=\"og:description\" content=\"Salvador Mu\u00f1oz Los Pol\u00edticos Quedamos de vernos a las nueve en un restaurante. Llego antes de la hora acordada y mientras estaciono la moto, la veo caminar tranquilamente hacia el punto de reuni\u00f3n. La alcanzo y me presento. Nos plantamos ante la puerta del restaurante cerrado\u2026 \u201cllegamos cinco minutos antes\u201d, digo a manera de excusa. [&hellip;]\" \/>\n<meta property=\"og:url\" content=\"https:\/\/lospoliticosveracruz.com\/?p=27729\" \/>\n<meta property=\"og:site_name\" content=\"Los pol\u00edticos Veracruz\" \/>\n<meta property=\"article:publisher\" content=\"https:\/\/www.facebook.com\/people\/Notimemes-de-los-Polticos\/61565672886568\/\" \/>\n<meta property=\"article:published_time\" content=\"2016-11-05T03:31:51+00:00\" \/>\n<meta property=\"og:image\" content=\"https:\/\/lospoliticosveracruz.com\/wp-content\/uploads\/2016\/07\/Logo-Dor.jpg\" \/>\n\t<meta property=\"og:image:width\" content=\"200\" \/>\n\t<meta property=\"og:image:height\" content=\"200\" \/>\n\t<meta property=\"og:image:type\" content=\"image\/jpeg\" \/>\n<meta name=\"author\" content=\"Lo viste en Los Pol\u00edticos\" \/>\n<meta name=\"twitter:card\" content=\"summary_large_image\" \/>\n<meta name=\"twitter:creator\" content=\"@LosPoliticosVer\" \/>\n<meta name=\"twitter:site\" content=\"@LosPoliticosVer\" \/>\n<meta name=\"twitter:label1\" content=\"Escrito por\" \/>\n\t<meta name=\"twitter:data1\" content=\"Lo viste en Los Pol\u00edticos\" \/>\n\t<meta name=\"twitter:label2\" content=\"Tiempo de lectura\" \/>\n\t<meta name=\"twitter:data2\" content=\"3 minutos\" \/>\n<script type=\"application\/ld+json\" class=\"yoast-schema-graph\">{\"@context\":\"https:\\\/\\\/schema.org\",\"@graph\":[{\"@type\":\"Article\",\"@id\":\"https:\\\/\\\/lospoliticosveracruz.com\\\/?p=27729#article\",\"isPartOf\":{\"@id\":\"https:\\\/\\\/lospoliticosveracruz.com\\\/?p=27729\"},\"author\":{\"name\":\"Lo viste en Los Pol\u00edticos\",\"@id\":\"https:\\\/\\\/lospoliticosveracruz.com\\\/#\\\/schema\\\/person\\\/b8702bb0e538456e6efd07080bf2a4a2\"},\"headline\":\"La promesa de Daniela\",\"datePublished\":\"2016-11-05T03:31:51+00:00\",\"mainEntityOfPage\":{\"@id\":\"https:\\\/\\\/lospoliticosveracruz.com\\\/?p=27729\"},\"wordCount\":640,\"commentCount\":0,\"publisher\":{\"@id\":\"https:\\\/\\\/lospoliticosveracruz.com\\\/#organization\"},\"keywords\":[\"Daniela Griego Ceballos\",\"Matraca\",\"Octavio Lara Hern\u00e1ndez\"],\"inLanguage\":\"es\",\"potentialAction\":[{\"@type\":\"CommentAction\",\"name\":\"Comment\",\"target\":[\"https:\\\/\\\/lospoliticosveracruz.com\\\/?p=27729#respond\"]}]},{\"@type\":\"WebPage\",\"@id\":\"https:\\\/\\\/lospoliticosveracruz.com\\\/?p=27729\",\"url\":\"https:\\\/\\\/lospoliticosveracruz.com\\\/?p=27729\",\"name\":\"La promesa de Daniela - Los pol\u00edticos Veracruz\",\"isPartOf\":{\"@id\":\"https:\\\/\\\/lospoliticosveracruz.com\\\/#website\"},\"datePublished\":\"2016-11-05T03:31:51+00:00\",\"breadcrumb\":{\"@id\":\"https:\\\/\\\/lospoliticosveracruz.com\\\/?p=27729#breadcrumb\"},\"inLanguage\":\"es\",\"potentialAction\":[{\"@type\":\"ReadAction\",\"target\":[\"https:\\\/\\\/lospoliticosveracruz.com\\\/?p=27729\"]}]},{\"@type\":\"BreadcrumbList\",\"@id\":\"https:\\\/\\\/lospoliticosveracruz.com\\\/?p=27729#breadcrumb\",\"itemListElement\":[{\"@type\":\"ListItem\",\"position\":1,\"name\":\"Portada\",\"item\":\"https:\\\/\\\/lospoliticosveracruz.com\\\/\"},{\"@type\":\"ListItem\",\"position\":2,\"name\":\"La promesa de Daniela\"}]},{\"@type\":\"WebSite\",\"@id\":\"https:\\\/\\\/lospoliticosveracruz.com\\\/#website\",\"url\":\"https:\\\/\\\/lospoliticosveracruz.com\\\/\",\"name\":\"Los pol\u00edticos Veracruz\",\"description\":\"\",\"publisher\":{\"@id\":\"https:\\\/\\\/lospoliticosveracruz.com\\\/#organization\"},\"potentialAction\":[{\"@type\":\"SearchAction\",\"target\":{\"@type\":\"EntryPoint\",\"urlTemplate\":\"https:\\\/\\\/lospoliticosveracruz.com\\\/?s={search_term_string}\"},\"query-input\":{\"@type\":\"PropertyValueSpecification\",\"valueRequired\":true,\"valueName\":\"search_term_string\"}}],\"inLanguage\":\"es\"},{\"@type\":\"Organization\",\"@id\":\"https:\\\/\\\/lospoliticosveracruz.com\\\/#organization\",\"name\":\"Los pol\u00edticos Veracruz\",\"url\":\"https:\\\/\\\/lospoliticosveracruz.com\\\/\",\"logo\":{\"@type\":\"ImageObject\",\"inLanguage\":\"es\",\"@id\":\"https:\\\/\\\/lospoliticosveracruz.com\\\/#\\\/schema\\\/logo\\\/image\\\/\",\"url\":\"https:\\\/\\\/lospoliticosveracruz.com\\\/wp-content\\\/uploads\\\/2025\\\/12\\\/Logo-Nuevo-LOS-POLITICOS-1.jpg\",\"contentUrl\":\"https:\\\/\\\/lospoliticosveracruz.com\\\/wp-content\\\/uploads\\\/2025\\\/12\\\/Logo-Nuevo-LOS-POLITICOS-1.jpg\",\"width\":260,\"height\":70,\"caption\":\"Los pol\u00edticos Veracruz\"},\"image\":{\"@id\":\"https:\\\/\\\/lospoliticosveracruz.com\\\/#\\\/schema\\\/logo\\\/image\\\/\"},\"sameAs\":[\"https:\\\/\\\/www.facebook.com\\\/people\\\/Notimemes-de-los-Polticos\\\/61565672886568\\\/\",\"https:\\\/\\\/x.com\\\/LosPoliticosVer\"]},{\"@type\":\"Person\",\"@id\":\"https:\\\/\\\/lospoliticosveracruz.com\\\/#\\\/schema\\\/person\\\/b8702bb0e538456e6efd07080bf2a4a2\",\"name\":\"Lo viste en Los Pol\u00edticos\",\"image\":{\"@type\":\"ImageObject\",\"inLanguage\":\"es\",\"@id\":\"https:\\\/\\\/secure.gravatar.com\\\/avatar\\\/3a8de04a2656d44082be478bd6c086daa447c4651605818287b9532d3d0bd435?s=96&d=mm&r=g\",\"url\":\"https:\\\/\\\/secure.gravatar.com\\\/avatar\\\/3a8de04a2656d44082be478bd6c086daa447c4651605818287b9532d3d0bd435?s=96&d=mm&r=g\",\"contentUrl\":\"https:\\\/\\\/secure.gravatar.com\\\/avatar\\\/3a8de04a2656d44082be478bd6c086daa447c4651605818287b9532d3d0bd435?s=96&d=mm&r=g\",\"caption\":\"Lo viste en Los Pol\u00edticos\"},\"url\":\"https:\\\/\\\/lospoliticosveracruz.com\\\/?author=2\"}]}<\/script>\n<!-- \/ Yoast SEO plugin. -->","yoast_head_json":{"title":"La promesa de Daniela - Los pol\u00edticos Veracruz","robots":{"index":"index","follow":"follow","max-snippet":"max-snippet:-1","max-image-preview":"max-image-preview:large","max-video-preview":"max-video-preview:-1"},"canonical":"https:\/\/lospoliticosveracruz.com\/?p=27729","og_locale":"es_ES","og_type":"article","og_title":"La promesa de Daniela - Los pol\u00edticos Veracruz","og_description":"Salvador Mu\u00f1oz Los Pol\u00edticos Quedamos de vernos a las nueve en un restaurante. Llego antes de la hora acordada y mientras estaciono la moto, la veo caminar tranquilamente hacia el punto de reuni\u00f3n. La alcanzo y me presento. Nos plantamos ante la puerta del restaurante cerrado\u2026 \u201cllegamos cinco minutos antes\u201d, digo a manera de excusa. [&hellip;]","og_url":"https:\/\/lospoliticosveracruz.com\/?p=27729","og_site_name":"Los pol\u00edticos Veracruz","article_publisher":"https:\/\/www.facebook.com\/people\/Notimemes-de-los-Polticos\/61565672886568\/","article_published_time":"2016-11-05T03:31:51+00:00","og_image":[{"width":200,"height":200,"url":"https:\/\/lospoliticosveracruz.com\/wp-content\/uploads\/2016\/07\/Logo-Dor.jpg","type":"image\/jpeg"}],"author":"Lo viste en Los Pol\u00edticos","twitter_card":"summary_large_image","twitter_creator":"@LosPoliticosVer","twitter_site":"@LosPoliticosVer","twitter_misc":{"Escrito por":"Lo viste en Los Pol\u00edticos","Tiempo de lectura":"3 minutos"},"schema":{"@context":"https:\/\/schema.org","@graph":[{"@type":"Article","@id":"https:\/\/lospoliticosveracruz.com\/?p=27729#article","isPartOf":{"@id":"https:\/\/lospoliticosveracruz.com\/?p=27729"},"author":{"name":"Lo viste en Los Pol\u00edticos","@id":"https:\/\/lospoliticosveracruz.com\/#\/schema\/person\/b8702bb0e538456e6efd07080bf2a4a2"},"headline":"La promesa de Daniela","datePublished":"2016-11-05T03:31:51+00:00","mainEntityOfPage":{"@id":"https:\/\/lospoliticosveracruz.com\/?p=27729"},"wordCount":640,"commentCount":0,"publisher":{"@id":"https:\/\/lospoliticosveracruz.com\/#organization"},"keywords":["Daniela Griego Ceballos","Matraca","Octavio Lara Hern\u00e1ndez"],"inLanguage":"es","potentialAction":[{"@type":"CommentAction","name":"Comment","target":["https:\/\/lospoliticosveracruz.com\/?p=27729#respond"]}]},{"@type":"WebPage","@id":"https:\/\/lospoliticosveracruz.com\/?p=27729","url":"https:\/\/lospoliticosveracruz.com\/?p=27729","name":"La promesa de Daniela - Los pol\u00edticos Veracruz","isPartOf":{"@id":"https:\/\/lospoliticosveracruz.com\/#website"},"datePublished":"2016-11-05T03:31:51+00:00","breadcrumb":{"@id":"https:\/\/lospoliticosveracruz.com\/?p=27729#breadcrumb"},"inLanguage":"es","potentialAction":[{"@type":"ReadAction","target":["https:\/\/lospoliticosveracruz.com\/?p=27729"]}]},{"@type":"BreadcrumbList","@id":"https:\/\/lospoliticosveracruz.com\/?p=27729#breadcrumb","itemListElement":[{"@type":"ListItem","position":1,"name":"Portada","item":"https:\/\/lospoliticosveracruz.com\/"},{"@type":"ListItem","position":2,"name":"La promesa de Daniela"}]},{"@type":"WebSite","@id":"https:\/\/lospoliticosveracruz.com\/#website","url":"https:\/\/lospoliticosveracruz.com\/","name":"Los pol\u00edticos Veracruz","description":"","publisher":{"@id":"https:\/\/lospoliticosveracruz.com\/#organization"},"potentialAction":[{"@type":"SearchAction","target":{"@type":"EntryPoint","urlTemplate":"https:\/\/lospoliticosveracruz.com\/?s={search_term_string}"},"query-input":{"@type":"PropertyValueSpecification","valueRequired":true,"valueName":"search_term_string"}}],"inLanguage":"es"},{"@type":"Organization","@id":"https:\/\/lospoliticosveracruz.com\/#organization","name":"Los pol\u00edticos Veracruz","url":"https:\/\/lospoliticosveracruz.com\/","logo":{"@type":"ImageObject","inLanguage":"es","@id":"https:\/\/lospoliticosveracruz.com\/#\/schema\/logo\/image\/","url":"https:\/\/lospoliticosveracruz.com\/wp-content\/uploads\/2025\/12\/Logo-Nuevo-LOS-POLITICOS-1.jpg","contentUrl":"https:\/\/lospoliticosveracruz.com\/wp-content\/uploads\/2025\/12\/Logo-Nuevo-LOS-POLITICOS-1.jpg","width":260,"height":70,"caption":"Los pol\u00edticos Veracruz"},"image":{"@id":"https:\/\/lospoliticosveracruz.com\/#\/schema\/logo\/image\/"},"sameAs":["https:\/\/www.facebook.com\/people\/Notimemes-de-los-Polticos\/61565672886568\/","https:\/\/x.com\/LosPoliticosVer"]},{"@type":"Person","@id":"https:\/\/lospoliticosveracruz.com\/#\/schema\/person\/b8702bb0e538456e6efd07080bf2a4a2","name":"Lo viste en Los Pol\u00edticos","image":{"@type":"ImageObject","inLanguage":"es","@id":"https:\/\/secure.gravatar.com\/avatar\/3a8de04a2656d44082be478bd6c086daa447c4651605818287b9532d3d0bd435?s=96&d=mm&r=g","url":"https:\/\/secure.gravatar.com\/avatar\/3a8de04a2656d44082be478bd6c086daa447c4651605818287b9532d3d0bd435?s=96&d=mm&r=g","contentUrl":"https:\/\/secure.gravatar.com\/avatar\/3a8de04a2656d44082be478bd6c086daa447c4651605818287b9532d3d0bd435?s=96&d=mm&r=g","caption":"Lo viste en Los Pol\u00edticos"},"url":"https:\/\/lospoliticosveracruz.com\/?author=2"}]}},"_links":{"self":[{"href":"https:\/\/lospoliticosveracruz.com\/index.php?rest_route=\/wp\/v2\/posts\/27729","targetHints":{"allow":["GET"]}}],"collection":[{"href":"https:\/\/lospoliticosveracruz.com\/index.php?rest_route=\/wp\/v2\/posts"}],"about":[{"href":"https:\/\/lospoliticosveracruz.com\/index.php?rest_route=\/wp\/v2\/types\/post"}],"author":[{"embeddable":true,"href":"https:\/\/lospoliticosveracruz.com\/index.php?rest_route=\/wp\/v2\/users\/2"}],"replies":[{"embeddable":true,"href":"https:\/\/lospoliticosveracruz.com\/index.php?rest_route=%2Fwp%2Fv2%2Fcomments&post=27729"}],"version-history":[{"count":1,"href":"https:\/\/lospoliticosveracruz.com\/index.php?rest_route=\/wp\/v2\/posts\/27729\/revisions"}],"predecessor-version":[{"id":27744,"href":"https:\/\/lospoliticosveracruz.com\/index.php?rest_route=\/wp\/v2\/posts\/27729\/revisions\/27744"}],"wp:attachment":[{"href":"https:\/\/lospoliticosveracruz.com\/index.php?rest_route=%2Fwp%2Fv2%2Fmedia&parent=27729"}],"wp:term":[{"taxonomy":"category","embeddable":true,"href":"https:\/\/lospoliticosveracruz.com\/index.php?rest_route=%2Fwp%2Fv2%2Fcategories&post=27729"},{"taxonomy":"post_tag","embeddable":true,"href":"https:\/\/lospoliticosveracruz.com\/index.php?rest_route=%2Fwp%2Fv2%2Ftags&post=27729"}],"curies":[{"name":"wp","href":"https:\/\/api.w.org\/{rel}","templated":true}]}}