{"id":27760,"date":"2016-11-06T22:08:12","date_gmt":"2016-11-07T04:08:12","guid":{"rendered":"http:\/\/www.lospoliticosveracruz.com.mx\/?p=27760"},"modified":"2016-11-06T22:08:12","modified_gmt":"2016-11-07T04:08:12","slug":"las-mujeres-del-congreso","status":"publish","type":"post","link":"https:\/\/lospoliticosveracruz.com\/?p=27760","title":{"rendered":"Las Mujeres del Congreso"},"content":{"rendered":"<p><strong>Brenda Caballero<\/strong><\/p>\n<p><em>N\u00fameros Rojos<\/em><\/p>\n<p>Antes de iniciar este espacio, recordaba el refr\u00e1n \u201cEl h\u00e1bito no hace el monje\u201d, con relaci\u00f3n a la foto que circul\u00f3 en redes sociales de Tanya Carola Viveros Ch\u00e1zaro, diputada local por el Distrito 11 por Morena, donde se le ve vestida con pantal\u00f3n de mezclilla y tenis.<\/p>\n<p>\u00bfTiene algo de malo vestir as\u00ed? Para muchos, el hecho de asistir al Congreso a tomar protesta en \u201cesas fachas\u201d era un insulto al recinto legislativo. \u00a1Vaya! Hasta se nos olvida que muchos m\u00e1s en traje y vestidos formales lo han insultado con sus acciones en perjuicio de los veracruzanos\u2026 pero \u00bfquer\u00edan ver a Tanya en tacones o zapato casual, cuando siempre anda en tenis?<\/p>\n<p>Incluso, cuando recibi\u00f3 su constancia de mayor\u00eda, la recuerdo con una playera tipo polo con el logo de Morena, pantal\u00f3n de mezclilla tambi\u00e9n, y sus tenis.<\/p>\n<p>Me queda claro que hay normas de protocolo y c\u00f3digos en el vestir, principalmente en el trabajo, como el no usar minifaldas en la oficina o short; sin embargo, \u00e9stos se violan y nadie dice nada. Ejemplo de ello fue en la pasada legislatura cuando en una ocasi\u00f3n la entonces diputada Jaqueline Garc\u00eda tra\u00eda un jumsuit con short y nadie peg\u00f3 el grito al cielo. Bueno, hasta donde tengo conocimiento, en el Congreso no existe una pol\u00edtica de indumentaria.<\/p>\n<p>Ahora que si hablamos de moda, actualmente los tenis se han incorporado al outfit de oficina, siempre y cuando se vista una prenda de vestir con ellos. Tanya tra\u00eda una blusa.<\/p>\n<p>Es importante destacar que seg\u00fan estudios, la libertad de indumentaria en el trabajo incrementa la productividad hasta en un 45 por ciento. Y eso s\u00ed debe importarnos a los veracruzanos, su trabajo legislativo.<\/p>\n<p>Cierro con esta frase de Friedrich Schiller: \u201cEn lo que parecemos, todos tenemos un juez; en lo que somos, nadie nos juzga\u201d.<\/p>\n<p>II<\/p>\n<p>Estoy \u201charto de contenta\u201d dijeran por all\u00ed, pues por primera vez en la historia de Veracruz, la mesa directiva del Congreso del Estado est\u00e1 conformada por tres mujeres: Mar\u00eda Elisa Manterola S\u00e1inz, Dulce Mar\u00eda Garc\u00eda L\u00f3pez y Regina V\u00e1zquez Saut, presidenta, vicepresidenta y secretaria respectivamente. Ahora esperemos que esta \u201calternancia\u201d al frente, sea m\u00e1s productiva y no terminemos con pleitos y chismes o necesitando un intermediario var\u00f3n.<\/p>\n<p>Un dato curioso es que Mar\u00eda Elisa era pri\u00edsta, fue candidata a la diputaci\u00f3n federal por el PRI por el distrito de Mart\u00ednez de la Torre, adem\u00e1s de que fue presidenta de la Fundaci\u00f3n Produce Veracruz en los gobiernos de Fidel Herrera y Javier Duarte.<\/p>\n<p>Mientras que Dulce, de extracci\u00f3n panista, ahora es propuesta por el PRD. Regina tambi\u00e9n cambi\u00f3 de camiseta, pues antes era azul y ahora es roja.<\/p>\n<p>Aunque se habla de cerraz\u00f3n pol\u00edtica de Morena para integrar la mesa directiva, es un error que no se haya incluido a una diputada por Morena, ya que este partido tiene 7 diputadas, seguido del PAN con 6 y PRI y PRD con 3 cada uno.<\/p>\n<p>A\u00fan falta ver el trabajo de las diputadas, pero como mujer me da gusto que de 12 diputadas que eran en la pasada legislatura, ahora estemos representadas por 19. Siete m\u00e1s.<\/p>\n<p>En porcentajes, tenemos actualmente el 38 por ciento de la Legislatura, cuando antes ten\u00edamos tan solo un 24 por ciento. Un aumento de un 14 por ciento.<\/p>\n<p>Hay mucho por hacer, ojal\u00e1 que las diputadas no nos hagan quedar mal y saquen la casta por las mujeres veracruzanas. \u00a1Verdaderamente las necesitamos!<\/p>\n<p>III<\/p>\n<p>El d\u00eda de ayer, la Universidad Veracruzana entreg\u00f3 el Plan Veracruzano de Desarrollo al gobernador electo Miguel \u00c1ngel Yunes Linares.<\/p>\n<p>Desde que estaban los foros de consulta, la rectora Sara Ladr\u00f3n de Guevara hab\u00eda comentado que los hombres estaban participando m\u00e1s que las mujeres. La tendencia nunca cambi\u00f3, pues al escuchar las cifras finales, s\u00f3lo el 30 por ciento de las mujeres participaron en un total de 2 mil 383 propuestas que fueron recibidas. Algo as\u00ed como en 715 propuestas.<\/p>\n<p>Los temas a los que se enfocaron fueron reforzar la equidad de g\u00e9nero, mejorar la educaci\u00f3n y los servicios de salud, as\u00ed como los servicios tur\u00edsticos en el estado.<\/p>\n<p>Aunque la rectora habla de una buena participaci\u00f3n de los veracruzanos, creo que a las mujeres nos falta involucrarnos m\u00e1s con nuestros gobernantes y las pol\u00edticas p\u00fablicas que se piensan emprender a futuro. Pues siempre pasa que al final no le entramos y siempre nos quejamos. \u00bfO no?<\/p>\n<p>&nbsp;<\/p>\n<p><a href=\"mailto:caballero_brenda@hotmail.com\">caballero_brenda@hotmail.com<\/a><\/p>\n<p>@NumerosRojos_BC<\/p>\n","protected":false},"excerpt":{"rendered":"<p>Brenda Caballero N\u00fameros Rojos Antes de iniciar este espacio, recordaba el refr\u00e1n \u201cEl h\u00e1bito no hace el monje\u201d, con relaci\u00f3n a la foto que circul\u00f3 en redes sociales de Tanya Carola Viveros Ch\u00e1zaro, diputada local por el Distrito 11 por Morena, donde se le ve vestida con pantal\u00f3n de mezclilla y tenis. \u00bfTiene algo de [&hellip;]<\/p>\n","protected":false},"author":2,"featured_media":0,"comment_status":"open","ping_status":"open","sticky":false,"template":"","format":"standard","meta":{"tdm_status":"","tdm_grid_status":"","footnotes":""},"categories":[70],"tags":[6667,6617,3686,6666],"class_list":{"0":"post-27760","1":"post","2":"type-post","3":"status-publish","4":"format-standard","6":"category-de-opinion","7":"tag-dulce-maria-garcia-lopez","8":"tag-maria-elisa-manterola-sainz","9":"tag-regina-vazquez-saut","10":"tag-tanya-carola-viveros-chazaro"},"yoast_head":"<!-- This site is optimized with the Yoast SEO plugin v27.4 - https:\/\/yoast.com\/product\/yoast-seo-wordpress\/ -->\n<title>Las Mujeres del Congreso - Los pol\u00edticos Veracruz<\/title>\n<meta name=\"robots\" content=\"index, follow, max-snippet:-1, max-image-preview:large, max-video-preview:-1\" \/>\n<link rel=\"canonical\" href=\"https:\/\/lospoliticosveracruz.com\/?p=27760\" \/>\n<meta property=\"og:locale\" content=\"es_ES\" \/>\n<meta property=\"og:type\" content=\"article\" \/>\n<meta property=\"og:title\" content=\"Las Mujeres del Congreso - Los pol\u00edticos Veracruz\" \/>\n<meta property=\"og:description\" content=\"Brenda Caballero N\u00fameros Rojos Antes de iniciar este espacio, recordaba el refr\u00e1n \u201cEl h\u00e1bito no hace el monje\u201d, con relaci\u00f3n a la foto que circul\u00f3 en redes sociales de Tanya Carola Viveros Ch\u00e1zaro, diputada local por el Distrito 11 por Morena, donde se le ve vestida con pantal\u00f3n de mezclilla y tenis. \u00bfTiene algo de [&hellip;]\" \/>\n<meta property=\"og:url\" content=\"https:\/\/lospoliticosveracruz.com\/?p=27760\" \/>\n<meta property=\"og:site_name\" content=\"Los pol\u00edticos Veracruz\" \/>\n<meta property=\"article:publisher\" content=\"https:\/\/www.facebook.com\/people\/Notimemes-de-los-Polticos\/61565672886568\/\" \/>\n<meta property=\"article:published_time\" content=\"2016-11-07T04:08:12+00:00\" \/>\n<meta property=\"og:image\" content=\"https:\/\/lospoliticosveracruz.com\/wp-content\/uploads\/2016\/07\/Logo-Dor.jpg\" \/>\n\t<meta property=\"og:image:width\" content=\"200\" \/>\n\t<meta property=\"og:image:height\" content=\"200\" \/>\n\t<meta property=\"og:image:type\" content=\"image\/jpeg\" \/>\n<meta name=\"author\" content=\"Lo viste en Los Pol\u00edticos\" \/>\n<meta name=\"twitter:card\" content=\"summary_large_image\" \/>\n<meta name=\"twitter:creator\" content=\"@LosPoliticosVer\" \/>\n<meta name=\"twitter:site\" content=\"@LosPoliticosVer\" \/>\n<meta name=\"twitter:label1\" content=\"Escrito por\" \/>\n\t<meta name=\"twitter:data1\" content=\"Lo viste en Los Pol\u00edticos\" \/>\n\t<meta name=\"twitter:label2\" content=\"Tiempo de lectura\" \/>\n\t<meta name=\"twitter:data2\" content=\"4 minutos\" \/>\n<script type=\"application\/ld+json\" class=\"yoast-schema-graph\">{\"@context\":\"https:\\\/\\\/schema.org\",\"@graph\":[{\"@type\":\"Article\",\"@id\":\"https:\\\/\\\/lospoliticosveracruz.com\\\/?p=27760#article\",\"isPartOf\":{\"@id\":\"https:\\\/\\\/lospoliticosveracruz.com\\\/?p=27760\"},\"author\":{\"name\":\"Lo viste en Los Pol\u00edticos\",\"@id\":\"https:\\\/\\\/lospoliticosveracruz.com\\\/#\\\/schema\\\/person\\\/b8702bb0e538456e6efd07080bf2a4a2\"},\"headline\":\"Las Mujeres del Congreso\",\"datePublished\":\"2016-11-07T04:08:12+00:00\",\"mainEntityOfPage\":{\"@id\":\"https:\\\/\\\/lospoliticosveracruz.com\\\/?p=27760\"},\"wordCount\":780,\"commentCount\":0,\"publisher\":{\"@id\":\"https:\\\/\\\/lospoliticosveracruz.com\\\/#organization\"},\"keywords\":[\"Dulce Mar\u00eda Garc\u00eda L\u00f3pez\",\"Mar\u00eda Elisa Manterola S\u00e1inz\",\"Regina V\u00e1zquez Saut\",\"Tanya Carola Viveros Ch\u00e1zaro\"],\"articleSection\":[\"De Opini\u00f3n\"],\"inLanguage\":\"es\",\"potentialAction\":[{\"@type\":\"CommentAction\",\"name\":\"Comment\",\"target\":[\"https:\\\/\\\/lospoliticosveracruz.com\\\/?p=27760#respond\"]}]},{\"@type\":\"WebPage\",\"@id\":\"https:\\\/\\\/lospoliticosveracruz.com\\\/?p=27760\",\"url\":\"https:\\\/\\\/lospoliticosveracruz.com\\\/?p=27760\",\"name\":\"Las Mujeres del Congreso - Los pol\u00edticos Veracruz\",\"isPartOf\":{\"@id\":\"https:\\\/\\\/lospoliticosveracruz.com\\\/#website\"},\"datePublished\":\"2016-11-07T04:08:12+00:00\",\"breadcrumb\":{\"@id\":\"https:\\\/\\\/lospoliticosveracruz.com\\\/?p=27760#breadcrumb\"},\"inLanguage\":\"es\",\"potentialAction\":[{\"@type\":\"ReadAction\",\"target\":[\"https:\\\/\\\/lospoliticosveracruz.com\\\/?p=27760\"]}]},{\"@type\":\"BreadcrumbList\",\"@id\":\"https:\\\/\\\/lospoliticosveracruz.com\\\/?p=27760#breadcrumb\",\"itemListElement\":[{\"@type\":\"ListItem\",\"position\":1,\"name\":\"Portada\",\"item\":\"https:\\\/\\\/lospoliticosveracruz.com\\\/\"},{\"@type\":\"ListItem\",\"position\":2,\"name\":\"Las Mujeres del Congreso\"}]},{\"@type\":\"WebSite\",\"@id\":\"https:\\\/\\\/lospoliticosveracruz.com\\\/#website\",\"url\":\"https:\\\/\\\/lospoliticosveracruz.com\\\/\",\"name\":\"Los pol\u00edticos Veracruz\",\"description\":\"\",\"publisher\":{\"@id\":\"https:\\\/\\\/lospoliticosveracruz.com\\\/#organization\"},\"potentialAction\":[{\"@type\":\"SearchAction\",\"target\":{\"@type\":\"EntryPoint\",\"urlTemplate\":\"https:\\\/\\\/lospoliticosveracruz.com\\\/?s={search_term_string}\"},\"query-input\":{\"@type\":\"PropertyValueSpecification\",\"valueRequired\":true,\"valueName\":\"search_term_string\"}}],\"inLanguage\":\"es\"},{\"@type\":\"Organization\",\"@id\":\"https:\\\/\\\/lospoliticosveracruz.com\\\/#organization\",\"name\":\"Los pol\u00edticos Veracruz\",\"url\":\"https:\\\/\\\/lospoliticosveracruz.com\\\/\",\"logo\":{\"@type\":\"ImageObject\",\"inLanguage\":\"es\",\"@id\":\"https:\\\/\\\/lospoliticosveracruz.com\\\/#\\\/schema\\\/logo\\\/image\\\/\",\"url\":\"https:\\\/\\\/lospoliticosveracruz.com\\\/wp-content\\\/uploads\\\/2025\\\/12\\\/Logo-Nuevo-LOS-POLITICOS-1.jpg\",\"contentUrl\":\"https:\\\/\\\/lospoliticosveracruz.com\\\/wp-content\\\/uploads\\\/2025\\\/12\\\/Logo-Nuevo-LOS-POLITICOS-1.jpg\",\"width\":260,\"height\":70,\"caption\":\"Los pol\u00edticos Veracruz\"},\"image\":{\"@id\":\"https:\\\/\\\/lospoliticosveracruz.com\\\/#\\\/schema\\\/logo\\\/image\\\/\"},\"sameAs\":[\"https:\\\/\\\/www.facebook.com\\\/people\\\/Notimemes-de-los-Polticos\\\/61565672886568\\\/\",\"https:\\\/\\\/x.com\\\/LosPoliticosVer\"]},{\"@type\":\"Person\",\"@id\":\"https:\\\/\\\/lospoliticosveracruz.com\\\/#\\\/schema\\\/person\\\/b8702bb0e538456e6efd07080bf2a4a2\",\"name\":\"Lo viste en Los Pol\u00edticos\",\"image\":{\"@type\":\"ImageObject\",\"inLanguage\":\"es\",\"@id\":\"https:\\\/\\\/secure.gravatar.com\\\/avatar\\\/3a8de04a2656d44082be478bd6c086daa447c4651605818287b9532d3d0bd435?s=96&d=mm&r=g\",\"url\":\"https:\\\/\\\/secure.gravatar.com\\\/avatar\\\/3a8de04a2656d44082be478bd6c086daa447c4651605818287b9532d3d0bd435?s=96&d=mm&r=g\",\"contentUrl\":\"https:\\\/\\\/secure.gravatar.com\\\/avatar\\\/3a8de04a2656d44082be478bd6c086daa447c4651605818287b9532d3d0bd435?s=96&d=mm&r=g\",\"caption\":\"Lo viste en Los Pol\u00edticos\"},\"url\":\"https:\\\/\\\/lospoliticosveracruz.com\\\/?author=2\"}]}<\/script>\n<!-- \/ Yoast SEO plugin. -->","yoast_head_json":{"title":"Las Mujeres del Congreso - Los pol\u00edticos Veracruz","robots":{"index":"index","follow":"follow","max-snippet":"max-snippet:-1","max-image-preview":"max-image-preview:large","max-video-preview":"max-video-preview:-1"},"canonical":"https:\/\/lospoliticosveracruz.com\/?p=27760","og_locale":"es_ES","og_type":"article","og_title":"Las Mujeres del Congreso - Los pol\u00edticos Veracruz","og_description":"Brenda Caballero N\u00fameros Rojos Antes de iniciar este espacio, recordaba el refr\u00e1n \u201cEl h\u00e1bito no hace el monje\u201d, con relaci\u00f3n a la foto que circul\u00f3 en redes sociales de Tanya Carola Viveros Ch\u00e1zaro, diputada local por el Distrito 11 por Morena, donde se le ve vestida con pantal\u00f3n de mezclilla y tenis. \u00bfTiene algo de [&hellip;]","og_url":"https:\/\/lospoliticosveracruz.com\/?p=27760","og_site_name":"Los pol\u00edticos Veracruz","article_publisher":"https:\/\/www.facebook.com\/people\/Notimemes-de-los-Polticos\/61565672886568\/","article_published_time":"2016-11-07T04:08:12+00:00","og_image":[{"width":200,"height":200,"url":"https:\/\/lospoliticosveracruz.com\/wp-content\/uploads\/2016\/07\/Logo-Dor.jpg","type":"image\/jpeg"}],"author":"Lo viste en Los Pol\u00edticos","twitter_card":"summary_large_image","twitter_creator":"@LosPoliticosVer","twitter_site":"@LosPoliticosVer","twitter_misc":{"Escrito por":"Lo viste en Los Pol\u00edticos","Tiempo de lectura":"4 minutos"},"schema":{"@context":"https:\/\/schema.org","@graph":[{"@type":"Article","@id":"https:\/\/lospoliticosveracruz.com\/?p=27760#article","isPartOf":{"@id":"https:\/\/lospoliticosveracruz.com\/?p=27760"},"author":{"name":"Lo viste en Los Pol\u00edticos","@id":"https:\/\/lospoliticosveracruz.com\/#\/schema\/person\/b8702bb0e538456e6efd07080bf2a4a2"},"headline":"Las Mujeres del Congreso","datePublished":"2016-11-07T04:08:12+00:00","mainEntityOfPage":{"@id":"https:\/\/lospoliticosveracruz.com\/?p=27760"},"wordCount":780,"commentCount":0,"publisher":{"@id":"https:\/\/lospoliticosveracruz.com\/#organization"},"keywords":["Dulce Mar\u00eda Garc\u00eda L\u00f3pez","Mar\u00eda Elisa Manterola S\u00e1inz","Regina V\u00e1zquez Saut","Tanya Carola Viveros Ch\u00e1zaro"],"articleSection":["De Opini\u00f3n"],"inLanguage":"es","potentialAction":[{"@type":"CommentAction","name":"Comment","target":["https:\/\/lospoliticosveracruz.com\/?p=27760#respond"]}]},{"@type":"WebPage","@id":"https:\/\/lospoliticosveracruz.com\/?p=27760","url":"https:\/\/lospoliticosveracruz.com\/?p=27760","name":"Las Mujeres del Congreso - Los pol\u00edticos Veracruz","isPartOf":{"@id":"https:\/\/lospoliticosveracruz.com\/#website"},"datePublished":"2016-11-07T04:08:12+00:00","breadcrumb":{"@id":"https:\/\/lospoliticosveracruz.com\/?p=27760#breadcrumb"},"inLanguage":"es","potentialAction":[{"@type":"ReadAction","target":["https:\/\/lospoliticosveracruz.com\/?p=27760"]}]},{"@type":"BreadcrumbList","@id":"https:\/\/lospoliticosveracruz.com\/?p=27760#breadcrumb","itemListElement":[{"@type":"ListItem","position":1,"name":"Portada","item":"https:\/\/lospoliticosveracruz.com\/"},{"@type":"ListItem","position":2,"name":"Las Mujeres del Congreso"}]},{"@type":"WebSite","@id":"https:\/\/lospoliticosveracruz.com\/#website","url":"https:\/\/lospoliticosveracruz.com\/","name":"Los pol\u00edticos Veracruz","description":"","publisher":{"@id":"https:\/\/lospoliticosveracruz.com\/#organization"},"potentialAction":[{"@type":"SearchAction","target":{"@type":"EntryPoint","urlTemplate":"https:\/\/lospoliticosveracruz.com\/?s={search_term_string}"},"query-input":{"@type":"PropertyValueSpecification","valueRequired":true,"valueName":"search_term_string"}}],"inLanguage":"es"},{"@type":"Organization","@id":"https:\/\/lospoliticosveracruz.com\/#organization","name":"Los pol\u00edticos Veracruz","url":"https:\/\/lospoliticosveracruz.com\/","logo":{"@type":"ImageObject","inLanguage":"es","@id":"https:\/\/lospoliticosveracruz.com\/#\/schema\/logo\/image\/","url":"https:\/\/lospoliticosveracruz.com\/wp-content\/uploads\/2025\/12\/Logo-Nuevo-LOS-POLITICOS-1.jpg","contentUrl":"https:\/\/lospoliticosveracruz.com\/wp-content\/uploads\/2025\/12\/Logo-Nuevo-LOS-POLITICOS-1.jpg","width":260,"height":70,"caption":"Los pol\u00edticos Veracruz"},"image":{"@id":"https:\/\/lospoliticosveracruz.com\/#\/schema\/logo\/image\/"},"sameAs":["https:\/\/www.facebook.com\/people\/Notimemes-de-los-Polticos\/61565672886568\/","https:\/\/x.com\/LosPoliticosVer"]},{"@type":"Person","@id":"https:\/\/lospoliticosveracruz.com\/#\/schema\/person\/b8702bb0e538456e6efd07080bf2a4a2","name":"Lo viste en Los Pol\u00edticos","image":{"@type":"ImageObject","inLanguage":"es","@id":"https:\/\/secure.gravatar.com\/avatar\/3a8de04a2656d44082be478bd6c086daa447c4651605818287b9532d3d0bd435?s=96&d=mm&r=g","url":"https:\/\/secure.gravatar.com\/avatar\/3a8de04a2656d44082be478bd6c086daa447c4651605818287b9532d3d0bd435?s=96&d=mm&r=g","contentUrl":"https:\/\/secure.gravatar.com\/avatar\/3a8de04a2656d44082be478bd6c086daa447c4651605818287b9532d3d0bd435?s=96&d=mm&r=g","caption":"Lo viste en Los Pol\u00edticos"},"url":"https:\/\/lospoliticosveracruz.com\/?author=2"}]}},"_links":{"self":[{"href":"https:\/\/lospoliticosveracruz.com\/index.php?rest_route=\/wp\/v2\/posts\/27760","targetHints":{"allow":["GET"]}}],"collection":[{"href":"https:\/\/lospoliticosveracruz.com\/index.php?rest_route=\/wp\/v2\/posts"}],"about":[{"href":"https:\/\/lospoliticosveracruz.com\/index.php?rest_route=\/wp\/v2\/types\/post"}],"author":[{"embeddable":true,"href":"https:\/\/lospoliticosveracruz.com\/index.php?rest_route=\/wp\/v2\/users\/2"}],"replies":[{"embeddable":true,"href":"https:\/\/lospoliticosveracruz.com\/index.php?rest_route=%2Fwp%2Fv2%2Fcomments&post=27760"}],"version-history":[{"count":1,"href":"https:\/\/lospoliticosveracruz.com\/index.php?rest_route=\/wp\/v2\/posts\/27760\/revisions"}],"predecessor-version":[{"id":27769,"href":"https:\/\/lospoliticosveracruz.com\/index.php?rest_route=\/wp\/v2\/posts\/27760\/revisions\/27769"}],"wp:attachment":[{"href":"https:\/\/lospoliticosveracruz.com\/index.php?rest_route=%2Fwp%2Fv2%2Fmedia&parent=27760"}],"wp:term":[{"taxonomy":"category","embeddable":true,"href":"https:\/\/lospoliticosveracruz.com\/index.php?rest_route=%2Fwp%2Fv2%2Fcategories&post=27760"},{"taxonomy":"post_tag","embeddable":true,"href":"https:\/\/lospoliticosveracruz.com\/index.php?rest_route=%2Fwp%2Fv2%2Ftags&post=27760"}],"curies":[{"name":"wp","href":"https:\/\/api.w.org\/{rel}","templated":true}]}}