{"id":27770,"date":"2016-11-06T22:19:23","date_gmt":"2016-11-07T04:19:23","guid":{"rendered":"http:\/\/www.lospoliticosveracruz.com.mx\/?p=27770"},"modified":"2016-11-06T22:19:23","modified_gmt":"2016-11-07T04:19:23","slug":"franco-y-su-dulce-jugada","status":"publish","type":"post","link":"https:\/\/lospoliticosveracruz.com\/?p=27770","title":{"rendered":"Franco y su Dulce jugada"},"content":{"rendered":"<p dir=\"ltr\"><strong>Salvador Mu\u00f1oz<\/strong><\/p>\n<div dir=\"ltr\"><em>Los Pol\u00edticos<\/em><\/div>\n<p dir=\"ltr\">Una vez que qued\u00f3 conformada la LXIV Legislatura local, hay dos temas que han de ocupar la agenda veracruzana de quienes gustan de la actividad pol\u00edtica: la toma de protesta de Miguel \u00c1ngel Yunes Linares como gobernador, y las candidaturas de \u201cestufa\u201d que se han de venir dando rumbo a las elecciones de presidentes municipales en la entidad.<\/p>\n<p dir=\"ltr\">En Xalapa, al menos en el PRI, se habla m\u00e1s de candidatos a ocupar el lugar de Amadeo Flores Espinosa que de qui\u00e9n se aventar\u00e1 al ruedo para competir por la alcald\u00eda. Por citar dos ejemplos, Renato Alarc\u00f3n Guevara y Carlos Aceves Mej\u00eda.<\/p>\n<p dir=\"ltr\">En el caso de Morena, se asegura que Cuitl\u00e1huac Garc\u00eda tuvo la puntada de pretender impulsar a su padre, Atanasio Garc\u00eda Dur\u00e1n, para candidato a la alcald\u00eda, pero fue bateada la propuesta\u2026 dicen que por lo mientras, tiene dos barajas bajo la manga.<\/p>\n<p dir=\"ltr\">Por su parte, en el PAN, se habl\u00f3 de don Justo Fern\u00e1ndez \u00c1vila aunque como se va en alianza con el PRD, falta lo que el partido del Sol Azteca diga, porque en primera instancia, manej\u00f3 a Ricardo Ahued Bardahuil, pero todo indica que el empresario de los pl\u00e1sticos ya rechaz\u00f3 la posibilidad.<\/p>\n<p dir=\"ltr\">Luego entonces, \u00bfcu\u00e1l podr\u00eda ser la posici\u00f3n del PRD a la hora de mostrar sus cartas comparadas con las del PAN?<\/p>\n<p dir=\"ltr\">II<\/p>\n<p dir=\"ltr\">Tanto al PRD como al PAN les queda claro que el contrincante en estas pr\u00f3ximas elecciones, al menos en Xalapa, ha de ser Morena. La inercia de una sociedad que vota contra todo lo que huela a PRI da ventaja al partido del Peje sin importar qui\u00e9n pueda ser su candidato.<\/p>\n<p dir=\"ltr\">Luego entonces, es probable que sea el PRD quien tenga la \u00faltima palabra a la hora de inclinar la balanza hacia un candidato\u2026 \u00bfo candidata?<\/p>\n<p dir=\"ltr\">Al interior del PRD empieza a dibujarse una posibilidad en la figura de una mujer que no s\u00f3lo es identificada por su carrera sin m\u00e1cula, sino tambi\u00e9n por su altruismo: Dulce Mar\u00eda Dauz\u00f3n.<\/p>\n<p dir=\"ltr\">\u00bfQue es del Movimiento Ciudadano? S\u00ed, pero igual se criticaba el asunto cuando se habl\u00f3 de la alianza PAN-PRD \u00a1y ah\u00ed est\u00e1n los resultados! S\u00f3lo imaginen: PRD en alianza con Movimiento Ciudadano, sumando al PAN\u2026 conste\u2026 hablo de Xalapa.<\/p>\n<p dir=\"ltr\">III<\/p>\n<p dir=\"ltr\">Dulce Mar\u00eda Dauz\u00f3n es una pol\u00edtica con marca. En diversas partes de Veracruz, su apellido permea.<\/p>\n<p dir=\"ltr\">Por si no lo recuerdan, ha sido de los pocos ediles (all\u00e1, a finales del siglo pasado) que don\u00f3 al cien por ciento su salario cuando fungi\u00f3 como regidora.<\/p>\n<p dir=\"ltr\">Mujer de car\u00e1cter, sensible, agradable, f\u00e1cilmente podr\u00eda hacerle contrapeso a Morena si el electorado apuesta a alguien que no sea del PRI, o que huela al PRI, pero con un ingrediente m\u00e1s: es una pol\u00edtica con fama de honesta, honrada y entrona.<\/p>\n<p dir=\"ltr\">Si esta posibilidad que se empieza a dibujar al interior del Sol Azteca se concreta antes de que concluya este mes, Rogelio Franco Cast\u00e1n pudiera integrarse al Gabinete de Miguel \u00c1ngel Yunes Linares, dejando una carta ganadora que pudiera darle a la alianza PAN-PRD una de las joyas de la corona que tiene pendientes este binomio para este 2017\u2026 las otras son Coatzacoalcos (PRD) y Veracruz (PAN)&#8230; Tuxpan, Poza Rica y Orizaba har\u00edan casi imposible que volvi\u00e9ramos a ver al PRI en el Palacio de Enr\u00edquez.<\/p>\n<p dir=\"ltr\">Se insiste: Si a Franco le sale Xalapa con esta Dulce jugada, \u00a1qui\u00e9n sabe hasta d\u00f3nde llegue este 2018 el todav\u00eda dirigente del Sol Azteca!<\/p>\n<div dir=\"ltr\"><\/div>\n<p dir=\"ltr\"><a href=\"mailto:smcainito@gmail.com\" target=\"_blank\">smcainito@gmail.com<\/a><\/p>\n","protected":false},"excerpt":{"rendered":"<p>Salvador Mu\u00f1oz Los Pol\u00edticos Una vez que qued\u00f3 conformada la LXIV Legislatura local, hay dos temas que han de ocupar la agenda veracruzana de quienes gustan de la actividad pol\u00edtica: la toma de protesta de Miguel \u00c1ngel Yunes Linares como gobernador, y las candidaturas de \u201cestufa\u201d que se han de venir dando rumbo a las [&hellip;]<\/p>\n","protected":false},"author":2,"featured_media":0,"comment_status":"open","ping_status":"open","sticky":false,"template":"","format":"standard","meta":{"tdm_status":"","tdm_grid_status":"","footnotes":""},"categories":[1],"tags":[992,428,808],"class_list":{"0":"post-27770","1":"post","2":"type-post","3":"status-publish","4":"format-standard","6":"category-sin-categoria","7":"tag-dulce-maria-dauzon","8":"tag-miguel-angel-yunes-linares","9":"tag-rogelio-franco-castan"},"yoast_head":"<!-- This site is optimized with the Yoast SEO plugin v27.4 - https:\/\/yoast.com\/product\/yoast-seo-wordpress\/ -->\n<title>Franco y su Dulce jugada - Los pol\u00edticos Veracruz<\/title>\n<meta name=\"robots\" content=\"index, follow, max-snippet:-1, max-image-preview:large, max-video-preview:-1\" \/>\n<link rel=\"canonical\" href=\"https:\/\/lospoliticosveracruz.com\/?p=27770\" \/>\n<meta property=\"og:locale\" content=\"es_ES\" \/>\n<meta property=\"og:type\" content=\"article\" \/>\n<meta property=\"og:title\" content=\"Franco y su Dulce jugada - Los pol\u00edticos Veracruz\" \/>\n<meta property=\"og:description\" content=\"Salvador Mu\u00f1oz Los Pol\u00edticos Una vez que qued\u00f3 conformada la LXIV Legislatura local, hay dos temas que han de ocupar la agenda veracruzana de quienes gustan de la actividad pol\u00edtica: la toma de protesta de Miguel \u00c1ngel Yunes Linares como gobernador, y las candidaturas de \u201cestufa\u201d que se han de venir dando rumbo a las [&hellip;]\" \/>\n<meta property=\"og:url\" content=\"https:\/\/lospoliticosveracruz.com\/?p=27770\" \/>\n<meta property=\"og:site_name\" content=\"Los pol\u00edticos Veracruz\" \/>\n<meta property=\"article:publisher\" content=\"https:\/\/www.facebook.com\/people\/Notimemes-de-los-Polticos\/61565672886568\/\" \/>\n<meta property=\"article:published_time\" content=\"2016-11-07T04:19:23+00:00\" \/>\n<meta property=\"og:image\" content=\"https:\/\/lospoliticosveracruz.com\/wp-content\/uploads\/2016\/07\/Logo-Dor.jpg\" \/>\n\t<meta property=\"og:image:width\" content=\"200\" \/>\n\t<meta property=\"og:image:height\" content=\"200\" \/>\n\t<meta property=\"og:image:type\" content=\"image\/jpeg\" \/>\n<meta name=\"author\" content=\"Lo viste en Los Pol\u00edticos\" \/>\n<meta name=\"twitter:card\" content=\"summary_large_image\" \/>\n<meta name=\"twitter:creator\" content=\"@LosPoliticosVer\" \/>\n<meta name=\"twitter:site\" content=\"@LosPoliticosVer\" \/>\n<meta name=\"twitter:label1\" content=\"Escrito por\" \/>\n\t<meta name=\"twitter:data1\" content=\"Lo viste en Los Pol\u00edticos\" \/>\n\t<meta name=\"twitter:label2\" content=\"Tiempo de lectura\" \/>\n\t<meta name=\"twitter:data2\" content=\"3 minutos\" \/>\n<script type=\"application\/ld+json\" class=\"yoast-schema-graph\">{\"@context\":\"https:\\\/\\\/schema.org\",\"@graph\":[{\"@type\":\"Article\",\"@id\":\"https:\\\/\\\/lospoliticosveracruz.com\\\/?p=27770#article\",\"isPartOf\":{\"@id\":\"https:\\\/\\\/lospoliticosveracruz.com\\\/?p=27770\"},\"author\":{\"name\":\"Lo viste en Los Pol\u00edticos\",\"@id\":\"https:\\\/\\\/lospoliticosveracruz.com\\\/#\\\/schema\\\/person\\\/b8702bb0e538456e6efd07080bf2a4a2\"},\"headline\":\"Franco y su Dulce jugada\",\"datePublished\":\"2016-11-07T04:19:23+00:00\",\"mainEntityOfPage\":{\"@id\":\"https:\\\/\\\/lospoliticosveracruz.com\\\/?p=27770\"},\"wordCount\":618,\"commentCount\":0,\"publisher\":{\"@id\":\"https:\\\/\\\/lospoliticosveracruz.com\\\/#organization\"},\"keywords\":[\"Dulce Mar\u00eda Dauz\u00f3n\",\"Miguel Angel Yunes Linares\",\"Rogelio Franco Cast\u00e1n\"],\"inLanguage\":\"es\",\"potentialAction\":[{\"@type\":\"CommentAction\",\"name\":\"Comment\",\"target\":[\"https:\\\/\\\/lospoliticosveracruz.com\\\/?p=27770#respond\"]}]},{\"@type\":\"WebPage\",\"@id\":\"https:\\\/\\\/lospoliticosveracruz.com\\\/?p=27770\",\"url\":\"https:\\\/\\\/lospoliticosveracruz.com\\\/?p=27770\",\"name\":\"Franco y su Dulce jugada - Los pol\u00edticos Veracruz\",\"isPartOf\":{\"@id\":\"https:\\\/\\\/lospoliticosveracruz.com\\\/#website\"},\"datePublished\":\"2016-11-07T04:19:23+00:00\",\"breadcrumb\":{\"@id\":\"https:\\\/\\\/lospoliticosveracruz.com\\\/?p=27770#breadcrumb\"},\"inLanguage\":\"es\",\"potentialAction\":[{\"@type\":\"ReadAction\",\"target\":[\"https:\\\/\\\/lospoliticosveracruz.com\\\/?p=27770\"]}]},{\"@type\":\"BreadcrumbList\",\"@id\":\"https:\\\/\\\/lospoliticosveracruz.com\\\/?p=27770#breadcrumb\",\"itemListElement\":[{\"@type\":\"ListItem\",\"position\":1,\"name\":\"Portada\",\"item\":\"https:\\\/\\\/lospoliticosveracruz.com\\\/\"},{\"@type\":\"ListItem\",\"position\":2,\"name\":\"Franco y su Dulce jugada\"}]},{\"@type\":\"WebSite\",\"@id\":\"https:\\\/\\\/lospoliticosveracruz.com\\\/#website\",\"url\":\"https:\\\/\\\/lospoliticosveracruz.com\\\/\",\"name\":\"Los pol\u00edticos Veracruz\",\"description\":\"\",\"publisher\":{\"@id\":\"https:\\\/\\\/lospoliticosveracruz.com\\\/#organization\"},\"potentialAction\":[{\"@type\":\"SearchAction\",\"target\":{\"@type\":\"EntryPoint\",\"urlTemplate\":\"https:\\\/\\\/lospoliticosveracruz.com\\\/?s={search_term_string}\"},\"query-input\":{\"@type\":\"PropertyValueSpecification\",\"valueRequired\":true,\"valueName\":\"search_term_string\"}}],\"inLanguage\":\"es\"},{\"@type\":\"Organization\",\"@id\":\"https:\\\/\\\/lospoliticosveracruz.com\\\/#organization\",\"name\":\"Los pol\u00edticos Veracruz\",\"url\":\"https:\\\/\\\/lospoliticosveracruz.com\\\/\",\"logo\":{\"@type\":\"ImageObject\",\"inLanguage\":\"es\",\"@id\":\"https:\\\/\\\/lospoliticosveracruz.com\\\/#\\\/schema\\\/logo\\\/image\\\/\",\"url\":\"https:\\\/\\\/lospoliticosveracruz.com\\\/wp-content\\\/uploads\\\/2025\\\/12\\\/Logo-Nuevo-LOS-POLITICOS-1.jpg\",\"contentUrl\":\"https:\\\/\\\/lospoliticosveracruz.com\\\/wp-content\\\/uploads\\\/2025\\\/12\\\/Logo-Nuevo-LOS-POLITICOS-1.jpg\",\"width\":260,\"height\":70,\"caption\":\"Los pol\u00edticos Veracruz\"},\"image\":{\"@id\":\"https:\\\/\\\/lospoliticosveracruz.com\\\/#\\\/schema\\\/logo\\\/image\\\/\"},\"sameAs\":[\"https:\\\/\\\/www.facebook.com\\\/people\\\/Notimemes-de-los-Polticos\\\/61565672886568\\\/\",\"https:\\\/\\\/x.com\\\/LosPoliticosVer\"]},{\"@type\":\"Person\",\"@id\":\"https:\\\/\\\/lospoliticosveracruz.com\\\/#\\\/schema\\\/person\\\/b8702bb0e538456e6efd07080bf2a4a2\",\"name\":\"Lo viste en Los Pol\u00edticos\",\"image\":{\"@type\":\"ImageObject\",\"inLanguage\":\"es\",\"@id\":\"https:\\\/\\\/secure.gravatar.com\\\/avatar\\\/3a8de04a2656d44082be478bd6c086daa447c4651605818287b9532d3d0bd435?s=96&d=mm&r=g\",\"url\":\"https:\\\/\\\/secure.gravatar.com\\\/avatar\\\/3a8de04a2656d44082be478bd6c086daa447c4651605818287b9532d3d0bd435?s=96&d=mm&r=g\",\"contentUrl\":\"https:\\\/\\\/secure.gravatar.com\\\/avatar\\\/3a8de04a2656d44082be478bd6c086daa447c4651605818287b9532d3d0bd435?s=96&d=mm&r=g\",\"caption\":\"Lo viste en Los Pol\u00edticos\"},\"url\":\"https:\\\/\\\/lospoliticosveracruz.com\\\/?author=2\"}]}<\/script>\n<!-- \/ Yoast SEO plugin. -->","yoast_head_json":{"title":"Franco y su Dulce jugada - Los pol\u00edticos Veracruz","robots":{"index":"index","follow":"follow","max-snippet":"max-snippet:-1","max-image-preview":"max-image-preview:large","max-video-preview":"max-video-preview:-1"},"canonical":"https:\/\/lospoliticosveracruz.com\/?p=27770","og_locale":"es_ES","og_type":"article","og_title":"Franco y su Dulce jugada - Los pol\u00edticos Veracruz","og_description":"Salvador Mu\u00f1oz Los Pol\u00edticos Una vez que qued\u00f3 conformada la LXIV Legislatura local, hay dos temas que han de ocupar la agenda veracruzana de quienes gustan de la actividad pol\u00edtica: la toma de protesta de Miguel \u00c1ngel Yunes Linares como gobernador, y las candidaturas de \u201cestufa\u201d que se han de venir dando rumbo a las [&hellip;]","og_url":"https:\/\/lospoliticosveracruz.com\/?p=27770","og_site_name":"Los pol\u00edticos Veracruz","article_publisher":"https:\/\/www.facebook.com\/people\/Notimemes-de-los-Polticos\/61565672886568\/","article_published_time":"2016-11-07T04:19:23+00:00","og_image":[{"width":200,"height":200,"url":"https:\/\/lospoliticosveracruz.com\/wp-content\/uploads\/2016\/07\/Logo-Dor.jpg","type":"image\/jpeg"}],"author":"Lo viste en Los Pol\u00edticos","twitter_card":"summary_large_image","twitter_creator":"@LosPoliticosVer","twitter_site":"@LosPoliticosVer","twitter_misc":{"Escrito por":"Lo viste en Los Pol\u00edticos","Tiempo de lectura":"3 minutos"},"schema":{"@context":"https:\/\/schema.org","@graph":[{"@type":"Article","@id":"https:\/\/lospoliticosveracruz.com\/?p=27770#article","isPartOf":{"@id":"https:\/\/lospoliticosveracruz.com\/?p=27770"},"author":{"name":"Lo viste en Los Pol\u00edticos","@id":"https:\/\/lospoliticosveracruz.com\/#\/schema\/person\/b8702bb0e538456e6efd07080bf2a4a2"},"headline":"Franco y su Dulce jugada","datePublished":"2016-11-07T04:19:23+00:00","mainEntityOfPage":{"@id":"https:\/\/lospoliticosveracruz.com\/?p=27770"},"wordCount":618,"commentCount":0,"publisher":{"@id":"https:\/\/lospoliticosveracruz.com\/#organization"},"keywords":["Dulce Mar\u00eda Dauz\u00f3n","Miguel Angel Yunes Linares","Rogelio Franco Cast\u00e1n"],"inLanguage":"es","potentialAction":[{"@type":"CommentAction","name":"Comment","target":["https:\/\/lospoliticosveracruz.com\/?p=27770#respond"]}]},{"@type":"WebPage","@id":"https:\/\/lospoliticosveracruz.com\/?p=27770","url":"https:\/\/lospoliticosveracruz.com\/?p=27770","name":"Franco y su Dulce jugada - Los pol\u00edticos Veracruz","isPartOf":{"@id":"https:\/\/lospoliticosveracruz.com\/#website"},"datePublished":"2016-11-07T04:19:23+00:00","breadcrumb":{"@id":"https:\/\/lospoliticosveracruz.com\/?p=27770#breadcrumb"},"inLanguage":"es","potentialAction":[{"@type":"ReadAction","target":["https:\/\/lospoliticosveracruz.com\/?p=27770"]}]},{"@type":"BreadcrumbList","@id":"https:\/\/lospoliticosveracruz.com\/?p=27770#breadcrumb","itemListElement":[{"@type":"ListItem","position":1,"name":"Portada","item":"https:\/\/lospoliticosveracruz.com\/"},{"@type":"ListItem","position":2,"name":"Franco y su Dulce jugada"}]},{"@type":"WebSite","@id":"https:\/\/lospoliticosveracruz.com\/#website","url":"https:\/\/lospoliticosveracruz.com\/","name":"Los pol\u00edticos Veracruz","description":"","publisher":{"@id":"https:\/\/lospoliticosveracruz.com\/#organization"},"potentialAction":[{"@type":"SearchAction","target":{"@type":"EntryPoint","urlTemplate":"https:\/\/lospoliticosveracruz.com\/?s={search_term_string}"},"query-input":{"@type":"PropertyValueSpecification","valueRequired":true,"valueName":"search_term_string"}}],"inLanguage":"es"},{"@type":"Organization","@id":"https:\/\/lospoliticosveracruz.com\/#organization","name":"Los pol\u00edticos Veracruz","url":"https:\/\/lospoliticosveracruz.com\/","logo":{"@type":"ImageObject","inLanguage":"es","@id":"https:\/\/lospoliticosveracruz.com\/#\/schema\/logo\/image\/","url":"https:\/\/lospoliticosveracruz.com\/wp-content\/uploads\/2025\/12\/Logo-Nuevo-LOS-POLITICOS-1.jpg","contentUrl":"https:\/\/lospoliticosveracruz.com\/wp-content\/uploads\/2025\/12\/Logo-Nuevo-LOS-POLITICOS-1.jpg","width":260,"height":70,"caption":"Los pol\u00edticos Veracruz"},"image":{"@id":"https:\/\/lospoliticosveracruz.com\/#\/schema\/logo\/image\/"},"sameAs":["https:\/\/www.facebook.com\/people\/Notimemes-de-los-Polticos\/61565672886568\/","https:\/\/x.com\/LosPoliticosVer"]},{"@type":"Person","@id":"https:\/\/lospoliticosveracruz.com\/#\/schema\/person\/b8702bb0e538456e6efd07080bf2a4a2","name":"Lo viste en Los Pol\u00edticos","image":{"@type":"ImageObject","inLanguage":"es","@id":"https:\/\/secure.gravatar.com\/avatar\/3a8de04a2656d44082be478bd6c086daa447c4651605818287b9532d3d0bd435?s=96&d=mm&r=g","url":"https:\/\/secure.gravatar.com\/avatar\/3a8de04a2656d44082be478bd6c086daa447c4651605818287b9532d3d0bd435?s=96&d=mm&r=g","contentUrl":"https:\/\/secure.gravatar.com\/avatar\/3a8de04a2656d44082be478bd6c086daa447c4651605818287b9532d3d0bd435?s=96&d=mm&r=g","caption":"Lo viste en Los Pol\u00edticos"},"url":"https:\/\/lospoliticosveracruz.com\/?author=2"}]}},"_links":{"self":[{"href":"https:\/\/lospoliticosveracruz.com\/index.php?rest_route=\/wp\/v2\/posts\/27770","targetHints":{"allow":["GET"]}}],"collection":[{"href":"https:\/\/lospoliticosveracruz.com\/index.php?rest_route=\/wp\/v2\/posts"}],"about":[{"href":"https:\/\/lospoliticosveracruz.com\/index.php?rest_route=\/wp\/v2\/types\/post"}],"author":[{"embeddable":true,"href":"https:\/\/lospoliticosveracruz.com\/index.php?rest_route=\/wp\/v2\/users\/2"}],"replies":[{"embeddable":true,"href":"https:\/\/lospoliticosveracruz.com\/index.php?rest_route=%2Fwp%2Fv2%2Fcomments&post=27770"}],"version-history":[{"count":1,"href":"https:\/\/lospoliticosveracruz.com\/index.php?rest_route=\/wp\/v2\/posts\/27770\/revisions"}],"predecessor-version":[{"id":27771,"href":"https:\/\/lospoliticosveracruz.com\/index.php?rest_route=\/wp\/v2\/posts\/27770\/revisions\/27771"}],"wp:attachment":[{"href":"https:\/\/lospoliticosveracruz.com\/index.php?rest_route=%2Fwp%2Fv2%2Fmedia&parent=27770"}],"wp:term":[{"taxonomy":"category","embeddable":true,"href":"https:\/\/lospoliticosveracruz.com\/index.php?rest_route=%2Fwp%2Fv2%2Fcategories&post=27770"},{"taxonomy":"post_tag","embeddable":true,"href":"https:\/\/lospoliticosveracruz.com\/index.php?rest_route=%2Fwp%2Fv2%2Ftags&post=27770"}],"curies":[{"name":"wp","href":"https:\/\/api.w.org\/{rel}","templated":true}]}}