{"id":27772,"date":"2016-11-07T08:13:10","date_gmt":"2016-11-07T14:13:10","guid":{"rendered":"http:\/\/www.lospoliticosveracruz.com.mx\/?p=27772"},"modified":"2016-11-07T08:13:37","modified_gmt":"2016-11-07T14:13:37","slug":"el-pvd-fundamental-para-el-proyecto-de-mayl","status":"publish","type":"post","link":"https:\/\/lospoliticosveracruz.com\/?p=27772","title":{"rendered":"El PVD, fundamental para el proyecto de MAYL"},"content":{"rendered":"<p><strong>Luis Alberto Romero<\/strong><\/p>\n<p><em>Hora Cero<\/em><\/p>\n<p>Este domingo fue presentado el Plan Veracruzano de Desarrollo 2016-2018, documento integrado por la Universidad Veracruzana, que consiste en 23 vol\u00famenes, que incluyen 100 objetivos, 359 estrategias y mil 619 acciones.<\/p>\n<p>Se trata del documento rector de lo que ser\u00e1 el ef\u00edmero gobierno de Miguel \u00c1ngel Yunes Linares en Veracruz, quien permanecer\u00e1 en el poder ejecutivo estatal desde diciembre del presente a\u00f1o hasta el d\u00e9cimo primer mes de 2018.<\/p>\n<p>Es un proyecto pol\u00edtico que podr\u00eda concluir hasta 2024, dado que la apuesta del llamado grupo Boca del R\u00edo incluye la llegada al mismo espacio, en 2018, de un integrante de la misma familia, el hoy alcalde de Boca del R\u00edo, Miguel \u00c1ngel Yunes M\u00e1rquez.<\/p>\n<p>En ese contexto, los retos del grupo que encabeza Yunes Linares no s\u00f3lo se relacionan con el control pol\u00edtico estatal de cara a la pr\u00f3xima sucesi\u00f3n, sino con tres temas que ser\u00e1n fundamentales: llamar a cuentas a los responsables de la corrupci\u00f3n, del desfalco y de la crisis econ\u00f3mica (con Javier Duarte a la cabeza); la soluci\u00f3n al problema financiero del gobierno de Veracruz; y la generaci\u00f3n de mejores condiciones de desarrollo en la entidad; en este \u00faltimo punto, un papel determinante ser\u00e1n las acciones, estrategias y ejes rectores del Plan Veracruzano de Desarrollo realizado por la Universidad Veracruzana.<\/p>\n<p>&nbsp;<\/p>\n<p><strong>M\u00e1s de la enorme deuda veracruzana<\/strong><\/p>\n<p>Por cierto, este domingo, el gobernador electo se refiri\u00f3, por en\u00e9sima vez, al problema de la deuda que enfrenta el gobierno estatal; dijo que antes de iniciar el proceso de entrega-recepci\u00f3n es indispensable saber cu\u00e1l es la deuda a corto plazo.<\/p>\n<p>A estas alturas, cuando faltan tres semanas para la toma de protesta del pr\u00f3ximo gobernador, la cifra de la deuda es tan indeterminada, tan indefinida como la del quebranto financiero que dej\u00f3 Duarte.<\/p>\n<p>Lo \u00fanico cierto, es la deuda burs\u00e1til, as\u00ed como la que el gobierno estatal enfrenta producto de los pr\u00e9stamos bancarios; sin embargo, el monto es mucho mayor si se tiene en cuenta a los proveedores. En ese sentido, no hay informaci\u00f3n confiable sobre el monto que podr\u00eda alcanzar la deuda veracruzana, ni su relaci\u00f3n con las participaciones federales comprometidas.<\/p>\n<p>Probablemente por esa opacidad en el manejo de la deuda, Yunes Linares expuso este domingo que\u00a0\u00a0\u201ces indispensable para poder iniciar el proceso de entrega-recepci\u00f3n cuando menos saber cu\u00e1l es la deuda de corto plazo, que no nos ha sido notificada formalmente\u201d.<\/p>\n<p>A prop\u00f3sito, en el Altiplano, el senador del Partido Verde, Pablo Escudero Morales, plante\u00f3 a la Secretar\u00eda de Hacienda y Cr\u00e9dito P\u00fablico la necesidad de instalar, de manera urgente, prioritaria, una mesa de trabajo con los gobiernos de Sonora y Veracruz, a fin de revisar la deuda heredada por las administraciones de Padr\u00e9s y Duarte.<\/p>\n<p>De igual manera, el senador expuso que en dichas entidades se debe plantearun reordenamiento integral de las finanzas estatales, \u201ca fin de reducir su costo y liberar flujos, as\u00ed como optimizar la recaudaci\u00f3n y elevar el ingreso, sin generar mayores cargas tributarias a los contribuyentes de sus respectivos estados\u201d.<\/p>\n<p>&nbsp;<\/p>\n<p><strong>Colapsada, la gobernabilidad de Veracruz<\/strong><\/p>\n<p><span lang=\"ES\">Lo cont\u00f3 ayer, Am\u00e9rico Z\u00fa\u00f1iga Mart\u00ednez, a Ariadna Lezama, de Al calor pol\u00edtico. El mun\u00edcipe estaba en el Estadio Heriberto Jara Corona, en el Sorteo del Servicio Militar Nacional y le hab\u00eda dicho a los j\u00f3venes conscriptos que \u201cservir a M\u00e9xico es una obligaci\u00f3n que nos fortalece\u201d.<\/span><\/p>\n<p><span lang=\"ES\">Flanqueado por integrantes de las fuerzas armadas, a quienes reconoci\u00f3 el apoyo y respaldo a Xalapa, Am\u00e9rico fue contundente ante los muchachos:<\/span><span lang=\"ES\">\u00a0<\/span>\u201c<span lang=\"ES\">Ustedes son la nueva fuerza de un pa\u00eds que tiene sangre, inteligencia y valor en su servicio\u201d.<\/span><\/p>\n<p><span lang=\"ES\">Sus declaraciones a la joven reportera, sobre la situaci\u00f3n de desfalco que sufrieron los municipios veracruzanos, fueron tambi\u00e9n contundentes: \u201cNecesitamos la intervenci\u00f3n del gobierno federal, el gobierno estatal ha sido rebasado\u201d.<\/span><\/p>\n<p><span lang=\"ES\">A ella le coment\u00f3 que el viernes pasado, luego de la reuni\u00f3n entre la comisi\u00f3n de alcaldes y Jos\u00e9 Francisco Yunes Zorrilla, presidente de la Comisi\u00f3n de Hacienda y Cr\u00e9dito P\u00fablico del Senado de la Rep\u00fablica, se trasladaron a la Secretar\u00eda de Gobernaci\u00f3n, donde fueron recibidos por el subsecretario Ren\u00e9 Ju\u00e1rez Cisneros.<\/span><\/p>\n<p><span lang=\"ES\">\u201cL<\/span>e hicimos de su conocimiento una situaci\u00f3n que tambi\u00e9n quiero expresar: el de los municipios es un problema financiero, econ\u00f3mico. Estamos a un paso de que deje de ser econ\u00f3mico para que se convierta en un conflicto social; este es un colapso de gobernabilidad en Veracruz, situaci\u00f3n que no podemos permitir\u201d.<\/p>\n<p>La reportera lo vio con cara de asombro.<\/p>\n<p>Am\u00e9rico Z\u00fa\u00f1iga insisti\u00f3 en que el rescate tendr\u00e1 que venir del gobierno federal e insisti\u00f3 en que este lunes viajar\u00e1 nuevamente a la Ciudad de M\u00e9xico, con un grupo de alcaldes, para continuar con la solicitud que ya le hicieron formalmente al titular de la dependencia, Jos\u00e9 Antonio Meade Kuribre\u00f1a, en el sentido de que los recursos caigan directamente a los municipios.<\/p>\n<p>Como \u00a0lo exige el art\u00edculo sexto de la Ley de Coordinaci\u00f3n Fiscal, los alcaldes ya tambi\u00e9n enviaron un oficio a Amet\u00a0Ramos Troconis, Secretario de Planeaci\u00f3n y Finanzas del Estado de Tabasco y Representante del Grupo Zonal 8 y Coordinador de la Comisi\u00f3n Permanente de Funcionarios\u00a0Fiscales.<\/p>\n<p>La gesti\u00f3n avanza y va por buen camino. Esperemos que sea una semana de buenas noticias para Veracruz y sus municipios. @luisromero85<\/p>\n","protected":false},"excerpt":{"rendered":"<p>Luis Alberto Romero Hora Cero Este domingo fue presentado el Plan Veracruzano de Desarrollo 2016-2018, documento integrado por la Universidad Veracruzana, que consiste en 23 vol\u00famenes, que incluyen 100 objetivos, 359 estrategias y mil 619 acciones. Se trata del documento rector de lo que ser\u00e1 el ef\u00edmero gobierno de Miguel \u00c1ngel Yunes Linares en Veracruz, [&hellip;]<\/p>\n","protected":false},"author":2,"featured_media":0,"comment_status":"open","ping_status":"open","sticky":false,"template":"","format":"standard","meta":{"tdm_status":"","tdm_grid_status":"","footnotes":""},"categories":[70],"tags":[428,6298,219],"class_list":{"0":"post-27772","1":"post","2":"type-post","3":"status-publish","4":"format-standard","6":"category-de-opinion","7":"tag-miguel-angel-yunes-linares","8":"tag-plan-veracruzano-de-desarrollo","9":"tag-universidad-veracruzana"},"yoast_head":"<!-- This site is optimized with the Yoast SEO plugin v27.4 - https:\/\/yoast.com\/product\/yoast-seo-wordpress\/ -->\n<title>El PVD, fundamental para el proyecto de MAYL - Los pol\u00edticos Veracruz<\/title>\n<meta name=\"robots\" content=\"index, follow, max-snippet:-1, max-image-preview:large, max-video-preview:-1\" \/>\n<link rel=\"canonical\" href=\"https:\/\/lospoliticosveracruz.com\/?p=27772\" \/>\n<meta property=\"og:locale\" content=\"es_ES\" \/>\n<meta property=\"og:type\" content=\"article\" \/>\n<meta property=\"og:title\" content=\"El PVD, fundamental para el proyecto de MAYL - Los pol\u00edticos Veracruz\" \/>\n<meta property=\"og:description\" content=\"Luis Alberto Romero Hora Cero Este domingo fue presentado el Plan Veracruzano de Desarrollo 2016-2018, documento integrado por la Universidad Veracruzana, que consiste en 23 vol\u00famenes, que incluyen 100 objetivos, 359 estrategias y mil 619 acciones. Se trata del documento rector de lo que ser\u00e1 el ef\u00edmero gobierno de Miguel \u00c1ngel Yunes Linares en Veracruz, [&hellip;]\" \/>\n<meta property=\"og:url\" content=\"https:\/\/lospoliticosveracruz.com\/?p=27772\" \/>\n<meta property=\"og:site_name\" content=\"Los pol\u00edticos Veracruz\" \/>\n<meta property=\"article:publisher\" content=\"https:\/\/www.facebook.com\/people\/Notimemes-de-los-Polticos\/61565672886568\/\" \/>\n<meta property=\"article:published_time\" content=\"2016-11-07T14:13:10+00:00\" \/>\n<meta property=\"article:modified_time\" content=\"2016-11-07T14:13:37+00:00\" \/>\n<meta property=\"og:image\" content=\"https:\/\/lospoliticosveracruz.com\/wp-content\/uploads\/2016\/07\/Logo-Dor.jpg\" \/>\n\t<meta property=\"og:image:width\" content=\"200\" \/>\n\t<meta property=\"og:image:height\" content=\"200\" \/>\n\t<meta property=\"og:image:type\" content=\"image\/jpeg\" \/>\n<meta name=\"author\" content=\"Lo viste en Los Pol\u00edticos\" \/>\n<meta name=\"twitter:card\" content=\"summary_large_image\" \/>\n<meta name=\"twitter:creator\" content=\"@LosPoliticosVer\" \/>\n<meta name=\"twitter:site\" content=\"@LosPoliticosVer\" \/>\n<meta name=\"twitter:label1\" content=\"Escrito por\" \/>\n\t<meta name=\"twitter:data1\" content=\"Lo viste en Los Pol\u00edticos\" \/>\n\t<meta name=\"twitter:label2\" content=\"Tiempo de lectura\" \/>\n\t<meta name=\"twitter:data2\" content=\"5 minutos\" \/>\n<script type=\"application\/ld+json\" class=\"yoast-schema-graph\">{\"@context\":\"https:\\\/\\\/schema.org\",\"@graph\":[{\"@type\":\"Article\",\"@id\":\"https:\\\/\\\/lospoliticosveracruz.com\\\/?p=27772#article\",\"isPartOf\":{\"@id\":\"https:\\\/\\\/lospoliticosveracruz.com\\\/?p=27772\"},\"author\":{\"name\":\"Lo viste en Los Pol\u00edticos\",\"@id\":\"https:\\\/\\\/lospoliticosveracruz.com\\\/#\\\/schema\\\/person\\\/b8702bb0e538456e6efd07080bf2a4a2\"},\"headline\":\"El PVD, fundamental para el proyecto de MAYL\",\"datePublished\":\"2016-11-07T14:13:10+00:00\",\"dateModified\":\"2016-11-07T14:13:37+00:00\",\"mainEntityOfPage\":{\"@id\":\"https:\\\/\\\/lospoliticosveracruz.com\\\/?p=27772\"},\"wordCount\":944,\"commentCount\":0,\"publisher\":{\"@id\":\"https:\\\/\\\/lospoliticosveracruz.com\\\/#organization\"},\"keywords\":[\"Miguel Angel Yunes Linares\",\"Plan Veracruzano de Desarrollo\",\"Universidad Veracruzana\"],\"articleSection\":[\"De Opini\u00f3n\"],\"inLanguage\":\"es\",\"potentialAction\":[{\"@type\":\"CommentAction\",\"name\":\"Comment\",\"target\":[\"https:\\\/\\\/lospoliticosveracruz.com\\\/?p=27772#respond\"]}]},{\"@type\":\"WebPage\",\"@id\":\"https:\\\/\\\/lospoliticosveracruz.com\\\/?p=27772\",\"url\":\"https:\\\/\\\/lospoliticosveracruz.com\\\/?p=27772\",\"name\":\"El PVD, fundamental para el proyecto de MAYL - Los pol\u00edticos Veracruz\",\"isPartOf\":{\"@id\":\"https:\\\/\\\/lospoliticosveracruz.com\\\/#website\"},\"datePublished\":\"2016-11-07T14:13:10+00:00\",\"dateModified\":\"2016-11-07T14:13:37+00:00\",\"breadcrumb\":{\"@id\":\"https:\\\/\\\/lospoliticosveracruz.com\\\/?p=27772#breadcrumb\"},\"inLanguage\":\"es\",\"potentialAction\":[{\"@type\":\"ReadAction\",\"target\":[\"https:\\\/\\\/lospoliticosveracruz.com\\\/?p=27772\"]}]},{\"@type\":\"BreadcrumbList\",\"@id\":\"https:\\\/\\\/lospoliticosveracruz.com\\\/?p=27772#breadcrumb\",\"itemListElement\":[{\"@type\":\"ListItem\",\"position\":1,\"name\":\"Portada\",\"item\":\"https:\\\/\\\/lospoliticosveracruz.com\\\/\"},{\"@type\":\"ListItem\",\"position\":2,\"name\":\"El PVD, fundamental para el proyecto de MAYL\"}]},{\"@type\":\"WebSite\",\"@id\":\"https:\\\/\\\/lospoliticosveracruz.com\\\/#website\",\"url\":\"https:\\\/\\\/lospoliticosveracruz.com\\\/\",\"name\":\"Los pol\u00edticos Veracruz\",\"description\":\"\",\"publisher\":{\"@id\":\"https:\\\/\\\/lospoliticosveracruz.com\\\/#organization\"},\"potentialAction\":[{\"@type\":\"SearchAction\",\"target\":{\"@type\":\"EntryPoint\",\"urlTemplate\":\"https:\\\/\\\/lospoliticosveracruz.com\\\/?s={search_term_string}\"},\"query-input\":{\"@type\":\"PropertyValueSpecification\",\"valueRequired\":true,\"valueName\":\"search_term_string\"}}],\"inLanguage\":\"es\"},{\"@type\":\"Organization\",\"@id\":\"https:\\\/\\\/lospoliticosveracruz.com\\\/#organization\",\"name\":\"Los pol\u00edticos Veracruz\",\"url\":\"https:\\\/\\\/lospoliticosveracruz.com\\\/\",\"logo\":{\"@type\":\"ImageObject\",\"inLanguage\":\"es\",\"@id\":\"https:\\\/\\\/lospoliticosveracruz.com\\\/#\\\/schema\\\/logo\\\/image\\\/\",\"url\":\"https:\\\/\\\/lospoliticosveracruz.com\\\/wp-content\\\/uploads\\\/2025\\\/12\\\/Logo-Nuevo-LOS-POLITICOS-1.jpg\",\"contentUrl\":\"https:\\\/\\\/lospoliticosveracruz.com\\\/wp-content\\\/uploads\\\/2025\\\/12\\\/Logo-Nuevo-LOS-POLITICOS-1.jpg\",\"width\":260,\"height\":70,\"caption\":\"Los pol\u00edticos Veracruz\"},\"image\":{\"@id\":\"https:\\\/\\\/lospoliticosveracruz.com\\\/#\\\/schema\\\/logo\\\/image\\\/\"},\"sameAs\":[\"https:\\\/\\\/www.facebook.com\\\/people\\\/Notimemes-de-los-Polticos\\\/61565672886568\\\/\",\"https:\\\/\\\/x.com\\\/LosPoliticosVer\"]},{\"@type\":\"Person\",\"@id\":\"https:\\\/\\\/lospoliticosveracruz.com\\\/#\\\/schema\\\/person\\\/b8702bb0e538456e6efd07080bf2a4a2\",\"name\":\"Lo viste en Los Pol\u00edticos\",\"image\":{\"@type\":\"ImageObject\",\"inLanguage\":\"es\",\"@id\":\"https:\\\/\\\/secure.gravatar.com\\\/avatar\\\/3a8de04a2656d44082be478bd6c086daa447c4651605818287b9532d3d0bd435?s=96&d=mm&r=g\",\"url\":\"https:\\\/\\\/secure.gravatar.com\\\/avatar\\\/3a8de04a2656d44082be478bd6c086daa447c4651605818287b9532d3d0bd435?s=96&d=mm&r=g\",\"contentUrl\":\"https:\\\/\\\/secure.gravatar.com\\\/avatar\\\/3a8de04a2656d44082be478bd6c086daa447c4651605818287b9532d3d0bd435?s=96&d=mm&r=g\",\"caption\":\"Lo viste en Los Pol\u00edticos\"},\"url\":\"https:\\\/\\\/lospoliticosveracruz.com\\\/?author=2\"}]}<\/script>\n<!-- \/ Yoast SEO plugin. -->","yoast_head_json":{"title":"El PVD, fundamental para el proyecto de MAYL - Los pol\u00edticos Veracruz","robots":{"index":"index","follow":"follow","max-snippet":"max-snippet:-1","max-image-preview":"max-image-preview:large","max-video-preview":"max-video-preview:-1"},"canonical":"https:\/\/lospoliticosveracruz.com\/?p=27772","og_locale":"es_ES","og_type":"article","og_title":"El PVD, fundamental para el proyecto de MAYL - Los pol\u00edticos Veracruz","og_description":"Luis Alberto Romero Hora Cero Este domingo fue presentado el Plan Veracruzano de Desarrollo 2016-2018, documento integrado por la Universidad Veracruzana, que consiste en 23 vol\u00famenes, que incluyen 100 objetivos, 359 estrategias y mil 619 acciones. Se trata del documento rector de lo que ser\u00e1 el ef\u00edmero gobierno de Miguel \u00c1ngel Yunes Linares en Veracruz, [&hellip;]","og_url":"https:\/\/lospoliticosveracruz.com\/?p=27772","og_site_name":"Los pol\u00edticos Veracruz","article_publisher":"https:\/\/www.facebook.com\/people\/Notimemes-de-los-Polticos\/61565672886568\/","article_published_time":"2016-11-07T14:13:10+00:00","article_modified_time":"2016-11-07T14:13:37+00:00","og_image":[{"width":200,"height":200,"url":"https:\/\/lospoliticosveracruz.com\/wp-content\/uploads\/2016\/07\/Logo-Dor.jpg","type":"image\/jpeg"}],"author":"Lo viste en Los Pol\u00edticos","twitter_card":"summary_large_image","twitter_creator":"@LosPoliticosVer","twitter_site":"@LosPoliticosVer","twitter_misc":{"Escrito por":"Lo viste en Los Pol\u00edticos","Tiempo de lectura":"5 minutos"},"schema":{"@context":"https:\/\/schema.org","@graph":[{"@type":"Article","@id":"https:\/\/lospoliticosveracruz.com\/?p=27772#article","isPartOf":{"@id":"https:\/\/lospoliticosveracruz.com\/?p=27772"},"author":{"name":"Lo viste en Los Pol\u00edticos","@id":"https:\/\/lospoliticosveracruz.com\/#\/schema\/person\/b8702bb0e538456e6efd07080bf2a4a2"},"headline":"El PVD, fundamental para el proyecto de MAYL","datePublished":"2016-11-07T14:13:10+00:00","dateModified":"2016-11-07T14:13:37+00:00","mainEntityOfPage":{"@id":"https:\/\/lospoliticosveracruz.com\/?p=27772"},"wordCount":944,"commentCount":0,"publisher":{"@id":"https:\/\/lospoliticosveracruz.com\/#organization"},"keywords":["Miguel Angel Yunes Linares","Plan Veracruzano de Desarrollo","Universidad Veracruzana"],"articleSection":["De Opini\u00f3n"],"inLanguage":"es","potentialAction":[{"@type":"CommentAction","name":"Comment","target":["https:\/\/lospoliticosveracruz.com\/?p=27772#respond"]}]},{"@type":"WebPage","@id":"https:\/\/lospoliticosveracruz.com\/?p=27772","url":"https:\/\/lospoliticosveracruz.com\/?p=27772","name":"El PVD, fundamental para el proyecto de MAYL - Los pol\u00edticos Veracruz","isPartOf":{"@id":"https:\/\/lospoliticosveracruz.com\/#website"},"datePublished":"2016-11-07T14:13:10+00:00","dateModified":"2016-11-07T14:13:37+00:00","breadcrumb":{"@id":"https:\/\/lospoliticosveracruz.com\/?p=27772#breadcrumb"},"inLanguage":"es","potentialAction":[{"@type":"ReadAction","target":["https:\/\/lospoliticosveracruz.com\/?p=27772"]}]},{"@type":"BreadcrumbList","@id":"https:\/\/lospoliticosveracruz.com\/?p=27772#breadcrumb","itemListElement":[{"@type":"ListItem","position":1,"name":"Portada","item":"https:\/\/lospoliticosveracruz.com\/"},{"@type":"ListItem","position":2,"name":"El PVD, fundamental para el proyecto de MAYL"}]},{"@type":"WebSite","@id":"https:\/\/lospoliticosveracruz.com\/#website","url":"https:\/\/lospoliticosveracruz.com\/","name":"Los pol\u00edticos Veracruz","description":"","publisher":{"@id":"https:\/\/lospoliticosveracruz.com\/#organization"},"potentialAction":[{"@type":"SearchAction","target":{"@type":"EntryPoint","urlTemplate":"https:\/\/lospoliticosveracruz.com\/?s={search_term_string}"},"query-input":{"@type":"PropertyValueSpecification","valueRequired":true,"valueName":"search_term_string"}}],"inLanguage":"es"},{"@type":"Organization","@id":"https:\/\/lospoliticosveracruz.com\/#organization","name":"Los pol\u00edticos Veracruz","url":"https:\/\/lospoliticosveracruz.com\/","logo":{"@type":"ImageObject","inLanguage":"es","@id":"https:\/\/lospoliticosveracruz.com\/#\/schema\/logo\/image\/","url":"https:\/\/lospoliticosveracruz.com\/wp-content\/uploads\/2025\/12\/Logo-Nuevo-LOS-POLITICOS-1.jpg","contentUrl":"https:\/\/lospoliticosveracruz.com\/wp-content\/uploads\/2025\/12\/Logo-Nuevo-LOS-POLITICOS-1.jpg","width":260,"height":70,"caption":"Los pol\u00edticos Veracruz"},"image":{"@id":"https:\/\/lospoliticosveracruz.com\/#\/schema\/logo\/image\/"},"sameAs":["https:\/\/www.facebook.com\/people\/Notimemes-de-los-Polticos\/61565672886568\/","https:\/\/x.com\/LosPoliticosVer"]},{"@type":"Person","@id":"https:\/\/lospoliticosveracruz.com\/#\/schema\/person\/b8702bb0e538456e6efd07080bf2a4a2","name":"Lo viste en Los Pol\u00edticos","image":{"@type":"ImageObject","inLanguage":"es","@id":"https:\/\/secure.gravatar.com\/avatar\/3a8de04a2656d44082be478bd6c086daa447c4651605818287b9532d3d0bd435?s=96&d=mm&r=g","url":"https:\/\/secure.gravatar.com\/avatar\/3a8de04a2656d44082be478bd6c086daa447c4651605818287b9532d3d0bd435?s=96&d=mm&r=g","contentUrl":"https:\/\/secure.gravatar.com\/avatar\/3a8de04a2656d44082be478bd6c086daa447c4651605818287b9532d3d0bd435?s=96&d=mm&r=g","caption":"Lo viste en Los Pol\u00edticos"},"url":"https:\/\/lospoliticosveracruz.com\/?author=2"}]}},"_links":{"self":[{"href":"https:\/\/lospoliticosveracruz.com\/index.php?rest_route=\/wp\/v2\/posts\/27772","targetHints":{"allow":["GET"]}}],"collection":[{"href":"https:\/\/lospoliticosveracruz.com\/index.php?rest_route=\/wp\/v2\/posts"}],"about":[{"href":"https:\/\/lospoliticosveracruz.com\/index.php?rest_route=\/wp\/v2\/types\/post"}],"author":[{"embeddable":true,"href":"https:\/\/lospoliticosveracruz.com\/index.php?rest_route=\/wp\/v2\/users\/2"}],"replies":[{"embeddable":true,"href":"https:\/\/lospoliticosveracruz.com\/index.php?rest_route=%2Fwp%2Fv2%2Fcomments&post=27772"}],"version-history":[{"count":2,"href":"https:\/\/lospoliticosveracruz.com\/index.php?rest_route=\/wp\/v2\/posts\/27772\/revisions"}],"predecessor-version":[{"id":27777,"href":"https:\/\/lospoliticosveracruz.com\/index.php?rest_route=\/wp\/v2\/posts\/27772\/revisions\/27777"}],"wp:attachment":[{"href":"https:\/\/lospoliticosveracruz.com\/index.php?rest_route=%2Fwp%2Fv2%2Fmedia&parent=27772"}],"wp:term":[{"taxonomy":"category","embeddable":true,"href":"https:\/\/lospoliticosveracruz.com\/index.php?rest_route=%2Fwp%2Fv2%2Fcategories&post=27772"},{"taxonomy":"post_tag","embeddable":true,"href":"https:\/\/lospoliticosveracruz.com\/index.php?rest_route=%2Fwp%2Fv2%2Ftags&post=27772"}],"curies":[{"name":"wp","href":"https:\/\/api.w.org\/{rel}","templated":true}]}}