{"id":27778,"date":"2016-11-07T16:35:41","date_gmt":"2016-11-07T22:35:41","guid":{"rendered":"http:\/\/www.lospoliticosveracruz.com.mx\/?p=27778"},"modified":"2016-11-07T16:35:41","modified_gmt":"2016-11-07T22:35:41","slug":"el-desvio-de-recursos-y-la-intransigencia-de-otros","status":"publish","type":"post","link":"https:\/\/lospoliticosveracruz.com\/?p=27778","title":{"rendered":"El desv\u00edo de recursos y la intransigencia de otros"},"content":{"rendered":"<p><strong>Fanny Y\u00e9pez<\/strong><\/p>\n<p><em>La Columna<\/em><\/p>\n<p>Veracruz amanece este lunes impactado por todo el da\u00f1o que se ha provocado, entre las autoridades que van a entregar y las autoridades que tomar\u00e1n posesi\u00f3n del gobierno estatal, por los desv\u00edos de recursos de los primeros y por la intransigencia de los \u00faltimos, que finalmente solo llaman la atenci\u00f3n de todo M\u00e9xico.<\/p>\n<p>Y el pueblo veracruzano en la indefensi\u00f3n, en medio de este fuego cruzado, \u00a0es el que sufre las consecuencias de ambos grupos.<\/p>\n<p>La pasi\u00f3n por las elecciones del 5 de junio ya pas\u00f3, ahora solo debieran tomar las medidas m\u00e1s adecuadas para que a todos los veracruzanos nos vaya bien, se estabilice la econom\u00eda y la gobernabilidad vuelva a tomar su curso.<\/p>\n<p>El Palacio de Gobierno tomado, la Casa Veracruz tomada y la amenaza de continuar tomando las casetas de peaje, para dar paso libre a los automovilistas, es vivir en la anarqu\u00eda, lo cual tarde o temprano nos va a pasar la factura a todos los que aqu\u00ed vivimos.<\/p>\n<p>El nombre Veracruz de Ignacio de la Llave, que era nuestro orgullo, ahora dif\u00edcilmente lo queremos pronunciar cuando estamos en otra ciudad, porque de inmediato surge el morbo para comentar el desorden con que vivimos.<\/p>\n<p>El gobernador Flavino R\u00edos Alvarado dijo en la reuni\u00f3n del domingo con los alcaldes del PRD, que este lunes seguramente, tendr\u00eda noticias de c\u00f3mo se va a resolver este asunto tan delicado, para cubrir las necesidades de los Ayuntamientos y entregar la parte correspondiente de los recursos que le lleguen, pero fue interrumpido por el alcalde de Boca del R\u00edo, Miguel \u00c1ngel Yunes M\u00e1rquez y ah\u00ed se rompi\u00f3 el di\u00e1logo. \u00a0El alcalde boque\u00f1o fue impetuoso y rompi\u00f3 el protocolo m\u00e1s elemental que debe existir en estos acuerdos, el respeto.<\/p>\n<p>Cuidado con este tipo de actitudes porque ahora existe un precedente, no sea que en el futuro los 400 Pueblos u otras organizaciones decidan optar por la toma del palacio de gobierno o de Casa Veracruz o de acciones similares para se cumplan sus demandas.<\/p>\n<p>&nbsp;<\/p>\n<p>Recuerdo muy bien que cuando Amalia Garc\u00eda Medina era la dirigente nacional del PRD, \u00a0en una amplia charla me platico que su partido hab\u00eda perdido credibilidad y simpat\u00eda ante electorado y posiciones porque los ciudadanos los identificaba con la agresi\u00f3n y la violencia, esto por la toma y \u00a0carreteras, calles avenidas y de oficinas de gobierno, etc.<\/p>\n<p>Esto lo revelo una amplia investigaci\u00f3n que realiz\u00f3 al respecto la UNAM sobre psicolog\u00eda pol\u00edtica y que por ello el partido del Sol Azteca hab\u00eda dado un golpe de tim\u00f3n en sus acciones, ,e dijo \u201cahora le apostamos al dialogo y al acuerdo\u201d.<\/p>\n<p>Sin embargo, los perredistas est\u00e1n cayendo en el mismo error de anta\u00f1o y ahora dirigidos por los panistas \u00a0a ambos los ciudadanos los est\u00e1 identificando con los bloqueos y la agresi\u00f3n verbal, \u00a0estas acciones en la actualidad es el com\u00fan denominador de amos partidos los azules y los amarrillos.<\/p>\n<p>Hay que esperar si los veracruzanos as\u00ed como est\u00e1n rechazando a los corruptos priistas, o les ocurra lo mismo convertido en votos de castigo en las elecciones municipales del 4 de junio del a\u00f1o pr\u00f3ximo, sobre advertencia no hay enga\u00f1o.<\/p>\n<p>&nbsp;<\/p>\n<p><strong>En Veracruz, hace falta la presencia del presidente Enrique Pe\u00f1a Nieto<\/strong><\/p>\n<p>El presidente Enrique Pe\u00f1a Nieto y el secretario de Hacienda, Jos\u00e9 Antonio Meade, tienen perfecto conocimiento de lo que aqu\u00ed est\u00e1 sucediendo, pero por alguna raz\u00f3n, la respuesta no ha sido inmediata como todos la esperamos.<\/p>\n<p>A muchos funcionarios del gobierno federal los hemos visto en eventos menos relevantes, por lo que causa extra\u00f1eza que conociendo como se est\u00e1n presentando las cosas, en el estado de Veracruz, solo vean el tema de manera muy superficial y ninguno se haga presente para ayudar a resolver el conflicto.<\/p>\n<p>Est\u00e1 bien que Jos\u00e9 Antonio Meade dijo que cada gobierno estatal es responsable del manejo de sus finanzas y de c\u00f3mo resolver sus problemas, pero estamos en medio de un caso extraordinario. No hay dinero porque se lo robaron, porque lo desviaron y mal administraron; pero los empresarios, los maestros, los empleados, los alcaldes y todos los veracruzanos que no manejamos esos recursos, no tenemos la culpa.<\/p>\n<p>La gente de Xalapa vive temerosa, en el centro se ve la presencia de j\u00f3venes que hacen la funci\u00f3n de escoltas, algunos armados, comentan los que han platicado con ellos, que la mayor\u00eda fueron polic\u00edas de los municipios y de los alcaldes que tienen en poder el palacio de gobierno.<\/p>\n<p>Se habla en voz baja que existen muchos intereses y que estos rondan en cuanto a las elecciones presidenciales, que son las cabezas de grupo las que est\u00e1n propiciando esta anarqu\u00eda, que el problema se puede hacer m\u00e1s grande conforme pasen los d\u00edas y ya la sociedad no soporta ser reh\u00e9n de esos pleitos.<\/p>\n<p>Cerca de 8 millones de veracruzanos, de los cuales m\u00e1s de 3 millones pertenecen a la poblaci\u00f3n econ\u00f3micamente activa, es decir, muchos solo trabajan sin importarles los conflictos pol\u00edticos entre el PRI, PAN y PRD y no puede ser que tambi\u00e9n salgan perjudicados por ese tipo de conflictos cuyo principal motivo es el poder.<\/p>\n<p>&nbsp;<\/p>\n<p><strong>Despu\u00e9s de este episodio, continuar\u00e1n con los alcaldes corruptos<\/strong><\/p>\n<p>Cuando concluya esta situaci\u00f3n tan cr\u00edtica con el gobierno del estado, los problemas van a continuar pero en cuando menos 57 municipios que presentan da\u00f1o patrimonial por un total de 241 millones 39 mil 67 pesos.<\/p>\n<p>Al parecer nadie se salva porque hasta los municipios serranos arrastran deudas a pesar de sus escasos presupuestos.<\/p>\n<p>La alcaldesa priista de Paso de Ovejas se debe estar tronando los dedos de la forma como tendr\u00e1 que responder porque el da\u00f1o patrimonial asciende a nada menos que 29 millones de pesos. La alcaldesa es esposa del ex diputado, Adolfo Ram\u00edrez Arana.<\/p>\n<p>Otro municipio que desde hace muchos meses se ha venido significando por su mal manejo es Coatepec con un da\u00f1o patrimonial de 19 millones de pesos. Este municipio lo preside el doctor Ricardo Palacios Torres.<\/p>\n<p>En el norte y en el sur la misma situaci\u00f3n, por ejemplo Ozuluama presenta irregularidades por 17 millones de pesos; C\u00f3rdoba 16 millones de pesos que tendr\u00e1 que solventar o devolver; Banderilla con 15 millones de pesos;\u00a0 Acayucan con 134 millones 903 mil pesos; Agua dulce 5 millones de pesos; Tamiahua 5 millones de pesos 869 mil pesos.<\/p>\n<p>En Amatl\u00e1n de los Reyes el da\u00f1o patrimonial es de 4 millones 723 mil pesos; para el municipio de Isla, 4 millones 849 mil pesos; Tuxpan 4 millones 167 mil pesos, le sigue Ixactepec con 4 millones 36 mil pesos y; Coyutla 3 millones 149 mil pesos.<\/p>\n<p>Esto solo por mencionar algunos que han venido arrastrando esas cantidades pero en total suman 57 municipios que hoy exigen sus pagos pero cuando los han tenido los han utilizado a su antojo y a ellos todav\u00eda no hay nadie que les reclame, solo la Legislatura local y la Contralor\u00eda.<\/p>\n<p>Tal vez tengan confianza de que con los nuevos diputados puedan pasar por alto todo ese desorden que han cometido pero dudo que as\u00ed sea, ya que los nuevos diputados seguramente tambi\u00e9n vienen filosos para buscar hasta por debajo de las piedras.<\/p>\n<p>&nbsp;<\/p>\n<p><strong>Ram\u00f3n Poo hace sus reclamos pero por otros medios, no con la bola de alcaldes<\/strong><\/p>\n<p>En el art\u00edculo 115 Constitucional dice claramente, que cada municipio ser\u00e1 administrado por un Ayuntamiento de elecci\u00f3n popular directa y no habr\u00e1 ninguna autoridad intermedia entre este y el Gobierno del estado.<\/p>\n<p>As\u00ed es que esa comisi\u00f3n de alcaldes que se han apoderado de las instituciones, no es necesaria para que cada municipio busque sus propios recursos econ\u00f3micos, y eso no le resta autoridad a esos municipios, de ninguna manera.<\/p>\n<p>As\u00ed es como lo interpret\u00f3 seguramente el alcalde Ram\u00f3n Poo Gil, quien se ha mantenido al margen de esas protestas, pero se ha reunido con el secretario de Finanzas y Planeaci\u00f3n, Antonio G\u00f3mez Pelegr\u00edn y ha continuado con el tr\u00e1mite normal ante esa dependencia.<\/p>\n<p>El Alcalde Ram\u00f3n Poo se ha inconformado a su manera y ha buscado otras v\u00edas para obtener lo que necesita, al menos as\u00ed lo explic\u00f3 el regidor V\u00edctor Hugo V\u00e1zquez Bret\u00f3n.<\/p>\n<p>&nbsp;<\/p>\n<p><strong>Los estudiantes de bachilleres denuncian corrupci\u00f3n en el concurso de debate<\/strong><\/p>\n<p>Los j\u00f3venes son los que menos votan en los procesos electorales y lo hacen porque no les creen a los pol\u00edticos ante tanta farsa y enga\u00f1os, y esto es precisamente lo que ocurri\u00f3 con el concurso de debate que organizo la Direcci\u00f3n General de Bachilleratos.<\/p>\n<p>Este \u201cconcurso\u201d \u00a0quedo en evidencia por la actitud de unos corruptos y tendenciosos personajes que la hicieron de jurado, se trata de Ivan Alarcon Arroyo, Susano Garcia Garcia y Rodolfo Zu\u00f1iga, les trasmito sus nombres para que los conozcan y no se olviden de estos oscuros y perversos personajes.<\/p>\n<p>Cabe se\u00f1alar que los estudiantes y padres de familia que nos platicaron esta penosa situaci\u00f3n nos aseguraron que todo fue una parodia, un remedo \u00a0de concurso.<\/p>\n<p>Porque los estudiantes se prepararon con anticipaci\u00f3n para exponer, en esta que seg\u00fan los aseguraron era una disertaci\u00f3n de ideas y argumentos, sin lecturas de documentos, vaya todo se dejaba a la improvisaci\u00f3n, sin embargo, los alumnos no contaban que los perversos miembros del jurado ya hab\u00edan elegido con anticipaci\u00f3n a sus protegidos, curiosamente todos de la Oficial B.<\/p>\n<p>Solo a sus protegidos les permitieron leer su exposici\u00f3n, en tanto que a los otros concursantes no se les permit\u00eda y eso me aseguraron los estudiantes, \u201ctambi\u00e9n es corrupci\u00f3n\u201d claro que lo es. Una vez m\u00e1s los estudiantes se sienten enga\u00f1ados, traicionados y les doy toda la raz\u00f3n.<\/p>\n","protected":false},"excerpt":{"rendered":"<p>Fanny Y\u00e9pez La Columna Veracruz amanece este lunes impactado por todo el da\u00f1o que se ha provocado, entre las autoridades que van a entregar y las autoridades que tomar\u00e1n posesi\u00f3n del gobierno estatal, por los desv\u00edos de recursos de los primeros y por la intransigencia de los \u00faltimos, que finalmente solo llaman la atenci\u00f3n de [&hellip;]<\/p>\n","protected":false},"author":2,"featured_media":0,"comment_status":"open","ping_status":"open","sticky":false,"template":"","format":"standard","meta":{"tdm_status":"","tdm_grid_status":"","footnotes":""},"categories":[70],"tags":[601,5539,343,536,6668],"class_list":{"0":"post-27778","1":"post","2":"type-post","3":"status-publish","4":"format-standard","6":"category-de-opinion","7":"tag-boca-del-rio","8":"tag-casa-veracruz","9":"tag-flavino-rios-alvarado","10":"tag-miguel-angel-yunes-marquez","11":"tag-palacio-de-gobierno-tomado"},"yoast_head":"<!-- This site is optimized with the Yoast SEO plugin v27.4 - https:\/\/yoast.com\/product\/yoast-seo-wordpress\/ -->\n<title>El desv\u00edo de recursos y la intransigencia de otros - Los pol\u00edticos Veracruz<\/title>\n<meta name=\"robots\" content=\"index, follow, max-snippet:-1, max-image-preview:large, max-video-preview:-1\" \/>\n<link rel=\"canonical\" href=\"https:\/\/lospoliticosveracruz.com\/?p=27778\" \/>\n<meta property=\"og:locale\" content=\"es_ES\" \/>\n<meta property=\"og:type\" content=\"article\" \/>\n<meta property=\"og:title\" content=\"El desv\u00edo de recursos y la intransigencia de otros - Los pol\u00edticos Veracruz\" \/>\n<meta property=\"og:description\" content=\"Fanny Y\u00e9pez La Columna Veracruz amanece este lunes impactado por todo el da\u00f1o que se ha provocado, entre las autoridades que van a entregar y las autoridades que tomar\u00e1n posesi\u00f3n del gobierno estatal, por los desv\u00edos de recursos de los primeros y por la intransigencia de los \u00faltimos, que finalmente solo llaman la atenci\u00f3n de [&hellip;]\" \/>\n<meta property=\"og:url\" content=\"https:\/\/lospoliticosveracruz.com\/?p=27778\" \/>\n<meta property=\"og:site_name\" content=\"Los pol\u00edticos Veracruz\" \/>\n<meta property=\"article:publisher\" content=\"https:\/\/www.facebook.com\/people\/Notimemes-de-los-Polticos\/61565672886568\/\" \/>\n<meta property=\"article:published_time\" content=\"2016-11-07T22:35:41+00:00\" \/>\n<meta property=\"og:image\" content=\"https:\/\/lospoliticosveracruz.com\/wp-content\/uploads\/2016\/07\/Logo-Dor.jpg\" \/>\n\t<meta property=\"og:image:width\" content=\"200\" \/>\n\t<meta property=\"og:image:height\" content=\"200\" \/>\n\t<meta property=\"og:image:type\" content=\"image\/jpeg\" \/>\n<meta name=\"author\" content=\"Lo viste en Los Pol\u00edticos\" \/>\n<meta name=\"twitter:card\" content=\"summary_large_image\" \/>\n<meta name=\"twitter:creator\" content=\"@LosPoliticosVer\" \/>\n<meta name=\"twitter:site\" content=\"@LosPoliticosVer\" \/>\n<meta name=\"twitter:label1\" content=\"Escrito por\" \/>\n\t<meta name=\"twitter:data1\" content=\"Lo viste en Los Pol\u00edticos\" \/>\n\t<meta name=\"twitter:label2\" content=\"Tiempo de lectura\" \/>\n\t<meta name=\"twitter:data2\" content=\"8 minutos\" \/>\n<script type=\"application\/ld+json\" class=\"yoast-schema-graph\">{\"@context\":\"https:\\\/\\\/schema.org\",\"@graph\":[{\"@type\":\"Article\",\"@id\":\"https:\\\/\\\/lospoliticosveracruz.com\\\/?p=27778#article\",\"isPartOf\":{\"@id\":\"https:\\\/\\\/lospoliticosveracruz.com\\\/?p=27778\"},\"author\":{\"name\":\"Lo viste en Los Pol\u00edticos\",\"@id\":\"https:\\\/\\\/lospoliticosveracruz.com\\\/#\\\/schema\\\/person\\\/b8702bb0e538456e6efd07080bf2a4a2\"},\"headline\":\"El desv\u00edo de recursos y la intransigencia de otros\",\"datePublished\":\"2016-11-07T22:35:41+00:00\",\"mainEntityOfPage\":{\"@id\":\"https:\\\/\\\/lospoliticosveracruz.com\\\/?p=27778\"},\"wordCount\":1677,\"commentCount\":0,\"publisher\":{\"@id\":\"https:\\\/\\\/lospoliticosveracruz.com\\\/#organization\"},\"keywords\":[\"Boca del R\u00edo\",\"Casa Veracruz\",\"Flavino R\u00edos Alvarado\",\"Miguel \u00c1ngel Yunes M\u00e1rquez\",\"Palacio de Gobierno tomado\"],\"articleSection\":[\"De Opini\u00f3n\"],\"inLanguage\":\"es\",\"potentialAction\":[{\"@type\":\"CommentAction\",\"name\":\"Comment\",\"target\":[\"https:\\\/\\\/lospoliticosveracruz.com\\\/?p=27778#respond\"]}]},{\"@type\":\"WebPage\",\"@id\":\"https:\\\/\\\/lospoliticosveracruz.com\\\/?p=27778\",\"url\":\"https:\\\/\\\/lospoliticosveracruz.com\\\/?p=27778\",\"name\":\"El desv\u00edo de recursos y la intransigencia de otros - Los pol\u00edticos Veracruz\",\"isPartOf\":{\"@id\":\"https:\\\/\\\/lospoliticosveracruz.com\\\/#website\"},\"datePublished\":\"2016-11-07T22:35:41+00:00\",\"breadcrumb\":{\"@id\":\"https:\\\/\\\/lospoliticosveracruz.com\\\/?p=27778#breadcrumb\"},\"inLanguage\":\"es\",\"potentialAction\":[{\"@type\":\"ReadAction\",\"target\":[\"https:\\\/\\\/lospoliticosveracruz.com\\\/?p=27778\"]}]},{\"@type\":\"BreadcrumbList\",\"@id\":\"https:\\\/\\\/lospoliticosveracruz.com\\\/?p=27778#breadcrumb\",\"itemListElement\":[{\"@type\":\"ListItem\",\"position\":1,\"name\":\"Portada\",\"item\":\"https:\\\/\\\/lospoliticosveracruz.com\\\/\"},{\"@type\":\"ListItem\",\"position\":2,\"name\":\"El desv\u00edo de recursos y la intransigencia de otros\"}]},{\"@type\":\"WebSite\",\"@id\":\"https:\\\/\\\/lospoliticosveracruz.com\\\/#website\",\"url\":\"https:\\\/\\\/lospoliticosveracruz.com\\\/\",\"name\":\"Los pol\u00edticos Veracruz\",\"description\":\"\",\"publisher\":{\"@id\":\"https:\\\/\\\/lospoliticosveracruz.com\\\/#organization\"},\"potentialAction\":[{\"@type\":\"SearchAction\",\"target\":{\"@type\":\"EntryPoint\",\"urlTemplate\":\"https:\\\/\\\/lospoliticosveracruz.com\\\/?s={search_term_string}\"},\"query-input\":{\"@type\":\"PropertyValueSpecification\",\"valueRequired\":true,\"valueName\":\"search_term_string\"}}],\"inLanguage\":\"es\"},{\"@type\":\"Organization\",\"@id\":\"https:\\\/\\\/lospoliticosveracruz.com\\\/#organization\",\"name\":\"Los pol\u00edticos Veracruz\",\"url\":\"https:\\\/\\\/lospoliticosveracruz.com\\\/\",\"logo\":{\"@type\":\"ImageObject\",\"inLanguage\":\"es\",\"@id\":\"https:\\\/\\\/lospoliticosveracruz.com\\\/#\\\/schema\\\/logo\\\/image\\\/\",\"url\":\"https:\\\/\\\/lospoliticosveracruz.com\\\/wp-content\\\/uploads\\\/2025\\\/12\\\/Logo-Nuevo-LOS-POLITICOS-1.jpg\",\"contentUrl\":\"https:\\\/\\\/lospoliticosveracruz.com\\\/wp-content\\\/uploads\\\/2025\\\/12\\\/Logo-Nuevo-LOS-POLITICOS-1.jpg\",\"width\":260,\"height\":70,\"caption\":\"Los pol\u00edticos Veracruz\"},\"image\":{\"@id\":\"https:\\\/\\\/lospoliticosveracruz.com\\\/#\\\/schema\\\/logo\\\/image\\\/\"},\"sameAs\":[\"https:\\\/\\\/www.facebook.com\\\/people\\\/Notimemes-de-los-Polticos\\\/61565672886568\\\/\",\"https:\\\/\\\/x.com\\\/LosPoliticosVer\"]},{\"@type\":\"Person\",\"@id\":\"https:\\\/\\\/lospoliticosveracruz.com\\\/#\\\/schema\\\/person\\\/b8702bb0e538456e6efd07080bf2a4a2\",\"name\":\"Lo viste en Los Pol\u00edticos\",\"image\":{\"@type\":\"ImageObject\",\"inLanguage\":\"es\",\"@id\":\"https:\\\/\\\/secure.gravatar.com\\\/avatar\\\/3a8de04a2656d44082be478bd6c086daa447c4651605818287b9532d3d0bd435?s=96&d=mm&r=g\",\"url\":\"https:\\\/\\\/secure.gravatar.com\\\/avatar\\\/3a8de04a2656d44082be478bd6c086daa447c4651605818287b9532d3d0bd435?s=96&d=mm&r=g\",\"contentUrl\":\"https:\\\/\\\/secure.gravatar.com\\\/avatar\\\/3a8de04a2656d44082be478bd6c086daa447c4651605818287b9532d3d0bd435?s=96&d=mm&r=g\",\"caption\":\"Lo viste en Los Pol\u00edticos\"},\"url\":\"https:\\\/\\\/lospoliticosveracruz.com\\\/?author=2\"}]}<\/script>\n<!-- \/ Yoast SEO plugin. -->","yoast_head_json":{"title":"El desv\u00edo de recursos y la intransigencia de otros - Los pol\u00edticos Veracruz","robots":{"index":"index","follow":"follow","max-snippet":"max-snippet:-1","max-image-preview":"max-image-preview:large","max-video-preview":"max-video-preview:-1"},"canonical":"https:\/\/lospoliticosveracruz.com\/?p=27778","og_locale":"es_ES","og_type":"article","og_title":"El desv\u00edo de recursos y la intransigencia de otros - Los pol\u00edticos Veracruz","og_description":"Fanny Y\u00e9pez La Columna Veracruz amanece este lunes impactado por todo el da\u00f1o que se ha provocado, entre las autoridades que van a entregar y las autoridades que tomar\u00e1n posesi\u00f3n del gobierno estatal, por los desv\u00edos de recursos de los primeros y por la intransigencia de los \u00faltimos, que finalmente solo llaman la atenci\u00f3n de [&hellip;]","og_url":"https:\/\/lospoliticosveracruz.com\/?p=27778","og_site_name":"Los pol\u00edticos Veracruz","article_publisher":"https:\/\/www.facebook.com\/people\/Notimemes-de-los-Polticos\/61565672886568\/","article_published_time":"2016-11-07T22:35:41+00:00","og_image":[{"width":200,"height":200,"url":"https:\/\/lospoliticosveracruz.com\/wp-content\/uploads\/2016\/07\/Logo-Dor.jpg","type":"image\/jpeg"}],"author":"Lo viste en Los Pol\u00edticos","twitter_card":"summary_large_image","twitter_creator":"@LosPoliticosVer","twitter_site":"@LosPoliticosVer","twitter_misc":{"Escrito por":"Lo viste en Los Pol\u00edticos","Tiempo de lectura":"8 minutos"},"schema":{"@context":"https:\/\/schema.org","@graph":[{"@type":"Article","@id":"https:\/\/lospoliticosveracruz.com\/?p=27778#article","isPartOf":{"@id":"https:\/\/lospoliticosveracruz.com\/?p=27778"},"author":{"name":"Lo viste en Los Pol\u00edticos","@id":"https:\/\/lospoliticosveracruz.com\/#\/schema\/person\/b8702bb0e538456e6efd07080bf2a4a2"},"headline":"El desv\u00edo de recursos y la intransigencia de otros","datePublished":"2016-11-07T22:35:41+00:00","mainEntityOfPage":{"@id":"https:\/\/lospoliticosveracruz.com\/?p=27778"},"wordCount":1677,"commentCount":0,"publisher":{"@id":"https:\/\/lospoliticosveracruz.com\/#organization"},"keywords":["Boca del R\u00edo","Casa Veracruz","Flavino R\u00edos Alvarado","Miguel \u00c1ngel Yunes M\u00e1rquez","Palacio de Gobierno tomado"],"articleSection":["De Opini\u00f3n"],"inLanguage":"es","potentialAction":[{"@type":"CommentAction","name":"Comment","target":["https:\/\/lospoliticosveracruz.com\/?p=27778#respond"]}]},{"@type":"WebPage","@id":"https:\/\/lospoliticosveracruz.com\/?p=27778","url":"https:\/\/lospoliticosveracruz.com\/?p=27778","name":"El desv\u00edo de recursos y la intransigencia de otros - Los pol\u00edticos Veracruz","isPartOf":{"@id":"https:\/\/lospoliticosveracruz.com\/#website"},"datePublished":"2016-11-07T22:35:41+00:00","breadcrumb":{"@id":"https:\/\/lospoliticosveracruz.com\/?p=27778#breadcrumb"},"inLanguage":"es","potentialAction":[{"@type":"ReadAction","target":["https:\/\/lospoliticosveracruz.com\/?p=27778"]}]},{"@type":"BreadcrumbList","@id":"https:\/\/lospoliticosveracruz.com\/?p=27778#breadcrumb","itemListElement":[{"@type":"ListItem","position":1,"name":"Portada","item":"https:\/\/lospoliticosveracruz.com\/"},{"@type":"ListItem","position":2,"name":"El desv\u00edo de recursos y la intransigencia de otros"}]},{"@type":"WebSite","@id":"https:\/\/lospoliticosveracruz.com\/#website","url":"https:\/\/lospoliticosveracruz.com\/","name":"Los pol\u00edticos Veracruz","description":"","publisher":{"@id":"https:\/\/lospoliticosveracruz.com\/#organization"},"potentialAction":[{"@type":"SearchAction","target":{"@type":"EntryPoint","urlTemplate":"https:\/\/lospoliticosveracruz.com\/?s={search_term_string}"},"query-input":{"@type":"PropertyValueSpecification","valueRequired":true,"valueName":"search_term_string"}}],"inLanguage":"es"},{"@type":"Organization","@id":"https:\/\/lospoliticosveracruz.com\/#organization","name":"Los pol\u00edticos Veracruz","url":"https:\/\/lospoliticosveracruz.com\/","logo":{"@type":"ImageObject","inLanguage":"es","@id":"https:\/\/lospoliticosveracruz.com\/#\/schema\/logo\/image\/","url":"https:\/\/lospoliticosveracruz.com\/wp-content\/uploads\/2025\/12\/Logo-Nuevo-LOS-POLITICOS-1.jpg","contentUrl":"https:\/\/lospoliticosveracruz.com\/wp-content\/uploads\/2025\/12\/Logo-Nuevo-LOS-POLITICOS-1.jpg","width":260,"height":70,"caption":"Los pol\u00edticos Veracruz"},"image":{"@id":"https:\/\/lospoliticosveracruz.com\/#\/schema\/logo\/image\/"},"sameAs":["https:\/\/www.facebook.com\/people\/Notimemes-de-los-Polticos\/61565672886568\/","https:\/\/x.com\/LosPoliticosVer"]},{"@type":"Person","@id":"https:\/\/lospoliticosveracruz.com\/#\/schema\/person\/b8702bb0e538456e6efd07080bf2a4a2","name":"Lo viste en Los Pol\u00edticos","image":{"@type":"ImageObject","inLanguage":"es","@id":"https:\/\/secure.gravatar.com\/avatar\/3a8de04a2656d44082be478bd6c086daa447c4651605818287b9532d3d0bd435?s=96&d=mm&r=g","url":"https:\/\/secure.gravatar.com\/avatar\/3a8de04a2656d44082be478bd6c086daa447c4651605818287b9532d3d0bd435?s=96&d=mm&r=g","contentUrl":"https:\/\/secure.gravatar.com\/avatar\/3a8de04a2656d44082be478bd6c086daa447c4651605818287b9532d3d0bd435?s=96&d=mm&r=g","caption":"Lo viste en Los Pol\u00edticos"},"url":"https:\/\/lospoliticosveracruz.com\/?author=2"}]}},"_links":{"self":[{"href":"https:\/\/lospoliticosveracruz.com\/index.php?rest_route=\/wp\/v2\/posts\/27778","targetHints":{"allow":["GET"]}}],"collection":[{"href":"https:\/\/lospoliticosveracruz.com\/index.php?rest_route=\/wp\/v2\/posts"}],"about":[{"href":"https:\/\/lospoliticosveracruz.com\/index.php?rest_route=\/wp\/v2\/types\/post"}],"author":[{"embeddable":true,"href":"https:\/\/lospoliticosveracruz.com\/index.php?rest_route=\/wp\/v2\/users\/2"}],"replies":[{"embeddable":true,"href":"https:\/\/lospoliticosveracruz.com\/index.php?rest_route=%2Fwp%2Fv2%2Fcomments&post=27778"}],"version-history":[{"count":1,"href":"https:\/\/lospoliticosveracruz.com\/index.php?rest_route=\/wp\/v2\/posts\/27778\/revisions"}],"predecessor-version":[{"id":27780,"href":"https:\/\/lospoliticosveracruz.com\/index.php?rest_route=\/wp\/v2\/posts\/27778\/revisions\/27780"}],"wp:attachment":[{"href":"https:\/\/lospoliticosveracruz.com\/index.php?rest_route=%2Fwp%2Fv2%2Fmedia&parent=27778"}],"wp:term":[{"taxonomy":"category","embeddable":true,"href":"https:\/\/lospoliticosveracruz.com\/index.php?rest_route=%2Fwp%2Fv2%2Fcategories&post=27778"},{"taxonomy":"post_tag","embeddable":true,"href":"https:\/\/lospoliticosveracruz.com\/index.php?rest_route=%2Fwp%2Fv2%2Ftags&post=27778"}],"curies":[{"name":"wp","href":"https:\/\/api.w.org\/{rel}","templated":true}]}}