{"id":27788,"date":"2016-11-08T09:39:59","date_gmt":"2016-11-08T15:39:59","guid":{"rendered":"http:\/\/www.lospoliticosveracruz.com.mx\/?p=27788"},"modified":"2016-11-08T09:39:59","modified_gmt":"2016-11-08T15:39:59","slug":"morena-el-doble-discurso","status":"publish","type":"post","link":"https:\/\/lospoliticosveracruz.com\/?p=27788","title":{"rendered":"Morena, el doble discurso"},"content":{"rendered":"<p><strong>Luis Alberto Romero<\/strong><\/p>\n<p><em>Hora Cero<\/em><\/p>\n<p>Desde su creaci\u00f3n, en 2011 como asociaci\u00f3n civil y en 2014 como partido pol\u00edtico, el discurso que ha caracterizado a algunos integrantes del Movimiento de Regeneraci\u00f3n Nacional, Morena, ha estado m\u00e1s cerca de la estridencia y de la oposici\u00f3n intransigente que de las propuestas y del debate civilizado.<\/p>\n<p>A pesar de ello, el crecimiento registrado por dicha fuerza pol\u00edtica es indiscutible en Veracruz, entidad en que tiene, por ejemplo, la segunda bancada m\u00e1s importante en la Legislatura del Estado.<\/p>\n<p>Ya en las elecciones federales de 2015, primeras en que particip\u00f3 el partido de L\u00f3pez Obrador, Morena hab\u00eda dado una muestra del \u00e9xito de su marca, al ganar los distritos de Xalapa y Coatzacoalcos. En la entidad, esta fuerza pol\u00edtica cosech\u00f3 cerca de 300 mil sufragios, que equivalen al 12.07 por ciento de la votaci\u00f3n total, lo que le ubic\u00f3 en la tercera fuerza pol\u00edtica, superando a los partidos de la Revoluci\u00f3n Democr\u00e1tica (11 por ciento) y Verde Ecologista (7.77).<\/p>\n<p>En el reciente proceso para la sucesi\u00f3n veracruzana, postulando como candidato a Cuitl\u00e1huac Garc\u00eda Jim\u00e9nez, Morena registr\u00f3 un crecimiento de casi 150 por ciento, al conseguir m\u00e1s de 720 mil sufragios.<\/p>\n<p>A partir de ese resultado y con una bancada de 13 diputados locales, los representantes de Morena en la entidad comenzaron a generar expectativas sobre la posibilidad de presidir la Mesa Directiva de la LXIV Legislatura del Estado, al igual que algunas de las comisiones m\u00e1s importantes del Congreso.<\/p>\n<p>En la etapa previa a la instalaci\u00f3n del Poder Legislativo de Veracruz, las cabezas de las bancadas de los diferentes partidos pol\u00edticos sostuvieron reuniones para definir ese tema; una de ellas se desarroll\u00f3 en la plaza Monte Magno, justo en un lugar conocido como\u00a0Deli Deli, donde la gente de Morena exigi\u00f3 presidir la Mesa Directiva; en respuesta, los panistas argumentaron que esa posici\u00f3n, al igual que la Junta de Coordinaci\u00f3n Pol\u00edtica, correspond\u00eda al partido que tiene\u00a0 m\u00e1s legisladores, el PAN en este caso, por lo que el espacio no era negociable.<\/p>\n<p>En ese contexto, la propuesta de los negociadores de PAN y PRD fue que uno de sus legisladores, la diputada Mariely Manterola Sainz, ir\u00eda a la presidencia de la Mesa, en tanto que la vicepresidencia corresponder\u00eda al Movimiento de Regeneraci\u00f3n Nacional.<\/p>\n<p>En esa negociaci\u00f3n se plante\u00f3 la asignaci\u00f3n de espacios en las comisiones legislativas para todos los diputados de Morena; es decir, quien no ser\u00eda presidente ser\u00eda secretario de comisi\u00f3n.<\/p>\n<p>Al final no se concretaron los acuerdos, dado que la gente de Morena se aferr\u00f3 a la presidencia de la Mesa Directiva, por lo que no se puede hablar de una \u201cexclusi\u00f3n\u201d, sino de una actitud intransigente de la bancada del citado partido.<\/p>\n<p>Ya durante la sesi\u00f3n, los legisladores morenistas denunciaron un \u201cacuerdo\u201d entre PAN y PRI para dejar fuera al partido de L\u00f3pez Obrador de la Mesa Directiva; la realidad, sin embargo, es que la negociaci\u00f3n original de los panistas no era con el tricolor, sino con Morena.<\/p>\n<p>El af\u00e1n protag\u00f3nico de los legisladores de Morena qued\u00f3 en evidencia con el intento de su coordinador, Amado Cruz Malpica, de emitir un pronunciamiento durante la sesi\u00f3n de instalaci\u00f3n de la Legislatura del Estado, sabiendo de antemano que los mensajes de los partidos no estaban considerados en la orden del d\u00eda de la sesi\u00f3n, que s\u00f3lo planteaba la elecci\u00f3n de la Mesa Directiva y la toma de protesta de los nuevos diputados.<\/p>\n<p>Previo a ello, los de Morena se hab\u00edan comprometido a dejar sus posicionamientos para la primera sesi\u00f3n ordinaria, pero decidieron incumplir su palabra y salir de la instalaci\u00f3n con cartulinas de protesta en mano.<\/p>\n<p>Por cierto, en los pasillos de la Legislatura corre la versi\u00f3n de que los diputados del Movimiento de Regeneraci\u00f3n Nacional propondr\u00e1n, en tribuna, una reducci\u00f3n del salario de los legisladores, en un 50 por ciento, aunque en corto piden a sus hom\u00f3logos de otros partidos que voten en contra de dicha propuesta. \u00a1Esa es congruencia!<\/p>\n<p>&nbsp;<\/p>\n<p><strong>Las cuotas de los diputados de AMLO<\/strong><\/p>\n<p>A prop\u00f3sito, entre algunos diputados hubo comentarios sobre ese planteamiento de Morena, en el sentido de que si tantas ganas tienen de renunciar a la mitad de su salario, que lo donen mejor a obras de caridad, aunque ello se antoja dif\u00edcil, dado que a los funcionarios morenistas, como es sabido, su partido les impone altas cuotas.<\/p>\n<p>Recordemos que el art\u00edculo 67 de los estatutos del partido, relativo al tema de las finanzas, establece que los legisladores o representantes populares electos por Morena \u201cdeber\u00e1n aportar el equivalente al treinta por ciento de sus percepciones totales (salario, aguinaldo, bonos, prestaciones)\u201d.<\/p>\n<p>As\u00ed las cosas, si a ese 30 por ciento que deben destinar a su partido se suma el 50 por ciento al que dicen que podr\u00edan renunciar, el resultado es que los legisladores de Morena \u00fanicamente se quedar\u00edan con el 20 por ciento de sus ingresos estimados; precisamente por eso, hay legisladores de otras bancadas que se\u00f1alan que esa propuesta no es m\u00e1s que un tema medi\u00e1tico que no pasar\u00e1. @luisromero85<\/p>\n","protected":false},"excerpt":{"rendered":"<p>Luis Alberto Romero Hora Cero Desde su creaci\u00f3n, en 2011 como asociaci\u00f3n civil y en 2014 como partido pol\u00edtico, el discurso que ha caracterizado a algunos integrantes del Movimiento de Regeneraci\u00f3n Nacional, Morena, ha estado m\u00e1s cerca de la estridencia y de la oposici\u00f3n intransigente que de las propuestas y del debate civilizado. A pesar [&hellip;]<\/p>\n","protected":false},"author":2,"featured_media":0,"comment_status":"open","ping_status":"open","sticky":false,"template":"","format":"standard","meta":{"tdm_status":"","tdm_grid_status":"","footnotes":""},"categories":[70],"tags":[5618,1563,1026,195],"class_list":{"0":"post-27788","1":"post","2":"type-post","3":"status-publish","4":"format-standard","6":"category-de-opinion","7":"tag-amado-cruz-malpica","8":"tag-cuitlahuac-garcia-jimenez","9":"tag-morena","10":"tag-veracruz"},"yoast_head":"<!-- This site is optimized with the Yoast SEO plugin v27.4 - https:\/\/yoast.com\/product\/yoast-seo-wordpress\/ -->\n<title>Morena, el doble discurso - Los pol\u00edticos Veracruz<\/title>\n<meta name=\"robots\" content=\"index, follow, max-snippet:-1, max-image-preview:large, max-video-preview:-1\" \/>\n<link rel=\"canonical\" href=\"https:\/\/lospoliticosveracruz.com\/?p=27788\" \/>\n<meta property=\"og:locale\" content=\"es_ES\" \/>\n<meta property=\"og:type\" content=\"article\" \/>\n<meta property=\"og:title\" content=\"Morena, el doble discurso - Los pol\u00edticos Veracruz\" \/>\n<meta property=\"og:description\" content=\"Luis Alberto Romero Hora Cero Desde su creaci\u00f3n, en 2011 como asociaci\u00f3n civil y en 2014 como partido pol\u00edtico, el discurso que ha caracterizado a algunos integrantes del Movimiento de Regeneraci\u00f3n Nacional, Morena, ha estado m\u00e1s cerca de la estridencia y de la oposici\u00f3n intransigente que de las propuestas y del debate civilizado. A pesar [&hellip;]\" \/>\n<meta property=\"og:url\" content=\"https:\/\/lospoliticosveracruz.com\/?p=27788\" \/>\n<meta property=\"og:site_name\" content=\"Los pol\u00edticos Veracruz\" \/>\n<meta property=\"article:publisher\" content=\"https:\/\/www.facebook.com\/people\/Notimemes-de-los-Polticos\/61565672886568\/\" \/>\n<meta property=\"article:published_time\" content=\"2016-11-08T15:39:59+00:00\" \/>\n<meta property=\"og:image\" content=\"https:\/\/lospoliticosveracruz.com\/wp-content\/uploads\/2016\/07\/Logo-Dor.jpg\" \/>\n\t<meta property=\"og:image:width\" content=\"200\" \/>\n\t<meta property=\"og:image:height\" content=\"200\" \/>\n\t<meta property=\"og:image:type\" content=\"image\/jpeg\" \/>\n<meta name=\"author\" content=\"Lo viste en Los Pol\u00edticos\" \/>\n<meta name=\"twitter:card\" content=\"summary_large_image\" \/>\n<meta name=\"twitter:creator\" content=\"@LosPoliticosVer\" \/>\n<meta name=\"twitter:site\" content=\"@LosPoliticosVer\" \/>\n<meta name=\"twitter:label1\" content=\"Escrito por\" \/>\n\t<meta name=\"twitter:data1\" content=\"Lo viste en Los Pol\u00edticos\" \/>\n\t<meta name=\"twitter:label2\" content=\"Tiempo de lectura\" \/>\n\t<meta name=\"twitter:data2\" content=\"4 minutos\" \/>\n<script type=\"application\/ld+json\" class=\"yoast-schema-graph\">{\"@context\":\"https:\\\/\\\/schema.org\",\"@graph\":[{\"@type\":\"Article\",\"@id\":\"https:\\\/\\\/lospoliticosveracruz.com\\\/?p=27788#article\",\"isPartOf\":{\"@id\":\"https:\\\/\\\/lospoliticosveracruz.com\\\/?p=27788\"},\"author\":{\"name\":\"Lo viste en Los Pol\u00edticos\",\"@id\":\"https:\\\/\\\/lospoliticosveracruz.com\\\/#\\\/schema\\\/person\\\/b8702bb0e538456e6efd07080bf2a4a2\"},\"headline\":\"Morena, el doble discurso\",\"datePublished\":\"2016-11-08T15:39:59+00:00\",\"mainEntityOfPage\":{\"@id\":\"https:\\\/\\\/lospoliticosveracruz.com\\\/?p=27788\"},\"wordCount\":888,\"commentCount\":0,\"publisher\":{\"@id\":\"https:\\\/\\\/lospoliticosveracruz.com\\\/#organization\"},\"keywords\":[\"Amado Cruz Malpica\",\"Cuitl\u00e1huac Garc\u00eda Jim\u00e9nez\",\"Morena\",\"Veracruz\"],\"articleSection\":[\"De Opini\u00f3n\"],\"inLanguage\":\"es\",\"potentialAction\":[{\"@type\":\"CommentAction\",\"name\":\"Comment\",\"target\":[\"https:\\\/\\\/lospoliticosveracruz.com\\\/?p=27788#respond\"]}]},{\"@type\":\"WebPage\",\"@id\":\"https:\\\/\\\/lospoliticosveracruz.com\\\/?p=27788\",\"url\":\"https:\\\/\\\/lospoliticosveracruz.com\\\/?p=27788\",\"name\":\"Morena, el doble discurso - Los pol\u00edticos Veracruz\",\"isPartOf\":{\"@id\":\"https:\\\/\\\/lospoliticosveracruz.com\\\/#website\"},\"datePublished\":\"2016-11-08T15:39:59+00:00\",\"breadcrumb\":{\"@id\":\"https:\\\/\\\/lospoliticosveracruz.com\\\/?p=27788#breadcrumb\"},\"inLanguage\":\"es\",\"potentialAction\":[{\"@type\":\"ReadAction\",\"target\":[\"https:\\\/\\\/lospoliticosveracruz.com\\\/?p=27788\"]}]},{\"@type\":\"BreadcrumbList\",\"@id\":\"https:\\\/\\\/lospoliticosveracruz.com\\\/?p=27788#breadcrumb\",\"itemListElement\":[{\"@type\":\"ListItem\",\"position\":1,\"name\":\"Portada\",\"item\":\"https:\\\/\\\/lospoliticosveracruz.com\\\/\"},{\"@type\":\"ListItem\",\"position\":2,\"name\":\"Morena, el doble discurso\"}]},{\"@type\":\"WebSite\",\"@id\":\"https:\\\/\\\/lospoliticosveracruz.com\\\/#website\",\"url\":\"https:\\\/\\\/lospoliticosveracruz.com\\\/\",\"name\":\"Los pol\u00edticos Veracruz\",\"description\":\"\",\"publisher\":{\"@id\":\"https:\\\/\\\/lospoliticosveracruz.com\\\/#organization\"},\"potentialAction\":[{\"@type\":\"SearchAction\",\"target\":{\"@type\":\"EntryPoint\",\"urlTemplate\":\"https:\\\/\\\/lospoliticosveracruz.com\\\/?s={search_term_string}\"},\"query-input\":{\"@type\":\"PropertyValueSpecification\",\"valueRequired\":true,\"valueName\":\"search_term_string\"}}],\"inLanguage\":\"es\"},{\"@type\":\"Organization\",\"@id\":\"https:\\\/\\\/lospoliticosveracruz.com\\\/#organization\",\"name\":\"Los pol\u00edticos Veracruz\",\"url\":\"https:\\\/\\\/lospoliticosveracruz.com\\\/\",\"logo\":{\"@type\":\"ImageObject\",\"inLanguage\":\"es\",\"@id\":\"https:\\\/\\\/lospoliticosveracruz.com\\\/#\\\/schema\\\/logo\\\/image\\\/\",\"url\":\"https:\\\/\\\/lospoliticosveracruz.com\\\/wp-content\\\/uploads\\\/2025\\\/12\\\/Logo-Nuevo-LOS-POLITICOS-1.jpg\",\"contentUrl\":\"https:\\\/\\\/lospoliticosveracruz.com\\\/wp-content\\\/uploads\\\/2025\\\/12\\\/Logo-Nuevo-LOS-POLITICOS-1.jpg\",\"width\":260,\"height\":70,\"caption\":\"Los pol\u00edticos Veracruz\"},\"image\":{\"@id\":\"https:\\\/\\\/lospoliticosveracruz.com\\\/#\\\/schema\\\/logo\\\/image\\\/\"},\"sameAs\":[\"https:\\\/\\\/www.facebook.com\\\/people\\\/Notimemes-de-los-Polticos\\\/61565672886568\\\/\",\"https:\\\/\\\/x.com\\\/LosPoliticosVer\"]},{\"@type\":\"Person\",\"@id\":\"https:\\\/\\\/lospoliticosveracruz.com\\\/#\\\/schema\\\/person\\\/b8702bb0e538456e6efd07080bf2a4a2\",\"name\":\"Lo viste en Los Pol\u00edticos\",\"image\":{\"@type\":\"ImageObject\",\"inLanguage\":\"es\",\"@id\":\"https:\\\/\\\/secure.gravatar.com\\\/avatar\\\/3a8de04a2656d44082be478bd6c086daa447c4651605818287b9532d3d0bd435?s=96&d=mm&r=g\",\"url\":\"https:\\\/\\\/secure.gravatar.com\\\/avatar\\\/3a8de04a2656d44082be478bd6c086daa447c4651605818287b9532d3d0bd435?s=96&d=mm&r=g\",\"contentUrl\":\"https:\\\/\\\/secure.gravatar.com\\\/avatar\\\/3a8de04a2656d44082be478bd6c086daa447c4651605818287b9532d3d0bd435?s=96&d=mm&r=g\",\"caption\":\"Lo viste en Los Pol\u00edticos\"},\"url\":\"https:\\\/\\\/lospoliticosveracruz.com\\\/?author=2\"}]}<\/script>\n<!-- \/ Yoast SEO plugin. -->","yoast_head_json":{"title":"Morena, el doble discurso - Los pol\u00edticos Veracruz","robots":{"index":"index","follow":"follow","max-snippet":"max-snippet:-1","max-image-preview":"max-image-preview:large","max-video-preview":"max-video-preview:-1"},"canonical":"https:\/\/lospoliticosveracruz.com\/?p=27788","og_locale":"es_ES","og_type":"article","og_title":"Morena, el doble discurso - Los pol\u00edticos Veracruz","og_description":"Luis Alberto Romero Hora Cero Desde su creaci\u00f3n, en 2011 como asociaci\u00f3n civil y en 2014 como partido pol\u00edtico, el discurso que ha caracterizado a algunos integrantes del Movimiento de Regeneraci\u00f3n Nacional, Morena, ha estado m\u00e1s cerca de la estridencia y de la oposici\u00f3n intransigente que de las propuestas y del debate civilizado. A pesar [&hellip;]","og_url":"https:\/\/lospoliticosveracruz.com\/?p=27788","og_site_name":"Los pol\u00edticos Veracruz","article_publisher":"https:\/\/www.facebook.com\/people\/Notimemes-de-los-Polticos\/61565672886568\/","article_published_time":"2016-11-08T15:39:59+00:00","og_image":[{"width":200,"height":200,"url":"https:\/\/lospoliticosveracruz.com\/wp-content\/uploads\/2016\/07\/Logo-Dor.jpg","type":"image\/jpeg"}],"author":"Lo viste en Los Pol\u00edticos","twitter_card":"summary_large_image","twitter_creator":"@LosPoliticosVer","twitter_site":"@LosPoliticosVer","twitter_misc":{"Escrito por":"Lo viste en Los Pol\u00edticos","Tiempo de lectura":"4 minutos"},"schema":{"@context":"https:\/\/schema.org","@graph":[{"@type":"Article","@id":"https:\/\/lospoliticosveracruz.com\/?p=27788#article","isPartOf":{"@id":"https:\/\/lospoliticosveracruz.com\/?p=27788"},"author":{"name":"Lo viste en Los Pol\u00edticos","@id":"https:\/\/lospoliticosveracruz.com\/#\/schema\/person\/b8702bb0e538456e6efd07080bf2a4a2"},"headline":"Morena, el doble discurso","datePublished":"2016-11-08T15:39:59+00:00","mainEntityOfPage":{"@id":"https:\/\/lospoliticosveracruz.com\/?p=27788"},"wordCount":888,"commentCount":0,"publisher":{"@id":"https:\/\/lospoliticosveracruz.com\/#organization"},"keywords":["Amado Cruz Malpica","Cuitl\u00e1huac Garc\u00eda Jim\u00e9nez","Morena","Veracruz"],"articleSection":["De Opini\u00f3n"],"inLanguage":"es","potentialAction":[{"@type":"CommentAction","name":"Comment","target":["https:\/\/lospoliticosveracruz.com\/?p=27788#respond"]}]},{"@type":"WebPage","@id":"https:\/\/lospoliticosveracruz.com\/?p=27788","url":"https:\/\/lospoliticosveracruz.com\/?p=27788","name":"Morena, el doble discurso - Los pol\u00edticos Veracruz","isPartOf":{"@id":"https:\/\/lospoliticosveracruz.com\/#website"},"datePublished":"2016-11-08T15:39:59+00:00","breadcrumb":{"@id":"https:\/\/lospoliticosveracruz.com\/?p=27788#breadcrumb"},"inLanguage":"es","potentialAction":[{"@type":"ReadAction","target":["https:\/\/lospoliticosveracruz.com\/?p=27788"]}]},{"@type":"BreadcrumbList","@id":"https:\/\/lospoliticosveracruz.com\/?p=27788#breadcrumb","itemListElement":[{"@type":"ListItem","position":1,"name":"Portada","item":"https:\/\/lospoliticosveracruz.com\/"},{"@type":"ListItem","position":2,"name":"Morena, el doble discurso"}]},{"@type":"WebSite","@id":"https:\/\/lospoliticosveracruz.com\/#website","url":"https:\/\/lospoliticosveracruz.com\/","name":"Los pol\u00edticos Veracruz","description":"","publisher":{"@id":"https:\/\/lospoliticosveracruz.com\/#organization"},"potentialAction":[{"@type":"SearchAction","target":{"@type":"EntryPoint","urlTemplate":"https:\/\/lospoliticosveracruz.com\/?s={search_term_string}"},"query-input":{"@type":"PropertyValueSpecification","valueRequired":true,"valueName":"search_term_string"}}],"inLanguage":"es"},{"@type":"Organization","@id":"https:\/\/lospoliticosveracruz.com\/#organization","name":"Los pol\u00edticos Veracruz","url":"https:\/\/lospoliticosveracruz.com\/","logo":{"@type":"ImageObject","inLanguage":"es","@id":"https:\/\/lospoliticosveracruz.com\/#\/schema\/logo\/image\/","url":"https:\/\/lospoliticosveracruz.com\/wp-content\/uploads\/2025\/12\/Logo-Nuevo-LOS-POLITICOS-1.jpg","contentUrl":"https:\/\/lospoliticosveracruz.com\/wp-content\/uploads\/2025\/12\/Logo-Nuevo-LOS-POLITICOS-1.jpg","width":260,"height":70,"caption":"Los pol\u00edticos Veracruz"},"image":{"@id":"https:\/\/lospoliticosveracruz.com\/#\/schema\/logo\/image\/"},"sameAs":["https:\/\/www.facebook.com\/people\/Notimemes-de-los-Polticos\/61565672886568\/","https:\/\/x.com\/LosPoliticosVer"]},{"@type":"Person","@id":"https:\/\/lospoliticosveracruz.com\/#\/schema\/person\/b8702bb0e538456e6efd07080bf2a4a2","name":"Lo viste en Los Pol\u00edticos","image":{"@type":"ImageObject","inLanguage":"es","@id":"https:\/\/secure.gravatar.com\/avatar\/3a8de04a2656d44082be478bd6c086daa447c4651605818287b9532d3d0bd435?s=96&d=mm&r=g","url":"https:\/\/secure.gravatar.com\/avatar\/3a8de04a2656d44082be478bd6c086daa447c4651605818287b9532d3d0bd435?s=96&d=mm&r=g","contentUrl":"https:\/\/secure.gravatar.com\/avatar\/3a8de04a2656d44082be478bd6c086daa447c4651605818287b9532d3d0bd435?s=96&d=mm&r=g","caption":"Lo viste en Los Pol\u00edticos"},"url":"https:\/\/lospoliticosveracruz.com\/?author=2"}]}},"_links":{"self":[{"href":"https:\/\/lospoliticosveracruz.com\/index.php?rest_route=\/wp\/v2\/posts\/27788","targetHints":{"allow":["GET"]}}],"collection":[{"href":"https:\/\/lospoliticosveracruz.com\/index.php?rest_route=\/wp\/v2\/posts"}],"about":[{"href":"https:\/\/lospoliticosveracruz.com\/index.php?rest_route=\/wp\/v2\/types\/post"}],"author":[{"embeddable":true,"href":"https:\/\/lospoliticosveracruz.com\/index.php?rest_route=\/wp\/v2\/users\/2"}],"replies":[{"embeddable":true,"href":"https:\/\/lospoliticosveracruz.com\/index.php?rest_route=%2Fwp%2Fv2%2Fcomments&post=27788"}],"version-history":[{"count":1,"href":"https:\/\/lospoliticosveracruz.com\/index.php?rest_route=\/wp\/v2\/posts\/27788\/revisions"}],"predecessor-version":[{"id":27789,"href":"https:\/\/lospoliticosveracruz.com\/index.php?rest_route=\/wp\/v2\/posts\/27788\/revisions\/27789"}],"wp:attachment":[{"href":"https:\/\/lospoliticosveracruz.com\/index.php?rest_route=%2Fwp%2Fv2%2Fmedia&parent=27788"}],"wp:term":[{"taxonomy":"category","embeddable":true,"href":"https:\/\/lospoliticosveracruz.com\/index.php?rest_route=%2Fwp%2Fv2%2Fcategories&post=27788"},{"taxonomy":"post_tag","embeddable":true,"href":"https:\/\/lospoliticosveracruz.com\/index.php?rest_route=%2Fwp%2Fv2%2Ftags&post=27788"}],"curies":[{"name":"wp","href":"https:\/\/api.w.org\/{rel}","templated":true}]}}