{"id":27798,"date":"2016-11-08T22:22:57","date_gmt":"2016-11-09T04:22:57","guid":{"rendered":"http:\/\/www.lospoliticosveracruz.com.mx\/?p=27798"},"modified":"2016-11-08T22:22:57","modified_gmt":"2016-11-09T04:22:57","slug":"asuntos-de-nalgas","status":"publish","type":"post","link":"https:\/\/lospoliticosveracruz.com\/?p=27798","title":{"rendered":"Asuntos de Nalgas"},"content":{"rendered":"<p><strong>Brenda Caballero<\/strong><\/p>\n<p><em>N\u00fameros Rojos<\/em><\/p>\n<p>Algo me inquieta: \u00bfCu\u00e1ntas personas pensar\u00e1n que tengo trabajo por mis nalguitas?<\/p>\n<p>Seguramente m\u00e1s de una lo ha expresado en estos 17 a\u00f1os que llevo laborando en la administraci\u00f3n p\u00fablica. Y no es que alabe las nalgas que la naturaleza me dio, a la que por cierto, le estoy muy agradecida, Sin embargo, tenemos la idea generalizada de que cuando vemos a una mujer que ocupa un puesto o cargo importante y goza de caracter\u00edsticas corporales prominentes (bubis y pompas) o que es f\u00edsicamente atractiva, es por ello que est\u00e1 donde est\u00e1 y no por capacidad intelectual.<\/p>\n<p>\u00bfAcaso por ser guapa carece de aptitudes para el \u00f3ptimo desempe\u00f1o de las funciones que el puesto requiere?<\/p>\n<p>Para muchos no, pues hasta conozco la pregunta: \u201c\u00bfa qui\u00e9n se las dar\u00eda?\u201d Y hasta la respuesta: \u201c\u00a1pues al jefe!\u201d<\/p>\n<p>Y \u00bfA qu\u00e9 vienen estos asuntos de nalgas, cuando hay temas m\u00e1s importantes como la disputa de los diputados por las Comisiones Legislativas o las elecciones en Estados Unidos?<\/p>\n<p>A que el magistrado presidente de la Sala Regional Xalapa del Tribunal Electoral del Poder Judicial de la Federaci\u00f3n (TEPJF) Juan Manuel S\u00e1nchez Mac\u00edas, el que por cierto no es familiar del ex diputado y due\u00f1o del Peri\u00f3dico Heraldo de Xalapa, Eduardo S\u00e1nchez Mac\u00edas, expres\u00f3 en una mesa de di\u00e1logo denominada La Paridad y la Violencia de G\u00e9nero en el ejercicio de los Derechos Pol\u00edticos de las Mujeres, organizada por el Instituto Electoral y de Participaci\u00f3n Ciudadana en el estado de Tabasco (IEPCT) lo siguiente: \u201cEstoy de acuerdo con la paridad, pero que lleguen por capacidad intelectual y no por tener nalgas exquisitas\u201d.<\/p>\n<p>H\u00edjole, tal comentario ocasion\u00f3 revuelo y malestar entre las mujeres, al grado que todas las integrantes de la Comisi\u00f3n de Equidad y G\u00e9nero de la C\u00e1mara de Diputados (Yulma Rocha, Candelaria Ochoa, Laura Plascencia, Ivonne Ortega, Concepci\u00f3n Villa, Paola F\u00e9lix, Guadalupe Gonz\u00e1lez, Cecilia Soto y hasta el diputado Ren\u00e9 Cervera) exigieron la renuncia inmediata de S\u00e1nchez Mac\u00edas.<\/p>\n<p>Pero d\u00e1ndole el beneficio de la duda al magistrado, \u00bfY si de verdad fue un comentario desafortunado de S\u00e1nchez Mac\u00edas y dijo algo que no quer\u00eda decir? Totalmente descartado, pues a las nalgas todav\u00eda les puso un adjetivo calificativo: \u201cexquisitas\u201d \u00bfCu\u00e1les ser\u00e1n \u00e9sas? Pues desde ese enfoque ya est\u00e1 discriminando a todas aqu\u00e9llas que no est\u00e1n en su par\u00e1metro de \u201cexquisitas\u201d.<\/p>\n<p>De inmediato, el TEPJF se deslind\u00f3 de los dichos en la participaci\u00f3n de S\u00e1nchez Mac\u00edas; incluso reiter\u00f3 su compromiso de proteger y fortalecer los derechos pol\u00edticos de las mujeres y consolidar su dignidad.<\/p>\n<p>Pero el asunto no qued\u00f3 all\u00ed: la Comisi\u00f3n Nacional de los Derechos Humanos emiti\u00f3 el comunicado de prensa n\u00famero DGC\/286\/16 de fecha 7 de noviembre de 2016, donde\u00a0\u00a0reprueba el uso de expresiones mis\u00f3ginas de un integrante del Poder Judicial, por su car\u00e1cter discriminatorio y atentar contra la dignidad de las mujeres.<\/p>\n<p>Pero d\u00e9jeme citarle textualmente una parte \u201c\u2026este Organismo Nacional, puntualiza que el lenguaje influye en la percepci\u00f3n de las personas acerca de la realidad y puede provocar prejuicios que se consolidan en la sociedad mediante el uso de expresiones tendentes a marginar a algunas personas o grupos, en este caso a las mujeres, que representan m\u00e1s de la mitad de la poblaci\u00f3n de nuestro pa\u00eds\u2026\u201d<\/p>\n<p>Cito otro p\u00e1rrafo: \u201c\u2026las expresiones mis\u00f3ginas, como las que hizo el magistrado (\u2026) son discriminatorias debido a que se les usa para ofender o descalificar a personas y grupos, y no deben hacerse al amparo de la libertad de expresi\u00f3n, por incitar, promover y justificar la intolerancia y violencia de g\u00e9nero hacia las mujeres. Representan un discurso de odio, descalificaci\u00f3n, burla y\/o desprecio respecto de qui\u00e9n se hacen o dirigen\u2026\u201d<\/p>\n<p>Ojal\u00e1 y despu\u00e9s de leer los p\u00e1rrafos anteriores, tanto usted como yo entendamos y aprendamos que esto va m\u00e1s all\u00e1 de un asunto de nalgas\u2026<\/p>\n<p>&nbsp;<\/p>\n<p><a href=\"mailto:caballero_brenda@hotmail.com\">caballero_brenda@hotmail.com<\/a><\/p>\n<p>@NumerosRojos_BC<\/p>\n","protected":false},"excerpt":{"rendered":"<p>Brenda Caballero N\u00fameros Rojos Algo me inquieta: \u00bfCu\u00e1ntas personas pensar\u00e1n que tengo trabajo por mis nalguitas? Seguramente m\u00e1s de una lo ha expresado en estos 17 a\u00f1os que llevo laborando en la administraci\u00f3n p\u00fablica. Y no es que alabe las nalgas que la naturaleza me dio, a la que por cierto, le estoy muy agradecida, [&hellip;]<\/p>\n","protected":false},"author":2,"featured_media":0,"comment_status":"open","ping_status":"open","sticky":false,"template":"","format":"standard","meta":{"tdm_status":"","tdm_grid_status":"","footnotes":""},"categories":[70],"tags":[6672,6673],"class_list":{"0":"post-27798","1":"post","2":"type-post","3":"status-publish","4":"format-standard","6":"category-de-opinion","7":"tag-juan-manuel-sanchez-macias","8":"tag-nalgas-exquisitas"},"yoast_head":"<!-- This site is optimized with the Yoast SEO plugin v27.4 - https:\/\/yoast.com\/product\/yoast-seo-wordpress\/ -->\n<title>Asuntos de Nalgas - Los pol\u00edticos Veracruz<\/title>\n<meta name=\"robots\" content=\"index, follow, max-snippet:-1, max-image-preview:large, max-video-preview:-1\" \/>\n<link rel=\"canonical\" href=\"https:\/\/lospoliticosveracruz.com\/?p=27798\" \/>\n<meta property=\"og:locale\" content=\"es_ES\" \/>\n<meta property=\"og:type\" content=\"article\" \/>\n<meta property=\"og:title\" content=\"Asuntos de Nalgas - Los pol\u00edticos Veracruz\" \/>\n<meta property=\"og:description\" content=\"Brenda Caballero N\u00fameros Rojos Algo me inquieta: \u00bfCu\u00e1ntas personas pensar\u00e1n que tengo trabajo por mis nalguitas? Seguramente m\u00e1s de una lo ha expresado en estos 17 a\u00f1os que llevo laborando en la administraci\u00f3n p\u00fablica. Y no es que alabe las nalgas que la naturaleza me dio, a la que por cierto, le estoy muy agradecida, [&hellip;]\" \/>\n<meta property=\"og:url\" content=\"https:\/\/lospoliticosveracruz.com\/?p=27798\" \/>\n<meta property=\"og:site_name\" content=\"Los pol\u00edticos Veracruz\" \/>\n<meta property=\"article:publisher\" content=\"https:\/\/www.facebook.com\/people\/Notimemes-de-los-Polticos\/61565672886568\/\" \/>\n<meta property=\"article:published_time\" content=\"2016-11-09T04:22:57+00:00\" \/>\n<meta property=\"og:image\" content=\"https:\/\/lospoliticosveracruz.com\/wp-content\/uploads\/2016\/07\/Logo-Dor.jpg\" \/>\n\t<meta property=\"og:image:width\" content=\"200\" \/>\n\t<meta property=\"og:image:height\" content=\"200\" \/>\n\t<meta property=\"og:image:type\" content=\"image\/jpeg\" \/>\n<meta name=\"author\" content=\"Lo viste en Los Pol\u00edticos\" \/>\n<meta name=\"twitter:card\" content=\"summary_large_image\" \/>\n<meta name=\"twitter:creator\" content=\"@LosPoliticosVer\" \/>\n<meta name=\"twitter:site\" content=\"@LosPoliticosVer\" \/>\n<meta name=\"twitter:label1\" content=\"Escrito por\" \/>\n\t<meta name=\"twitter:data1\" content=\"Lo viste en Los Pol\u00edticos\" \/>\n\t<meta name=\"twitter:label2\" content=\"Tiempo de lectura\" \/>\n\t<meta name=\"twitter:data2\" content=\"4 minutos\" \/>\n<script type=\"application\/ld+json\" class=\"yoast-schema-graph\">{\"@context\":\"https:\\\/\\\/schema.org\",\"@graph\":[{\"@type\":\"Article\",\"@id\":\"https:\\\/\\\/lospoliticosveracruz.com\\\/?p=27798#article\",\"isPartOf\":{\"@id\":\"https:\\\/\\\/lospoliticosveracruz.com\\\/?p=27798\"},\"author\":{\"name\":\"Lo viste en Los Pol\u00edticos\",\"@id\":\"https:\\\/\\\/lospoliticosveracruz.com\\\/#\\\/schema\\\/person\\\/b8702bb0e538456e6efd07080bf2a4a2\"},\"headline\":\"Asuntos de Nalgas\",\"datePublished\":\"2016-11-09T04:22:57+00:00\",\"mainEntityOfPage\":{\"@id\":\"https:\\\/\\\/lospoliticosveracruz.com\\\/?p=27798\"},\"wordCount\":706,\"commentCount\":0,\"publisher\":{\"@id\":\"https:\\\/\\\/lospoliticosveracruz.com\\\/#organization\"},\"keywords\":[\"Juan Manuel S\u00e1nchez Mac\u00edas\",\"nalgas exquisitas\"],\"articleSection\":[\"De Opini\u00f3n\"],\"inLanguage\":\"es\",\"potentialAction\":[{\"@type\":\"CommentAction\",\"name\":\"Comment\",\"target\":[\"https:\\\/\\\/lospoliticosveracruz.com\\\/?p=27798#respond\"]}]},{\"@type\":\"WebPage\",\"@id\":\"https:\\\/\\\/lospoliticosveracruz.com\\\/?p=27798\",\"url\":\"https:\\\/\\\/lospoliticosveracruz.com\\\/?p=27798\",\"name\":\"Asuntos de Nalgas - Los pol\u00edticos Veracruz\",\"isPartOf\":{\"@id\":\"https:\\\/\\\/lospoliticosveracruz.com\\\/#website\"},\"datePublished\":\"2016-11-09T04:22:57+00:00\",\"breadcrumb\":{\"@id\":\"https:\\\/\\\/lospoliticosveracruz.com\\\/?p=27798#breadcrumb\"},\"inLanguage\":\"es\",\"potentialAction\":[{\"@type\":\"ReadAction\",\"target\":[\"https:\\\/\\\/lospoliticosveracruz.com\\\/?p=27798\"]}]},{\"@type\":\"BreadcrumbList\",\"@id\":\"https:\\\/\\\/lospoliticosveracruz.com\\\/?p=27798#breadcrumb\",\"itemListElement\":[{\"@type\":\"ListItem\",\"position\":1,\"name\":\"Portada\",\"item\":\"https:\\\/\\\/lospoliticosveracruz.com\\\/\"},{\"@type\":\"ListItem\",\"position\":2,\"name\":\"Asuntos de Nalgas\"}]},{\"@type\":\"WebSite\",\"@id\":\"https:\\\/\\\/lospoliticosveracruz.com\\\/#website\",\"url\":\"https:\\\/\\\/lospoliticosveracruz.com\\\/\",\"name\":\"Los pol\u00edticos Veracruz\",\"description\":\"\",\"publisher\":{\"@id\":\"https:\\\/\\\/lospoliticosveracruz.com\\\/#organization\"},\"potentialAction\":[{\"@type\":\"SearchAction\",\"target\":{\"@type\":\"EntryPoint\",\"urlTemplate\":\"https:\\\/\\\/lospoliticosveracruz.com\\\/?s={search_term_string}\"},\"query-input\":{\"@type\":\"PropertyValueSpecification\",\"valueRequired\":true,\"valueName\":\"search_term_string\"}}],\"inLanguage\":\"es\"},{\"@type\":\"Organization\",\"@id\":\"https:\\\/\\\/lospoliticosveracruz.com\\\/#organization\",\"name\":\"Los pol\u00edticos Veracruz\",\"url\":\"https:\\\/\\\/lospoliticosveracruz.com\\\/\",\"logo\":{\"@type\":\"ImageObject\",\"inLanguage\":\"es\",\"@id\":\"https:\\\/\\\/lospoliticosveracruz.com\\\/#\\\/schema\\\/logo\\\/image\\\/\",\"url\":\"https:\\\/\\\/lospoliticosveracruz.com\\\/wp-content\\\/uploads\\\/2025\\\/12\\\/Logo-Nuevo-LOS-POLITICOS-1.jpg\",\"contentUrl\":\"https:\\\/\\\/lospoliticosveracruz.com\\\/wp-content\\\/uploads\\\/2025\\\/12\\\/Logo-Nuevo-LOS-POLITICOS-1.jpg\",\"width\":260,\"height\":70,\"caption\":\"Los pol\u00edticos Veracruz\"},\"image\":{\"@id\":\"https:\\\/\\\/lospoliticosveracruz.com\\\/#\\\/schema\\\/logo\\\/image\\\/\"},\"sameAs\":[\"https:\\\/\\\/www.facebook.com\\\/people\\\/Notimemes-de-los-Polticos\\\/61565672886568\\\/\",\"https:\\\/\\\/x.com\\\/LosPoliticosVer\"]},{\"@type\":\"Person\",\"@id\":\"https:\\\/\\\/lospoliticosveracruz.com\\\/#\\\/schema\\\/person\\\/b8702bb0e538456e6efd07080bf2a4a2\",\"name\":\"Lo viste en Los Pol\u00edticos\",\"image\":{\"@type\":\"ImageObject\",\"inLanguage\":\"es\",\"@id\":\"https:\\\/\\\/secure.gravatar.com\\\/avatar\\\/3a8de04a2656d44082be478bd6c086daa447c4651605818287b9532d3d0bd435?s=96&d=mm&r=g\",\"url\":\"https:\\\/\\\/secure.gravatar.com\\\/avatar\\\/3a8de04a2656d44082be478bd6c086daa447c4651605818287b9532d3d0bd435?s=96&d=mm&r=g\",\"contentUrl\":\"https:\\\/\\\/secure.gravatar.com\\\/avatar\\\/3a8de04a2656d44082be478bd6c086daa447c4651605818287b9532d3d0bd435?s=96&d=mm&r=g\",\"caption\":\"Lo viste en Los Pol\u00edticos\"},\"url\":\"https:\\\/\\\/lospoliticosveracruz.com\\\/?author=2\"}]}<\/script>\n<!-- \/ Yoast SEO plugin. -->","yoast_head_json":{"title":"Asuntos de Nalgas - Los pol\u00edticos Veracruz","robots":{"index":"index","follow":"follow","max-snippet":"max-snippet:-1","max-image-preview":"max-image-preview:large","max-video-preview":"max-video-preview:-1"},"canonical":"https:\/\/lospoliticosveracruz.com\/?p=27798","og_locale":"es_ES","og_type":"article","og_title":"Asuntos de Nalgas - Los pol\u00edticos Veracruz","og_description":"Brenda Caballero N\u00fameros Rojos Algo me inquieta: \u00bfCu\u00e1ntas personas pensar\u00e1n que tengo trabajo por mis nalguitas? Seguramente m\u00e1s de una lo ha expresado en estos 17 a\u00f1os que llevo laborando en la administraci\u00f3n p\u00fablica. Y no es que alabe las nalgas que la naturaleza me dio, a la que por cierto, le estoy muy agradecida, [&hellip;]","og_url":"https:\/\/lospoliticosveracruz.com\/?p=27798","og_site_name":"Los pol\u00edticos Veracruz","article_publisher":"https:\/\/www.facebook.com\/people\/Notimemes-de-los-Polticos\/61565672886568\/","article_published_time":"2016-11-09T04:22:57+00:00","og_image":[{"width":200,"height":200,"url":"https:\/\/lospoliticosveracruz.com\/wp-content\/uploads\/2016\/07\/Logo-Dor.jpg","type":"image\/jpeg"}],"author":"Lo viste en Los Pol\u00edticos","twitter_card":"summary_large_image","twitter_creator":"@LosPoliticosVer","twitter_site":"@LosPoliticosVer","twitter_misc":{"Escrito por":"Lo viste en Los Pol\u00edticos","Tiempo de lectura":"4 minutos"},"schema":{"@context":"https:\/\/schema.org","@graph":[{"@type":"Article","@id":"https:\/\/lospoliticosveracruz.com\/?p=27798#article","isPartOf":{"@id":"https:\/\/lospoliticosveracruz.com\/?p=27798"},"author":{"name":"Lo viste en Los Pol\u00edticos","@id":"https:\/\/lospoliticosveracruz.com\/#\/schema\/person\/b8702bb0e538456e6efd07080bf2a4a2"},"headline":"Asuntos de Nalgas","datePublished":"2016-11-09T04:22:57+00:00","mainEntityOfPage":{"@id":"https:\/\/lospoliticosveracruz.com\/?p=27798"},"wordCount":706,"commentCount":0,"publisher":{"@id":"https:\/\/lospoliticosveracruz.com\/#organization"},"keywords":["Juan Manuel S\u00e1nchez Mac\u00edas","nalgas exquisitas"],"articleSection":["De Opini\u00f3n"],"inLanguage":"es","potentialAction":[{"@type":"CommentAction","name":"Comment","target":["https:\/\/lospoliticosveracruz.com\/?p=27798#respond"]}]},{"@type":"WebPage","@id":"https:\/\/lospoliticosveracruz.com\/?p=27798","url":"https:\/\/lospoliticosveracruz.com\/?p=27798","name":"Asuntos de Nalgas - Los pol\u00edticos Veracruz","isPartOf":{"@id":"https:\/\/lospoliticosveracruz.com\/#website"},"datePublished":"2016-11-09T04:22:57+00:00","breadcrumb":{"@id":"https:\/\/lospoliticosveracruz.com\/?p=27798#breadcrumb"},"inLanguage":"es","potentialAction":[{"@type":"ReadAction","target":["https:\/\/lospoliticosveracruz.com\/?p=27798"]}]},{"@type":"BreadcrumbList","@id":"https:\/\/lospoliticosveracruz.com\/?p=27798#breadcrumb","itemListElement":[{"@type":"ListItem","position":1,"name":"Portada","item":"https:\/\/lospoliticosveracruz.com\/"},{"@type":"ListItem","position":2,"name":"Asuntos de Nalgas"}]},{"@type":"WebSite","@id":"https:\/\/lospoliticosveracruz.com\/#website","url":"https:\/\/lospoliticosveracruz.com\/","name":"Los pol\u00edticos Veracruz","description":"","publisher":{"@id":"https:\/\/lospoliticosveracruz.com\/#organization"},"potentialAction":[{"@type":"SearchAction","target":{"@type":"EntryPoint","urlTemplate":"https:\/\/lospoliticosveracruz.com\/?s={search_term_string}"},"query-input":{"@type":"PropertyValueSpecification","valueRequired":true,"valueName":"search_term_string"}}],"inLanguage":"es"},{"@type":"Organization","@id":"https:\/\/lospoliticosveracruz.com\/#organization","name":"Los pol\u00edticos Veracruz","url":"https:\/\/lospoliticosveracruz.com\/","logo":{"@type":"ImageObject","inLanguage":"es","@id":"https:\/\/lospoliticosveracruz.com\/#\/schema\/logo\/image\/","url":"https:\/\/lospoliticosveracruz.com\/wp-content\/uploads\/2025\/12\/Logo-Nuevo-LOS-POLITICOS-1.jpg","contentUrl":"https:\/\/lospoliticosveracruz.com\/wp-content\/uploads\/2025\/12\/Logo-Nuevo-LOS-POLITICOS-1.jpg","width":260,"height":70,"caption":"Los pol\u00edticos Veracruz"},"image":{"@id":"https:\/\/lospoliticosveracruz.com\/#\/schema\/logo\/image\/"},"sameAs":["https:\/\/www.facebook.com\/people\/Notimemes-de-los-Polticos\/61565672886568\/","https:\/\/x.com\/LosPoliticosVer"]},{"@type":"Person","@id":"https:\/\/lospoliticosveracruz.com\/#\/schema\/person\/b8702bb0e538456e6efd07080bf2a4a2","name":"Lo viste en Los Pol\u00edticos","image":{"@type":"ImageObject","inLanguage":"es","@id":"https:\/\/secure.gravatar.com\/avatar\/3a8de04a2656d44082be478bd6c086daa447c4651605818287b9532d3d0bd435?s=96&d=mm&r=g","url":"https:\/\/secure.gravatar.com\/avatar\/3a8de04a2656d44082be478bd6c086daa447c4651605818287b9532d3d0bd435?s=96&d=mm&r=g","contentUrl":"https:\/\/secure.gravatar.com\/avatar\/3a8de04a2656d44082be478bd6c086daa447c4651605818287b9532d3d0bd435?s=96&d=mm&r=g","caption":"Lo viste en Los Pol\u00edticos"},"url":"https:\/\/lospoliticosveracruz.com\/?author=2"}]}},"_links":{"self":[{"href":"https:\/\/lospoliticosveracruz.com\/index.php?rest_route=\/wp\/v2\/posts\/27798","targetHints":{"allow":["GET"]}}],"collection":[{"href":"https:\/\/lospoliticosveracruz.com\/index.php?rest_route=\/wp\/v2\/posts"}],"about":[{"href":"https:\/\/lospoliticosveracruz.com\/index.php?rest_route=\/wp\/v2\/types\/post"}],"author":[{"embeddable":true,"href":"https:\/\/lospoliticosveracruz.com\/index.php?rest_route=\/wp\/v2\/users\/2"}],"replies":[{"embeddable":true,"href":"https:\/\/lospoliticosveracruz.com\/index.php?rest_route=%2Fwp%2Fv2%2Fcomments&post=27798"}],"version-history":[{"count":1,"href":"https:\/\/lospoliticosveracruz.com\/index.php?rest_route=\/wp\/v2\/posts\/27798\/revisions"}],"predecessor-version":[{"id":27800,"href":"https:\/\/lospoliticosveracruz.com\/index.php?rest_route=\/wp\/v2\/posts\/27798\/revisions\/27800"}],"wp:attachment":[{"href":"https:\/\/lospoliticosveracruz.com\/index.php?rest_route=%2Fwp%2Fv2%2Fmedia&parent=27798"}],"wp:term":[{"taxonomy":"category","embeddable":true,"href":"https:\/\/lospoliticosveracruz.com\/index.php?rest_route=%2Fwp%2Fv2%2Fcategories&post=27798"},{"taxonomy":"post_tag","embeddable":true,"href":"https:\/\/lospoliticosveracruz.com\/index.php?rest_route=%2Fwp%2Fv2%2Ftags&post=27798"}],"curies":[{"name":"wp","href":"https:\/\/api.w.org\/{rel}","templated":true}]}}