{"id":27801,"date":"2016-11-08T22:34:55","date_gmt":"2016-11-09T04:34:55","guid":{"rendered":"http:\/\/www.lospoliticosveracruz.com.mx\/?p=27801"},"modified":"2016-11-08T22:34:55","modified_gmt":"2016-11-09T04:34:55","slug":"el-reparto-del-pastel-legislativo","status":"publish","type":"post","link":"https:\/\/lospoliticosveracruz.com\/?p=27801","title":{"rendered":"El reparto del pastel legislativo"},"content":{"rendered":"<p dir=\"ltr\"><strong>Salvador Mu\u00f1oz<\/strong><\/p>\n<div dir=\"ltr\"><em>Los Pol\u00edticos<\/em><\/div>\n<p dir=\"ltr\">Va agarrando forma la LXIV Legislatura\u2026 tan va agarrando forma que ya hay dos diputados independientes y por la tarde-noche, se integraban las ansiadas Comisiones del pastel que representa el Congreso del Estado.<\/p>\n<p dir=\"ltr\">Hay algo que me llena de duda respecto a la \u201cindependencia\u201d de los diputados Gerardo Buganza Salmer\u00f3n y Sebasti\u00e1n Reyes Arellano, que llegaron bajo el amparo de las siglas del PVEM y de Morena en calidad de \u201cpluris\u201d, respectivamente.<\/p>\n<p dir=\"ltr\">Entiendo que al ser \u201cplurinominales\u201d son representaci\u00f3n neta del partido que los designa para tal cargo en funci\u00f3n; en un lenguaje llano y quiz\u00e1s hasta soez, son los embajadores de los intereses de esas siglas.<\/p>\n<p dir=\"ltr\">En el momento en que deciden dejar de representar a ese partido que los llev\u00f3, lo mejor entonces que podr\u00edan hacer, es dejar su curul en manos de quien s\u00ed quiere llevar el estandarte de ese partido\u2026 porque de plano que no le veo por ning\u00fan lado el beneficio de que a tres d\u00edas de rendir protesta como diputado por un partido (en el caso de los Pluris), lo abandonen\u2026 gana el sujeto que sin esfuerzo alguno, hoy se sienta en una curul; pierde el partido que pens\u00f3 que v\u00eda el sujeto apoyado, habr\u00eda de representar los intereses de sus siglas.<\/p>\n<p dir=\"ltr\">Tan s\u00f3lo imagine que todos los pluris decidieran renunciar al partido que los llev\u00f3 all\u00ed, y se declaren \u201cindependientes\u201d&#8230;<\/p>\n<p dir=\"ltr\">En el caso de los Uni considero que es diferente, porque ellos no dejan de representar al ciudadano (puede soltar la carcajada)&#8230;<\/p>\n<p dir=\"ltr\">Bueno, es mi forma de ver el caso de Buganza y Sebasti\u00e1n que pudiera decirse que traicionaron la confianza del partido que los postul\u00f3.<\/p>\n<p dir=\"ltr\">II<\/p>\n<p dir=\"ltr\">De an\u00e9cdota: Cuando el diputado \u201cSayayin\u201d Zeyazen Escobar Garc\u00eda supo que Sebasti\u00e1n Reyes Arellano iba a abandonar las siglas de Morena para declararse \u201cInde-PAN-diente\u201d, sac\u00f3 un billete de veinte pesos y lo arroj\u00f3 a la curul del susodicho a la vez que lanzaba una serie de adjetivos que iban desde \u201cTraidor\u201d, \u201cbandido\u201d, \u201cJudas\u201d, \u201cDesleal\u201d, y la que el imaginario morenista quiera agregar.<\/p>\n<p dir=\"ltr\">III<\/p>\n<p dir=\"ltr\">Y como le dec\u00edamos al principio, por la tarde-noche, la 40 Comisiones eran repartidas lo m\u00e1s proporcional que se pudo en el Palacio de Encanto. No se las voy a poner todas, pero s\u00ed he de comentarles algunas que por sus integrantes llaman la atenci\u00f3n, por ejemplo:<\/p>\n<p dir=\"ltr\">* Turismo: Luisa \u00c1ngela Soto Maldonado, presidenta; Mar\u00eda Adela Escamilla Moreno, secretaria y Vicente Guillermo Ben\u00edtez Gonz\u00e1lez, vocal.<\/p>\n<p dir=\"ltr\">El asunto es por Vicente Ben\u00edtez, quien al menos podr\u00eda impulsar el hermanamiento de San Andr\u00e9s Tuxtla con San Jos\u00e9, Costa Rica.<\/p>\n<p dir=\"ltr\">* Trabajo y Previsi\u00f3n Social: Juan Nicol\u00e1s Callejas Rold\u00e1n, presidente; Mariana Dunyaska Garc\u00eda, secretaria y Amado Jes\u00fas Cruz Malpica, vocal.<\/p>\n<p dir=\"ltr\">\u00bfAhora s\u00ed le har\u00e1 justicia King Callejas a su prima?<\/p>\n<p dir=\"ltr\">* Salud y Asistencia: Jos\u00e9 Kirsch S\u00e1nchez, presidente; Luis \u00c1ngela Soto Maldonado, secretaria y Cinthya Amaranta Lobato Calder\u00f3n, vocal.<\/p>\n<p dir=\"ltr\">Al diputado por Poza Rica no le cay\u00f3 en gracia que Luisa \u00c1ngela, se\u00f1alada por varias lindezas que ara\u00f1an la corrupci\u00f3n, est\u00e9 en esta Comisi\u00f3n\u2026 la defendi\u00f3 Rodrigo Garc\u00eda Escalante.<\/p>\n<p dir=\"ltr\">* Promoci\u00f3n Comercial y Fomento a la Inversi\u00f3n: Luis Daniel Olmos Barradas, presidente; Sergio Rodr\u00edguez Cort\u00e9s, secretario y Patricia Rodr\u00edguez Cueto, vocal.<\/p>\n<p dir=\"ltr\">Bueno, Sergio Rodr\u00edguez Cort\u00e9s (a quien en el borrador le cambiaron el apellido materno por \u201cHern\u00e1ndez\u201d), sabe lo que es invertir vistiendo de rojo.<\/p>\n<p dir=\"ltr\">* Procuraci\u00f3n de Justicia: Juan Manuel \u201cEl Flaco\u201d del Castillo, presidente; Mar\u00eda Josefina Gamboa Torales, secretaria y Zenyazen Roberto Escobar Garc\u00eda, vocal.<\/p>\n<p dir=\"ltr\">El chiste se cuenta solo\u2026<\/p>\n<p dir=\"ltr\">* Para la Igualdad de G\u00e9nero: Teresita Zuccolotto Feito, presidenta; Janeth Garc\u00eda Cruz, secretaria y Tanya Carola Viveros Ch\u00e1zaro, vocal.<\/p>\n<p dir=\"ltr\">\u00bfY d\u00f3nde qued\u00f3 la igualdad sin varones?<\/p>\n<p dir=\"ltr\">* Organizaci\u00f3n Pol\u00edtica y Procesos Electorales: Sebasti\u00e1n Reyes Arellano, presidente; Juan Manuel de Unanue, secretario y Jos\u00e9 Roberto Arenas Mart\u00ednez, vocal.<\/p>\n<p dir=\"ltr\">A lo mejor porque Sebasti\u00e1n ser\u00eda lo m\u00e1s equilibrado al carecer de ideolog\u00eda partidista\u2026<\/p>\n<p dir=\"ltr\">* Educaci\u00f3n y Cultura: Jos\u00e9 Roberto Arenas Mart\u00ednez, presidente; Camerino Basilio Picazo P\u00e9rez, secretario y Gregorio Murillo Uscanga, vocal.<\/p>\n<p dir=\"ltr\">\u00bfSer\u00e1 porque dicen que Basilio aplica eso de que la letra con sangre entra?<\/p>\n<p dir=\"ltr\">* Desarrollo Urbano, Ordenamiento Territorial, Vivienda y Fundo Legal: Vicente Ben\u00edtez Gonz\u00e1lez, presidente; Luis Daniel Olmos Barradas, secretario y Janeth Garc\u00eda Cruz, vocal.<\/p>\n<p dir=\"ltr\">El Chileno sabe lo que es el Desarrollo urbano\u2026 y el desenrrollo humano&#8230;<\/p>\n<p dir=\"ltr\">\u00a1Ah! Y siendo uno de los sectores a los que todos los candidatos les promet\u00edan hasta lo que no, se cre\u00f3 la Comisi\u00f3n Especial para la atenci\u00f3n de personas con discapacidad\u2026 ya debiera ser de caj\u00f3n, \u00bfo no?<\/p>\n<p dir=\"ltr\">Igual se les pas\u00f3 crear una Comisi\u00f3n para el Rescate del Estado\u2026 insisto: El Forever: Fondo para el Rescate de Veracruz porque todo indica que se est\u00e1 quedando como un buen eslogan de campa\u00f1a en la alianza PAN-PRD\u2026 para Rescatar Veracruz.<\/p>\n<div dir=\"ltr\"><\/div>\n<p dir=\"ltr\"><a href=\"mailto:smcainito@gmail.com\" target=\"_blank\">smcainito@gmail.com<\/a><\/p>\n","protected":false},"excerpt":{"rendered":"<p>Salvador Mu\u00f1oz Los Pol\u00edticos Va agarrando forma la LXIV Legislatura\u2026 tan va agarrando forma que ya hay dos diputados independientes y por la tarde-noche, se integraban las ansiadas Comisiones del pastel que representa el Congreso del Estado. Hay algo que me llena de duda respecto a la \u201cindependencia\u201d de los diputados Gerardo Buganza Salmer\u00f3n y [&hellip;]<\/p>\n","protected":false},"author":2,"featured_media":0,"comment_status":"open","ping_status":"open","sticky":false,"template":"","format":"standard","meta":{"tdm_status":"","tdm_grid_status":"","footnotes":""},"categories":[70],"tags":[6675,854,6480,6670],"class_list":{"0":"post-27801","1":"post","2":"type-post","3":"status-publish","4":"format-standard","6":"category-de-opinion","7":"tag-comisiones","8":"tag-gerardo-buganza-salmeron","9":"tag-lxiv-legislatura","10":"tag-sebastian-reyes-arellano"},"yoast_head":"<!-- This site is optimized with the Yoast SEO plugin v27.4 - https:\/\/yoast.com\/product\/yoast-seo-wordpress\/ -->\n<title>El reparto del pastel legislativo - Los pol\u00edticos Veracruz<\/title>\n<meta name=\"robots\" content=\"index, follow, max-snippet:-1, max-image-preview:large, max-video-preview:-1\" \/>\n<link rel=\"canonical\" href=\"https:\/\/lospoliticosveracruz.com\/?p=27801\" \/>\n<meta property=\"og:locale\" content=\"es_ES\" \/>\n<meta property=\"og:type\" content=\"article\" \/>\n<meta property=\"og:title\" content=\"El reparto del pastel legislativo - Los pol\u00edticos Veracruz\" \/>\n<meta property=\"og:description\" content=\"Salvador Mu\u00f1oz Los Pol\u00edticos Va agarrando forma la LXIV Legislatura\u2026 tan va agarrando forma que ya hay dos diputados independientes y por la tarde-noche, se integraban las ansiadas Comisiones del pastel que representa el Congreso del Estado. Hay algo que me llena de duda respecto a la \u201cindependencia\u201d de los diputados Gerardo Buganza Salmer\u00f3n y [&hellip;]\" \/>\n<meta property=\"og:url\" content=\"https:\/\/lospoliticosveracruz.com\/?p=27801\" \/>\n<meta property=\"og:site_name\" content=\"Los pol\u00edticos Veracruz\" \/>\n<meta property=\"article:publisher\" content=\"https:\/\/www.facebook.com\/people\/Notimemes-de-los-Polticos\/61565672886568\/\" \/>\n<meta property=\"article:published_time\" content=\"2016-11-09T04:34:55+00:00\" \/>\n<meta property=\"og:image\" content=\"https:\/\/lospoliticosveracruz.com\/wp-content\/uploads\/2016\/07\/Logo-Dor.jpg\" \/>\n\t<meta property=\"og:image:width\" content=\"200\" \/>\n\t<meta property=\"og:image:height\" content=\"200\" \/>\n\t<meta property=\"og:image:type\" content=\"image\/jpeg\" \/>\n<meta name=\"author\" content=\"Lo viste en Los Pol\u00edticos\" \/>\n<meta name=\"twitter:card\" content=\"summary_large_image\" \/>\n<meta name=\"twitter:creator\" content=\"@LosPoliticosVer\" \/>\n<meta name=\"twitter:site\" content=\"@LosPoliticosVer\" \/>\n<meta name=\"twitter:label1\" content=\"Escrito por\" \/>\n\t<meta name=\"twitter:data1\" content=\"Lo viste en Los Pol\u00edticos\" \/>\n\t<meta name=\"twitter:label2\" content=\"Tiempo de lectura\" \/>\n\t<meta name=\"twitter:data2\" content=\"4 minutos\" \/>\n<script type=\"application\/ld+json\" class=\"yoast-schema-graph\">{\"@context\":\"https:\\\/\\\/schema.org\",\"@graph\":[{\"@type\":\"Article\",\"@id\":\"https:\\\/\\\/lospoliticosveracruz.com\\\/?p=27801#article\",\"isPartOf\":{\"@id\":\"https:\\\/\\\/lospoliticosveracruz.com\\\/?p=27801\"},\"author\":{\"name\":\"Lo viste en Los Pol\u00edticos\",\"@id\":\"https:\\\/\\\/lospoliticosveracruz.com\\\/#\\\/schema\\\/person\\\/b8702bb0e538456e6efd07080bf2a4a2\"},\"headline\":\"El reparto del pastel legislativo\",\"datePublished\":\"2016-11-09T04:34:55+00:00\",\"mainEntityOfPage\":{\"@id\":\"https:\\\/\\\/lospoliticosveracruz.com\\\/?p=27801\"},\"wordCount\":861,\"commentCount\":0,\"publisher\":{\"@id\":\"https:\\\/\\\/lospoliticosveracruz.com\\\/#organization\"},\"keywords\":[\"Comisiones\",\"Gerardo Buganza Salmer\u00f3n\",\"LXIV Legislatura\",\"Sebasti\u00e1n Reyes Arellano\"],\"articleSection\":[\"De Opini\u00f3n\"],\"inLanguage\":\"es\",\"potentialAction\":[{\"@type\":\"CommentAction\",\"name\":\"Comment\",\"target\":[\"https:\\\/\\\/lospoliticosveracruz.com\\\/?p=27801#respond\"]}]},{\"@type\":\"WebPage\",\"@id\":\"https:\\\/\\\/lospoliticosveracruz.com\\\/?p=27801\",\"url\":\"https:\\\/\\\/lospoliticosveracruz.com\\\/?p=27801\",\"name\":\"El reparto del pastel legislativo - Los pol\u00edticos Veracruz\",\"isPartOf\":{\"@id\":\"https:\\\/\\\/lospoliticosveracruz.com\\\/#website\"},\"datePublished\":\"2016-11-09T04:34:55+00:00\",\"breadcrumb\":{\"@id\":\"https:\\\/\\\/lospoliticosveracruz.com\\\/?p=27801#breadcrumb\"},\"inLanguage\":\"es\",\"potentialAction\":[{\"@type\":\"ReadAction\",\"target\":[\"https:\\\/\\\/lospoliticosveracruz.com\\\/?p=27801\"]}]},{\"@type\":\"BreadcrumbList\",\"@id\":\"https:\\\/\\\/lospoliticosveracruz.com\\\/?p=27801#breadcrumb\",\"itemListElement\":[{\"@type\":\"ListItem\",\"position\":1,\"name\":\"Portada\",\"item\":\"https:\\\/\\\/lospoliticosveracruz.com\\\/\"},{\"@type\":\"ListItem\",\"position\":2,\"name\":\"El reparto del pastel legislativo\"}]},{\"@type\":\"WebSite\",\"@id\":\"https:\\\/\\\/lospoliticosveracruz.com\\\/#website\",\"url\":\"https:\\\/\\\/lospoliticosveracruz.com\\\/\",\"name\":\"Los pol\u00edticos Veracruz\",\"description\":\"\",\"publisher\":{\"@id\":\"https:\\\/\\\/lospoliticosveracruz.com\\\/#organization\"},\"potentialAction\":[{\"@type\":\"SearchAction\",\"target\":{\"@type\":\"EntryPoint\",\"urlTemplate\":\"https:\\\/\\\/lospoliticosveracruz.com\\\/?s={search_term_string}\"},\"query-input\":{\"@type\":\"PropertyValueSpecification\",\"valueRequired\":true,\"valueName\":\"search_term_string\"}}],\"inLanguage\":\"es\"},{\"@type\":\"Organization\",\"@id\":\"https:\\\/\\\/lospoliticosveracruz.com\\\/#organization\",\"name\":\"Los pol\u00edticos Veracruz\",\"url\":\"https:\\\/\\\/lospoliticosveracruz.com\\\/\",\"logo\":{\"@type\":\"ImageObject\",\"inLanguage\":\"es\",\"@id\":\"https:\\\/\\\/lospoliticosveracruz.com\\\/#\\\/schema\\\/logo\\\/image\\\/\",\"url\":\"https:\\\/\\\/lospoliticosveracruz.com\\\/wp-content\\\/uploads\\\/2025\\\/12\\\/Logo-Nuevo-LOS-POLITICOS-1.jpg\",\"contentUrl\":\"https:\\\/\\\/lospoliticosveracruz.com\\\/wp-content\\\/uploads\\\/2025\\\/12\\\/Logo-Nuevo-LOS-POLITICOS-1.jpg\",\"width\":260,\"height\":70,\"caption\":\"Los pol\u00edticos Veracruz\"},\"image\":{\"@id\":\"https:\\\/\\\/lospoliticosveracruz.com\\\/#\\\/schema\\\/logo\\\/image\\\/\"},\"sameAs\":[\"https:\\\/\\\/www.facebook.com\\\/people\\\/Notimemes-de-los-Polticos\\\/61565672886568\\\/\",\"https:\\\/\\\/x.com\\\/LosPoliticosVer\"]},{\"@type\":\"Person\",\"@id\":\"https:\\\/\\\/lospoliticosveracruz.com\\\/#\\\/schema\\\/person\\\/b8702bb0e538456e6efd07080bf2a4a2\",\"name\":\"Lo viste en Los Pol\u00edticos\",\"image\":{\"@type\":\"ImageObject\",\"inLanguage\":\"es\",\"@id\":\"https:\\\/\\\/secure.gravatar.com\\\/avatar\\\/3a8de04a2656d44082be478bd6c086daa447c4651605818287b9532d3d0bd435?s=96&d=mm&r=g\",\"url\":\"https:\\\/\\\/secure.gravatar.com\\\/avatar\\\/3a8de04a2656d44082be478bd6c086daa447c4651605818287b9532d3d0bd435?s=96&d=mm&r=g\",\"contentUrl\":\"https:\\\/\\\/secure.gravatar.com\\\/avatar\\\/3a8de04a2656d44082be478bd6c086daa447c4651605818287b9532d3d0bd435?s=96&d=mm&r=g\",\"caption\":\"Lo viste en Los Pol\u00edticos\"},\"url\":\"https:\\\/\\\/lospoliticosveracruz.com\\\/?author=2\"}]}<\/script>\n<!-- \/ Yoast SEO plugin. -->","yoast_head_json":{"title":"El reparto del pastel legislativo - Los pol\u00edticos Veracruz","robots":{"index":"index","follow":"follow","max-snippet":"max-snippet:-1","max-image-preview":"max-image-preview:large","max-video-preview":"max-video-preview:-1"},"canonical":"https:\/\/lospoliticosveracruz.com\/?p=27801","og_locale":"es_ES","og_type":"article","og_title":"El reparto del pastel legislativo - Los pol\u00edticos Veracruz","og_description":"Salvador Mu\u00f1oz Los Pol\u00edticos Va agarrando forma la LXIV Legislatura\u2026 tan va agarrando forma que ya hay dos diputados independientes y por la tarde-noche, se integraban las ansiadas Comisiones del pastel que representa el Congreso del Estado. Hay algo que me llena de duda respecto a la \u201cindependencia\u201d de los diputados Gerardo Buganza Salmer\u00f3n y [&hellip;]","og_url":"https:\/\/lospoliticosveracruz.com\/?p=27801","og_site_name":"Los pol\u00edticos Veracruz","article_publisher":"https:\/\/www.facebook.com\/people\/Notimemes-de-los-Polticos\/61565672886568\/","article_published_time":"2016-11-09T04:34:55+00:00","og_image":[{"width":200,"height":200,"url":"https:\/\/lospoliticosveracruz.com\/wp-content\/uploads\/2016\/07\/Logo-Dor.jpg","type":"image\/jpeg"}],"author":"Lo viste en Los Pol\u00edticos","twitter_card":"summary_large_image","twitter_creator":"@LosPoliticosVer","twitter_site":"@LosPoliticosVer","twitter_misc":{"Escrito por":"Lo viste en Los Pol\u00edticos","Tiempo de lectura":"4 minutos"},"schema":{"@context":"https:\/\/schema.org","@graph":[{"@type":"Article","@id":"https:\/\/lospoliticosveracruz.com\/?p=27801#article","isPartOf":{"@id":"https:\/\/lospoliticosveracruz.com\/?p=27801"},"author":{"name":"Lo viste en Los Pol\u00edticos","@id":"https:\/\/lospoliticosveracruz.com\/#\/schema\/person\/b8702bb0e538456e6efd07080bf2a4a2"},"headline":"El reparto del pastel legislativo","datePublished":"2016-11-09T04:34:55+00:00","mainEntityOfPage":{"@id":"https:\/\/lospoliticosveracruz.com\/?p=27801"},"wordCount":861,"commentCount":0,"publisher":{"@id":"https:\/\/lospoliticosveracruz.com\/#organization"},"keywords":["Comisiones","Gerardo Buganza Salmer\u00f3n","LXIV Legislatura","Sebasti\u00e1n Reyes Arellano"],"articleSection":["De Opini\u00f3n"],"inLanguage":"es","potentialAction":[{"@type":"CommentAction","name":"Comment","target":["https:\/\/lospoliticosveracruz.com\/?p=27801#respond"]}]},{"@type":"WebPage","@id":"https:\/\/lospoliticosveracruz.com\/?p=27801","url":"https:\/\/lospoliticosveracruz.com\/?p=27801","name":"El reparto del pastel legislativo - Los pol\u00edticos Veracruz","isPartOf":{"@id":"https:\/\/lospoliticosveracruz.com\/#website"},"datePublished":"2016-11-09T04:34:55+00:00","breadcrumb":{"@id":"https:\/\/lospoliticosveracruz.com\/?p=27801#breadcrumb"},"inLanguage":"es","potentialAction":[{"@type":"ReadAction","target":["https:\/\/lospoliticosveracruz.com\/?p=27801"]}]},{"@type":"BreadcrumbList","@id":"https:\/\/lospoliticosveracruz.com\/?p=27801#breadcrumb","itemListElement":[{"@type":"ListItem","position":1,"name":"Portada","item":"https:\/\/lospoliticosveracruz.com\/"},{"@type":"ListItem","position":2,"name":"El reparto del pastel legislativo"}]},{"@type":"WebSite","@id":"https:\/\/lospoliticosveracruz.com\/#website","url":"https:\/\/lospoliticosveracruz.com\/","name":"Los pol\u00edticos Veracruz","description":"","publisher":{"@id":"https:\/\/lospoliticosveracruz.com\/#organization"},"potentialAction":[{"@type":"SearchAction","target":{"@type":"EntryPoint","urlTemplate":"https:\/\/lospoliticosveracruz.com\/?s={search_term_string}"},"query-input":{"@type":"PropertyValueSpecification","valueRequired":true,"valueName":"search_term_string"}}],"inLanguage":"es"},{"@type":"Organization","@id":"https:\/\/lospoliticosveracruz.com\/#organization","name":"Los pol\u00edticos Veracruz","url":"https:\/\/lospoliticosveracruz.com\/","logo":{"@type":"ImageObject","inLanguage":"es","@id":"https:\/\/lospoliticosveracruz.com\/#\/schema\/logo\/image\/","url":"https:\/\/lospoliticosveracruz.com\/wp-content\/uploads\/2025\/12\/Logo-Nuevo-LOS-POLITICOS-1.jpg","contentUrl":"https:\/\/lospoliticosveracruz.com\/wp-content\/uploads\/2025\/12\/Logo-Nuevo-LOS-POLITICOS-1.jpg","width":260,"height":70,"caption":"Los pol\u00edticos Veracruz"},"image":{"@id":"https:\/\/lospoliticosveracruz.com\/#\/schema\/logo\/image\/"},"sameAs":["https:\/\/www.facebook.com\/people\/Notimemes-de-los-Polticos\/61565672886568\/","https:\/\/x.com\/LosPoliticosVer"]},{"@type":"Person","@id":"https:\/\/lospoliticosveracruz.com\/#\/schema\/person\/b8702bb0e538456e6efd07080bf2a4a2","name":"Lo viste en Los Pol\u00edticos","image":{"@type":"ImageObject","inLanguage":"es","@id":"https:\/\/secure.gravatar.com\/avatar\/3a8de04a2656d44082be478bd6c086daa447c4651605818287b9532d3d0bd435?s=96&d=mm&r=g","url":"https:\/\/secure.gravatar.com\/avatar\/3a8de04a2656d44082be478bd6c086daa447c4651605818287b9532d3d0bd435?s=96&d=mm&r=g","contentUrl":"https:\/\/secure.gravatar.com\/avatar\/3a8de04a2656d44082be478bd6c086daa447c4651605818287b9532d3d0bd435?s=96&d=mm&r=g","caption":"Lo viste en Los Pol\u00edticos"},"url":"https:\/\/lospoliticosveracruz.com\/?author=2"}]}},"_links":{"self":[{"href":"https:\/\/lospoliticosveracruz.com\/index.php?rest_route=\/wp\/v2\/posts\/27801","targetHints":{"allow":["GET"]}}],"collection":[{"href":"https:\/\/lospoliticosveracruz.com\/index.php?rest_route=\/wp\/v2\/posts"}],"about":[{"href":"https:\/\/lospoliticosveracruz.com\/index.php?rest_route=\/wp\/v2\/types\/post"}],"author":[{"embeddable":true,"href":"https:\/\/lospoliticosveracruz.com\/index.php?rest_route=\/wp\/v2\/users\/2"}],"replies":[{"embeddable":true,"href":"https:\/\/lospoliticosveracruz.com\/index.php?rest_route=%2Fwp%2Fv2%2Fcomments&post=27801"}],"version-history":[{"count":1,"href":"https:\/\/lospoliticosveracruz.com\/index.php?rest_route=\/wp\/v2\/posts\/27801\/revisions"}],"predecessor-version":[{"id":27811,"href":"https:\/\/lospoliticosveracruz.com\/index.php?rest_route=\/wp\/v2\/posts\/27801\/revisions\/27811"}],"wp:attachment":[{"href":"https:\/\/lospoliticosveracruz.com\/index.php?rest_route=%2Fwp%2Fv2%2Fmedia&parent=27801"}],"wp:term":[{"taxonomy":"category","embeddable":true,"href":"https:\/\/lospoliticosveracruz.com\/index.php?rest_route=%2Fwp%2Fv2%2Fcategories&post=27801"},{"taxonomy":"post_tag","embeddable":true,"href":"https:\/\/lospoliticosveracruz.com\/index.php?rest_route=%2Fwp%2Fv2%2Ftags&post=27801"}],"curies":[{"name":"wp","href":"https:\/\/api.w.org\/{rel}","templated":true}]}}