{"id":27838,"date":"2016-11-09T20:18:00","date_gmt":"2016-11-10T02:18:00","guid":{"rendered":"http:\/\/www.lospoliticosveracruz.com.mx\/?p=27838"},"modified":"2016-11-09T20:18:00","modified_gmt":"2016-11-10T02:18:00","slug":"sin-recursos-dificil-la-tranquilidad-flavino","status":"publish","type":"post","link":"https:\/\/lospoliticosveracruz.com\/?p=27838","title":{"rendered":"Sin recursos, dif\u00edcil la tranquilidad: Flavino\u00a0"},"content":{"rendered":"<p><strong>Fanny Y\u00e9pez<\/strong><\/p>\n<p><em>La Columna<\/em><u><\/u><u><\/u><\/p>\n<p>&nbsp;<\/p>\n<p>&nbsp;<\/p>\n<p><b><\/b>Flavino R\u00edos Alvarado se ha mantenido estoico, como los verdaderos pol\u00edticos.<u><\/u><u><\/u><\/p>\n<p>Le toc\u00f3 bailar con la m\u00e1s fea y no se ha rajado, pero es f\u00e1cil advertir que debe estar hasta la coronilla de todo lo que est\u00e1 viviendo; si, con esos t\u00e9rminos hay que describirlo, porque lleg\u00f3 en el momento m\u00e1s dram\u00e1tico que vive la sociedad veracruzana, pero sab\u00eda cu\u00e1l era su riesgo, porque si no hubiera sido \u00e9l, habr\u00eda sido otro u otra persona. Alguien ten\u00eda que dar la cara como gobernador.<u><\/u><u><\/u><\/p>\n<p>Todos los d\u00edas lo han entrevistado y cada d\u00eda dice algo nuevo, lo dice con mesura, con respeto de quien lo entrevista y de todo el p\u00fablico que va a escuchar o leer esa informaci\u00f3n.<u><\/u><u><\/u><\/p>\n<p>Me queda claro que no es monedita de oro porque mientras algunos le reconocen su capacidad, otros lo se\u00f1alan acus\u00e1ndolo de todo.<u><\/u><u><\/u><\/p>\n<p>Ha escuchado reclamos, gritos, ofensas y como un experto en Psicolog\u00eda, ha dejado que se desahoguen, ha permitido que los agraviados disfruten su catarsis, \u00a0porque efectivamente, la soluci\u00f3n solo se puede ofrecer con dinero y no hay, otros se lo gastaron, se lo robaron, lo desviaron.<u><\/u><u><\/u><\/p>\n<p>Remarc\u00f3 en la entrevista que el trasfondo para regresar a la tranquilidad social en el estado \u201ces de recursos\u201d y no los hay.<u><\/u><u><\/u><\/p>\n<p>Este mi\u00e9rcoles ataj\u00f3 a\u00a0 la prensa con una respuesta a bote pronto, cuando le preguntaron sobre la demanda de los ediles de oposici\u00f3n, de que renuncie al cargo y respondi\u00f3 \u201cSe las firmo\u2026\u201d, porque asegur\u00f3 que no es un tema que le preocupe.<u><\/u><u><\/u><\/p>\n<p>El lunes anterior ya hab\u00eda dicho que desconoc\u00eda la gravedad de las finanzas del estado, que de haber sabido no hubiera aceptado el cargo como gobernador.<u><\/u><u><\/u><\/p>\n<p>Vamos, se sac\u00f3 la rifa del tigre.<u><\/u><u><\/u><\/p>\n<p>Pero no pierde la compostura ante esa descomposici\u00f3n que se ha venido dando, con la presencia de los alcaldes que tienen tomado el palacio, la llegada del joven dirigente panista Ricardo Anaya Cort\u00e9s, que tambi\u00e9n durmi\u00f3 ah\u00ed con todos los alcaldes, porque todav\u00eda al final de la entrevista de este mi\u00e9rcoles dijo: \u00abLas elecciones ya pasaron, tenemos que ponernos a trabajar todos en armon\u00eda, en paz y en tranquilidad pol\u00edtica\u00bb, exhort\u00f3.<u><\/u><u><\/u><\/p>\n<p>\u00a1Cuidado!, si le insisten lo m\u00e1s seguro es que renuncie y vendr\u00e1 otro y as\u00ed nos la llevamos.<u><\/u><u><\/u><\/p>\n<p>Hoy tenemos tres gobernadores: uno con licencia, otro en funciones y otro m\u00e1s electo. Vaya.<\/p>\n<p><b>Tania Carola puede dar la sorpresa de sus capacidades<u><\/u><u><\/u><\/b><\/p>\n<p>La diputada Tania Carola Viveros Ch\u00e1zaro, presidenta de la Comisi\u00f3n de Ciencia y Tecnolog\u00eda del Congreso local, es una joven din\u00e1mica, inquieta y sobre todo muy natural, porque sin poses mantiene su misma personalidad como cuando se registr\u00f3 como candidata, pantal\u00f3n de mezclilla, blusa ligera y tenis para sentirse m\u00e1s c\u00f3moda.<u><\/u><u><\/u><\/p>\n<p>Sin embargo, a algunos no les gust\u00f3 que el d\u00eda de su toma de posesi\u00f3n la morenista fuera con la misma vestimenta, pero ella misma aclar\u00f3 que le parecen observaciones muy banales, porque no piensa con la ropa, adem\u00e1s invit\u00f3 a los que hicieron la censura a que la acompa\u00f1en y que conozcan su trabajo.<u><\/u><u><\/u><\/p>\n<p>Record\u00f3 que durante su campa\u00f1a siempre anduvo as\u00ed, recorriendo las calles y las casas por lo que dijo que no se presentaba disfrazada, es su forma natural de comportarse.<u><\/u><u><\/u><\/p>\n<p>Los pol\u00edticos que realmente quieren trabajar, para ellos la ropa, la voz, las poses y otras futilezas, seguramente son superficiales y los veracruzanos para qu\u00e9 los queremos elegantes, subidos en una Suburban con loci\u00f3n francesa, si despu\u00e9s hacen tropel\u00edas que deterioran la verdadera imagen que deben tener los que aceptan una responsabilidad de la funci\u00f3n p\u00fablica.<u><\/u><u><\/u><\/p>\n<p>Me parece bien la sinceridad de la jovencita de lentes y cabello suelto que todav\u00eda no conozco personalmente, pero las redes sociales y la informaci\u00f3n que la envolvi\u00f3, despert\u00f3 mi inter\u00e9s por saber m\u00e1s de ella y me parece que su trabajo va a ser objetivo, directo y con resultados.<\/p>\n<p><b>July Sheridan se qued\u00f3 dormida en la segunda sesi\u00f3n del Congreso local<u><\/u><u><\/u><\/b><\/p>\n<p>Como nunca puede faltar el \u201cnegrito\u201d en el arroz, la que dio mucho de qu\u00e9 hablar en la segunda sesi\u00f3n del Congreso local fue la diputada, tambi\u00e9n de Morena, , resulta que la fotografiaron perfectamente dormida en su curul.<u><\/u><u><\/u><\/p>\n<p>Tal vez se desvel\u00f3 viendo a Donald Trump, pero lo cierto es que no se aguant\u00f3, sinti\u00f3 la comodidad de ese asiento y le gan\u00f3 el sue\u00f1o. Nunca cont\u00f3 que en ese ejercicio pol\u00edtico las c\u00e1maras y los fot\u00f3grafos en eso est\u00e9n, porque ese es su trabajo y \u00a1Flash! As\u00ed sali\u00f3 la foto en las redes sociales.<u><\/u><u><\/u><\/p>\n<p>Los comentarios fueron muy diversos pero es importante que ella misma los lea para retroalimentarse y aprender a comportarse, por lo pronto, con eso del cambio de legislatura alguien propuso que se le descuente el d\u00eda, porque no fue a trabajar sino a dormir.<u><\/u><u><\/u><\/p>\n<p>Es muy penoso hablar o escribir mal de una dama, pero en estos casos se justifica por su bien.<u><\/u><u><\/u><\/p>\n<p>En estas andanzas el que no cae resbala, como en la casa del jabonero y \u201cJuly Sheridan\u201d se resbal\u00f3 y se cay\u00f3.<u><\/u><u><\/u><\/p>\n<p>Uno de los aficionados al Facebook dijo \u201cpero que le pueden exigir si no sabe a qu\u00e9 fue ah\u00ed, no entiende nada de lo que hablan\u2026\u201d<u><\/u><u><\/u><\/p>\n<p>As\u00ed le llovi\u00f3 a la representante del Distrito de Minatitl\u00e1n en su segundo d\u00eda de labores.<\/p>\n<p><b>Ahora s\u00ed, vamos a consumir puros productos mexicanos<u><\/u><u><\/u><\/b><\/p>\n<p>Despu\u00e9s de que supimos del triunfo del republicano Donald Trump, el impacto emocional fue muy fuerte, algunos veracruzanos hasta se pusieron tristes; pero al paso de las horas el \u00e1nimo se repuso, comenzaron los \u201cmemes\u201d a circular, y el ingenio del mexicano de nueva cuenta se encarg\u00f3 de borrar ese fuerte choque.<u><\/u><u><\/u><\/p>\n<p>Lo importante es que en el plano serio pude ver muchas recomendaciones para apoyar \u00a0nuestra econom\u00eda, por ejemplo, que las compras de cualquier art\u00edculo que hagamos sea de marca nacional para apoyar a nuestras empresas, comprar los alimentos con la marca mexicana, incluso los m\u00e1s conocedores nos pusieron al tanto diciendo que el C\u00f3digo 750 pertenece a los productos mexicanos.<u><\/u><u><\/u><\/p>\n<p>Si cada mexicano consumiera al mes 800 pesos de productos nacionales (en vez de importados), estar\u00edamos invirtiendo 70 mil millones de pesos al mes a la econom\u00eda mexicana.<u><\/u><u><\/u><\/p>\n<p>Hay que leer la etiqueta del producto que vamos a comprar, descubrir el C\u00f3digo 750 y dejar de consumir productos de otros pa\u00edses, porque seguir comprando productos chinos o americanos, puede provocar que alguien de tu familia se quede sin empleo.<u><\/u><u><\/u><\/p>\n<p>Como en los viejos tiempos, volver al mercado popular a comprar la fruta y las verduras, porque son ellos los que distribuyen lo que producen nuestros campesinos, no regatearles el precio y as\u00ed apoyar la econom\u00eda para hacer el c\u00edrculo virtuoso.<u><\/u><u><\/u><\/p>\n<p>Este mensaje ojala no quede en buenos deseos y todos lo podamos cumplir porque solo de nosotros depende el fortalecimiento de la econom\u00eda que nos va a hacer m\u00e1s fuertes y adem\u00e1s, hacerles sentir a Trump y todos sus compatriotas que les hacemos falta. Como no, claro que s\u00ed.<\/p>\n","protected":false},"excerpt":{"rendered":"<p>Fanny Y\u00e9pez La Columna &nbsp; &nbsp; Flavino R\u00edos Alvarado se ha mantenido estoico, como los verdaderos pol\u00edticos. Le toc\u00f3 bailar con la m\u00e1s fea y no se ha rajado, pero es f\u00e1cil advertir que debe estar hasta la coronilla de todo lo que est\u00e1 viviendo; si, con esos t\u00e9rminos hay que describirlo, porque lleg\u00f3 en [&hellip;]<\/p>\n","protected":false},"author":2,"featured_media":0,"comment_status":"open","ping_status":"open","sticky":false,"template":"","format":"standard","meta":{"tdm_status":"","tdm_grid_status":"","footnotes":""},"categories":[70],"tags":[2846,343,6684,3135,6683],"class_list":{"0":"post-27838","1":"post","2":"type-post","3":"status-publish","4":"format-standard","6":"category-de-opinion","7":"tag-donald-trump","8":"tag-flavino-rios-alvarado","9":"tag-miriam-judith-gonzalez-sheridan","10":"tag-ricardo-anaya-cortes","11":"tag-tania-carola-viveros-chazaro"},"yoast_head":"<!-- This site is optimized with the Yoast SEO plugin v27.4 - https:\/\/yoast.com\/product\/yoast-seo-wordpress\/ -->\n<title>Sin recursos, dif\u00edcil la tranquilidad: Flavino\u00a0 - Los pol\u00edticos Veracruz<\/title>\n<meta name=\"robots\" content=\"index, follow, max-snippet:-1, max-image-preview:large, max-video-preview:-1\" \/>\n<link rel=\"canonical\" href=\"https:\/\/lospoliticosveracruz.com\/?p=27838\" \/>\n<meta property=\"og:locale\" content=\"es_ES\" \/>\n<meta property=\"og:type\" content=\"article\" \/>\n<meta property=\"og:title\" content=\"Sin recursos, dif\u00edcil la tranquilidad: Flavino\u00a0 - Los pol\u00edticos Veracruz\" \/>\n<meta property=\"og:description\" content=\"Fanny Y\u00e9pez La Columna &nbsp; &nbsp; Flavino R\u00edos Alvarado se ha mantenido estoico, como los verdaderos pol\u00edticos. Le toc\u00f3 bailar con la m\u00e1s fea y no se ha rajado, pero es f\u00e1cil advertir que debe estar hasta la coronilla de todo lo que est\u00e1 viviendo; si, con esos t\u00e9rminos hay que describirlo, porque lleg\u00f3 en [&hellip;]\" \/>\n<meta property=\"og:url\" content=\"https:\/\/lospoliticosveracruz.com\/?p=27838\" \/>\n<meta property=\"og:site_name\" content=\"Los pol\u00edticos Veracruz\" \/>\n<meta property=\"article:publisher\" content=\"https:\/\/www.facebook.com\/people\/Notimemes-de-los-Polticos\/61565672886568\/\" \/>\n<meta property=\"article:published_time\" content=\"2016-11-10T02:18:00+00:00\" \/>\n<meta property=\"og:image\" content=\"https:\/\/lospoliticosveracruz.com\/wp-content\/uploads\/2016\/07\/Logo-Dor.jpg\" \/>\n\t<meta property=\"og:image:width\" content=\"200\" \/>\n\t<meta property=\"og:image:height\" content=\"200\" \/>\n\t<meta property=\"og:image:type\" content=\"image\/jpeg\" \/>\n<meta name=\"author\" content=\"Lo viste en Los Pol\u00edticos\" \/>\n<meta name=\"twitter:card\" content=\"summary_large_image\" \/>\n<meta name=\"twitter:creator\" content=\"@LosPoliticosVer\" \/>\n<meta name=\"twitter:site\" content=\"@LosPoliticosVer\" \/>\n<meta name=\"twitter:label1\" content=\"Escrito por\" \/>\n\t<meta name=\"twitter:data1\" content=\"Lo viste en Los Pol\u00edticos\" \/>\n\t<meta name=\"twitter:label2\" content=\"Tiempo de lectura\" \/>\n\t<meta name=\"twitter:data2\" content=\"6 minutos\" \/>\n<script type=\"application\/ld+json\" class=\"yoast-schema-graph\">{\"@context\":\"https:\\\/\\\/schema.org\",\"@graph\":[{\"@type\":\"Article\",\"@id\":\"https:\\\/\\\/lospoliticosveracruz.com\\\/?p=27838#article\",\"isPartOf\":{\"@id\":\"https:\\\/\\\/lospoliticosveracruz.com\\\/?p=27838\"},\"author\":{\"name\":\"Lo viste en Los Pol\u00edticos\",\"@id\":\"https:\\\/\\\/lospoliticosveracruz.com\\\/#\\\/schema\\\/person\\\/b8702bb0e538456e6efd07080bf2a4a2\"},\"headline\":\"Sin recursos, dif\u00edcil la tranquilidad: Flavino\u00a0\",\"datePublished\":\"2016-11-10T02:18:00+00:00\",\"mainEntityOfPage\":{\"@id\":\"https:\\\/\\\/lospoliticosveracruz.com\\\/?p=27838\"},\"wordCount\":1242,\"commentCount\":0,\"publisher\":{\"@id\":\"https:\\\/\\\/lospoliticosveracruz.com\\\/#organization\"},\"keywords\":[\"Donald Trump\",\"Flavino R\u00edos Alvarado\",\"Miriam Judith Gonz\u00e1lez Sheridan\",\"Ricardo Anaya Cort\u00e9s\",\"Tania Carola Viveros Ch\u00e1zaro\"],\"articleSection\":[\"De Opini\u00f3n\"],\"inLanguage\":\"es\",\"potentialAction\":[{\"@type\":\"CommentAction\",\"name\":\"Comment\",\"target\":[\"https:\\\/\\\/lospoliticosveracruz.com\\\/?p=27838#respond\"]}]},{\"@type\":\"WebPage\",\"@id\":\"https:\\\/\\\/lospoliticosveracruz.com\\\/?p=27838\",\"url\":\"https:\\\/\\\/lospoliticosveracruz.com\\\/?p=27838\",\"name\":\"Sin recursos, dif\u00edcil la tranquilidad: Flavino\u00a0 - Los pol\u00edticos Veracruz\",\"isPartOf\":{\"@id\":\"https:\\\/\\\/lospoliticosveracruz.com\\\/#website\"},\"datePublished\":\"2016-11-10T02:18:00+00:00\",\"breadcrumb\":{\"@id\":\"https:\\\/\\\/lospoliticosveracruz.com\\\/?p=27838#breadcrumb\"},\"inLanguage\":\"es\",\"potentialAction\":[{\"@type\":\"ReadAction\",\"target\":[\"https:\\\/\\\/lospoliticosveracruz.com\\\/?p=27838\"]}]},{\"@type\":\"BreadcrumbList\",\"@id\":\"https:\\\/\\\/lospoliticosveracruz.com\\\/?p=27838#breadcrumb\",\"itemListElement\":[{\"@type\":\"ListItem\",\"position\":1,\"name\":\"Portada\",\"item\":\"https:\\\/\\\/lospoliticosveracruz.com\\\/\"},{\"@type\":\"ListItem\",\"position\":2,\"name\":\"Sin recursos, dif\u00edcil la tranquilidad: Flavino\u00a0\"}]},{\"@type\":\"WebSite\",\"@id\":\"https:\\\/\\\/lospoliticosveracruz.com\\\/#website\",\"url\":\"https:\\\/\\\/lospoliticosveracruz.com\\\/\",\"name\":\"Los pol\u00edticos Veracruz\",\"description\":\"\",\"publisher\":{\"@id\":\"https:\\\/\\\/lospoliticosveracruz.com\\\/#organization\"},\"potentialAction\":[{\"@type\":\"SearchAction\",\"target\":{\"@type\":\"EntryPoint\",\"urlTemplate\":\"https:\\\/\\\/lospoliticosveracruz.com\\\/?s={search_term_string}\"},\"query-input\":{\"@type\":\"PropertyValueSpecification\",\"valueRequired\":true,\"valueName\":\"search_term_string\"}}],\"inLanguage\":\"es\"},{\"@type\":\"Organization\",\"@id\":\"https:\\\/\\\/lospoliticosveracruz.com\\\/#organization\",\"name\":\"Los pol\u00edticos Veracruz\",\"url\":\"https:\\\/\\\/lospoliticosveracruz.com\\\/\",\"logo\":{\"@type\":\"ImageObject\",\"inLanguage\":\"es\",\"@id\":\"https:\\\/\\\/lospoliticosveracruz.com\\\/#\\\/schema\\\/logo\\\/image\\\/\",\"url\":\"https:\\\/\\\/lospoliticosveracruz.com\\\/wp-content\\\/uploads\\\/2025\\\/12\\\/Logo-Nuevo-LOS-POLITICOS-1.jpg\",\"contentUrl\":\"https:\\\/\\\/lospoliticosveracruz.com\\\/wp-content\\\/uploads\\\/2025\\\/12\\\/Logo-Nuevo-LOS-POLITICOS-1.jpg\",\"width\":260,\"height\":70,\"caption\":\"Los pol\u00edticos Veracruz\"},\"image\":{\"@id\":\"https:\\\/\\\/lospoliticosveracruz.com\\\/#\\\/schema\\\/logo\\\/image\\\/\"},\"sameAs\":[\"https:\\\/\\\/www.facebook.com\\\/people\\\/Notimemes-de-los-Polticos\\\/61565672886568\\\/\",\"https:\\\/\\\/x.com\\\/LosPoliticosVer\"]},{\"@type\":\"Person\",\"@id\":\"https:\\\/\\\/lospoliticosveracruz.com\\\/#\\\/schema\\\/person\\\/b8702bb0e538456e6efd07080bf2a4a2\",\"name\":\"Lo viste en Los Pol\u00edticos\",\"image\":{\"@type\":\"ImageObject\",\"inLanguage\":\"es\",\"@id\":\"https:\\\/\\\/secure.gravatar.com\\\/avatar\\\/3a8de04a2656d44082be478bd6c086daa447c4651605818287b9532d3d0bd435?s=96&d=mm&r=g\",\"url\":\"https:\\\/\\\/secure.gravatar.com\\\/avatar\\\/3a8de04a2656d44082be478bd6c086daa447c4651605818287b9532d3d0bd435?s=96&d=mm&r=g\",\"contentUrl\":\"https:\\\/\\\/secure.gravatar.com\\\/avatar\\\/3a8de04a2656d44082be478bd6c086daa447c4651605818287b9532d3d0bd435?s=96&d=mm&r=g\",\"caption\":\"Lo viste en Los Pol\u00edticos\"},\"url\":\"https:\\\/\\\/lospoliticosveracruz.com\\\/?author=2\"}]}<\/script>\n<!-- \/ Yoast SEO plugin. -->","yoast_head_json":{"title":"Sin recursos, dif\u00edcil la tranquilidad: Flavino\u00a0 - Los pol\u00edticos Veracruz","robots":{"index":"index","follow":"follow","max-snippet":"max-snippet:-1","max-image-preview":"max-image-preview:large","max-video-preview":"max-video-preview:-1"},"canonical":"https:\/\/lospoliticosveracruz.com\/?p=27838","og_locale":"es_ES","og_type":"article","og_title":"Sin recursos, dif\u00edcil la tranquilidad: Flavino\u00a0 - Los pol\u00edticos Veracruz","og_description":"Fanny Y\u00e9pez La Columna &nbsp; &nbsp; Flavino R\u00edos Alvarado se ha mantenido estoico, como los verdaderos pol\u00edticos. Le toc\u00f3 bailar con la m\u00e1s fea y no se ha rajado, pero es f\u00e1cil advertir que debe estar hasta la coronilla de todo lo que est\u00e1 viviendo; si, con esos t\u00e9rminos hay que describirlo, porque lleg\u00f3 en [&hellip;]","og_url":"https:\/\/lospoliticosveracruz.com\/?p=27838","og_site_name":"Los pol\u00edticos Veracruz","article_publisher":"https:\/\/www.facebook.com\/people\/Notimemes-de-los-Polticos\/61565672886568\/","article_published_time":"2016-11-10T02:18:00+00:00","og_image":[{"width":200,"height":200,"url":"https:\/\/lospoliticosveracruz.com\/wp-content\/uploads\/2016\/07\/Logo-Dor.jpg","type":"image\/jpeg"}],"author":"Lo viste en Los Pol\u00edticos","twitter_card":"summary_large_image","twitter_creator":"@LosPoliticosVer","twitter_site":"@LosPoliticosVer","twitter_misc":{"Escrito por":"Lo viste en Los Pol\u00edticos","Tiempo de lectura":"6 minutos"},"schema":{"@context":"https:\/\/schema.org","@graph":[{"@type":"Article","@id":"https:\/\/lospoliticosveracruz.com\/?p=27838#article","isPartOf":{"@id":"https:\/\/lospoliticosveracruz.com\/?p=27838"},"author":{"name":"Lo viste en Los Pol\u00edticos","@id":"https:\/\/lospoliticosveracruz.com\/#\/schema\/person\/b8702bb0e538456e6efd07080bf2a4a2"},"headline":"Sin recursos, dif\u00edcil la tranquilidad: Flavino\u00a0","datePublished":"2016-11-10T02:18:00+00:00","mainEntityOfPage":{"@id":"https:\/\/lospoliticosveracruz.com\/?p=27838"},"wordCount":1242,"commentCount":0,"publisher":{"@id":"https:\/\/lospoliticosveracruz.com\/#organization"},"keywords":["Donald Trump","Flavino R\u00edos Alvarado","Miriam Judith Gonz\u00e1lez Sheridan","Ricardo Anaya Cort\u00e9s","Tania Carola Viveros Ch\u00e1zaro"],"articleSection":["De Opini\u00f3n"],"inLanguage":"es","potentialAction":[{"@type":"CommentAction","name":"Comment","target":["https:\/\/lospoliticosveracruz.com\/?p=27838#respond"]}]},{"@type":"WebPage","@id":"https:\/\/lospoliticosveracruz.com\/?p=27838","url":"https:\/\/lospoliticosveracruz.com\/?p=27838","name":"Sin recursos, dif\u00edcil la tranquilidad: Flavino\u00a0 - Los pol\u00edticos Veracruz","isPartOf":{"@id":"https:\/\/lospoliticosveracruz.com\/#website"},"datePublished":"2016-11-10T02:18:00+00:00","breadcrumb":{"@id":"https:\/\/lospoliticosveracruz.com\/?p=27838#breadcrumb"},"inLanguage":"es","potentialAction":[{"@type":"ReadAction","target":["https:\/\/lospoliticosveracruz.com\/?p=27838"]}]},{"@type":"BreadcrumbList","@id":"https:\/\/lospoliticosveracruz.com\/?p=27838#breadcrumb","itemListElement":[{"@type":"ListItem","position":1,"name":"Portada","item":"https:\/\/lospoliticosveracruz.com\/"},{"@type":"ListItem","position":2,"name":"Sin recursos, dif\u00edcil la tranquilidad: Flavino\u00a0"}]},{"@type":"WebSite","@id":"https:\/\/lospoliticosveracruz.com\/#website","url":"https:\/\/lospoliticosveracruz.com\/","name":"Los pol\u00edticos Veracruz","description":"","publisher":{"@id":"https:\/\/lospoliticosveracruz.com\/#organization"},"potentialAction":[{"@type":"SearchAction","target":{"@type":"EntryPoint","urlTemplate":"https:\/\/lospoliticosveracruz.com\/?s={search_term_string}"},"query-input":{"@type":"PropertyValueSpecification","valueRequired":true,"valueName":"search_term_string"}}],"inLanguage":"es"},{"@type":"Organization","@id":"https:\/\/lospoliticosveracruz.com\/#organization","name":"Los pol\u00edticos Veracruz","url":"https:\/\/lospoliticosveracruz.com\/","logo":{"@type":"ImageObject","inLanguage":"es","@id":"https:\/\/lospoliticosveracruz.com\/#\/schema\/logo\/image\/","url":"https:\/\/lospoliticosveracruz.com\/wp-content\/uploads\/2025\/12\/Logo-Nuevo-LOS-POLITICOS-1.jpg","contentUrl":"https:\/\/lospoliticosveracruz.com\/wp-content\/uploads\/2025\/12\/Logo-Nuevo-LOS-POLITICOS-1.jpg","width":260,"height":70,"caption":"Los pol\u00edticos Veracruz"},"image":{"@id":"https:\/\/lospoliticosveracruz.com\/#\/schema\/logo\/image\/"},"sameAs":["https:\/\/www.facebook.com\/people\/Notimemes-de-los-Polticos\/61565672886568\/","https:\/\/x.com\/LosPoliticosVer"]},{"@type":"Person","@id":"https:\/\/lospoliticosveracruz.com\/#\/schema\/person\/b8702bb0e538456e6efd07080bf2a4a2","name":"Lo viste en Los Pol\u00edticos","image":{"@type":"ImageObject","inLanguage":"es","@id":"https:\/\/secure.gravatar.com\/avatar\/3a8de04a2656d44082be478bd6c086daa447c4651605818287b9532d3d0bd435?s=96&d=mm&r=g","url":"https:\/\/secure.gravatar.com\/avatar\/3a8de04a2656d44082be478bd6c086daa447c4651605818287b9532d3d0bd435?s=96&d=mm&r=g","contentUrl":"https:\/\/secure.gravatar.com\/avatar\/3a8de04a2656d44082be478bd6c086daa447c4651605818287b9532d3d0bd435?s=96&d=mm&r=g","caption":"Lo viste en Los Pol\u00edticos"},"url":"https:\/\/lospoliticosveracruz.com\/?author=2"}]}},"_links":{"self":[{"href":"https:\/\/lospoliticosveracruz.com\/index.php?rest_route=\/wp\/v2\/posts\/27838","targetHints":{"allow":["GET"]}}],"collection":[{"href":"https:\/\/lospoliticosveracruz.com\/index.php?rest_route=\/wp\/v2\/posts"}],"about":[{"href":"https:\/\/lospoliticosveracruz.com\/index.php?rest_route=\/wp\/v2\/types\/post"}],"author":[{"embeddable":true,"href":"https:\/\/lospoliticosveracruz.com\/index.php?rest_route=\/wp\/v2\/users\/2"}],"replies":[{"embeddable":true,"href":"https:\/\/lospoliticosveracruz.com\/index.php?rest_route=%2Fwp%2Fv2%2Fcomments&post=27838"}],"version-history":[{"count":1,"href":"https:\/\/lospoliticosveracruz.com\/index.php?rest_route=\/wp\/v2\/posts\/27838\/revisions"}],"predecessor-version":[{"id":27841,"href":"https:\/\/lospoliticosveracruz.com\/index.php?rest_route=\/wp\/v2\/posts\/27838\/revisions\/27841"}],"wp:attachment":[{"href":"https:\/\/lospoliticosveracruz.com\/index.php?rest_route=%2Fwp%2Fv2%2Fmedia&parent=27838"}],"wp:term":[{"taxonomy":"category","embeddable":true,"href":"https:\/\/lospoliticosveracruz.com\/index.php?rest_route=%2Fwp%2Fv2%2Fcategories&post=27838"},{"taxonomy":"post_tag","embeddable":true,"href":"https:\/\/lospoliticosveracruz.com\/index.php?rest_route=%2Fwp%2Fv2%2Ftags&post=27838"}],"curies":[{"name":"wp","href":"https:\/\/api.w.org\/{rel}","templated":true}]}}