{"id":27845,"date":"2016-11-09T23:51:49","date_gmt":"2016-11-10T05:51:49","guid":{"rendered":"http:\/\/www.lospoliticosveracruz.com.mx\/?p=27845"},"modified":"2016-11-09T23:51:49","modified_gmt":"2016-11-10T05:51:49","slug":"trump-y-el-2018","status":"publish","type":"post","link":"https:\/\/lospoliticosveracruz.com\/?p=27845","title":{"rendered":"Trump y el 2018"},"content":{"rendered":"<p dir=\"ltr\"><strong>Salvador Mu\u00f1oz<\/strong><\/p>\n<div dir=\"ltr\"><em>Los Pol\u00edticos<\/em><\/div>\n<p dir=\"ltr\">La perspectiva simple ante el triunfo de Donald Trump, o dicho de otra manera, la derrota de Hillary Clinton, empez\u00f3 a dar lugar a tres puntos que bien pueden ser tomados a guasa o en serio, dependiendo del lugar en que cada qui\u00e9n se encuentre parado, as\u00ed como sus filias.<\/p>\n<p dir=\"ltr\">Primer Punto: Al perder Hillary, se viene abajo la candidatura de Margarita Zavala bajo el entendido de que si hubiera ganado la dem\u00f3crata, apuntalar\u00eda en el imaginario colectivo a una mujer en la cima del poder en suelo mexicano.<\/p>\n<p dir=\"ltr\">Aun si fuera candidata, le podr\u00edan aplicar la hip\u00f3tesis inmediata: esposa de ex presidente, no gana.<\/p>\n<p dir=\"ltr\">Conste, dije \u201cinmediata\u201d, porque Argentina con Evita nos la podr\u00eda echar abajo o la misma Cristina Fern\u00e1ndez de Kirchner.<\/p>\n<p dir=\"ltr\">Segundo Punto: Al ganar Donald Trump, quien se posiciona en el imaginario colectivo es Andr\u00e9s Manuel L\u00f3pez Obrador, por esa broma que parec\u00eda campa\u00f1a de desprestigio (\u00bfpara qui\u00e9n?) cuando dec\u00edan que se parec\u00eda al Republicano. Lo cierto es que lo \u00fanico que hay en com\u00fan entre ambos es el discurso nacionalista (cada quien a su modo) cuya intenci\u00f3n es \u201crecuperar al pa\u00eds\u201d (remember \u201cRescatar Veracruz\u201d); por un lado, Donald ten\u00eda como villanos a los migrantes y musulmanes; por otro lado, El Peje concentra a los malosos en la Mafia del Poder echando en un solo saco al PRI y al PAN, aderezando ello con un enemigo en com\u00fan en la sociedad: Carlos Salinas de Gortari, padre del fraude del 88 y de la crisis del 94-95&#8230;<\/p>\n<p dir=\"ltr\">Tercer Punto y \u00e9sta s\u00ed suena a m\u00e1s guasa que nada\u2026 El reposicionamiento de Luis Videgaray Caso, con look nuevo, por haber \u201ctra\u00eddo\u201d a Trump.<\/p>\n<p dir=\"ltr\">II<\/p>\n<p dir=\"ltr\">Conste\u2026 hablamos de una perspectiva simple, sin m\u00e1s fundamento que el imaginario propio de las noticias que se dan y c\u00f3mo uno las recibe e interpreta, sin que por ello haya que darlas por buenas, sino como simple lectura de entretenimiento pol\u00edtico. Luego entonces, si Margarita se deshoja, quien se fortalece es el Se\u00f1or de la Yoga: Ricardo Anaya Cort\u00e9s\u2026<\/p>\n<p dir=\"ltr\">\u00bfQu\u00e9 \u201cpero\u201d se le podr\u00eda poner al panista? Insisto: Se trata de joder al vecino, as\u00ed que en una de \u00e9sas podr\u00edamos denostar su edad. \u00bfC\u00f3mo? \u00a1Si es joven! \u00a1de 37 a\u00f1os!<\/p>\n<p dir=\"ltr\">Igual, remit\u00e1monos a la historia inmediata y veamos desde el per\u00edmetro al centro: Javier Duarte de Ochoa (43 a\u00f1os) y Roberto Borge (36 a\u00f1os), dos gobernadores recientes que no han dejado a la juventud muy bien parada\u2026 ni tampoco a sus partidos. Pero esto es el per\u00edmetro\u2026 si vamos al centro, el mejor ejemplo, desde una perspectiva simple, es nuestro propio Presidente con 50 a\u00f1os actualmente.<\/p>\n<p dir=\"ltr\">Entonces, \u00bfpor qu\u00e9 no apostar a la \u201cexperiencia\u201d que dan los a\u00f1os? \u00a1Margarita tiene 49! (je, dos a\u00f1os m\u00e1s que yo)&#8230; pero Hillary Clinton tiene 69, un a\u00f1o menos que Trump y seis m\u00e1s que L\u00f3pez Obrador. Ok\u2026 metemos a Moreno Valle con sus 48 a\u00f1os.<\/p>\n<p dir=\"ltr\">En el PAN, la decisi\u00f3n estar\u00eda complicada: \u201cJoven\u201d o \u201cAdulto\u201d.<\/p>\n<p dir=\"ltr\">En Morena, ya est\u00e1 cantado el candidato.<\/p>\n<p dir=\"ltr\">\u00bfY en el PRI? \u00bfVolver\u00e1n a apostar a la juventud que tan mal los ha dejado con los ejemplos antes citados?<\/p>\n<p dir=\"ltr\">Osorio Chong tiene 52 a\u00f1os; Meade Kuribre\u00f1a tiene 47; Luis Videgaray, 52\u2026 se podr\u00eda decir que est\u00e1n en una edad promedio, ni muy-muy ni tan-tan\u2026 \u00bfqu\u00e9 \u201cpero\u201d ponerles? Uno muy simple: son priistas. Luego entonces, \u00bfa qu\u00e9 candidato tendr\u00eda el PRI que apostar?<\/p>\n<p dir=\"ltr\">Tendr\u00eda que voltear los ojos a uno maduro, que guarde el respeto de los j\u00f3venes, de los adultos, de los viejos; apreciado, con reputaci\u00f3n, prestigio\u2026 \u00a1vamos! casi un sant\u00f3n para poder competir con un Peje o un panista que no pudiera reprocharle nada\u2026 al contrario, que le brindaran respeto.<\/p>\n<p dir=\"ltr\">III<\/p>\n<p dir=\"ltr\">Le cuento la an\u00e9cdota tal como me la platicaron\u2026 en un restaurante de La Condesa, Miguel \u00c1ngel Osorio Chong se reuni\u00f3 con diputados federales del PRI\u2026 debi\u00f3 ser de la bancada del Jarocho Power que andaban un poco acelerados. Al exterior, alguien debi\u00f3 comentar que se encontraba un grupo de legisladores del PRI y curioso, un senador que sal\u00eda del local con un acompa\u00f1ante, decidi\u00f3 irrumpir para saludar a sus compa\u00f1eros de la C\u00e1mara Baja y entr\u00f3 de golpe, sin avisar\u2026 en cuanto vio al secretario de Gobernaci\u00f3n, ofreci\u00f3 una disculpa y se retir\u00f3 velozmente pero no fue el \u00fanico sorprendido. Las luces \u00e1mbar se acababan de encender en los ojos de Osorio Chong\u2026 no porque se hubiera encontrado frente a frente con Emilio Gamboa Patr\u00f3n (66 a\u00f1os), sino por quien lo acompa\u00f1aba\u2026 \u201c\u00a1iba con Pepe!\u201d alguien coment\u00f3&#8230;<\/p>\n<p dir=\"ltr\">S\u00ed, quiz\u00e1s el PRI pudiera tener en Pepe esa figura que requiere para enfrentar el 2018\u2026 \u00bfo qu\u00e9 \u201cpero\u201d le pondr\u00eda usted a Pepe Narro?<\/p>\n<p dir=\"ltr\">En fin\u2026 insisto, todo esto es una perspectiva simple despu\u00e9s del triunfo de Donald Trump\u2026 o la derrota de Hillary Clinton.<\/p>\n<div dir=\"ltr\"><\/div>\n<p dir=\"ltr\"><a href=\"mailto:smcainito@gmail.com\" target=\"_blank\">smcainito@gmail.com<\/a><\/p>\n","protected":false},"excerpt":{"rendered":"<p>Salvador Mu\u00f1oz Los Pol\u00edticos La perspectiva simple ante el triunfo de Donald Trump, o dicho de otra manera, la derrota de Hillary Clinton, empez\u00f3 a dar lugar a tres puntos que bien pueden ser tomados a guasa o en serio, dependiendo del lugar en que cada qui\u00e9n se encuentre parado, as\u00ed como sus filias. Primer [&hellip;]<\/p>\n","protected":false},"author":2,"featured_media":0,"comment_status":"open","ping_status":"open","sticky":false,"template":"","format":"standard","meta":{"tdm_status":"","tdm_grid_status":"","footnotes":""},"categories":[70],"tags":[2846,5734,1441,3135],"class_list":{"0":"post-27845","1":"post","2":"type-post","3":"status-publish","4":"format-standard","6":"category-de-opinion","7":"tag-donald-trump","8":"tag-hillary-clinton","9":"tag-margarita-zavala","10":"tag-ricardo-anaya-cortes"},"yoast_head":"<!-- This site is optimized with the Yoast SEO plugin v27.4 - https:\/\/yoast.com\/product\/yoast-seo-wordpress\/ -->\n<title>Trump y el 2018 - Los pol\u00edticos Veracruz<\/title>\n<meta name=\"robots\" content=\"index, follow, max-snippet:-1, max-image-preview:large, max-video-preview:-1\" \/>\n<link rel=\"canonical\" href=\"https:\/\/lospoliticosveracruz.com\/?p=27845\" \/>\n<meta property=\"og:locale\" content=\"es_ES\" \/>\n<meta property=\"og:type\" content=\"article\" \/>\n<meta property=\"og:title\" content=\"Trump y el 2018 - Los pol\u00edticos Veracruz\" \/>\n<meta property=\"og:description\" content=\"Salvador Mu\u00f1oz Los Pol\u00edticos La perspectiva simple ante el triunfo de Donald Trump, o dicho de otra manera, la derrota de Hillary Clinton, empez\u00f3 a dar lugar a tres puntos que bien pueden ser tomados a guasa o en serio, dependiendo del lugar en que cada qui\u00e9n se encuentre parado, as\u00ed como sus filias. Primer [&hellip;]\" \/>\n<meta property=\"og:url\" content=\"https:\/\/lospoliticosveracruz.com\/?p=27845\" \/>\n<meta property=\"og:site_name\" content=\"Los pol\u00edticos Veracruz\" \/>\n<meta property=\"article:publisher\" content=\"https:\/\/www.facebook.com\/people\/Notimemes-de-los-Polticos\/61565672886568\/\" \/>\n<meta property=\"article:published_time\" content=\"2016-11-10T05:51:49+00:00\" \/>\n<meta property=\"og:image\" content=\"https:\/\/lospoliticosveracruz.com\/wp-content\/uploads\/2016\/07\/Logo-Dor.jpg\" \/>\n\t<meta property=\"og:image:width\" content=\"200\" \/>\n\t<meta property=\"og:image:height\" content=\"200\" \/>\n\t<meta property=\"og:image:type\" content=\"image\/jpeg\" \/>\n<meta name=\"author\" content=\"Lo viste en Los Pol\u00edticos\" \/>\n<meta name=\"twitter:card\" content=\"summary_large_image\" \/>\n<meta name=\"twitter:creator\" content=\"@LosPoliticosVer\" \/>\n<meta name=\"twitter:site\" content=\"@LosPoliticosVer\" \/>\n<meta name=\"twitter:label1\" content=\"Escrito por\" \/>\n\t<meta name=\"twitter:data1\" content=\"Lo viste en Los Pol\u00edticos\" \/>\n\t<meta name=\"twitter:label2\" content=\"Tiempo de lectura\" \/>\n\t<meta name=\"twitter:data2\" content=\"4 minutos\" \/>\n<script type=\"application\/ld+json\" class=\"yoast-schema-graph\">{\"@context\":\"https:\\\/\\\/schema.org\",\"@graph\":[{\"@type\":\"Article\",\"@id\":\"https:\\\/\\\/lospoliticosveracruz.com\\\/?p=27845#article\",\"isPartOf\":{\"@id\":\"https:\\\/\\\/lospoliticosveracruz.com\\\/?p=27845\"},\"author\":{\"name\":\"Lo viste en Los Pol\u00edticos\",\"@id\":\"https:\\\/\\\/lospoliticosveracruz.com\\\/#\\\/schema\\\/person\\\/b8702bb0e538456e6efd07080bf2a4a2\"},\"headline\":\"Trump y el 2018\",\"datePublished\":\"2016-11-10T05:51:49+00:00\",\"mainEntityOfPage\":{\"@id\":\"https:\\\/\\\/lospoliticosveracruz.com\\\/?p=27845\"},\"wordCount\":861,\"commentCount\":0,\"publisher\":{\"@id\":\"https:\\\/\\\/lospoliticosveracruz.com\\\/#organization\"},\"keywords\":[\"Donald Trump\",\"Hillary Clinton\",\"Margarita Zavala\",\"Ricardo Anaya Cort\u00e9s\"],\"articleSection\":[\"De Opini\u00f3n\"],\"inLanguage\":\"es\",\"potentialAction\":[{\"@type\":\"CommentAction\",\"name\":\"Comment\",\"target\":[\"https:\\\/\\\/lospoliticosveracruz.com\\\/?p=27845#respond\"]}]},{\"@type\":\"WebPage\",\"@id\":\"https:\\\/\\\/lospoliticosveracruz.com\\\/?p=27845\",\"url\":\"https:\\\/\\\/lospoliticosveracruz.com\\\/?p=27845\",\"name\":\"Trump y el 2018 - Los pol\u00edticos Veracruz\",\"isPartOf\":{\"@id\":\"https:\\\/\\\/lospoliticosveracruz.com\\\/#website\"},\"datePublished\":\"2016-11-10T05:51:49+00:00\",\"breadcrumb\":{\"@id\":\"https:\\\/\\\/lospoliticosveracruz.com\\\/?p=27845#breadcrumb\"},\"inLanguage\":\"es\",\"potentialAction\":[{\"@type\":\"ReadAction\",\"target\":[\"https:\\\/\\\/lospoliticosveracruz.com\\\/?p=27845\"]}]},{\"@type\":\"BreadcrumbList\",\"@id\":\"https:\\\/\\\/lospoliticosveracruz.com\\\/?p=27845#breadcrumb\",\"itemListElement\":[{\"@type\":\"ListItem\",\"position\":1,\"name\":\"Portada\",\"item\":\"https:\\\/\\\/lospoliticosveracruz.com\\\/\"},{\"@type\":\"ListItem\",\"position\":2,\"name\":\"Trump y el 2018\"}]},{\"@type\":\"WebSite\",\"@id\":\"https:\\\/\\\/lospoliticosveracruz.com\\\/#website\",\"url\":\"https:\\\/\\\/lospoliticosveracruz.com\\\/\",\"name\":\"Los pol\u00edticos Veracruz\",\"description\":\"\",\"publisher\":{\"@id\":\"https:\\\/\\\/lospoliticosveracruz.com\\\/#organization\"},\"potentialAction\":[{\"@type\":\"SearchAction\",\"target\":{\"@type\":\"EntryPoint\",\"urlTemplate\":\"https:\\\/\\\/lospoliticosveracruz.com\\\/?s={search_term_string}\"},\"query-input\":{\"@type\":\"PropertyValueSpecification\",\"valueRequired\":true,\"valueName\":\"search_term_string\"}}],\"inLanguage\":\"es\"},{\"@type\":\"Organization\",\"@id\":\"https:\\\/\\\/lospoliticosveracruz.com\\\/#organization\",\"name\":\"Los pol\u00edticos Veracruz\",\"url\":\"https:\\\/\\\/lospoliticosveracruz.com\\\/\",\"logo\":{\"@type\":\"ImageObject\",\"inLanguage\":\"es\",\"@id\":\"https:\\\/\\\/lospoliticosveracruz.com\\\/#\\\/schema\\\/logo\\\/image\\\/\",\"url\":\"https:\\\/\\\/lospoliticosveracruz.com\\\/wp-content\\\/uploads\\\/2025\\\/12\\\/Logo-Nuevo-LOS-POLITICOS-1.jpg\",\"contentUrl\":\"https:\\\/\\\/lospoliticosveracruz.com\\\/wp-content\\\/uploads\\\/2025\\\/12\\\/Logo-Nuevo-LOS-POLITICOS-1.jpg\",\"width\":260,\"height\":70,\"caption\":\"Los pol\u00edticos Veracruz\"},\"image\":{\"@id\":\"https:\\\/\\\/lospoliticosveracruz.com\\\/#\\\/schema\\\/logo\\\/image\\\/\"},\"sameAs\":[\"https:\\\/\\\/www.facebook.com\\\/people\\\/Notimemes-de-los-Polticos\\\/61565672886568\\\/\",\"https:\\\/\\\/x.com\\\/LosPoliticosVer\"]},{\"@type\":\"Person\",\"@id\":\"https:\\\/\\\/lospoliticosveracruz.com\\\/#\\\/schema\\\/person\\\/b8702bb0e538456e6efd07080bf2a4a2\",\"name\":\"Lo viste en Los Pol\u00edticos\",\"image\":{\"@type\":\"ImageObject\",\"inLanguage\":\"es\",\"@id\":\"https:\\\/\\\/secure.gravatar.com\\\/avatar\\\/3a8de04a2656d44082be478bd6c086daa447c4651605818287b9532d3d0bd435?s=96&d=mm&r=g\",\"url\":\"https:\\\/\\\/secure.gravatar.com\\\/avatar\\\/3a8de04a2656d44082be478bd6c086daa447c4651605818287b9532d3d0bd435?s=96&d=mm&r=g\",\"contentUrl\":\"https:\\\/\\\/secure.gravatar.com\\\/avatar\\\/3a8de04a2656d44082be478bd6c086daa447c4651605818287b9532d3d0bd435?s=96&d=mm&r=g\",\"caption\":\"Lo viste en Los Pol\u00edticos\"},\"url\":\"https:\\\/\\\/lospoliticosveracruz.com\\\/?author=2\"}]}<\/script>\n<!-- \/ Yoast SEO plugin. -->","yoast_head_json":{"title":"Trump y el 2018 - Los pol\u00edticos Veracruz","robots":{"index":"index","follow":"follow","max-snippet":"max-snippet:-1","max-image-preview":"max-image-preview:large","max-video-preview":"max-video-preview:-1"},"canonical":"https:\/\/lospoliticosveracruz.com\/?p=27845","og_locale":"es_ES","og_type":"article","og_title":"Trump y el 2018 - Los pol\u00edticos Veracruz","og_description":"Salvador Mu\u00f1oz Los Pol\u00edticos La perspectiva simple ante el triunfo de Donald Trump, o dicho de otra manera, la derrota de Hillary Clinton, empez\u00f3 a dar lugar a tres puntos que bien pueden ser tomados a guasa o en serio, dependiendo del lugar en que cada qui\u00e9n se encuentre parado, as\u00ed como sus filias. Primer [&hellip;]","og_url":"https:\/\/lospoliticosveracruz.com\/?p=27845","og_site_name":"Los pol\u00edticos Veracruz","article_publisher":"https:\/\/www.facebook.com\/people\/Notimemes-de-los-Polticos\/61565672886568\/","article_published_time":"2016-11-10T05:51:49+00:00","og_image":[{"width":200,"height":200,"url":"https:\/\/lospoliticosveracruz.com\/wp-content\/uploads\/2016\/07\/Logo-Dor.jpg","type":"image\/jpeg"}],"author":"Lo viste en Los Pol\u00edticos","twitter_card":"summary_large_image","twitter_creator":"@LosPoliticosVer","twitter_site":"@LosPoliticosVer","twitter_misc":{"Escrito por":"Lo viste en Los Pol\u00edticos","Tiempo de lectura":"4 minutos"},"schema":{"@context":"https:\/\/schema.org","@graph":[{"@type":"Article","@id":"https:\/\/lospoliticosveracruz.com\/?p=27845#article","isPartOf":{"@id":"https:\/\/lospoliticosveracruz.com\/?p=27845"},"author":{"name":"Lo viste en Los Pol\u00edticos","@id":"https:\/\/lospoliticosveracruz.com\/#\/schema\/person\/b8702bb0e538456e6efd07080bf2a4a2"},"headline":"Trump y el 2018","datePublished":"2016-11-10T05:51:49+00:00","mainEntityOfPage":{"@id":"https:\/\/lospoliticosveracruz.com\/?p=27845"},"wordCount":861,"commentCount":0,"publisher":{"@id":"https:\/\/lospoliticosveracruz.com\/#organization"},"keywords":["Donald Trump","Hillary Clinton","Margarita Zavala","Ricardo Anaya Cort\u00e9s"],"articleSection":["De Opini\u00f3n"],"inLanguage":"es","potentialAction":[{"@type":"CommentAction","name":"Comment","target":["https:\/\/lospoliticosveracruz.com\/?p=27845#respond"]}]},{"@type":"WebPage","@id":"https:\/\/lospoliticosveracruz.com\/?p=27845","url":"https:\/\/lospoliticosveracruz.com\/?p=27845","name":"Trump y el 2018 - Los pol\u00edticos Veracruz","isPartOf":{"@id":"https:\/\/lospoliticosveracruz.com\/#website"},"datePublished":"2016-11-10T05:51:49+00:00","breadcrumb":{"@id":"https:\/\/lospoliticosveracruz.com\/?p=27845#breadcrumb"},"inLanguage":"es","potentialAction":[{"@type":"ReadAction","target":["https:\/\/lospoliticosveracruz.com\/?p=27845"]}]},{"@type":"BreadcrumbList","@id":"https:\/\/lospoliticosveracruz.com\/?p=27845#breadcrumb","itemListElement":[{"@type":"ListItem","position":1,"name":"Portada","item":"https:\/\/lospoliticosveracruz.com\/"},{"@type":"ListItem","position":2,"name":"Trump y el 2018"}]},{"@type":"WebSite","@id":"https:\/\/lospoliticosveracruz.com\/#website","url":"https:\/\/lospoliticosveracruz.com\/","name":"Los pol\u00edticos Veracruz","description":"","publisher":{"@id":"https:\/\/lospoliticosveracruz.com\/#organization"},"potentialAction":[{"@type":"SearchAction","target":{"@type":"EntryPoint","urlTemplate":"https:\/\/lospoliticosveracruz.com\/?s={search_term_string}"},"query-input":{"@type":"PropertyValueSpecification","valueRequired":true,"valueName":"search_term_string"}}],"inLanguage":"es"},{"@type":"Organization","@id":"https:\/\/lospoliticosveracruz.com\/#organization","name":"Los pol\u00edticos Veracruz","url":"https:\/\/lospoliticosveracruz.com\/","logo":{"@type":"ImageObject","inLanguage":"es","@id":"https:\/\/lospoliticosveracruz.com\/#\/schema\/logo\/image\/","url":"https:\/\/lospoliticosveracruz.com\/wp-content\/uploads\/2025\/12\/Logo-Nuevo-LOS-POLITICOS-1.jpg","contentUrl":"https:\/\/lospoliticosveracruz.com\/wp-content\/uploads\/2025\/12\/Logo-Nuevo-LOS-POLITICOS-1.jpg","width":260,"height":70,"caption":"Los pol\u00edticos Veracruz"},"image":{"@id":"https:\/\/lospoliticosveracruz.com\/#\/schema\/logo\/image\/"},"sameAs":["https:\/\/www.facebook.com\/people\/Notimemes-de-los-Polticos\/61565672886568\/","https:\/\/x.com\/LosPoliticosVer"]},{"@type":"Person","@id":"https:\/\/lospoliticosveracruz.com\/#\/schema\/person\/b8702bb0e538456e6efd07080bf2a4a2","name":"Lo viste en Los Pol\u00edticos","image":{"@type":"ImageObject","inLanguage":"es","@id":"https:\/\/secure.gravatar.com\/avatar\/3a8de04a2656d44082be478bd6c086daa447c4651605818287b9532d3d0bd435?s=96&d=mm&r=g","url":"https:\/\/secure.gravatar.com\/avatar\/3a8de04a2656d44082be478bd6c086daa447c4651605818287b9532d3d0bd435?s=96&d=mm&r=g","contentUrl":"https:\/\/secure.gravatar.com\/avatar\/3a8de04a2656d44082be478bd6c086daa447c4651605818287b9532d3d0bd435?s=96&d=mm&r=g","caption":"Lo viste en Los Pol\u00edticos"},"url":"https:\/\/lospoliticosveracruz.com\/?author=2"}]}},"_links":{"self":[{"href":"https:\/\/lospoliticosveracruz.com\/index.php?rest_route=\/wp\/v2\/posts\/27845","targetHints":{"allow":["GET"]}}],"collection":[{"href":"https:\/\/lospoliticosveracruz.com\/index.php?rest_route=\/wp\/v2\/posts"}],"about":[{"href":"https:\/\/lospoliticosveracruz.com\/index.php?rest_route=\/wp\/v2\/types\/post"}],"author":[{"embeddable":true,"href":"https:\/\/lospoliticosveracruz.com\/index.php?rest_route=\/wp\/v2\/users\/2"}],"replies":[{"embeddable":true,"href":"https:\/\/lospoliticosveracruz.com\/index.php?rest_route=%2Fwp%2Fv2%2Fcomments&post=27845"}],"version-history":[{"count":1,"href":"https:\/\/lospoliticosveracruz.com\/index.php?rest_route=\/wp\/v2\/posts\/27845\/revisions"}],"predecessor-version":[{"id":27848,"href":"https:\/\/lospoliticosveracruz.com\/index.php?rest_route=\/wp\/v2\/posts\/27845\/revisions\/27848"}],"wp:attachment":[{"href":"https:\/\/lospoliticosveracruz.com\/index.php?rest_route=%2Fwp%2Fv2%2Fmedia&parent=27845"}],"wp:term":[{"taxonomy":"category","embeddable":true,"href":"https:\/\/lospoliticosveracruz.com\/index.php?rest_route=%2Fwp%2Fv2%2Fcategories&post=27845"},{"taxonomy":"post_tag","embeddable":true,"href":"https:\/\/lospoliticosveracruz.com\/index.php?rest_route=%2Fwp%2Fv2%2Ftags&post=27845"}],"curies":[{"name":"wp","href":"https:\/\/api.w.org\/{rel}","templated":true}]}}