{"id":27884,"date":"2016-11-10T18:57:42","date_gmt":"2016-11-11T00:57:42","guid":{"rendered":"http:\/\/www.lospoliticosveracruz.com.mx\/?p=27884"},"modified":"2016-11-10T18:57:42","modified_gmt":"2016-11-11T00:57:42","slug":"alcaldes-sin-solventar-cuentas-publicas","status":"publish","type":"post","link":"https:\/\/lospoliticosveracruz.com\/?p=27884","title":{"rendered":"Alcaldes, sin solventar Cuentas P\u00fablicas"},"content":{"rendered":"<div><strong>Fanny Y\u00e9pez<u><\/u><\/strong><\/div>\n<div>\n<div><em>La Columna<\/em><\/div>\n<div class=\"x_gmail_quote\"><\/div>\n<\/div>\n<div class=\"x_gmail_quote\">\n<div dir=\"ltr\">\n<div id=\"x_m_502808065267269526divtagdefaultwrapper\">\n<p class=\"x_m_502808065267269526MsoNoSpacing\">\n<p class=\"x_m_502808065267269526MsoNoSpacing\"><b><\/b>Se contin\u00faa formando el c\u00edrculo vicioso de los pol\u00edticos, ahora le va a tocar a las se\u00f1oras y se\u00f1ores presidentes municipales y mire usted que las cosas se est\u00e1n poniendo al rojo vivo.<u><\/u><u><\/u><\/p>\n<p class=\"x_m_502808065267269526MsoNoSpacing\">\u00bfQu\u00e9 va a pasar?, bueno, pues resulta que de los alcaldes que hoy se mantienen en plant\u00f3n, muchos de estos tendr\u00e1n que solventar presuntos desv\u00edos de recursos de la Cuenta P\u00fablica de 2015, lo malo que para hacerlo solo cuentan con 45 d\u00edas.<u><\/u><u><\/u><\/p>\n<p class=\"x_m_502808065267269526MsoNoSpacing\">Porque al menos la mitad de los alcaldes acusados de da\u00f1o patrimonial que forman parte de la movilizaci\u00f3n estatal y que est\u00e1n exigiendo a la Sefiplan el pronto pago de unos 3 mil millones de pesos de fondos federales enfrentan graves problemas en la justificaci\u00f3n en los manejos de los recursos p\u00fablicos. \u00a0\u00a0\u00a0<u><\/u><u><\/u><\/p>\n<p class=\"x_m_502808065267269526MsoNoSpacing\">Este tema, los ediles lo mantienen oculto y quisieran que nadie lo saque a relucir, \u00a0pero el hecho es que esta cuesti\u00f3n ya se est\u00e1 manejando y los mun\u00edcipes tendr\u00e1n que responder ante la ley. \u00a0\u00a0<u><\/u><u><\/u><\/p>\n<p class=\"x_m_502808065267269526MsoNoSpacing\">Es decir, antes de que acabe diciembre est\u00e1n obligados \u00a0a entregar cuentas de todo lo que hicieron, y se habla de muchos millones de pesos, que no fueron aplicados en los rubros que se ten\u00edan que aplicar y hasta la fecha no han podido justificar el destino de estos dineros.<u><\/u><u><\/u><\/p>\n<p class=\"x_m_502808065267269526MsoNoSpacing\">Hasta cuando Veracruz va a estar tranquilo, pues no sabemos, porque los alcaldes que ganen las elecciones del pr\u00f3ximo a\u00f1o, seguramente van a pedir que les entreguen las administraciones en tiempo y forma.<u><\/u><u><\/u><\/p>\n<p class=\"x_m_502808065267269526MsoNoSpacing\"><b>En esta danza de cifras est\u00e1n bailando alcaldes del PRI, PAN, PRD, PVEM, AVE \u00a0\u00a0\u00a0\u00a0<u><\/u><u><\/u><\/b><\/p>\n<p class=\"x_m_502808065267269526MsoNoSpacing\">Los que se vayan que dejen todo saneado y como ya se aprendieron la lecci\u00f3n, los electos no van a aceptar la entrega-recepci\u00f3n hasta que se haya solventado todo.<u><\/u><u><\/u><\/p>\n<p class=\"x_m_502808065267269526MsoNoSpacing\">Ese es el escenario que me imagino que se podr\u00eda presentar en los pr\u00f3ximos meses, a menos que los alcaldes entreguen debidamente sus cuentas y todo quedar\u00eda resuelto.<u><\/u><u><\/u><\/p>\n<p class=\"x_m_502808065267269526MsoNoSpacing\">Fue el presidente de la comisi\u00f3n de Hacienda Municipal del congreso local, Carlos Antonio Morales Guevara, quien dej\u00f3 en claro que no \u201chabr\u00eda pretexto para no solventar, tienen que hacerlo\u201d.<u><\/u><u><\/u><\/p>\n<p class=\"x_m_502808065267269526MsoNoSpacing\">\u201cNo solamente lo tengo que exigir yo, lo tiene que exigir los \u00f3rganos correspondientes para que cualquier desv\u00edo de recursos que no est\u00e9 solventado se castigue.\u201d<br \/>\nY fue m\u00e1s all\u00e1 cuando advirti\u00f3: \u201csi no es justificado, entonces el \u00f3rgano de Fiscalizaci\u00f3n har\u00e1 la denuncia correspondiente y la Fiscal\u00eda tendr\u00e1 su procedimiento\u201d.<u><\/u><u><\/u><\/p>\n<p class=\"x_m_502808065267269526MsoNoSpacing\"><u><\/u>\u00a0<u><\/u><\/p>\n<p class=\"x_m_502808065267269526MsoNoSpacing\"><b>Coatepec tiene que solventar cerca de 20 millones de pesos<u><\/u><u><\/u><\/b><\/p>\n<p class=\"x_m_502808065267269526MsoNoSpacing\">Esa noticia en pleno movimiento de los presidentes municipales, en el palacio de gobierno, seguramente no les va a caer muy bien, incluso es f\u00e1cil pensar que hasta el sue\u00f1o se les va a quitar.<u><\/u><u><\/u><\/p>\n<p class=\"x_m_502808065267269526MsoNoSpacing\">Ahorita hasta juegan la \u201ccascarita\u201d en el patio central, pero con esos avisos, todo deja de ser emotivo y no es para menos, cualquiera en su lugar as\u00ed estar\u00eda.<u><\/u><u><\/u><\/p>\n<p class=\"x_m_502808065267269526MsoNoSpacing\">Dir\u00eda el pesimista: \u00bfSer\u00e1 posible que dentro de un a\u00f1o, por estas fechas, est\u00e9n tomados algunos palacios municipales por esas inconsistencias?<u><\/u><u><\/u><\/p>\n<p class=\"x_m_502808065267269526MsoNoSpacing\">El caso es que seguramente muchos alcaldes quisieran pasar desapercibidos, creer que no se trata de ellos pero lamentablemente no es as\u00ed.<u><\/u><u><\/u><\/p>\n<p class=\"x_m_502808065267269526MsoNoSpacing\">La lista de alcaldes pendientes de solventar la Cuenta P\u00fablica del 2015.<br \/>\nAcultzingo: Salom\u00f3n Cid Villa, con 4 millones 624 mil 309 pesos.<br \/>\nAgua Dulce: Daniel Mart\u00ednez Gonz\u00e1lez, con 5 millones 667 mil 916 pesos.<u><\/u><u><\/u><\/p>\n<p class=\"x_m_502808065267269526MsoNoSpacing\">Banderilla: Esteban Acosta Lagunes, con 15 millones 902 mil 732 pesos.<br \/>\nBenito Ju\u00e1rez: Remberto L\u00f3pez R\u00edos, 2 millones 441 mil 577 pesos.<br \/>\nCalcahualco: Nicol\u00e1s Rivera Romero, 261 mil pesos.<br \/>\nCamar\u00f3n de Tejeda: Eduardo Armas Balbuena, Un mill\u00f3n 924 mil 171 pesos.<br \/>\nCastillo de Teayo: Enrique Isidro Dimas, Un mill\u00f3n 298 mil 615 pesos.<\/p>\n<p><u><\/u><u><\/u><\/p>\n<p class=\"x_m_502808065267269526MsoNoSpacing\"><b>Hasta los municipios serranos est\u00e1n incluidos en ese tema<u><\/u><u><\/u><\/b><\/p>\n<p class=\"x_m_502808065267269526MsoNoSpacing\">Chinameca: V\u00edctor Salom\u00f3n Carmona, Un mill\u00f3n 704 mil 161 pesos.<br \/>\nChontla: Aurelio P\u00e9rez Pardav\u00e9, Un mill\u00f3n 732 mil 935 pesos.<br \/>\nCoacoatzintla: H\u00e9ctor Manuel Hern\u00e1ndez Sangabriel, 448 mil 083 pesos.<br \/>\nCoatepec: Ricardo Pedro Palacios Torres, 19 millones 766 mil 122 pesos.<br \/>\nCosamaloapan: Adriana Maass Michel, 7 millones 534 mil 972 pesos.<br \/>\nCosautl\u00e1n de Carvajal: Rafael D\u00edaz Arg\u00fcello, 598 mil pesos.<br \/>\nCotaxtla: H\u00e9ctor P\u00e9rez Castro, 759 mil 560 pesos.<br \/>\nCoxquihui: Reveriano P\u00e9rez Vega, Un mill\u00f3n 824 mil 747 pesos.<br \/>\nCoyutla: Jos\u00e9 Benito Picazo P\u00e9rez, 3 millones 149 mil 374 pesos.<br \/>\nEl Higo: Evencio de la Garza Rivera, 658 mil 835 pesos.<br \/>\nEmiliano Zapata: Daniel Olmos Garc\u00eda, Un mill\u00f3n 872 mil 477 pesos.<u><\/u><u><\/u><\/p>\n<p class=\"x_m_502808065267269526MsoNoSpacing\">Ignacio de la Llave: Juan Jos\u00e9 Flores Lira, 7 millones 412 mil pesos.<br \/>\nIsla: Jos\u00e9 Mar\u00eda Ram\u00f3n Aguirre, 4 millones 849 mil 304 pesos.<br \/>\nIxcatepec: Francisco Javier Mart\u00ednez Reyes, 4 millones 032 mil 270 pesos.<br \/>\nJamapa: Maribel D\u00edaz Toledo, Un mill\u00f3n 179 mil 537 pesos.<br \/>\nLa Antigua: Felipe de Jes\u00fas Fabi\u00e1n Medina, No tuvo Cuenta P\u00fablica.<u><\/u><u><\/u><\/p>\n<p class=\"x_m_502808065267269526MsoNoSpacing\"><u><\/u>\u00a0<u><\/u><\/p>\n<p class=\"x_m_502808065267269526MsoNoSpacing\"><b>Antes de que concluya diciembre tendr\u00e1n que rendir cuentas los alcaldes<br \/>\n<\/b>Naranjos-Amatl\u00e1n: Marciano Salazar Hern\u00e1ndez, 398 mil 118 pesos.<br \/>\nOzuluama: Salvador Calles Ram\u00edrez, 17 millones 555 mil 881 pesos.<br \/>\nPueblo Viejo: Manuel Cuan Delgado, 2 millones 978 mil 804 pesos.<br \/>\nR\u00edo Blanco: Mar\u00eda de Los \u00c1ngeles Mart\u00ednez Mart\u00ednez, 841 mil 334 pesos.<br \/>\nSochiapa: Alfredo Gonz\u00e1lez Palestino, 838 mil 758 pesos.<br \/>\nSoledad Atzompa: Bonifacio Aguilar Linda, Un mill\u00f3n 406 mil 361 pesos.<br \/>\nSoledad de Doblado: Martha Utrera Ortega, Un mill\u00f3n 622 mil 354 pesos.<br \/>\nTamiahua: Mart\u00edn Crist\u00f3bal Cruz, 5 millones 869 mil 724 pesos.<br \/>\nTampico Alto: Rosaura Miranda Barrios, Un mill\u00f3n 665 mil 491 pesos.<br \/>\nTecolutla: Wenceslao Santiago Castro, 757 mil 917 pesos.<br \/>\nTequila: Sergio Heriberto Dom\u00ednguez Cid, 614 mil 607 pesos.<br \/>\nTexistepec: Enrique Antonio Paul, 797 mil 077 pesos.<br \/>\nTlacolulan: Ra\u00fal Velasco Hern\u00e1ndez, 540 mil pesos.<br \/>\nTlacotalpan: Homero Gamboa Mart\u00ednez, 951 mil 563 pesos.<br \/>\nTlaltetela: Leopoldo Moreno Lagunes, 564 mil 987 pesos.<br \/>\nTlilapan: Esteban Castillo Hern\u00e1ndez, 518 mil 655 pesos.<br \/>\nTuxpan: Ra\u00fal Ruiz D\u00edaz, 4 millones 167 mil 133 pesos.<br \/>\nUxpanapa: Pablo Prieto Morales, 2 millones 395 mil 299 pesos.<u><\/u><u><\/u><\/p>\n<p class=\"x_m_502808065267269526MsoNoSpacing\"><u><\/u>\u00a0<u><\/u><\/p>\n<p class=\"x_m_502808065267269526MsoNoSpacing\"><b>Destapa Marijose a Jorge Morales rumbo a la presidencia de a la CEAPP\u00a0<u><\/u><u><\/u><\/b><\/p>\n<p class=\"x_m_502808065267269526MsoNoSpacing\">El caso de la presidencia e integrantes de Comisi\u00f3n Estatal para la Atenci\u00f3n y Protecci\u00f3n de Periodistas, como era de esperarse ya fue abordado por la diputada Mar\u00eda Josefina Gamboa Torales, quien destapo como su \u201cgallo\u201d al periodista \u00a0Jorge Morales.<u><\/u><u><\/u><\/p>\n<p class=\"x_m_502808065267269526MsoNoSpacing\">La legisladora panista, subray\u00f3 que existe gente valiosa como Jorge Morales \u201cy hay otros compa\u00f1eros valiosos que deber\u00edan de estar en la comisi\u00f3n, que deber\u00edan de encabezar\u201d.<u><\/u><u><\/u><\/p>\n<p class=\"x_m_502808065267269526MsoNoSpacing\"><b>Los periodistas ya no quieren m\u00e1s imposiciones. \u00a0<u><\/u><u><\/u><\/b><\/p>\n<p class=\"x_m_502808065267269526MsoNoSpacing\">Sin embargo, si la legisladora le apuesta verdaderamente a la democracia deber\u00eda impulsar que sean los propios periodistas, columnistas, camar\u00f3grafos y fot\u00f3grafos los que elijan a sus representantes a trav\u00e9s del voto directo y secreto, as\u00ed como ella fue electa y que se solicite el apoyo del Instituto Federal Electoral, quien sea el organismo que organice estas elecciones. \u00a0\u00a0\u00a0\u00a0\u00a0\u00a0\u00a0\u00a0<u><\/u><u><\/u><\/p>\n<p class=\"x_m_502808065267269526MsoNoSpacing\">Gamboa Torales present\u00f3 este jueves un anteproyecto para crear la \u201cComisi\u00f3n Especial de la Verdad\u201d, misma que seg\u00fan la legisladora tiene como objetivo el de respetar y garantizar el derecho a la verdad ante cualquier acto de omisi\u00f3n que hayan incurrido las dependencias, \u00a0informaci\u00f3n a la opini\u00f3n p\u00fablica, a la que deja en completo estado de indefensi\u00f3n al derecho a la libertad de expresi\u00f3n.<u><\/u><u><\/u><\/p>\n<p class=\"x_m_502808065267269526MsoNoSpacing\">Excelente en eso coincidimos con la legisladora panista, porque sabemos que muchos pol\u00edticos tienen la piel muy tersa y act\u00faan en forma irascible ante cualquier cr\u00edtica o comentario.<\/p>\n<\/div>\n<\/div>\n<\/div>\n","protected":false},"excerpt":{"rendered":"<p>Fanny Y\u00e9pez La Columna Se contin\u00faa formando el c\u00edrculo vicioso de los pol\u00edticos, ahora le va a tocar a las se\u00f1oras y se\u00f1ores presidentes municipales y mire usted que las cosas se est\u00e1n poniendo al rojo vivo. \u00bfQu\u00e9 va a pasar?, bueno, pues resulta que de los alcaldes que hoy se mantienen en plant\u00f3n, muchos [&hellip;]<\/p>\n","protected":false},"author":2,"featured_media":0,"comment_status":"open","ping_status":"open","sticky":false,"template":"","format":"standard","meta":{"tdm_status":"","tdm_grid_status":"","footnotes":""},"categories":[70],"tags":[6693,6694],"class_list":{"0":"post-27884","1":"post","2":"type-post","3":"status-publish","4":"format-standard","6":"category-de-opinion","7":"tag-cuenta-publica-2015","8":"tag-desvios"},"yoast_head":"<!-- This site is optimized with the Yoast SEO plugin v27.4 - https:\/\/yoast.com\/product\/yoast-seo-wordpress\/ -->\n<title>Alcaldes, sin solventar Cuentas P\u00fablicas - Los pol\u00edticos Veracruz<\/title>\n<meta name=\"robots\" content=\"index, follow, max-snippet:-1, max-image-preview:large, max-video-preview:-1\" \/>\n<link rel=\"canonical\" href=\"https:\/\/lospoliticosveracruz.com\/?p=27884\" \/>\n<meta property=\"og:locale\" content=\"es_ES\" \/>\n<meta property=\"og:type\" content=\"article\" \/>\n<meta property=\"og:title\" content=\"Alcaldes, sin solventar Cuentas P\u00fablicas - Los pol\u00edticos Veracruz\" \/>\n<meta property=\"og:description\" content=\"Fanny Y\u00e9pez La Columna Se contin\u00faa formando el c\u00edrculo vicioso de los pol\u00edticos, ahora le va a tocar a las se\u00f1oras y se\u00f1ores presidentes municipales y mire usted que las cosas se est\u00e1n poniendo al rojo vivo. \u00bfQu\u00e9 va a pasar?, bueno, pues resulta que de los alcaldes que hoy se mantienen en plant\u00f3n, muchos [&hellip;]\" \/>\n<meta property=\"og:url\" content=\"https:\/\/lospoliticosveracruz.com\/?p=27884\" \/>\n<meta property=\"og:site_name\" content=\"Los pol\u00edticos Veracruz\" \/>\n<meta property=\"article:publisher\" content=\"https:\/\/www.facebook.com\/people\/Notimemes-de-los-Polticos\/61565672886568\/\" \/>\n<meta property=\"article:published_time\" content=\"2016-11-11T00:57:42+00:00\" \/>\n<meta property=\"og:image\" content=\"https:\/\/lospoliticosveracruz.com\/wp-content\/uploads\/2016\/07\/Logo-Dor.jpg\" \/>\n\t<meta property=\"og:image:width\" content=\"200\" \/>\n\t<meta property=\"og:image:height\" content=\"200\" \/>\n\t<meta property=\"og:image:type\" content=\"image\/jpeg\" \/>\n<meta name=\"author\" content=\"Lo viste en Los Pol\u00edticos\" \/>\n<meta name=\"twitter:card\" content=\"summary_large_image\" \/>\n<meta name=\"twitter:creator\" content=\"@LosPoliticosVer\" \/>\n<meta name=\"twitter:site\" content=\"@LosPoliticosVer\" \/>\n<meta name=\"twitter:label1\" content=\"Escrito por\" \/>\n\t<meta name=\"twitter:data1\" content=\"Lo viste en Los Pol\u00edticos\" \/>\n\t<meta name=\"twitter:label2\" content=\"Tiempo de lectura\" \/>\n\t<meta name=\"twitter:data2\" content=\"6 minutos\" \/>\n<script type=\"application\/ld+json\" class=\"yoast-schema-graph\">{\"@context\":\"https:\\\/\\\/schema.org\",\"@graph\":[{\"@type\":\"Article\",\"@id\":\"https:\\\/\\\/lospoliticosveracruz.com\\\/?p=27884#article\",\"isPartOf\":{\"@id\":\"https:\\\/\\\/lospoliticosveracruz.com\\\/?p=27884\"},\"author\":{\"name\":\"Lo viste en Los Pol\u00edticos\",\"@id\":\"https:\\\/\\\/lospoliticosveracruz.com\\\/#\\\/schema\\\/person\\\/b8702bb0e538456e6efd07080bf2a4a2\"},\"headline\":\"Alcaldes, sin solventar Cuentas P\u00fablicas\",\"datePublished\":\"2016-11-11T00:57:42+00:00\",\"mainEntityOfPage\":{\"@id\":\"https:\\\/\\\/lospoliticosveracruz.com\\\/?p=27884\"},\"wordCount\":1233,\"commentCount\":0,\"publisher\":{\"@id\":\"https:\\\/\\\/lospoliticosveracruz.com\\\/#organization\"},\"keywords\":[\"Cuenta P\u00fablica 2015\",\"Desv\u00edos\"],\"articleSection\":[\"De Opini\u00f3n\"],\"inLanguage\":\"es\",\"potentialAction\":[{\"@type\":\"CommentAction\",\"name\":\"Comment\",\"target\":[\"https:\\\/\\\/lospoliticosveracruz.com\\\/?p=27884#respond\"]}]},{\"@type\":\"WebPage\",\"@id\":\"https:\\\/\\\/lospoliticosveracruz.com\\\/?p=27884\",\"url\":\"https:\\\/\\\/lospoliticosveracruz.com\\\/?p=27884\",\"name\":\"Alcaldes, sin solventar Cuentas P\u00fablicas - Los pol\u00edticos Veracruz\",\"isPartOf\":{\"@id\":\"https:\\\/\\\/lospoliticosveracruz.com\\\/#website\"},\"datePublished\":\"2016-11-11T00:57:42+00:00\",\"breadcrumb\":{\"@id\":\"https:\\\/\\\/lospoliticosveracruz.com\\\/?p=27884#breadcrumb\"},\"inLanguage\":\"es\",\"potentialAction\":[{\"@type\":\"ReadAction\",\"target\":[\"https:\\\/\\\/lospoliticosveracruz.com\\\/?p=27884\"]}]},{\"@type\":\"BreadcrumbList\",\"@id\":\"https:\\\/\\\/lospoliticosveracruz.com\\\/?p=27884#breadcrumb\",\"itemListElement\":[{\"@type\":\"ListItem\",\"position\":1,\"name\":\"Portada\",\"item\":\"https:\\\/\\\/lospoliticosveracruz.com\\\/\"},{\"@type\":\"ListItem\",\"position\":2,\"name\":\"Alcaldes, sin solventar Cuentas P\u00fablicas\"}]},{\"@type\":\"WebSite\",\"@id\":\"https:\\\/\\\/lospoliticosveracruz.com\\\/#website\",\"url\":\"https:\\\/\\\/lospoliticosveracruz.com\\\/\",\"name\":\"Los pol\u00edticos Veracruz\",\"description\":\"\",\"publisher\":{\"@id\":\"https:\\\/\\\/lospoliticosveracruz.com\\\/#organization\"},\"potentialAction\":[{\"@type\":\"SearchAction\",\"target\":{\"@type\":\"EntryPoint\",\"urlTemplate\":\"https:\\\/\\\/lospoliticosveracruz.com\\\/?s={search_term_string}\"},\"query-input\":{\"@type\":\"PropertyValueSpecification\",\"valueRequired\":true,\"valueName\":\"search_term_string\"}}],\"inLanguage\":\"es\"},{\"@type\":\"Organization\",\"@id\":\"https:\\\/\\\/lospoliticosveracruz.com\\\/#organization\",\"name\":\"Los pol\u00edticos Veracruz\",\"url\":\"https:\\\/\\\/lospoliticosveracruz.com\\\/\",\"logo\":{\"@type\":\"ImageObject\",\"inLanguage\":\"es\",\"@id\":\"https:\\\/\\\/lospoliticosveracruz.com\\\/#\\\/schema\\\/logo\\\/image\\\/\",\"url\":\"https:\\\/\\\/lospoliticosveracruz.com\\\/wp-content\\\/uploads\\\/2025\\\/12\\\/Logo-Nuevo-LOS-POLITICOS-1.jpg\",\"contentUrl\":\"https:\\\/\\\/lospoliticosveracruz.com\\\/wp-content\\\/uploads\\\/2025\\\/12\\\/Logo-Nuevo-LOS-POLITICOS-1.jpg\",\"width\":260,\"height\":70,\"caption\":\"Los pol\u00edticos Veracruz\"},\"image\":{\"@id\":\"https:\\\/\\\/lospoliticosveracruz.com\\\/#\\\/schema\\\/logo\\\/image\\\/\"},\"sameAs\":[\"https:\\\/\\\/www.facebook.com\\\/people\\\/Notimemes-de-los-Polticos\\\/61565672886568\\\/\",\"https:\\\/\\\/x.com\\\/LosPoliticosVer\"]},{\"@type\":\"Person\",\"@id\":\"https:\\\/\\\/lospoliticosveracruz.com\\\/#\\\/schema\\\/person\\\/b8702bb0e538456e6efd07080bf2a4a2\",\"name\":\"Lo viste en Los Pol\u00edticos\",\"image\":{\"@type\":\"ImageObject\",\"inLanguage\":\"es\",\"@id\":\"https:\\\/\\\/secure.gravatar.com\\\/avatar\\\/3a8de04a2656d44082be478bd6c086daa447c4651605818287b9532d3d0bd435?s=96&d=mm&r=g\",\"url\":\"https:\\\/\\\/secure.gravatar.com\\\/avatar\\\/3a8de04a2656d44082be478bd6c086daa447c4651605818287b9532d3d0bd435?s=96&d=mm&r=g\",\"contentUrl\":\"https:\\\/\\\/secure.gravatar.com\\\/avatar\\\/3a8de04a2656d44082be478bd6c086daa447c4651605818287b9532d3d0bd435?s=96&d=mm&r=g\",\"caption\":\"Lo viste en Los Pol\u00edticos\"},\"url\":\"https:\\\/\\\/lospoliticosveracruz.com\\\/?author=2\"}]}<\/script>\n<!-- \/ Yoast SEO plugin. -->","yoast_head_json":{"title":"Alcaldes, sin solventar Cuentas P\u00fablicas - Los pol\u00edticos Veracruz","robots":{"index":"index","follow":"follow","max-snippet":"max-snippet:-1","max-image-preview":"max-image-preview:large","max-video-preview":"max-video-preview:-1"},"canonical":"https:\/\/lospoliticosveracruz.com\/?p=27884","og_locale":"es_ES","og_type":"article","og_title":"Alcaldes, sin solventar Cuentas P\u00fablicas - Los pol\u00edticos Veracruz","og_description":"Fanny Y\u00e9pez La Columna Se contin\u00faa formando el c\u00edrculo vicioso de los pol\u00edticos, ahora le va a tocar a las se\u00f1oras y se\u00f1ores presidentes municipales y mire usted que las cosas se est\u00e1n poniendo al rojo vivo. \u00bfQu\u00e9 va a pasar?, bueno, pues resulta que de los alcaldes que hoy se mantienen en plant\u00f3n, muchos [&hellip;]","og_url":"https:\/\/lospoliticosveracruz.com\/?p=27884","og_site_name":"Los pol\u00edticos Veracruz","article_publisher":"https:\/\/www.facebook.com\/people\/Notimemes-de-los-Polticos\/61565672886568\/","article_published_time":"2016-11-11T00:57:42+00:00","og_image":[{"width":200,"height":200,"url":"https:\/\/lospoliticosveracruz.com\/wp-content\/uploads\/2016\/07\/Logo-Dor.jpg","type":"image\/jpeg"}],"author":"Lo viste en Los Pol\u00edticos","twitter_card":"summary_large_image","twitter_creator":"@LosPoliticosVer","twitter_site":"@LosPoliticosVer","twitter_misc":{"Escrito por":"Lo viste en Los Pol\u00edticos","Tiempo de lectura":"6 minutos"},"schema":{"@context":"https:\/\/schema.org","@graph":[{"@type":"Article","@id":"https:\/\/lospoliticosveracruz.com\/?p=27884#article","isPartOf":{"@id":"https:\/\/lospoliticosveracruz.com\/?p=27884"},"author":{"name":"Lo viste en Los Pol\u00edticos","@id":"https:\/\/lospoliticosveracruz.com\/#\/schema\/person\/b8702bb0e538456e6efd07080bf2a4a2"},"headline":"Alcaldes, sin solventar Cuentas P\u00fablicas","datePublished":"2016-11-11T00:57:42+00:00","mainEntityOfPage":{"@id":"https:\/\/lospoliticosveracruz.com\/?p=27884"},"wordCount":1233,"commentCount":0,"publisher":{"@id":"https:\/\/lospoliticosveracruz.com\/#organization"},"keywords":["Cuenta P\u00fablica 2015","Desv\u00edos"],"articleSection":["De Opini\u00f3n"],"inLanguage":"es","potentialAction":[{"@type":"CommentAction","name":"Comment","target":["https:\/\/lospoliticosveracruz.com\/?p=27884#respond"]}]},{"@type":"WebPage","@id":"https:\/\/lospoliticosveracruz.com\/?p=27884","url":"https:\/\/lospoliticosveracruz.com\/?p=27884","name":"Alcaldes, sin solventar Cuentas P\u00fablicas - Los pol\u00edticos Veracruz","isPartOf":{"@id":"https:\/\/lospoliticosveracruz.com\/#website"},"datePublished":"2016-11-11T00:57:42+00:00","breadcrumb":{"@id":"https:\/\/lospoliticosveracruz.com\/?p=27884#breadcrumb"},"inLanguage":"es","potentialAction":[{"@type":"ReadAction","target":["https:\/\/lospoliticosveracruz.com\/?p=27884"]}]},{"@type":"BreadcrumbList","@id":"https:\/\/lospoliticosveracruz.com\/?p=27884#breadcrumb","itemListElement":[{"@type":"ListItem","position":1,"name":"Portada","item":"https:\/\/lospoliticosveracruz.com\/"},{"@type":"ListItem","position":2,"name":"Alcaldes, sin solventar Cuentas P\u00fablicas"}]},{"@type":"WebSite","@id":"https:\/\/lospoliticosveracruz.com\/#website","url":"https:\/\/lospoliticosveracruz.com\/","name":"Los pol\u00edticos Veracruz","description":"","publisher":{"@id":"https:\/\/lospoliticosveracruz.com\/#organization"},"potentialAction":[{"@type":"SearchAction","target":{"@type":"EntryPoint","urlTemplate":"https:\/\/lospoliticosveracruz.com\/?s={search_term_string}"},"query-input":{"@type":"PropertyValueSpecification","valueRequired":true,"valueName":"search_term_string"}}],"inLanguage":"es"},{"@type":"Organization","@id":"https:\/\/lospoliticosveracruz.com\/#organization","name":"Los pol\u00edticos Veracruz","url":"https:\/\/lospoliticosveracruz.com\/","logo":{"@type":"ImageObject","inLanguage":"es","@id":"https:\/\/lospoliticosveracruz.com\/#\/schema\/logo\/image\/","url":"https:\/\/lospoliticosveracruz.com\/wp-content\/uploads\/2025\/12\/Logo-Nuevo-LOS-POLITICOS-1.jpg","contentUrl":"https:\/\/lospoliticosveracruz.com\/wp-content\/uploads\/2025\/12\/Logo-Nuevo-LOS-POLITICOS-1.jpg","width":260,"height":70,"caption":"Los pol\u00edticos Veracruz"},"image":{"@id":"https:\/\/lospoliticosveracruz.com\/#\/schema\/logo\/image\/"},"sameAs":["https:\/\/www.facebook.com\/people\/Notimemes-de-los-Polticos\/61565672886568\/","https:\/\/x.com\/LosPoliticosVer"]},{"@type":"Person","@id":"https:\/\/lospoliticosveracruz.com\/#\/schema\/person\/b8702bb0e538456e6efd07080bf2a4a2","name":"Lo viste en Los Pol\u00edticos","image":{"@type":"ImageObject","inLanguage":"es","@id":"https:\/\/secure.gravatar.com\/avatar\/3a8de04a2656d44082be478bd6c086daa447c4651605818287b9532d3d0bd435?s=96&d=mm&r=g","url":"https:\/\/secure.gravatar.com\/avatar\/3a8de04a2656d44082be478bd6c086daa447c4651605818287b9532d3d0bd435?s=96&d=mm&r=g","contentUrl":"https:\/\/secure.gravatar.com\/avatar\/3a8de04a2656d44082be478bd6c086daa447c4651605818287b9532d3d0bd435?s=96&d=mm&r=g","caption":"Lo viste en Los Pol\u00edticos"},"url":"https:\/\/lospoliticosveracruz.com\/?author=2"}]}},"_links":{"self":[{"href":"https:\/\/lospoliticosveracruz.com\/index.php?rest_route=\/wp\/v2\/posts\/27884","targetHints":{"allow":["GET"]}}],"collection":[{"href":"https:\/\/lospoliticosveracruz.com\/index.php?rest_route=\/wp\/v2\/posts"}],"about":[{"href":"https:\/\/lospoliticosveracruz.com\/index.php?rest_route=\/wp\/v2\/types\/post"}],"author":[{"embeddable":true,"href":"https:\/\/lospoliticosveracruz.com\/index.php?rest_route=\/wp\/v2\/users\/2"}],"replies":[{"embeddable":true,"href":"https:\/\/lospoliticosveracruz.com\/index.php?rest_route=%2Fwp%2Fv2%2Fcomments&post=27884"}],"version-history":[{"count":1,"href":"https:\/\/lospoliticosveracruz.com\/index.php?rest_route=\/wp\/v2\/posts\/27884\/revisions"}],"predecessor-version":[{"id":27886,"href":"https:\/\/lospoliticosveracruz.com\/index.php?rest_route=\/wp\/v2\/posts\/27884\/revisions\/27886"}],"wp:attachment":[{"href":"https:\/\/lospoliticosveracruz.com\/index.php?rest_route=%2Fwp%2Fv2%2Fmedia&parent=27884"}],"wp:term":[{"taxonomy":"category","embeddable":true,"href":"https:\/\/lospoliticosveracruz.com\/index.php?rest_route=%2Fwp%2Fv2%2Fcategories&post=27884"},{"taxonomy":"post_tag","embeddable":true,"href":"https:\/\/lospoliticosveracruz.com\/index.php?rest_route=%2Fwp%2Fv2%2Ftags&post=27884"}],"curies":[{"name":"wp","href":"https:\/\/api.w.org\/{rel}","templated":true}]}}