{"id":27921,"date":"2016-11-13T10:38:39","date_gmt":"2016-11-13T16:38:39","guid":{"rendered":"http:\/\/www.lospoliticosveracruz.com.mx\/?p=27921"},"modified":"2016-11-13T10:38:39","modified_gmt":"2016-11-13T16:38:39","slug":"nacionalismo-mexicano","status":"publish","type":"post","link":"https:\/\/lospoliticosveracruz.com\/?p=27921","title":{"rendered":"Nacionalismo mexicano"},"content":{"rendered":"<p><strong>Elena C\u00f3rdova<\/strong><\/p>\n<p><em>Luna Nueva<\/em><\/p>\n<p>&nbsp;<\/p>\n<p>&nbsp;<\/p>\n<p>Hace casi un mes atr\u00e1s escrib\u00ed sobre la posibilidad de que la elecci\u00f3n de los Estados Unidos ganara el candidato republicano Donald Trump y por consecuencia perdiera Hillary Clinton. Lo inimaginable simplemente sucedi\u00f3.<\/p>\n<p>El tema vino al caso por las dif\u00edciles e impredecibles consecuencias que esto provocar\u00eda en nuestro pa\u00eds, incluso en nuestro estado veracruzano. Empezando por la incertidumbre legal de los connacionales y paisanos jarochos que viven, trabajan y env\u00edan dinero a sus familias, los cuales ahorran sus d\u00f3lares con el sue\u00f1o vivo de alg\u00fan d\u00eda regresar, trabajar aqu\u00ed e invertir ese dinero en la construcci\u00f3n de un mejor futuro para ellos y sus familias, esposa, hijos y dem\u00e1s. Pero lo que vemos es apenas la punta del iceberg, pues una consecuencia inmediata fue el incremento del d\u00f3lar y la depreciaci\u00f3n del peso mexicano. Adem\u00e1s, que no sabemos hasta d\u00f3nde llegar\u00e1 este efecto econ\u00f3mico y qu\u00e9 tanto en un futuro cercano. Lo que s\u00ed es seguro es que no hay forma de defendernos de seguros y ciertos fen\u00f3menos post electorales tanto pol\u00edticos, como sociales y econ\u00f3micos derivados de ese inesperado triunfo, insisto. Uno latente y de m\u00e1s peligrosidad es que el racismo hacia los latinos arrecie, se vuelva m\u00e1s agresivo y abierto.<\/p>\n<p>Los que navegan por internet, los que son afectos a las redes sociales y noticieros seguro se han percatado que el ingenio mexicano, como siempre, se ha desbordado y existen cientos de memes hasta ahora que surgieron jocosamente, como para contrarrestar la intenci\u00f3n de crear un muro fronterizo que fue una de las promesas de campa\u00f1as de Donald Trump y que, seg\u00fan analistas serios, tendr\u00e1 que cumplir a su electorado. Al igual que sugieren comprar m\u00e1s productos netamente mexicanos y ya no acudir tantos a las tiendas propiedad de las trasnacionales, especialmente norteamericanas. Dejando a un lado lo c\u00f3mico que puede ser, hay raz\u00f3n en el fondo.<\/p>\n<p>Por otro lado, siempre me es triste decirlo, en mi querido estado veracruzano existen condiciones dif\u00edciles tanto en lo pol\u00edtico como en lo econ\u00f3mico, sin dejar a un lado el tejido social que est\u00e1 severamente lastimado; estos extremos han llevado a muchos a sugerir que nos independicemos de la federaci\u00f3n mexicana y hagamos nuestro propio pa\u00eds, pues, argumentan contamos con todo lo necesario \u2013y hasta de sobra \u2013 para lograrlo exitosamente. El tema es de mucho pensarse y nos puede llevar horas y horas de conversaci\u00f3n y an\u00e1lisis.<\/p>\n<p>A pesar de que son dos temas superficialmente distintos, en mi modesta exposici\u00f3n tratar\u00e9 de opinar porque en alg\u00fan momento coinciden en su sentimiento. En ambos casos se trata de la actitud social, que, como mexicanos y veracruzanos, tenemos ante la incertidumbre, ante lo desconocido; por no decir frente a una crisis, una que est\u00e1 por venir y otra que se vive actualmente con intensidad, por si fuera poco, y que no parece tener soluci\u00f3n en un corto plazo para desgracia nuestra como ciudadanos veracruzanos.<\/p>\n<p>M\u00e1s all\u00e1 de que fortalezcamos nuestro esp\u00edritu nacionalista, debemos empezar por reconocer que, como sociedad perdimos muchos valores y el respeto social e individual. El temor de muchos mexicanos que viven en Estados Unidos es justificable pues no depende de ellos la actitud del nuevo gobierno ante su estancia o deportaci\u00f3n masiva pero s\u00ed depende de nuestro gobierno, del Presidente de la Rep\u00fablica que exija respeto hacia los mexicanos y sus familias, apelando a un derecho universal y humano. Esto sin duda les dar\u00eda a nuestros paisanos que radican all\u00e1, no solo \u00e1nimo y esperanza, sino que fortalecer\u00eda el amor a su pa\u00eds de origen.<\/p>\n<p>En cuanto a mi estado, en lo que a Veracruz respecta, la mejor forma de saber qu\u00e9 nos espera es inform\u00e1ndonos e involucr\u00e1ndonos ahora s\u00ed, mucho m\u00e1s en las decisiones que se tomar\u00e1n, en las medidas que habr\u00e1n de implantar las nuevas autoridades, como primera acci\u00f3n ciudadana. Es decir, no debemos ser tan indiferentes a nuestras autoridades y solamente quejarnos p\u00fablicamente en las redes sociales, debemos actuar, opinar y participar activamente en la medida de lo posible en la reconstrucci\u00f3n de nuestro estado y dando el beneficio de la duda al nuevo gobierno que la ciudadan\u00eda eligi\u00f3 democr\u00e1ticamente. Aqu\u00ed no hay duda de que as\u00ed fue. Nunca olvidemos que frente a toda crisis siempre se asoma una nueva oportunidad.<\/p>\n","protected":false},"excerpt":{"rendered":"<p>Elena C\u00f3rdova Luna Nueva &nbsp; &nbsp; Hace casi un mes atr\u00e1s escrib\u00ed sobre la posibilidad de que la elecci\u00f3n de los Estados Unidos ganara el candidato republicano Donald Trump y por consecuencia perdiera Hillary Clinton. Lo inimaginable simplemente sucedi\u00f3. El tema vino al caso por las dif\u00edciles e impredecibles consecuencias que esto provocar\u00eda en nuestro [&hellip;]<\/p>\n","protected":false},"author":2,"featured_media":0,"comment_status":"open","ping_status":"open","sticky":false,"template":"","format":"standard","meta":{"tdm_status":"","tdm_grid_status":"","footnotes":""},"categories":[70],"tags":[871,2846,395],"class_list":{"0":"post-27921","1":"post","2":"type-post","3":"status-publish","4":"format-standard","6":"category-de-opinion","7":"tag-crisis","8":"tag-donald-trump","9":"tag-mexico"},"yoast_head":"<!-- This site is optimized with the Yoast SEO plugin v27.4 - https:\/\/yoast.com\/product\/yoast-seo-wordpress\/ -->\n<title>Nacionalismo mexicano - Los pol\u00edticos Veracruz<\/title>\n<meta name=\"robots\" content=\"index, follow, max-snippet:-1, max-image-preview:large, max-video-preview:-1\" \/>\n<link rel=\"canonical\" href=\"https:\/\/lospoliticosveracruz.com\/?p=27921\" \/>\n<meta property=\"og:locale\" content=\"es_ES\" \/>\n<meta property=\"og:type\" content=\"article\" \/>\n<meta property=\"og:title\" content=\"Nacionalismo mexicano - Los pol\u00edticos Veracruz\" \/>\n<meta property=\"og:description\" content=\"Elena C\u00f3rdova Luna Nueva &nbsp; &nbsp; Hace casi un mes atr\u00e1s escrib\u00ed sobre la posibilidad de que la elecci\u00f3n de los Estados Unidos ganara el candidato republicano Donald Trump y por consecuencia perdiera Hillary Clinton. Lo inimaginable simplemente sucedi\u00f3. El tema vino al caso por las dif\u00edciles e impredecibles consecuencias que esto provocar\u00eda en nuestro [&hellip;]\" \/>\n<meta property=\"og:url\" content=\"https:\/\/lospoliticosveracruz.com\/?p=27921\" \/>\n<meta property=\"og:site_name\" content=\"Los pol\u00edticos Veracruz\" \/>\n<meta property=\"article:publisher\" content=\"https:\/\/www.facebook.com\/people\/Notimemes-de-los-Polticos\/61565672886568\/\" \/>\n<meta property=\"article:published_time\" content=\"2016-11-13T16:38:39+00:00\" \/>\n<meta property=\"og:image\" content=\"https:\/\/lospoliticosveracruz.com\/wp-content\/uploads\/2016\/07\/Logo-Dor.jpg\" \/>\n\t<meta property=\"og:image:width\" content=\"200\" \/>\n\t<meta property=\"og:image:height\" content=\"200\" \/>\n\t<meta property=\"og:image:type\" content=\"image\/jpeg\" \/>\n<meta name=\"author\" content=\"Lo viste en Los Pol\u00edticos\" \/>\n<meta name=\"twitter:card\" content=\"summary_large_image\" \/>\n<meta name=\"twitter:creator\" content=\"@LosPoliticosVer\" \/>\n<meta name=\"twitter:site\" content=\"@LosPoliticosVer\" \/>\n<meta name=\"twitter:label1\" content=\"Escrito por\" \/>\n\t<meta name=\"twitter:data1\" content=\"Lo viste en Los Pol\u00edticos\" \/>\n\t<meta name=\"twitter:label2\" content=\"Tiempo de lectura\" \/>\n\t<meta name=\"twitter:data2\" content=\"4 minutos\" \/>\n<script type=\"application\/ld+json\" class=\"yoast-schema-graph\">{\"@context\":\"https:\\\/\\\/schema.org\",\"@graph\":[{\"@type\":\"Article\",\"@id\":\"https:\\\/\\\/lospoliticosveracruz.com\\\/?p=27921#article\",\"isPartOf\":{\"@id\":\"https:\\\/\\\/lospoliticosveracruz.com\\\/?p=27921\"},\"author\":{\"name\":\"Lo viste en Los Pol\u00edticos\",\"@id\":\"https:\\\/\\\/lospoliticosveracruz.com\\\/#\\\/schema\\\/person\\\/b8702bb0e538456e6efd07080bf2a4a2\"},\"headline\":\"Nacionalismo mexicano\",\"datePublished\":\"2016-11-13T16:38:39+00:00\",\"mainEntityOfPage\":{\"@id\":\"https:\\\/\\\/lospoliticosveracruz.com\\\/?p=27921\"},\"wordCount\":770,\"commentCount\":0,\"publisher\":{\"@id\":\"https:\\\/\\\/lospoliticosveracruz.com\\\/#organization\"},\"keywords\":[\"crisis\",\"Donald Trump\",\"M\u00e9xico\"],\"articleSection\":[\"De Opini\u00f3n\"],\"inLanguage\":\"es\",\"potentialAction\":[{\"@type\":\"CommentAction\",\"name\":\"Comment\",\"target\":[\"https:\\\/\\\/lospoliticosveracruz.com\\\/?p=27921#respond\"]}]},{\"@type\":\"WebPage\",\"@id\":\"https:\\\/\\\/lospoliticosveracruz.com\\\/?p=27921\",\"url\":\"https:\\\/\\\/lospoliticosveracruz.com\\\/?p=27921\",\"name\":\"Nacionalismo mexicano - Los pol\u00edticos Veracruz\",\"isPartOf\":{\"@id\":\"https:\\\/\\\/lospoliticosveracruz.com\\\/#website\"},\"datePublished\":\"2016-11-13T16:38:39+00:00\",\"breadcrumb\":{\"@id\":\"https:\\\/\\\/lospoliticosveracruz.com\\\/?p=27921#breadcrumb\"},\"inLanguage\":\"es\",\"potentialAction\":[{\"@type\":\"ReadAction\",\"target\":[\"https:\\\/\\\/lospoliticosveracruz.com\\\/?p=27921\"]}]},{\"@type\":\"BreadcrumbList\",\"@id\":\"https:\\\/\\\/lospoliticosveracruz.com\\\/?p=27921#breadcrumb\",\"itemListElement\":[{\"@type\":\"ListItem\",\"position\":1,\"name\":\"Portada\",\"item\":\"https:\\\/\\\/lospoliticosveracruz.com\\\/\"},{\"@type\":\"ListItem\",\"position\":2,\"name\":\"Nacionalismo mexicano\"}]},{\"@type\":\"WebSite\",\"@id\":\"https:\\\/\\\/lospoliticosveracruz.com\\\/#website\",\"url\":\"https:\\\/\\\/lospoliticosveracruz.com\\\/\",\"name\":\"Los pol\u00edticos Veracruz\",\"description\":\"\",\"publisher\":{\"@id\":\"https:\\\/\\\/lospoliticosveracruz.com\\\/#organization\"},\"potentialAction\":[{\"@type\":\"SearchAction\",\"target\":{\"@type\":\"EntryPoint\",\"urlTemplate\":\"https:\\\/\\\/lospoliticosveracruz.com\\\/?s={search_term_string}\"},\"query-input\":{\"@type\":\"PropertyValueSpecification\",\"valueRequired\":true,\"valueName\":\"search_term_string\"}}],\"inLanguage\":\"es\"},{\"@type\":\"Organization\",\"@id\":\"https:\\\/\\\/lospoliticosveracruz.com\\\/#organization\",\"name\":\"Los pol\u00edticos Veracruz\",\"url\":\"https:\\\/\\\/lospoliticosveracruz.com\\\/\",\"logo\":{\"@type\":\"ImageObject\",\"inLanguage\":\"es\",\"@id\":\"https:\\\/\\\/lospoliticosveracruz.com\\\/#\\\/schema\\\/logo\\\/image\\\/\",\"url\":\"https:\\\/\\\/lospoliticosveracruz.com\\\/wp-content\\\/uploads\\\/2025\\\/12\\\/Logo-Nuevo-LOS-POLITICOS-1.jpg\",\"contentUrl\":\"https:\\\/\\\/lospoliticosveracruz.com\\\/wp-content\\\/uploads\\\/2025\\\/12\\\/Logo-Nuevo-LOS-POLITICOS-1.jpg\",\"width\":260,\"height\":70,\"caption\":\"Los pol\u00edticos Veracruz\"},\"image\":{\"@id\":\"https:\\\/\\\/lospoliticosveracruz.com\\\/#\\\/schema\\\/logo\\\/image\\\/\"},\"sameAs\":[\"https:\\\/\\\/www.facebook.com\\\/people\\\/Notimemes-de-los-Polticos\\\/61565672886568\\\/\",\"https:\\\/\\\/x.com\\\/LosPoliticosVer\"]},{\"@type\":\"Person\",\"@id\":\"https:\\\/\\\/lospoliticosveracruz.com\\\/#\\\/schema\\\/person\\\/b8702bb0e538456e6efd07080bf2a4a2\",\"name\":\"Lo viste en Los Pol\u00edticos\",\"image\":{\"@type\":\"ImageObject\",\"inLanguage\":\"es\",\"@id\":\"https:\\\/\\\/secure.gravatar.com\\\/avatar\\\/3a8de04a2656d44082be478bd6c086daa447c4651605818287b9532d3d0bd435?s=96&d=mm&r=g\",\"url\":\"https:\\\/\\\/secure.gravatar.com\\\/avatar\\\/3a8de04a2656d44082be478bd6c086daa447c4651605818287b9532d3d0bd435?s=96&d=mm&r=g\",\"contentUrl\":\"https:\\\/\\\/secure.gravatar.com\\\/avatar\\\/3a8de04a2656d44082be478bd6c086daa447c4651605818287b9532d3d0bd435?s=96&d=mm&r=g\",\"caption\":\"Lo viste en Los Pol\u00edticos\"},\"url\":\"https:\\\/\\\/lospoliticosveracruz.com\\\/?author=2\"}]}<\/script>\n<!-- \/ Yoast SEO plugin. -->","yoast_head_json":{"title":"Nacionalismo mexicano - Los pol\u00edticos Veracruz","robots":{"index":"index","follow":"follow","max-snippet":"max-snippet:-1","max-image-preview":"max-image-preview:large","max-video-preview":"max-video-preview:-1"},"canonical":"https:\/\/lospoliticosveracruz.com\/?p=27921","og_locale":"es_ES","og_type":"article","og_title":"Nacionalismo mexicano - Los pol\u00edticos Veracruz","og_description":"Elena C\u00f3rdova Luna Nueva &nbsp; &nbsp; Hace casi un mes atr\u00e1s escrib\u00ed sobre la posibilidad de que la elecci\u00f3n de los Estados Unidos ganara el candidato republicano Donald Trump y por consecuencia perdiera Hillary Clinton. Lo inimaginable simplemente sucedi\u00f3. El tema vino al caso por las dif\u00edciles e impredecibles consecuencias que esto provocar\u00eda en nuestro [&hellip;]","og_url":"https:\/\/lospoliticosveracruz.com\/?p=27921","og_site_name":"Los pol\u00edticos Veracruz","article_publisher":"https:\/\/www.facebook.com\/people\/Notimemes-de-los-Polticos\/61565672886568\/","article_published_time":"2016-11-13T16:38:39+00:00","og_image":[{"width":200,"height":200,"url":"https:\/\/lospoliticosveracruz.com\/wp-content\/uploads\/2016\/07\/Logo-Dor.jpg","type":"image\/jpeg"}],"author":"Lo viste en Los Pol\u00edticos","twitter_card":"summary_large_image","twitter_creator":"@LosPoliticosVer","twitter_site":"@LosPoliticosVer","twitter_misc":{"Escrito por":"Lo viste en Los Pol\u00edticos","Tiempo de lectura":"4 minutos"},"schema":{"@context":"https:\/\/schema.org","@graph":[{"@type":"Article","@id":"https:\/\/lospoliticosveracruz.com\/?p=27921#article","isPartOf":{"@id":"https:\/\/lospoliticosveracruz.com\/?p=27921"},"author":{"name":"Lo viste en Los Pol\u00edticos","@id":"https:\/\/lospoliticosveracruz.com\/#\/schema\/person\/b8702bb0e538456e6efd07080bf2a4a2"},"headline":"Nacionalismo mexicano","datePublished":"2016-11-13T16:38:39+00:00","mainEntityOfPage":{"@id":"https:\/\/lospoliticosveracruz.com\/?p=27921"},"wordCount":770,"commentCount":0,"publisher":{"@id":"https:\/\/lospoliticosveracruz.com\/#organization"},"keywords":["crisis","Donald Trump","M\u00e9xico"],"articleSection":["De Opini\u00f3n"],"inLanguage":"es","potentialAction":[{"@type":"CommentAction","name":"Comment","target":["https:\/\/lospoliticosveracruz.com\/?p=27921#respond"]}]},{"@type":"WebPage","@id":"https:\/\/lospoliticosveracruz.com\/?p=27921","url":"https:\/\/lospoliticosveracruz.com\/?p=27921","name":"Nacionalismo mexicano - Los pol\u00edticos Veracruz","isPartOf":{"@id":"https:\/\/lospoliticosveracruz.com\/#website"},"datePublished":"2016-11-13T16:38:39+00:00","breadcrumb":{"@id":"https:\/\/lospoliticosveracruz.com\/?p=27921#breadcrumb"},"inLanguage":"es","potentialAction":[{"@type":"ReadAction","target":["https:\/\/lospoliticosveracruz.com\/?p=27921"]}]},{"@type":"BreadcrumbList","@id":"https:\/\/lospoliticosveracruz.com\/?p=27921#breadcrumb","itemListElement":[{"@type":"ListItem","position":1,"name":"Portada","item":"https:\/\/lospoliticosveracruz.com\/"},{"@type":"ListItem","position":2,"name":"Nacionalismo mexicano"}]},{"@type":"WebSite","@id":"https:\/\/lospoliticosveracruz.com\/#website","url":"https:\/\/lospoliticosveracruz.com\/","name":"Los pol\u00edticos Veracruz","description":"","publisher":{"@id":"https:\/\/lospoliticosveracruz.com\/#organization"},"potentialAction":[{"@type":"SearchAction","target":{"@type":"EntryPoint","urlTemplate":"https:\/\/lospoliticosveracruz.com\/?s={search_term_string}"},"query-input":{"@type":"PropertyValueSpecification","valueRequired":true,"valueName":"search_term_string"}}],"inLanguage":"es"},{"@type":"Organization","@id":"https:\/\/lospoliticosveracruz.com\/#organization","name":"Los pol\u00edticos Veracruz","url":"https:\/\/lospoliticosveracruz.com\/","logo":{"@type":"ImageObject","inLanguage":"es","@id":"https:\/\/lospoliticosveracruz.com\/#\/schema\/logo\/image\/","url":"https:\/\/lospoliticosveracruz.com\/wp-content\/uploads\/2025\/12\/Logo-Nuevo-LOS-POLITICOS-1.jpg","contentUrl":"https:\/\/lospoliticosveracruz.com\/wp-content\/uploads\/2025\/12\/Logo-Nuevo-LOS-POLITICOS-1.jpg","width":260,"height":70,"caption":"Los pol\u00edticos Veracruz"},"image":{"@id":"https:\/\/lospoliticosveracruz.com\/#\/schema\/logo\/image\/"},"sameAs":["https:\/\/www.facebook.com\/people\/Notimemes-de-los-Polticos\/61565672886568\/","https:\/\/x.com\/LosPoliticosVer"]},{"@type":"Person","@id":"https:\/\/lospoliticosveracruz.com\/#\/schema\/person\/b8702bb0e538456e6efd07080bf2a4a2","name":"Lo viste en Los Pol\u00edticos","image":{"@type":"ImageObject","inLanguage":"es","@id":"https:\/\/secure.gravatar.com\/avatar\/3a8de04a2656d44082be478bd6c086daa447c4651605818287b9532d3d0bd435?s=96&d=mm&r=g","url":"https:\/\/secure.gravatar.com\/avatar\/3a8de04a2656d44082be478bd6c086daa447c4651605818287b9532d3d0bd435?s=96&d=mm&r=g","contentUrl":"https:\/\/secure.gravatar.com\/avatar\/3a8de04a2656d44082be478bd6c086daa447c4651605818287b9532d3d0bd435?s=96&d=mm&r=g","caption":"Lo viste en Los Pol\u00edticos"},"url":"https:\/\/lospoliticosveracruz.com\/?author=2"}]}},"_links":{"self":[{"href":"https:\/\/lospoliticosveracruz.com\/index.php?rest_route=\/wp\/v2\/posts\/27921","targetHints":{"allow":["GET"]}}],"collection":[{"href":"https:\/\/lospoliticosveracruz.com\/index.php?rest_route=\/wp\/v2\/posts"}],"about":[{"href":"https:\/\/lospoliticosveracruz.com\/index.php?rest_route=\/wp\/v2\/types\/post"}],"author":[{"embeddable":true,"href":"https:\/\/lospoliticosveracruz.com\/index.php?rest_route=\/wp\/v2\/users\/2"}],"replies":[{"embeddable":true,"href":"https:\/\/lospoliticosveracruz.com\/index.php?rest_route=%2Fwp%2Fv2%2Fcomments&post=27921"}],"version-history":[{"count":1,"href":"https:\/\/lospoliticosveracruz.com\/index.php?rest_route=\/wp\/v2\/posts\/27921\/revisions"}],"predecessor-version":[{"id":27924,"href":"https:\/\/lospoliticosveracruz.com\/index.php?rest_route=\/wp\/v2\/posts\/27921\/revisions\/27924"}],"wp:attachment":[{"href":"https:\/\/lospoliticosveracruz.com\/index.php?rest_route=%2Fwp%2Fv2%2Fmedia&parent=27921"}],"wp:term":[{"taxonomy":"category","embeddable":true,"href":"https:\/\/lospoliticosveracruz.com\/index.php?rest_route=%2Fwp%2Fv2%2Fcategories&post=27921"},{"taxonomy":"post_tag","embeddable":true,"href":"https:\/\/lospoliticosveracruz.com\/index.php?rest_route=%2Fwp%2Fv2%2Ftags&post=27921"}],"curies":[{"name":"wp","href":"https:\/\/api.w.org\/{rel}","templated":true}]}}