{"id":27932,"date":"2016-11-14T21:33:53","date_gmt":"2016-11-15T03:33:53","guid":{"rendered":"http:\/\/www.lospoliticosveracruz.com.mx\/?p=27932"},"modified":"2016-11-14T21:33:53","modified_gmt":"2016-11-15T03:33:53","slug":"por-fin-comenzo-la-entrega-recepcion","status":"publish","type":"post","link":"https:\/\/lospoliticosveracruz.com\/?p=27932","title":{"rendered":"Por fin comenz\u00f3 la entrega-recepci\u00f3n"},"content":{"rendered":"<p><strong>Fanny Y\u00e9pez<\/strong><\/p>\n<p><em>La Columna<\/em><\/p>\n<p>&nbsp;<\/p>\n<p>&nbsp;<\/p>\n<p>Qu\u00e9 bueno para todos que las cosas se vayan mejorando. Primero el equipo ganador quer\u00eda entrar a revisar en las oficinas del gobierno del estado en el mes de julio, se tuvo que revisar lo que dice la ley para que se ajustaran a los tiempos marcados y no les qued\u00f3 de otra; despu\u00e9s lleg\u00f3 noviembre y entonces ellos se negaron, porque no estaban cubiertos los pagos, exist\u00eda y existe, una deficiencia en las arcas, por lo que exigieron que hasta que se hubieran normalizado las cosas se llevar\u00eda a cabo el proceso de entrega-recepci\u00f3n.<\/p>\n<p>Por fin, ayer se dio el primer encuentro entre los que llegan y los que se van, para poner en la mesa las reglas del juego; todo el d\u00eda las cosas caminaron m\u00e1s tranquilas, seg\u00fan el reporte que nos lleg\u00f3 de cuando menos cinco dependencias.<\/p>\n<p>Solamente la Secretar\u00eda de Educaci\u00f3n inici\u00f3 los trabajos en la Direcci\u00f3n de N\u00f3minas, considerada sede alterna, por la toma del edificio de esa dependencia que hicieron algunos maestros.<\/p>\n<p>Hubo di\u00e1logo en un marco de respeto, como debe ser, porque los que son se\u00f1alados de haber hecho malos manejos ya los conocen, pero muchos empleados del segundo y tercer c\u00edrculo nada tuvieron que ver, son los menos indicados como para ponerles el dedo \u00edndice, cuando ellos apenas y si pudieron cumplir con sus obligaciones por la carencia de recursos econ\u00f3micos, materiales y humanos.<\/p>\n<p>La opini\u00f3n de esa situaci\u00f3n no es solamente de quien esto escribe, sino que la iglesia cat\u00f3lica a trav\u00e9s del presb\u00edtero Jos\u00e9 Manuel Suazo Reyes, dijo al respecto que \u201cEn este periodo de entrega recepci\u00f3n del gobierno, ciertamente se espera transparencia, claridad y orden en los responsables de las dependencias. Pero tambi\u00e9n respeto, civilidad y escucha de parte de quien las recibe. Las descalificaciones a priori y las agresiones s\u00f3lo abonan a la descomposici\u00f3n. Se requiere superar los prejuicios, los fantasmas y los miedos\u201d.<\/p>\n<p><strong>Rompieron pobladores de Soledad Atzompa cristales de SEFIPLAN<\/strong><\/p>\n<p>Los que se este lunes de pusieron violentos fueron pobladores de Soledad Atzompa, ellos exig\u00edan hablar con Antonio G\u00f3mez Pelegr\u00edn, no sab\u00edan que se hab\u00edan registrado cambios en la Secretaria de Finanzas, ante la agresividad el personal de seguridad no los dej\u00f3 pasar al edificio, entonces optaron por agresiones y empujones, hasta que rompieron los cristales de la puerta principal.<\/p>\n<p>Lo que ellos demandan es que ya les den el dinero que supuestamente el viernes le iban a depositar al alcalde Bonifacio Aguilar para la terminaci\u00f3n de la cl\u00ednica de salud.<\/p>\n<p>Baj\u00f3 el nuevo personal de Finanzas, Clementina Guerrero, salieron a atenderlos y se entablo un dialogo con la comisi\u00f3n de los pobladores.<\/p>\n<p><strong>Muchos empleados han acumulado experiencia y son responsables<\/strong><\/p>\n<p>Pero el mismo sacerdote tambi\u00e9n se refiri\u00f3 a esos trabajadores que son los que van a dar la cara, los que van a hacer las explicaciones de como funcion\u00f3 tal o cual dependencia, de c\u00f3mo se quedan los expedientes y cu\u00e1les son los temas pendientes.<\/p>\n<p>\u201cLa riqueza de Veracruz no s\u00f3lo est\u00e1 en el dinero que no aparece, tambi\u00e9n est\u00e1 en las personas que con experiencia, competencia y dedicaci\u00f3n han sacado adelante las responsabilidades propias de las instituciones donde laboran. Necesitamos reconocer que muchas de estas personas han desempe\u00f1ado sus funciones incluso en la precariedad y con los recursos que les dejaron\u201d.<\/p>\n<p>Nada m\u00e1s cierto que esa apreciaci\u00f3n del cl\u00e9rigo, porque adentro del sistema de gobierno hay profesionistas de todas las ramas: ingenieros, arquitectos, contadores, administradores, abogados, enfermeras, m\u00e9dicos, t\u00e9cnicos y una larga lista de mencionar.<\/p>\n<p>Muchos son veracruzanos, por no decir todos, que sienten, quieren y conocen el estado, as\u00ed es que saludable ser\u00eda que no se desperdiciara esa pl\u00e9yade de mujeres y hombres, que tienen experiencia y que no exactamente se han dedicado a la pol\u00edtica, sino a su profesi\u00f3n, acumulando experiencia.<\/p>\n<p>Como en todas las gr\u00e1ficas, parece que la l\u00ednea del encono ha venido bajando, se siente m\u00e1s accesible el comportamiento de todos los que han sido mencionados para participar en el nuevo gabinete.<\/p>\n<p>Este lunes ya se dejaron ver el rostro los que seguramente ser\u00e1n los nuevos funcionarios, a partir del 1 de diciembre, as\u00ed que solo faltan 16 d\u00edas para que se instalen en esos escritorios a despachar, con nuevas ideas para hacer m\u00e1s grande en todos los sentidos al estado de Veracruz, que mucha falta le hace.<\/p>\n<p><strong>Tom\u00e1s Mundo Arriasa, rescatista por Veracruz<\/strong><\/p>\n<p>Como asesor de la Alianza PAN-PRD y presidente de la Red Rescatistas por Veracruz, el licenciado Tom\u00e1s Mundo Arriasa, ha tenido una importante participaci\u00f3n en la din\u00e1mica para continuar posicionando la imagen de esa Alianza, atrayendo a m\u00e1s militantes de los municipios veracruzanos.<\/p>\n<p>Aun despu\u00e9s de las elecciones, que se llevaron a cabo el 5 de junio de este a\u00f1o, el activista y operador pol\u00edtico no se ha detenido, ha continuado cumpliendo su misi\u00f3n de poder sumar m\u00e1s simpatizantes para los trabajos pol\u00edticos del pr\u00f3ximo a\u00f1o.<\/p>\n<p>No se conoce cu\u00e1l ser\u00e1 el nombramiento que podr\u00eda recibir en la pr\u00f3xima administraci\u00f3n estatal, porque se ha mantenido discreto, sin llamar la atenci\u00f3n ni atraer los reflectores, pero el m\u00e9rito que ha logrado con su trabajo, los panistas y perredistas lo conocen muy bien.<\/p>\n<p>Su experiencia como abogado lo coloca en esa tesitura para llevar casos de car\u00e1cter legal, porque se ha mantenido actualizado en diversos cursos, incluso en el extranjero.<\/p>\n<p>No lo pierdan de vista, puede dar una gran sorpresa en los pr\u00f3ximos d\u00edas.<\/p>\n<p><strong>Comenzaron a retirar del palacio de gobierno enseres de cocina<\/strong><\/p>\n<p>Poco a poco la tranquilidad en la capital del estado se comenzar\u00e1 a sentir, porque al menos ya este lunes se vio que levantaron el tianguis y algunos enseres de cocina, que se encontraban en el interior del palacio de gobierno los comenzaron a sacar.<\/p>\n<p>Anafres, ollas, colchonetas, s\u00e1banas, costales de naranjas y papas fueron los que se pudieron ver, que los ocupantes comenzaron a sacar por la ma\u00f1ana.<\/p>\n<p>Los alcaldes manifestantes decidieron abandonar el palacio de gobierno y comenzaron a sacar esos art\u00edculos, que utilizaron durante m\u00e1s de 15 d\u00edas que permanecieron ah\u00ed, pernoctando en el \u201cHotel\u201d palacio.<\/p>\n<p>Ser\u00e1n los propios presidentes los que tendr\u00e1n que hacer una evaluaci\u00f3n del \u00e9xito que tuvieron con esta manifestaci\u00f3n, que nos exhibi\u00f3 a nivel nacional a todos los veracruzanos, porque en muchos noticieros y medios impresos se pudo ver esta noticia, que provocaba el morbo, para preguntar a cualquiera paisano que llegaba a la capital del pa\u00eds, c\u00f3mo se segu\u00eda llevando a cabo este caso. Pregunta recurrente, pero al parecer ya todo se est\u00e1 superando para bien de todos.<\/p>\n<p>Importante tambi\u00e9n ser\u00e1 conocer en qu\u00e9 estado dejan el palacio de gobierno, donde despachar\u00e1 el gobernador electo, Miguel \u00c1ngel Yunes Linares a partir del 1 de diciembre de este a\u00f1o porque en medio de la curiosidad seguramente algunos trataron de investigar oficinas, archiveros, cajones de escritorios, en fin, vendr\u00e1 el recuento de da\u00f1os.<\/p>\n<p><strong>Que no quede huella, que no que no, es la canci\u00f3n favorita de Gonz\u00e1lez Azamar<\/strong><\/p>\n<p>El dirigente estatal de MORENA, Manuel Huerta, afirm\u00f3 que el quemar Palacio Municipal en Catemaco fue una estrategia de Jorge Gonz\u00e1lez Azamar para borrar las evidencias de que apoyaron la candidatura de Vicente Ben\u00edtez en el proceso electoral pasado.<\/p>\n<p>\u201cLo que acaba de pasar en Catemaco, el modus operandi del \u2018PRIAN\u2019, borrar la evidencia para que contin\u00fae la impunidad. Se asemeja la quema del Palacio de Catemaco a la quema de SEFIPLAN pero bueno, ah\u00ed ellos por m\u00e1s que quieran borrar evidencias queda la huella marcada.<\/p>\n<p>Ya que se atrevan a estar levantando y torturando a los curas ya habla muy mal de la descomposici\u00f3n pol\u00edtica y social que priva en Veracruz\u201d.<\/p>\n<p>Tal parece que al alcalde sanandrescano le gusta esa canci\u00f3n que hizo famosa el grupo Bronco, \u201cQue no quede huella, que no que no, que no quede huella\u201d.<\/p>\n<p>Lo que es cierto es que se quemaron cientos de documentos valiosos en el palacio municipal y ahora tiene Gonzalez Azamar tiene una justificaci\u00f3n para explicar la desaparici\u00f3n de estos escritos.<\/p>\n","protected":false},"excerpt":{"rendered":"<p>Fanny Y\u00e9pez La Columna &nbsp; &nbsp; Qu\u00e9 bueno para todos que las cosas se vayan mejorando. Primero el equipo ganador quer\u00eda entrar a revisar en las oficinas del gobierno del estado en el mes de julio, se tuvo que revisar lo que dice la ley para que se ajustaran a los tiempos marcados y no [&hellip;]<\/p>\n","protected":false},"author":2,"featured_media":0,"comment_status":"open","ping_status":"open","sticky":false,"template":"","format":"standard","meta":{"tdm_status":"","tdm_grid_status":"","footnotes":""},"categories":[70],"tags":[6714,1277,6713,640,4442],"class_list":{"0":"post-27932","1":"post","2":"type-post","3":"status-publish","4":"format-standard","6":"category-de-opinion","7":"tag-bonifacio-aguilar","8":"tag-clementina-guerrero","9":"tag-jose-manuel-suazo-reyes","10":"tag-sefiplan","11":"tag-soledad-atzompa"},"yoast_head":"<!-- This site is optimized with the Yoast SEO plugin v27.4 - https:\/\/yoast.com\/product\/yoast-seo-wordpress\/ -->\n<title>Por fin comenz\u00f3 la entrega-recepci\u00f3n - Los pol\u00edticos Veracruz<\/title>\n<meta name=\"robots\" content=\"index, follow, max-snippet:-1, max-image-preview:large, max-video-preview:-1\" \/>\n<link rel=\"canonical\" href=\"https:\/\/lospoliticosveracruz.com\/?p=27932\" \/>\n<meta property=\"og:locale\" content=\"es_ES\" \/>\n<meta property=\"og:type\" content=\"article\" \/>\n<meta property=\"og:title\" content=\"Por fin comenz\u00f3 la entrega-recepci\u00f3n - Los pol\u00edticos Veracruz\" \/>\n<meta property=\"og:description\" content=\"Fanny Y\u00e9pez La Columna &nbsp; &nbsp; Qu\u00e9 bueno para todos que las cosas se vayan mejorando. Primero el equipo ganador quer\u00eda entrar a revisar en las oficinas del gobierno del estado en el mes de julio, se tuvo que revisar lo que dice la ley para que se ajustaran a los tiempos marcados y no [&hellip;]\" \/>\n<meta property=\"og:url\" content=\"https:\/\/lospoliticosveracruz.com\/?p=27932\" \/>\n<meta property=\"og:site_name\" content=\"Los pol\u00edticos Veracruz\" \/>\n<meta property=\"article:publisher\" content=\"https:\/\/www.facebook.com\/people\/Notimemes-de-los-Polticos\/61565672886568\/\" \/>\n<meta property=\"article:published_time\" content=\"2016-11-15T03:33:53+00:00\" \/>\n<meta property=\"og:image\" content=\"https:\/\/lospoliticosveracruz.com\/wp-content\/uploads\/2016\/07\/Logo-Dor.jpg\" \/>\n\t<meta property=\"og:image:width\" content=\"200\" \/>\n\t<meta property=\"og:image:height\" content=\"200\" \/>\n\t<meta property=\"og:image:type\" content=\"image\/jpeg\" \/>\n<meta name=\"author\" content=\"Lo viste en Los Pol\u00edticos\" \/>\n<meta name=\"twitter:card\" content=\"summary_large_image\" \/>\n<meta name=\"twitter:creator\" content=\"@LosPoliticosVer\" \/>\n<meta name=\"twitter:site\" content=\"@LosPoliticosVer\" \/>\n<meta name=\"twitter:label1\" content=\"Escrito por\" \/>\n\t<meta name=\"twitter:data1\" content=\"Lo viste en Los Pol\u00edticos\" \/>\n\t<meta name=\"twitter:label2\" content=\"Tiempo de lectura\" \/>\n\t<meta name=\"twitter:data2\" content=\"7 minutos\" \/>\n<script type=\"application\/ld+json\" class=\"yoast-schema-graph\">{\"@context\":\"https:\\\/\\\/schema.org\",\"@graph\":[{\"@type\":\"Article\",\"@id\":\"https:\\\/\\\/lospoliticosveracruz.com\\\/?p=27932#article\",\"isPartOf\":{\"@id\":\"https:\\\/\\\/lospoliticosveracruz.com\\\/?p=27932\"},\"author\":{\"name\":\"Lo viste en Los Pol\u00edticos\",\"@id\":\"https:\\\/\\\/lospoliticosveracruz.com\\\/#\\\/schema\\\/person\\\/b8702bb0e538456e6efd07080bf2a4a2\"},\"headline\":\"Por fin comenz\u00f3 la entrega-recepci\u00f3n\",\"datePublished\":\"2016-11-15T03:33:53+00:00\",\"mainEntityOfPage\":{\"@id\":\"https:\\\/\\\/lospoliticosveracruz.com\\\/?p=27932\"},\"wordCount\":1433,\"commentCount\":0,\"publisher\":{\"@id\":\"https:\\\/\\\/lospoliticosveracruz.com\\\/#organization\"},\"keywords\":[\"Bonifacio Aguilar\",\"Clementina Guerrero\",\"Jos\u00e9 Manuel Suazo Reyes\",\"Sefiplan\",\"Soledad Atzompa\"],\"articleSection\":[\"De Opini\u00f3n\"],\"inLanguage\":\"es\",\"potentialAction\":[{\"@type\":\"CommentAction\",\"name\":\"Comment\",\"target\":[\"https:\\\/\\\/lospoliticosveracruz.com\\\/?p=27932#respond\"]}]},{\"@type\":\"WebPage\",\"@id\":\"https:\\\/\\\/lospoliticosveracruz.com\\\/?p=27932\",\"url\":\"https:\\\/\\\/lospoliticosveracruz.com\\\/?p=27932\",\"name\":\"Por fin comenz\u00f3 la entrega-recepci\u00f3n - Los pol\u00edticos Veracruz\",\"isPartOf\":{\"@id\":\"https:\\\/\\\/lospoliticosveracruz.com\\\/#website\"},\"datePublished\":\"2016-11-15T03:33:53+00:00\",\"breadcrumb\":{\"@id\":\"https:\\\/\\\/lospoliticosveracruz.com\\\/?p=27932#breadcrumb\"},\"inLanguage\":\"es\",\"potentialAction\":[{\"@type\":\"ReadAction\",\"target\":[\"https:\\\/\\\/lospoliticosveracruz.com\\\/?p=27932\"]}]},{\"@type\":\"BreadcrumbList\",\"@id\":\"https:\\\/\\\/lospoliticosveracruz.com\\\/?p=27932#breadcrumb\",\"itemListElement\":[{\"@type\":\"ListItem\",\"position\":1,\"name\":\"Portada\",\"item\":\"https:\\\/\\\/lospoliticosveracruz.com\\\/\"},{\"@type\":\"ListItem\",\"position\":2,\"name\":\"Por fin comenz\u00f3 la entrega-recepci\u00f3n\"}]},{\"@type\":\"WebSite\",\"@id\":\"https:\\\/\\\/lospoliticosveracruz.com\\\/#website\",\"url\":\"https:\\\/\\\/lospoliticosveracruz.com\\\/\",\"name\":\"Los pol\u00edticos Veracruz\",\"description\":\"\",\"publisher\":{\"@id\":\"https:\\\/\\\/lospoliticosveracruz.com\\\/#organization\"},\"potentialAction\":[{\"@type\":\"SearchAction\",\"target\":{\"@type\":\"EntryPoint\",\"urlTemplate\":\"https:\\\/\\\/lospoliticosveracruz.com\\\/?s={search_term_string}\"},\"query-input\":{\"@type\":\"PropertyValueSpecification\",\"valueRequired\":true,\"valueName\":\"search_term_string\"}}],\"inLanguage\":\"es\"},{\"@type\":\"Organization\",\"@id\":\"https:\\\/\\\/lospoliticosveracruz.com\\\/#organization\",\"name\":\"Los pol\u00edticos Veracruz\",\"url\":\"https:\\\/\\\/lospoliticosveracruz.com\\\/\",\"logo\":{\"@type\":\"ImageObject\",\"inLanguage\":\"es\",\"@id\":\"https:\\\/\\\/lospoliticosveracruz.com\\\/#\\\/schema\\\/logo\\\/image\\\/\",\"url\":\"https:\\\/\\\/lospoliticosveracruz.com\\\/wp-content\\\/uploads\\\/2025\\\/12\\\/Logo-Nuevo-LOS-POLITICOS-1.jpg\",\"contentUrl\":\"https:\\\/\\\/lospoliticosveracruz.com\\\/wp-content\\\/uploads\\\/2025\\\/12\\\/Logo-Nuevo-LOS-POLITICOS-1.jpg\",\"width\":260,\"height\":70,\"caption\":\"Los pol\u00edticos Veracruz\"},\"image\":{\"@id\":\"https:\\\/\\\/lospoliticosveracruz.com\\\/#\\\/schema\\\/logo\\\/image\\\/\"},\"sameAs\":[\"https:\\\/\\\/www.facebook.com\\\/people\\\/Notimemes-de-los-Polticos\\\/61565672886568\\\/\",\"https:\\\/\\\/x.com\\\/LosPoliticosVer\"]},{\"@type\":\"Person\",\"@id\":\"https:\\\/\\\/lospoliticosveracruz.com\\\/#\\\/schema\\\/person\\\/b8702bb0e538456e6efd07080bf2a4a2\",\"name\":\"Lo viste en Los Pol\u00edticos\",\"image\":{\"@type\":\"ImageObject\",\"inLanguage\":\"es\",\"@id\":\"https:\\\/\\\/secure.gravatar.com\\\/avatar\\\/3a8de04a2656d44082be478bd6c086daa447c4651605818287b9532d3d0bd435?s=96&d=mm&r=g\",\"url\":\"https:\\\/\\\/secure.gravatar.com\\\/avatar\\\/3a8de04a2656d44082be478bd6c086daa447c4651605818287b9532d3d0bd435?s=96&d=mm&r=g\",\"contentUrl\":\"https:\\\/\\\/secure.gravatar.com\\\/avatar\\\/3a8de04a2656d44082be478bd6c086daa447c4651605818287b9532d3d0bd435?s=96&d=mm&r=g\",\"caption\":\"Lo viste en Los Pol\u00edticos\"},\"url\":\"https:\\\/\\\/lospoliticosveracruz.com\\\/?author=2\"}]}<\/script>\n<!-- \/ Yoast SEO plugin. -->","yoast_head_json":{"title":"Por fin comenz\u00f3 la entrega-recepci\u00f3n - Los pol\u00edticos Veracruz","robots":{"index":"index","follow":"follow","max-snippet":"max-snippet:-1","max-image-preview":"max-image-preview:large","max-video-preview":"max-video-preview:-1"},"canonical":"https:\/\/lospoliticosveracruz.com\/?p=27932","og_locale":"es_ES","og_type":"article","og_title":"Por fin comenz\u00f3 la entrega-recepci\u00f3n - Los pol\u00edticos Veracruz","og_description":"Fanny Y\u00e9pez La Columna &nbsp; &nbsp; Qu\u00e9 bueno para todos que las cosas se vayan mejorando. Primero el equipo ganador quer\u00eda entrar a revisar en las oficinas del gobierno del estado en el mes de julio, se tuvo que revisar lo que dice la ley para que se ajustaran a los tiempos marcados y no [&hellip;]","og_url":"https:\/\/lospoliticosveracruz.com\/?p=27932","og_site_name":"Los pol\u00edticos Veracruz","article_publisher":"https:\/\/www.facebook.com\/people\/Notimemes-de-los-Polticos\/61565672886568\/","article_published_time":"2016-11-15T03:33:53+00:00","og_image":[{"width":200,"height":200,"url":"https:\/\/lospoliticosveracruz.com\/wp-content\/uploads\/2016\/07\/Logo-Dor.jpg","type":"image\/jpeg"}],"author":"Lo viste en Los Pol\u00edticos","twitter_card":"summary_large_image","twitter_creator":"@LosPoliticosVer","twitter_site":"@LosPoliticosVer","twitter_misc":{"Escrito por":"Lo viste en Los Pol\u00edticos","Tiempo de lectura":"7 minutos"},"schema":{"@context":"https:\/\/schema.org","@graph":[{"@type":"Article","@id":"https:\/\/lospoliticosveracruz.com\/?p=27932#article","isPartOf":{"@id":"https:\/\/lospoliticosveracruz.com\/?p=27932"},"author":{"name":"Lo viste en Los Pol\u00edticos","@id":"https:\/\/lospoliticosveracruz.com\/#\/schema\/person\/b8702bb0e538456e6efd07080bf2a4a2"},"headline":"Por fin comenz\u00f3 la entrega-recepci\u00f3n","datePublished":"2016-11-15T03:33:53+00:00","mainEntityOfPage":{"@id":"https:\/\/lospoliticosveracruz.com\/?p=27932"},"wordCount":1433,"commentCount":0,"publisher":{"@id":"https:\/\/lospoliticosveracruz.com\/#organization"},"keywords":["Bonifacio Aguilar","Clementina Guerrero","Jos\u00e9 Manuel Suazo Reyes","Sefiplan","Soledad Atzompa"],"articleSection":["De Opini\u00f3n"],"inLanguage":"es","potentialAction":[{"@type":"CommentAction","name":"Comment","target":["https:\/\/lospoliticosveracruz.com\/?p=27932#respond"]}]},{"@type":"WebPage","@id":"https:\/\/lospoliticosveracruz.com\/?p=27932","url":"https:\/\/lospoliticosveracruz.com\/?p=27932","name":"Por fin comenz\u00f3 la entrega-recepci\u00f3n - Los pol\u00edticos Veracruz","isPartOf":{"@id":"https:\/\/lospoliticosveracruz.com\/#website"},"datePublished":"2016-11-15T03:33:53+00:00","breadcrumb":{"@id":"https:\/\/lospoliticosveracruz.com\/?p=27932#breadcrumb"},"inLanguage":"es","potentialAction":[{"@type":"ReadAction","target":["https:\/\/lospoliticosveracruz.com\/?p=27932"]}]},{"@type":"BreadcrumbList","@id":"https:\/\/lospoliticosveracruz.com\/?p=27932#breadcrumb","itemListElement":[{"@type":"ListItem","position":1,"name":"Portada","item":"https:\/\/lospoliticosveracruz.com\/"},{"@type":"ListItem","position":2,"name":"Por fin comenz\u00f3 la entrega-recepci\u00f3n"}]},{"@type":"WebSite","@id":"https:\/\/lospoliticosveracruz.com\/#website","url":"https:\/\/lospoliticosveracruz.com\/","name":"Los pol\u00edticos Veracruz","description":"","publisher":{"@id":"https:\/\/lospoliticosveracruz.com\/#organization"},"potentialAction":[{"@type":"SearchAction","target":{"@type":"EntryPoint","urlTemplate":"https:\/\/lospoliticosveracruz.com\/?s={search_term_string}"},"query-input":{"@type":"PropertyValueSpecification","valueRequired":true,"valueName":"search_term_string"}}],"inLanguage":"es"},{"@type":"Organization","@id":"https:\/\/lospoliticosveracruz.com\/#organization","name":"Los pol\u00edticos Veracruz","url":"https:\/\/lospoliticosveracruz.com\/","logo":{"@type":"ImageObject","inLanguage":"es","@id":"https:\/\/lospoliticosveracruz.com\/#\/schema\/logo\/image\/","url":"https:\/\/lospoliticosveracruz.com\/wp-content\/uploads\/2025\/12\/Logo-Nuevo-LOS-POLITICOS-1.jpg","contentUrl":"https:\/\/lospoliticosveracruz.com\/wp-content\/uploads\/2025\/12\/Logo-Nuevo-LOS-POLITICOS-1.jpg","width":260,"height":70,"caption":"Los pol\u00edticos Veracruz"},"image":{"@id":"https:\/\/lospoliticosveracruz.com\/#\/schema\/logo\/image\/"},"sameAs":["https:\/\/www.facebook.com\/people\/Notimemes-de-los-Polticos\/61565672886568\/","https:\/\/x.com\/LosPoliticosVer"]},{"@type":"Person","@id":"https:\/\/lospoliticosveracruz.com\/#\/schema\/person\/b8702bb0e538456e6efd07080bf2a4a2","name":"Lo viste en Los Pol\u00edticos","image":{"@type":"ImageObject","inLanguage":"es","@id":"https:\/\/secure.gravatar.com\/avatar\/3a8de04a2656d44082be478bd6c086daa447c4651605818287b9532d3d0bd435?s=96&d=mm&r=g","url":"https:\/\/secure.gravatar.com\/avatar\/3a8de04a2656d44082be478bd6c086daa447c4651605818287b9532d3d0bd435?s=96&d=mm&r=g","contentUrl":"https:\/\/secure.gravatar.com\/avatar\/3a8de04a2656d44082be478bd6c086daa447c4651605818287b9532d3d0bd435?s=96&d=mm&r=g","caption":"Lo viste en Los Pol\u00edticos"},"url":"https:\/\/lospoliticosveracruz.com\/?author=2"}]}},"_links":{"self":[{"href":"https:\/\/lospoliticosveracruz.com\/index.php?rest_route=\/wp\/v2\/posts\/27932","targetHints":{"allow":["GET"]}}],"collection":[{"href":"https:\/\/lospoliticosveracruz.com\/index.php?rest_route=\/wp\/v2\/posts"}],"about":[{"href":"https:\/\/lospoliticosveracruz.com\/index.php?rest_route=\/wp\/v2\/types\/post"}],"author":[{"embeddable":true,"href":"https:\/\/lospoliticosveracruz.com\/index.php?rest_route=\/wp\/v2\/users\/2"}],"replies":[{"embeddable":true,"href":"https:\/\/lospoliticosveracruz.com\/index.php?rest_route=%2Fwp%2Fv2%2Fcomments&post=27932"}],"version-history":[{"count":2,"href":"https:\/\/lospoliticosveracruz.com\/index.php?rest_route=\/wp\/v2\/posts\/27932\/revisions"}],"predecessor-version":[{"id":27993,"href":"https:\/\/lospoliticosveracruz.com\/index.php?rest_route=\/wp\/v2\/posts\/27932\/revisions\/27993"}],"wp:attachment":[{"href":"https:\/\/lospoliticosveracruz.com\/index.php?rest_route=%2Fwp%2Fv2%2Fmedia&parent=27932"}],"wp:term":[{"taxonomy":"category","embeddable":true,"href":"https:\/\/lospoliticosveracruz.com\/index.php?rest_route=%2Fwp%2Fv2%2Fcategories&post=27932"},{"taxonomy":"post_tag","embeddable":true,"href":"https:\/\/lospoliticosveracruz.com\/index.php?rest_route=%2Fwp%2Fv2%2Ftags&post=27932"}],"curies":[{"name":"wp","href":"https:\/\/api.w.org\/{rel}","templated":true}]}}