{"id":27946,"date":"2016-11-13T18:06:10","date_gmt":"2016-11-14T00:06:10","guid":{"rendered":"http:\/\/www.lospoliticosveracruz.com.mx\/?p=27946"},"modified":"2016-11-13T18:06:10","modified_gmt":"2016-11-14T00:06:10","slug":"catemaco-copia-de-la-toma-del-palacio-de-gobierno","status":"publish","type":"post","link":"https:\/\/lospoliticosveracruz.com\/?p=27946","title":{"rendered":"Catemaco, copia de la toma del Palacio de Gobierno"},"content":{"rendered":"<p class=\"x_m_-8933537970445774875MsoNoSpacing x_gmail_msg\"><strong>Fanny Y\u00e9pez<\/strong><\/p>\n<p class=\"x_m_-8933537970445774875MsoNoSpacing x_gmail_msg\"><span class=\"x_gmail_msg\"><em>La Columna<\/em><u class=\"x_gmail_msg\"><\/u><u class=\"x_gmail_msg\"><\/u><\/span><\/p>\n<p class=\"x_m_-8933537970445774875MsoNoSpacing x_gmail_msg\">\n<p class=\"x_m_-8933537970445774875MsoNoSpacing x_gmail_msg\">\n<p class=\"x_m_-8933537970445774875MsoNoSpacing x_gmail_msg\"><b class=\"x_gmail_msg\"><\/b><span class=\"x_gmail_msg\">Pobre de m\u00ed Veracruz, de veras que muchos lamentamos lo que sucede diariamente, porque parece que no hubiera autoridad. Hay una indefinici\u00f3n que saca de quicio a todos los veracruzanos.<u class=\"x_gmail_msg\"><\/u><u class=\"x_gmail_msg\"><\/u><\/span><\/p>\n<p class=\"x_m_-8933537970445774875MsoNoSpacing x_gmail_msg\"><span class=\"x_gmail_msg\">Un gobernador interino de 45 d\u00edas que ahora solo le quedan 18, que ha hecho la funci\u00f3n de gestor ante el gobierno federal para desatorar el problema econ\u00f3mico; un gobernador con licencia que lo busca la PGR; un gobernador electo, cuyo hijo, alcalde de Boca del R\u00edo, reclama participaciones federales, para lo que tom\u00f3 el palacio de gobierno y la Casa Veracruz, lanzando ofensas al gobernador actual y al alcalde de Xalapa, para que les paguen ese dinero atrasado.<u class=\"x_gmail_msg\"><\/u><u class=\"x_gmail_msg\"><\/u><\/span><\/p>\n<p class=\"x_m_-8933537970445774875MsoNoSpacing x_gmail_msg\"><span class=\"x_gmail_msg\">En Catemaco copiaron el modelo de anarqu\u00eda y con la desaparici\u00f3n del p\u00e1rroco, Jos\u00e9 Luis S\u00e1nchez Ruiz, los feligreses y otros grupos, realizaron este s\u00e1bado actos vand\u00e1licos, tomaron el palacio municipal, quemaron una patrulla, rompieron cristales y robaron art\u00edculos y productos del comercio del centro de la ciudad; invadieron las oficinas de la Comisi\u00f3n Federal de Electricidad, destrozaron puertas, ventanas y computadoras, adem\u00e1s de amenazar a los habitantes que se atrevan a circular por esa zona.<u class=\"x_gmail_msg\"><\/u><u class=\"x_gmail_msg\"><\/u><\/span><\/p>\n<p class=\"x_m_-8933537970445774875MsoNoSpacing x_gmail_msg\"><span class=\"x_gmail_msg\">Exig\u00edan que apareciera con vida el sacerdote que fue secuestrado por desconocidos que por la fuerza se lo llevaron de su casa.<u class=\"x_gmail_msg\"><\/u><u class=\"x_gmail_msg\"><\/u><\/span><\/p>\n<p class=\"x_m_-8933537970445774875MsoNoSpacing x_gmail_msg\"><span class=\"x_gmail_msg\">De nueva cuenta Veracruz se coloc\u00f3 en las principales p\u00e1ginas de los peri\u00f3dicos nacionales y otros medios de comunicaci\u00f3n, pero con la nota mala, esa nota que nos ha caracterizado en los \u00faltimos a\u00f1os de tener un mal gobierno, de los atracos que se cometieron a las arcas que ten\u00edan el dinero del pueblo y de la inseguridad que se sigue viviendo.<u class=\"x_gmail_msg\"><\/u><u class=\"x_gmail_msg\"><\/u><\/span><\/p>\n<p class=\"x_m_-8933537970445774875MsoNoSpacing x_gmail_msg\"><span class=\"x_gmail_msg\">Veracruz y los veracruzanos no nos merecemos esto, hay que hacer lo propio para que esta entidad donde nacimos y nacieron nuestros hijos y nietos recupere el prestigio que se merece. \u00a0\u00a0<u class=\"x_gmail_msg\"><\/u><u class=\"x_gmail_msg\"><\/u><\/span><\/p>\n<p class=\"x_m_-8933537970445774875MsoNoSpacing x_gmail_msg\"><span class=\"x_gmail_msg\"><u class=\"x_gmail_msg\"><\/u>\u00a0<u class=\"x_gmail_msg\"><\/u><\/span><\/p>\n<p class=\"x_m_-8933537970445774875MsoNoSpacing x_gmail_msg\"><b class=\"x_gmail_msg\"><span class=\"x_gmail_msg\">Se sintieron ofendidos y decidieron tomar los edificios, pero se sali\u00f3 de control<u class=\"x_gmail_msg\"><\/u><u class=\"x_gmail_msg\"><\/u><\/span><\/b><\/p>\n<p class=\"x_m_-8933537970445774875MsoNoSpacing x_gmail_msg\"><span class=\"x_gmail_msg\">Dicen los m\u00e1s diversos comentarios de caf\u00e9, que los de Catemaco o los integrantes de la Organizaci\u00f3n del Gobierno Aut\u00f3nomo de los Pueblos Ind\u00edgenas, vieron que era f\u00e1cil tomar un palacio, hacer quemas y portar machetes; total nadie dice nada, como sucede en Xalapa, entonces con ese ejemplo que cunde, los que se sienten ofendidos as\u00ed es como pensaron que deb\u00edan actuar.<u class=\"x_gmail_msg\"><\/u><u class=\"x_gmail_msg\"><\/u><\/span><\/p>\n<p class=\"x_m_-8933537970445774875MsoNoSpacing x_gmail_msg\"><span class=\"x_gmail_msg\">Los habitantes de ese mismo municipio, Catemaco, ped\u00edan a gritos que llegara la Marina Armada de M\u00e9xico y todas las corporaciones oficiales que pudieran poner orden a ese movimiento, que los mantuvo amenazados cada minuto.<u class=\"x_gmail_msg\"><\/u><u class=\"x_gmail_msg\"><\/u><\/span><\/p>\n<p class=\"x_m_-8933537970445774875MsoNoSpacing x_gmail_msg\"><span class=\"x_gmail_msg\">La iglesia cat\u00f3lica se deslind\u00f3 de esas agresiones y movimientos violentos y el padre Aar\u00f3n Reyes Natividad, Coordinador Diocesano de los Medios de Comunicaci\u00f3n, dijo que la desaparici\u00f3n del padre Jos\u00e9 Lu\u00eds S\u00e1nchez Ruiz mantuvo consternado a todo el pueblo del estado de Veracruz.<u class=\"x_gmail_msg\"><\/u><u class=\"x_gmail_msg\"><\/u><\/span><\/p>\n<p class=\"x_m_-8933537970445774875MsoNoSpacing x_gmail_msg\"><span class=\"x_gmail_msg\">El d\u00eda 26 de octubre el sacerdote que finalmente apareci\u00f3 con signos de tortura, convoc\u00f3 a una marcha para protestar por los altos costos de la energ\u00eda el\u00e9ctrica, ese reclamo iba dirigido a la Comisi\u00f3n Federal de Electricidad, porque los recibos hab\u00edan llegado muy altos a todas las casas y a la iglesia \u201cLos doce Ap\u00f3stoles\u201d de ese lugar.<u class=\"x_gmail_msg\"><\/u><u class=\"x_gmail_msg\"><\/u><\/span><\/p>\n<p class=\"x_m_-8933537970445774875MsoNoSpacing x_gmail_msg\"><span class=\"x_gmail_msg\">En sus homil\u00edas tambi\u00e9n denunciaba la inseguridad en esa zona, por lo que al parecer comenz\u00f3 a recibir amenazas a trav\u00e9s del WhatsApp, situaci\u00f3n que lo puso nervioso pero pensaron sus allegados que todo pasar\u00eda con los d\u00edas.<u class=\"x_gmail_msg\"><\/u><u class=\"x_gmail_msg\"><\/u><\/span><\/p>\n<p class=\"x_m_-8933537970445774875MsoNoSpacing x_gmail_msg\"><span class=\"x_gmail_msg\"><u class=\"x_gmail_msg\"><\/u>\u00a0<u class=\"x_gmail_msg\"><\/u><\/span><\/p>\n<p class=\"x_m_-8933537970445774875MsoNoSpacing x_gmail_msg\"><b class=\"x_gmail_msg\"><span class=\"x_gmail_msg\">Apareci\u00f3 el p\u00e1rroco con notables huellas de tortura<u class=\"x_gmail_msg\"><\/u><u class=\"x_gmail_msg\"><\/u><\/span><\/b><\/p>\n<p class=\"x_m_-8933537970445774875MsoNoSpacing x_gmail_msg\"><span class=\"x_gmail_msg\">El domingo por la ma\u00f1ana la Di\u00f3cesis de San Andr\u00e9s envi\u00f3 un comunicado firmado por Monse\u00f1or, Fidencio L\u00f3pez Plaza, donde inform\u00f3 que el sacerdote Jos\u00e9 Luis S\u00e1nchez Ruiz hab\u00eda aparecido con notables huellas de tortura, pero al mismo tiempo ped\u00edan respeto a todo el p\u00fablico ante la situaci\u00f3n actual del p\u00e1rroco.<u class=\"x_gmail_msg\"><\/u><u class=\"x_gmail_msg\"><\/u><\/span><\/p>\n<p class=\"x_m_-8933537970445774875MsoNoSpacing x_gmail_msg\"><span class=\"x_gmail_msg\">Ah\u00ed mismo agradecieron el apoyo del Gobierno del Estado para atender este penoso caso, que mantuvo en una crisis de nervios a muchas familias del municipio de Catemaco.<u class=\"x_gmail_msg\"><\/u><u class=\"x_gmail_msg\"><\/u><\/span><\/p>\n<p class=\"x_m_-8933537970445774875MsoNoSpacing x_gmail_msg\"><span class=\"x_gmail_msg\">La madrugada del domingo entraron al centro de esa ciudad, aproximadamente 300 elementos de las polic\u00edas estatal y municipal a bordo de 50 patrullas, para poner orden en esa demarcaci\u00f3n y devolver la tranquilidad a las familias, que nunca van a olvidar este incidente, porque deja una profunda marca en cada uno de ellos, incluso, los inculparon de los delitos que cometi\u00f3 Wilfrido Reyes Mart\u00ednez, el l\u00edder de la Organizaci\u00f3n de los Pueblos Ind\u00edgenas que encabez\u00f3 todos esos destrozos.<\/span><\/p>\n<p class=\"x_m_-8933537970445774875MsoNoSpacing x_gmail_msg\"><b class=\"x_gmail_msg\"><span class=\"x_gmail_msg\">Una investigaci\u00f3n profunda, hasta sus \u00faltimas consecuencias<u class=\"x_gmail_msg\"><\/u><u class=\"x_gmail_msg\"><\/u><\/span><\/b><\/p>\n<p class=\"x_m_-8933537970445774875MsoNoSpacing x_gmail_msg\"><span class=\"x_gmail_msg\">Va a ser importante para que no quede como ejemplo ese precedente, que se proceda en contra de ese personaje, aplic\u00e1ndole la ley y sobre todo dejar en claro cu\u00e1les fueron los motivos que lo orillaron a actuar de esa forma.<u class=\"x_gmail_msg\"><\/u><u class=\"x_gmail_msg\"><\/u><\/span><\/p>\n<p class=\"x_m_-8933537970445774875MsoNoSpacing x_gmail_msg\"><span class=\"x_gmail_msg\">Es que se corren muchos rumores de lo que pudo haber sido, pero solo son especulaciones y eso no es correcto; se deben dar a conocer cu\u00e1les fueron las razones para haber quemado con violencia el Palacio Municipal y el archivo del Registro Civil, porque la p\u00e9rdida es enorme si es verdad que se consumieron esos expedientes. \u00a0<u class=\"x_gmail_msg\"><\/u><u class=\"x_gmail_msg\"><\/u><\/span><\/p>\n<p class=\"x_m_-8933537970445774875MsoNoSpacing x_gmail_msg\"><span class=\"x_gmail_msg\">No era la forma de pedir justicia actuando con violencia, porque definitivamente incurri\u00f3 en otro delito y esa responsabilidad se le tiene que fincar para que pague esas consecuencias.<u class=\"x_gmail_msg\"><\/u><u class=\"x_gmail_msg\"><\/u><\/span><\/p>\n<p class=\"x_m_-8933537970445774875MsoNoSpacing x_gmail_msg\"><span class=\"x_gmail_msg\">De no hacerlo se corre el riesgo que cualquiera que se sienta l\u00edder, decida actuar de la misma forma y seguir\u00edamos viendo pasar el tiempo en un pueblo sin ley.<u class=\"x_gmail_msg\"><\/u><u class=\"x_gmail_msg\"><\/u><\/span><\/p>\n<p class=\"x_m_-8933537970445774875MsoNoSpacing x_gmail_msg\"><span class=\"x_gmail_msg\">La labor de hacer esa investigaci\u00f3n est\u00e1 en manos del Fiscal General del Estado, Luis \u00c1ngel Bravo Contreras, quien desde que supo de esta situaci\u00f3n estuvo al pendiente, solicitando la comprensi\u00f3n y paciencia de los habitantes del lugar, por lo que ahora est\u00e1 comprometido a llegar hasta sus \u00faltimas consecuencias.<u class=\"x_gmail_msg\"><\/u><u class=\"x_gmail_msg\"><\/u><\/span><\/p>\n<p class=\"x_m_-8933537970445774875MsoNoSpacing x_gmail_msg\"><span class=\"x_gmail_msg\"><u class=\"x_gmail_msg\"><\/u>\u00a0<u class=\"x_gmail_msg\"><\/u><\/span><\/p>\n<p class=\"x_m_-8933537970445774875MsoNoSpacing x_gmail_msg\"><b class=\"x_gmail_msg\"><span class=\"x_gmail_msg\">\u00bfQui\u00e9n es el pseudo l\u00edder Wilfrido Reyes Mart\u00ednez?<u class=\"x_gmail_msg\"><\/u><u class=\"x_gmail_msg\"><\/u><\/span><\/b><\/p>\n<p class=\"x_m_-8933537970445774875MsoNoSpacing x_gmail_msg\"><span class=\"x_gmail_msg\">No es la primera vez que este sujeto act\u00faa de esa forma, se le ha hecho f\u00e1cil adoptar las manifestaciones como su modus vivendi y hacerse llamar \u201cProcurador Ind\u00edgena Aut\u00f3nomo\u201d, para hacer reclamos y provocar disturbios, como sucedi\u00f3 el 21 de noviembre del a\u00f1o pasado, cuando acompa\u00f1ado de unas 150 personas, reclam\u00f3 al director de gobierno municipal de San Andr\u00e9s Tuxtla, Lorenzo Ortega Vergara, que no lo atend\u00eda, y lo amenaz\u00f3 con palabras altisonantes y con amarrarlo para pasearlo por las calles de la ciudad, al mismo tiempo que mand\u00f3 a golpear a un reportero de esa regi\u00f3n.<u class=\"x_gmail_msg\"><\/u><u class=\"x_gmail_msg\"><\/u><\/span><\/p>\n<p class=\"x_m_-8933537970445774875MsoNoSpacing x_gmail_msg\"><span class=\"x_gmail_msg\">El 15 de junio de este a\u00f1o, trat\u00f3 de quitarle por la fuerza una casa a la se\u00f1ora Mar\u00eda de la Luz Palomino Ocampo, para lo cual lleg\u00f3 con un grupo de 60 personas a exigir que se saliera de la vivienda la se\u00f1ora, pero esta no lo permiti\u00f3 y por eso fueron golpeadas tres personas que la defendieron. Tuvieron que ser atendidas por la Cruz Roja.<u class=\"x_gmail_msg\"><\/u><u class=\"x_gmail_msg\"><\/u><\/span><\/p>\n<p class=\"x_m_-8933537970445774875MsoNoSpacing x_gmail_msg\"><span class=\"x_gmail_msg\">En esa ocasi\u00f3n Wilfrido tambi\u00e9n quem\u00f3 parte de la casa y una camioneta que se encontraba dentro del mismo terreno, es decir, una de sus debilidades es el fuego, piro maniaco.<u class=\"x_gmail_msg\"><\/u><u class=\"x_gmail_msg\"><\/u><\/span><\/p>\n<p class=\"x_m_-8933537970445774875MsoNoSpacing x_gmail_msg\"><span class=\"x_gmail_msg\">Wilfrido es moreno, corpulento, con el pelo largo enmara\u00f1ado, generalmente carga una mochila que va del hombro a la cintura, le gusta usar una playera y solo espera alg\u00fan movimiento que le pueda redituar beneficio en la zona de Los Tuxtlas, y de inmediato participa como promotor, aunque nada tenga que ver con el acontecimiento, como sucedi\u00f3 el s\u00e1bado pasado en Catemaco.<u class=\"x_gmail_msg\"><\/u><u class=\"x_gmail_msg\"><\/u><\/span><\/p>\n<p class=\"x_m_-8933537970445774875MsoNoSpacing x_gmail_msg\"><span class=\"x_gmail_msg\">A este oscuro y negativo personaje hay que aplicarle todo el peso de la ley, de lo contrario este sujeto marca un precedente para que todos lo imiten. \u00a0\u00a0\u00a0<\/span><\/p>\n","protected":false},"excerpt":{"rendered":"<p>Fanny Y\u00e9pez La Columna Pobre de m\u00ed Veracruz, de veras que muchos lamentamos lo que sucede diariamente, porque parece que no hubiera autoridad. Hay una indefinici\u00f3n que saca de quicio a todos los veracruzanos. Un gobernador interino de 45 d\u00edas que ahora solo le quedan 18, que ha hecho la funci\u00f3n de gestor ante el [&hellip;]<\/p>\n","protected":false},"author":2,"featured_media":0,"comment_status":"open","ping_status":"open","sticky":false,"template":"","format":"standard","meta":{"tdm_status":"","tdm_grid_status":"","footnotes":""},"categories":[70],"tags":[158,1761,6706,6705],"class_list":{"0":"post-27946","1":"post","2":"type-post","3":"status-publish","4":"format-standard","6":"category-de-opinion","7":"tag-catemaco","8":"tag-flavino-rios","9":"tag-jose-luis-sanchez-ruiz","10":"tag-organizacion-del-gobierno-autonomo-de-los-pueblos-indigenas"},"yoast_head":"<!-- This site is optimized with the Yoast SEO plugin v27.4 - https:\/\/yoast.com\/product\/yoast-seo-wordpress\/ -->\n<title>Catemaco, copia de la toma del Palacio de Gobierno - Los pol\u00edticos Veracruz<\/title>\n<meta name=\"robots\" content=\"index, follow, max-snippet:-1, max-image-preview:large, max-video-preview:-1\" \/>\n<link rel=\"canonical\" href=\"https:\/\/lospoliticosveracruz.com\/?p=27946\" \/>\n<meta property=\"og:locale\" content=\"es_ES\" \/>\n<meta property=\"og:type\" content=\"article\" \/>\n<meta property=\"og:title\" content=\"Catemaco, copia de la toma del Palacio de Gobierno - Los pol\u00edticos Veracruz\" \/>\n<meta property=\"og:description\" content=\"Fanny Y\u00e9pez La Columna Pobre de m\u00ed Veracruz, de veras que muchos lamentamos lo que sucede diariamente, porque parece que no hubiera autoridad. Hay una indefinici\u00f3n que saca de quicio a todos los veracruzanos. Un gobernador interino de 45 d\u00edas que ahora solo le quedan 18, que ha hecho la funci\u00f3n de gestor ante el [&hellip;]\" \/>\n<meta property=\"og:url\" content=\"https:\/\/lospoliticosveracruz.com\/?p=27946\" \/>\n<meta property=\"og:site_name\" content=\"Los pol\u00edticos Veracruz\" \/>\n<meta property=\"article:publisher\" content=\"https:\/\/www.facebook.com\/people\/Notimemes-de-los-Polticos\/61565672886568\/\" \/>\n<meta property=\"article:published_time\" content=\"2016-11-14T00:06:10+00:00\" \/>\n<meta property=\"og:image\" content=\"https:\/\/lospoliticosveracruz.com\/wp-content\/uploads\/2016\/07\/Logo-Dor.jpg\" \/>\n\t<meta property=\"og:image:width\" content=\"200\" \/>\n\t<meta property=\"og:image:height\" content=\"200\" \/>\n\t<meta property=\"og:image:type\" content=\"image\/jpeg\" \/>\n<meta name=\"author\" content=\"Lo viste en Los Pol\u00edticos\" \/>\n<meta name=\"twitter:card\" content=\"summary_large_image\" \/>\n<meta name=\"twitter:creator\" content=\"@LosPoliticosVer\" \/>\n<meta name=\"twitter:site\" content=\"@LosPoliticosVer\" \/>\n<meta name=\"twitter:label1\" content=\"Escrito por\" \/>\n\t<meta name=\"twitter:data1\" content=\"Lo viste en Los Pol\u00edticos\" \/>\n\t<meta name=\"twitter:label2\" content=\"Tiempo de lectura\" \/>\n\t<meta name=\"twitter:data2\" content=\"7 minutos\" \/>\n<script type=\"application\/ld+json\" class=\"yoast-schema-graph\">{\"@context\":\"https:\\\/\\\/schema.org\",\"@graph\":[{\"@type\":\"Article\",\"@id\":\"https:\\\/\\\/lospoliticosveracruz.com\\\/?p=27946#article\",\"isPartOf\":{\"@id\":\"https:\\\/\\\/lospoliticosveracruz.com\\\/?p=27946\"},\"author\":{\"name\":\"Lo viste en Los Pol\u00edticos\",\"@id\":\"https:\\\/\\\/lospoliticosveracruz.com\\\/#\\\/schema\\\/person\\\/b8702bb0e538456e6efd07080bf2a4a2\"},\"headline\":\"Catemaco, copia de la toma del Palacio de Gobierno\",\"datePublished\":\"2016-11-14T00:06:10+00:00\",\"mainEntityOfPage\":{\"@id\":\"https:\\\/\\\/lospoliticosveracruz.com\\\/?p=27946\"},\"wordCount\":1325,\"commentCount\":0,\"publisher\":{\"@id\":\"https:\\\/\\\/lospoliticosveracruz.com\\\/#organization\"},\"keywords\":[\"Catemaco\",\"Flavino R\u00edos\",\"Jos\u00e9 Luis S\u00e1nchez Ruiz\",\"Organizaci\u00f3n del Gobierno Aut\u00f3nomo de los Pueblos Ind\u00edgenas\"],\"articleSection\":[\"De Opini\u00f3n\"],\"inLanguage\":\"es\",\"potentialAction\":[{\"@type\":\"CommentAction\",\"name\":\"Comment\",\"target\":[\"https:\\\/\\\/lospoliticosveracruz.com\\\/?p=27946#respond\"]}]},{\"@type\":\"WebPage\",\"@id\":\"https:\\\/\\\/lospoliticosveracruz.com\\\/?p=27946\",\"url\":\"https:\\\/\\\/lospoliticosveracruz.com\\\/?p=27946\",\"name\":\"Catemaco, copia de la toma del Palacio de Gobierno - Los pol\u00edticos Veracruz\",\"isPartOf\":{\"@id\":\"https:\\\/\\\/lospoliticosveracruz.com\\\/#website\"},\"datePublished\":\"2016-11-14T00:06:10+00:00\",\"breadcrumb\":{\"@id\":\"https:\\\/\\\/lospoliticosveracruz.com\\\/?p=27946#breadcrumb\"},\"inLanguage\":\"es\",\"potentialAction\":[{\"@type\":\"ReadAction\",\"target\":[\"https:\\\/\\\/lospoliticosveracruz.com\\\/?p=27946\"]}]},{\"@type\":\"BreadcrumbList\",\"@id\":\"https:\\\/\\\/lospoliticosveracruz.com\\\/?p=27946#breadcrumb\",\"itemListElement\":[{\"@type\":\"ListItem\",\"position\":1,\"name\":\"Portada\",\"item\":\"https:\\\/\\\/lospoliticosveracruz.com\\\/\"},{\"@type\":\"ListItem\",\"position\":2,\"name\":\"Catemaco, copia de la toma del Palacio de Gobierno\"}]},{\"@type\":\"WebSite\",\"@id\":\"https:\\\/\\\/lospoliticosveracruz.com\\\/#website\",\"url\":\"https:\\\/\\\/lospoliticosveracruz.com\\\/\",\"name\":\"Los pol\u00edticos Veracruz\",\"description\":\"\",\"publisher\":{\"@id\":\"https:\\\/\\\/lospoliticosveracruz.com\\\/#organization\"},\"potentialAction\":[{\"@type\":\"SearchAction\",\"target\":{\"@type\":\"EntryPoint\",\"urlTemplate\":\"https:\\\/\\\/lospoliticosveracruz.com\\\/?s={search_term_string}\"},\"query-input\":{\"@type\":\"PropertyValueSpecification\",\"valueRequired\":true,\"valueName\":\"search_term_string\"}}],\"inLanguage\":\"es\"},{\"@type\":\"Organization\",\"@id\":\"https:\\\/\\\/lospoliticosveracruz.com\\\/#organization\",\"name\":\"Los pol\u00edticos Veracruz\",\"url\":\"https:\\\/\\\/lospoliticosveracruz.com\\\/\",\"logo\":{\"@type\":\"ImageObject\",\"inLanguage\":\"es\",\"@id\":\"https:\\\/\\\/lospoliticosveracruz.com\\\/#\\\/schema\\\/logo\\\/image\\\/\",\"url\":\"https:\\\/\\\/lospoliticosveracruz.com\\\/wp-content\\\/uploads\\\/2025\\\/12\\\/Logo-Nuevo-LOS-POLITICOS-1.jpg\",\"contentUrl\":\"https:\\\/\\\/lospoliticosveracruz.com\\\/wp-content\\\/uploads\\\/2025\\\/12\\\/Logo-Nuevo-LOS-POLITICOS-1.jpg\",\"width\":260,\"height\":70,\"caption\":\"Los pol\u00edticos Veracruz\"},\"image\":{\"@id\":\"https:\\\/\\\/lospoliticosveracruz.com\\\/#\\\/schema\\\/logo\\\/image\\\/\"},\"sameAs\":[\"https:\\\/\\\/www.facebook.com\\\/people\\\/Notimemes-de-los-Polticos\\\/61565672886568\\\/\",\"https:\\\/\\\/x.com\\\/LosPoliticosVer\"]},{\"@type\":\"Person\",\"@id\":\"https:\\\/\\\/lospoliticosveracruz.com\\\/#\\\/schema\\\/person\\\/b8702bb0e538456e6efd07080bf2a4a2\",\"name\":\"Lo viste en Los Pol\u00edticos\",\"image\":{\"@type\":\"ImageObject\",\"inLanguage\":\"es\",\"@id\":\"https:\\\/\\\/secure.gravatar.com\\\/avatar\\\/3a8de04a2656d44082be478bd6c086daa447c4651605818287b9532d3d0bd435?s=96&d=mm&r=g\",\"url\":\"https:\\\/\\\/secure.gravatar.com\\\/avatar\\\/3a8de04a2656d44082be478bd6c086daa447c4651605818287b9532d3d0bd435?s=96&d=mm&r=g\",\"contentUrl\":\"https:\\\/\\\/secure.gravatar.com\\\/avatar\\\/3a8de04a2656d44082be478bd6c086daa447c4651605818287b9532d3d0bd435?s=96&d=mm&r=g\",\"caption\":\"Lo viste en Los Pol\u00edticos\"},\"url\":\"https:\\\/\\\/lospoliticosveracruz.com\\\/?author=2\"}]}<\/script>\n<!-- \/ Yoast SEO plugin. -->","yoast_head_json":{"title":"Catemaco, copia de la toma del Palacio de Gobierno - Los pol\u00edticos Veracruz","robots":{"index":"index","follow":"follow","max-snippet":"max-snippet:-1","max-image-preview":"max-image-preview:large","max-video-preview":"max-video-preview:-1"},"canonical":"https:\/\/lospoliticosveracruz.com\/?p=27946","og_locale":"es_ES","og_type":"article","og_title":"Catemaco, copia de la toma del Palacio de Gobierno - Los pol\u00edticos Veracruz","og_description":"Fanny Y\u00e9pez La Columna Pobre de m\u00ed Veracruz, de veras que muchos lamentamos lo que sucede diariamente, porque parece que no hubiera autoridad. Hay una indefinici\u00f3n que saca de quicio a todos los veracruzanos. Un gobernador interino de 45 d\u00edas que ahora solo le quedan 18, que ha hecho la funci\u00f3n de gestor ante el [&hellip;]","og_url":"https:\/\/lospoliticosveracruz.com\/?p=27946","og_site_name":"Los pol\u00edticos Veracruz","article_publisher":"https:\/\/www.facebook.com\/people\/Notimemes-de-los-Polticos\/61565672886568\/","article_published_time":"2016-11-14T00:06:10+00:00","og_image":[{"width":200,"height":200,"url":"https:\/\/lospoliticosveracruz.com\/wp-content\/uploads\/2016\/07\/Logo-Dor.jpg","type":"image\/jpeg"}],"author":"Lo viste en Los Pol\u00edticos","twitter_card":"summary_large_image","twitter_creator":"@LosPoliticosVer","twitter_site":"@LosPoliticosVer","twitter_misc":{"Escrito por":"Lo viste en Los Pol\u00edticos","Tiempo de lectura":"7 minutos"},"schema":{"@context":"https:\/\/schema.org","@graph":[{"@type":"Article","@id":"https:\/\/lospoliticosveracruz.com\/?p=27946#article","isPartOf":{"@id":"https:\/\/lospoliticosveracruz.com\/?p=27946"},"author":{"name":"Lo viste en Los Pol\u00edticos","@id":"https:\/\/lospoliticosveracruz.com\/#\/schema\/person\/b8702bb0e538456e6efd07080bf2a4a2"},"headline":"Catemaco, copia de la toma del Palacio de Gobierno","datePublished":"2016-11-14T00:06:10+00:00","mainEntityOfPage":{"@id":"https:\/\/lospoliticosveracruz.com\/?p=27946"},"wordCount":1325,"commentCount":0,"publisher":{"@id":"https:\/\/lospoliticosveracruz.com\/#organization"},"keywords":["Catemaco","Flavino R\u00edos","Jos\u00e9 Luis S\u00e1nchez Ruiz","Organizaci\u00f3n del Gobierno Aut\u00f3nomo de los Pueblos Ind\u00edgenas"],"articleSection":["De Opini\u00f3n"],"inLanguage":"es","potentialAction":[{"@type":"CommentAction","name":"Comment","target":["https:\/\/lospoliticosveracruz.com\/?p=27946#respond"]}]},{"@type":"WebPage","@id":"https:\/\/lospoliticosveracruz.com\/?p=27946","url":"https:\/\/lospoliticosveracruz.com\/?p=27946","name":"Catemaco, copia de la toma del Palacio de Gobierno - Los pol\u00edticos Veracruz","isPartOf":{"@id":"https:\/\/lospoliticosveracruz.com\/#website"},"datePublished":"2016-11-14T00:06:10+00:00","breadcrumb":{"@id":"https:\/\/lospoliticosveracruz.com\/?p=27946#breadcrumb"},"inLanguage":"es","potentialAction":[{"@type":"ReadAction","target":["https:\/\/lospoliticosveracruz.com\/?p=27946"]}]},{"@type":"BreadcrumbList","@id":"https:\/\/lospoliticosveracruz.com\/?p=27946#breadcrumb","itemListElement":[{"@type":"ListItem","position":1,"name":"Portada","item":"https:\/\/lospoliticosveracruz.com\/"},{"@type":"ListItem","position":2,"name":"Catemaco, copia de la toma del Palacio de Gobierno"}]},{"@type":"WebSite","@id":"https:\/\/lospoliticosveracruz.com\/#website","url":"https:\/\/lospoliticosveracruz.com\/","name":"Los pol\u00edticos Veracruz","description":"","publisher":{"@id":"https:\/\/lospoliticosveracruz.com\/#organization"},"potentialAction":[{"@type":"SearchAction","target":{"@type":"EntryPoint","urlTemplate":"https:\/\/lospoliticosveracruz.com\/?s={search_term_string}"},"query-input":{"@type":"PropertyValueSpecification","valueRequired":true,"valueName":"search_term_string"}}],"inLanguage":"es"},{"@type":"Organization","@id":"https:\/\/lospoliticosveracruz.com\/#organization","name":"Los pol\u00edticos Veracruz","url":"https:\/\/lospoliticosveracruz.com\/","logo":{"@type":"ImageObject","inLanguage":"es","@id":"https:\/\/lospoliticosveracruz.com\/#\/schema\/logo\/image\/","url":"https:\/\/lospoliticosveracruz.com\/wp-content\/uploads\/2025\/12\/Logo-Nuevo-LOS-POLITICOS-1.jpg","contentUrl":"https:\/\/lospoliticosveracruz.com\/wp-content\/uploads\/2025\/12\/Logo-Nuevo-LOS-POLITICOS-1.jpg","width":260,"height":70,"caption":"Los pol\u00edticos Veracruz"},"image":{"@id":"https:\/\/lospoliticosveracruz.com\/#\/schema\/logo\/image\/"},"sameAs":["https:\/\/www.facebook.com\/people\/Notimemes-de-los-Polticos\/61565672886568\/","https:\/\/x.com\/LosPoliticosVer"]},{"@type":"Person","@id":"https:\/\/lospoliticosveracruz.com\/#\/schema\/person\/b8702bb0e538456e6efd07080bf2a4a2","name":"Lo viste en Los Pol\u00edticos","image":{"@type":"ImageObject","inLanguage":"es","@id":"https:\/\/secure.gravatar.com\/avatar\/3a8de04a2656d44082be478bd6c086daa447c4651605818287b9532d3d0bd435?s=96&d=mm&r=g","url":"https:\/\/secure.gravatar.com\/avatar\/3a8de04a2656d44082be478bd6c086daa447c4651605818287b9532d3d0bd435?s=96&d=mm&r=g","contentUrl":"https:\/\/secure.gravatar.com\/avatar\/3a8de04a2656d44082be478bd6c086daa447c4651605818287b9532d3d0bd435?s=96&d=mm&r=g","caption":"Lo viste en Los Pol\u00edticos"},"url":"https:\/\/lospoliticosveracruz.com\/?author=2"}]}},"_links":{"self":[{"href":"https:\/\/lospoliticosveracruz.com\/index.php?rest_route=\/wp\/v2\/posts\/27946","targetHints":{"allow":["GET"]}}],"collection":[{"href":"https:\/\/lospoliticosveracruz.com\/index.php?rest_route=\/wp\/v2\/posts"}],"about":[{"href":"https:\/\/lospoliticosveracruz.com\/index.php?rest_route=\/wp\/v2\/types\/post"}],"author":[{"embeddable":true,"href":"https:\/\/lospoliticosveracruz.com\/index.php?rest_route=\/wp\/v2\/users\/2"}],"replies":[{"embeddable":true,"href":"https:\/\/lospoliticosveracruz.com\/index.php?rest_route=%2Fwp%2Fv2%2Fcomments&post=27946"}],"version-history":[{"count":1,"href":"https:\/\/lospoliticosveracruz.com\/index.php?rest_route=\/wp\/v2\/posts\/27946\/revisions"}],"predecessor-version":[{"id":27948,"href":"https:\/\/lospoliticosveracruz.com\/index.php?rest_route=\/wp\/v2\/posts\/27946\/revisions\/27948"}],"wp:attachment":[{"href":"https:\/\/lospoliticosveracruz.com\/index.php?rest_route=%2Fwp%2Fv2%2Fmedia&parent=27946"}],"wp:term":[{"taxonomy":"category","embeddable":true,"href":"https:\/\/lospoliticosveracruz.com\/index.php?rest_route=%2Fwp%2Fv2%2Fcategories&post=27946"},{"taxonomy":"post_tag","embeddable":true,"href":"https:\/\/lospoliticosveracruz.com\/index.php?rest_route=%2Fwp%2Fv2%2Ftags&post=27946"}],"curies":[{"name":"wp","href":"https:\/\/api.w.org\/{rel}","templated":true}]}}