{"id":27952,"date":"2016-11-13T22:21:06","date_gmt":"2016-11-14T04:21:06","guid":{"rendered":"http:\/\/www.lospoliticosveracruz.com.mx\/?p=27952"},"modified":"2016-11-13T22:41:40","modified_gmt":"2016-11-14T04:41:40","slug":"natalia-cnc-mayl-y-mancha","status":"publish","type":"post","link":"https:\/\/lospoliticosveracruz.com\/?p=27952","title":{"rendered":"Natalia, CNC, MAYL y Mancha"},"content":{"rendered":"<p><strong>Salvador Mu\u00f1oz<\/strong><\/p>\n<p><em>Los Pol\u00edticos<\/em><\/p>\n<p>El pasado 4 de octubre, en las oficinas de la direcci\u00f3n general de Fiscalizaci\u00f3n Interna de la Contralor\u00eda del Estado se recibi\u00f3 un documento que da lugar a poner en la mira a las autoridades de Espacios Educativos, por la serie de observaciones que les hiciera el Colegio de Ingenieros Civiles de Xalapa, AC.<\/p>\n<p>De acuerdo al documento expuesto por el Colegio que preside Enrique Bonilla Lajud, en reuniones ordinarias y extraordinarias que ha tenido el Comit\u00e9 de Adjudicaci\u00f3n de Obras P\u00fablicas y Servicios de la direcci\u00f3n de Espacios Educativos que preside Natalia Callejas Mart\u00ednez, hicieron la observaci\u00f3n de que se est\u00e1n adjudicando obras que rebasan los montos se\u00f1alados en el presupuesto de egresos para la adjudicaci\u00f3n directa, pas\u00e1ndose por el arco del triunfo al Comit\u00e9 citado.<\/p>\n<p>A ello hay que agregar que no se asentaron en las actas de la S\u00e9ptima, Octava y Novena reuni\u00f3n ordinaria del Comit\u00e9 citado, las observaciones y recomendaciones de los vocales ni de la Contralor\u00eda Interna aplicando el \u201cque no quede huella \/ que no, que no \/ que no quede huella\u201d, y hay que sumar que dichas actas no se han elaborado, firmado ni entregado a las vocal\u00edas, con lo que se viola tambi\u00e9n la Ley de Obras P\u00fablicas en diversos art\u00edculos.<\/p>\n<p>Para rematar, los contratistas no han recibido su Contrato de Obra P\u00fablica en original firmado, aunque ha sido solicitado y a su vez, negado por Espacios Educativos.<\/p>\n<p>Se insiste: desde el pasado 4 de octubre, el director de Fiscalizaci\u00f3n Interna tiene este documento, y lo \u00fanico que se espera es que Francisco Salvador Torres Peralta haya realizado una revisi\u00f3n al proceso de asignaci\u00f3n de obra en Espacios Educativos\u2026 o al menos haber hecho de su conocimiento al Contralor, que por estas fechas anda con la guada\u00f1a afilada, porque a casi quince d\u00edas de que se acabe este sexenio, no se debe dejar pasar por alto, que muchos a\u00fan creen en \u201cel A\u00f1o de Hidalgo\u201d.<\/p>\n<p>&nbsp;<\/p>\n<p><strong>Lo malo de Molina Palacios<\/strong><\/p>\n<p>Como l\u00edder de la CNC, uno de los principales retos de Molina Palacios es seguir cimentando las bases despu\u00e9s de que durante muchos a\u00f1os y dirigentes, esta organizaci\u00f3n campesina fuera ocupada para todo y por todos, menos para apoyar al campo. A un a\u00f1o de estar al frente de la CNC, Molina Palacios demuestra que basta voluntad y ganas de hacer para, primero, volver la dignidad al campo, y despu\u00e9s, fortalecerlo\u2026 eso es bueno, pero&#8230;<\/p>\n<p>El reconocimiento a su trabajo en gen\u00e9tica ganadera por Sagarpa, en sus ranchos Las Perlas y Rosa del Alba, \u00a0ubic\u00e1ndolo como el mejor del pa\u00eds, lo remite a mantener esa calidad o superarla, pero&#8230;<\/p>\n<p>En enero, en Texas, en el Campeonato Mundial, ha de luchar por refrendar para M\u00e9xico y Veracruz, los primeros lugares que en los \u00faltimos a\u00f1os se ha llevado\u2026 demostrar que hay excelencia en el ganado y que Veracruz no s\u00f3lo es una partida de bueyes que nos saquearon, pero&#8230;<\/p>\n<p>S\u00ed, eso es bueno para el dirigente de la CNC y ganadero veracruzano, pero lo malo de Molina Palacios (no para \u00e9l), es que de tanto poner en alto el pabell\u00f3n por Veracruz, hace que quien pretenda un d\u00eda ocupar su lugar, dif\u00edcilmente podr\u00e1 alcanzarlo&#8230;<\/p>\n<p>&nbsp;<\/p>\n<p><strong>El proyecto azul 2017<\/strong><\/p>\n<p>El PAN de Veracruz busca solicitar al Nacional que el m\u00e9todo de selecci\u00f3n para sus candidatos a presidentes municipales para el proceso electoral 2016-2017, sea por designaci\u00f3n directa.<\/p>\n<p>Hay quienes critican este procedimiento porque se deja de lado a la militancia activa del del organismo.<\/p>\n<p>Aunque, a fuerza de ser sinceros, si nos avocamos a la \u00faltima elecci\u00f3n, la del 5 de junio, de gobernador y diputados locales, se le da la raz\u00f3n a Pepe Mancha.<\/p>\n<p>Hay los que dicen que ello ha de fortalecer a Miguel \u00c1ngel Yunes Linares quien ha de palomear a los candidatos\u2026 aunque lo l\u00f3gico es que haya un com\u00fan acuerdo entre el Gobernador electo y el primer panista en Veracruz, Pepe Mancha, todo en funci\u00f3n de ese acuerdo que hasta el momento, les ha rendido frutos.<\/p>\n<p>Si se hablara en un momento de debilidades al interior del PAN, all\u00ed no cabe Pepe Mancha y mucho menos Yunes; quiz\u00e1s Enrique Cambranis, quien es evidente que qued\u00f3 limitado\u2026 Julen Rementer\u00eda, con hijo diputado y quiz\u00e1s cargo en el Gabinete, se da por bien servido\u2026 y si alguna vez hubo un V\u00edctor Serralde, s\u00f3lo yo lo traigo al \u201cser\u201d porque en el PAN, ni quien se acuerde de \u00e9l&#8230;<\/p>\n<p>En el PAN y en el Gobierno entrante todo est\u00e1 dado para que se genere un orden\u2026 si funcion\u00f3 en 2016, posiblemente en 2017, que es el siguiente paso\u2026<\/p>\n<p>&nbsp;<\/p>\n<p><a href=\"mailto:smcainito@gmail.com\">smcainito@gmail.com<\/a><\/p>\n<p>&nbsp;<\/p>\n","protected":false},"excerpt":{"rendered":"<p>Salvador Mu\u00f1oz Los Pol\u00edticos El pasado 4 de octubre, en las oficinas de la direcci\u00f3n general de Fiscalizaci\u00f3n Interna de la Contralor\u00eda del Estado se recibi\u00f3 un documento que da lugar a poner en la mira a las autoridades de Espacios Educativos, por la serie de observaciones que les hiciera el Colegio de Ingenieros Civiles [&hellip;]<\/p>\n","protected":false},"author":2,"featured_media":0,"comment_status":"open","ping_status":"open","sticky":false,"template":"","format":"standard","meta":{"tdm_status":"","tdm_grid_status":"","footnotes":""},"categories":[70],"tags":[6070,5039,3256,5038,1065],"class_list":{"0":"post-27952","1":"post","2":"type-post","3":"status-publish","4":"format-standard","6":"category-de-opinion","7":"tag-colegio-de-ingenieros-civiles-de-xalapa","8":"tag-espacios-educativos","9":"tag-juan-carlos-molina-palacios","10":"tag-natalia-callejas-martinez","11":"tag-pepe-mancha"},"yoast_head":"<!-- This site is optimized with the Yoast SEO plugin v27.4 - https:\/\/yoast.com\/product\/yoast-seo-wordpress\/ -->\n<title>Natalia, CNC, MAYL y Mancha - Los pol\u00edticos Veracruz<\/title>\n<meta name=\"robots\" content=\"index, follow, max-snippet:-1, max-image-preview:large, max-video-preview:-1\" \/>\n<link rel=\"canonical\" href=\"https:\/\/lospoliticosveracruz.com\/?p=27952\" \/>\n<meta property=\"og:locale\" content=\"es_ES\" \/>\n<meta property=\"og:type\" content=\"article\" \/>\n<meta property=\"og:title\" content=\"Natalia, CNC, MAYL y Mancha - Los pol\u00edticos Veracruz\" \/>\n<meta property=\"og:description\" content=\"Salvador Mu\u00f1oz Los Pol\u00edticos El pasado 4 de octubre, en las oficinas de la direcci\u00f3n general de Fiscalizaci\u00f3n Interna de la Contralor\u00eda del Estado se recibi\u00f3 un documento que da lugar a poner en la mira a las autoridades de Espacios Educativos, por la serie de observaciones que les hiciera el Colegio de Ingenieros Civiles [&hellip;]\" \/>\n<meta property=\"og:url\" content=\"https:\/\/lospoliticosveracruz.com\/?p=27952\" \/>\n<meta property=\"og:site_name\" content=\"Los pol\u00edticos Veracruz\" \/>\n<meta property=\"article:publisher\" content=\"https:\/\/www.facebook.com\/people\/Notimemes-de-los-Polticos\/61565672886568\/\" \/>\n<meta property=\"article:published_time\" content=\"2016-11-14T04:21:06+00:00\" \/>\n<meta property=\"article:modified_time\" content=\"2016-11-14T04:41:40+00:00\" \/>\n<meta property=\"og:image\" content=\"https:\/\/lospoliticosveracruz.com\/wp-content\/uploads\/2016\/07\/Logo-Dor.jpg\" \/>\n\t<meta property=\"og:image:width\" content=\"200\" \/>\n\t<meta property=\"og:image:height\" content=\"200\" \/>\n\t<meta property=\"og:image:type\" content=\"image\/jpeg\" \/>\n<meta name=\"author\" content=\"Lo viste en Los Pol\u00edticos\" \/>\n<meta name=\"twitter:card\" content=\"summary_large_image\" \/>\n<meta name=\"twitter:creator\" content=\"@LosPoliticosVer\" \/>\n<meta name=\"twitter:site\" content=\"@LosPoliticosVer\" \/>\n<meta name=\"twitter:label1\" content=\"Escrito por\" \/>\n\t<meta name=\"twitter:data1\" content=\"Lo viste en Los Pol\u00edticos\" \/>\n\t<meta name=\"twitter:label2\" content=\"Tiempo de lectura\" \/>\n\t<meta name=\"twitter:data2\" content=\"4 minutos\" \/>\n<script type=\"application\/ld+json\" class=\"yoast-schema-graph\">{\"@context\":\"https:\\\/\\\/schema.org\",\"@graph\":[{\"@type\":\"Article\",\"@id\":\"https:\\\/\\\/lospoliticosveracruz.com\\\/?p=27952#article\",\"isPartOf\":{\"@id\":\"https:\\\/\\\/lospoliticosveracruz.com\\\/?p=27952\"},\"author\":{\"name\":\"Lo viste en Los Pol\u00edticos\",\"@id\":\"https:\\\/\\\/lospoliticosveracruz.com\\\/#\\\/schema\\\/person\\\/b8702bb0e538456e6efd07080bf2a4a2\"},\"headline\":\"Natalia, CNC, MAYL y Mancha\",\"datePublished\":\"2016-11-14T04:21:06+00:00\",\"dateModified\":\"2016-11-14T04:41:40+00:00\",\"mainEntityOfPage\":{\"@id\":\"https:\\\/\\\/lospoliticosveracruz.com\\\/?p=27952\"},\"wordCount\":831,\"commentCount\":0,\"publisher\":{\"@id\":\"https:\\\/\\\/lospoliticosveracruz.com\\\/#organization\"},\"keywords\":[\"Colegio de Ingenieros Civiles de Xalapa\",\"Espacios Educativos\",\"Juan Carlos Molina Palacios\",\"Natalia Callejas Mart\u00ednez\",\"Pepe Mancha\"],\"articleSection\":[\"De Opini\u00f3n\"],\"inLanguage\":\"es\",\"potentialAction\":[{\"@type\":\"CommentAction\",\"name\":\"Comment\",\"target\":[\"https:\\\/\\\/lospoliticosveracruz.com\\\/?p=27952#respond\"]}]},{\"@type\":\"WebPage\",\"@id\":\"https:\\\/\\\/lospoliticosveracruz.com\\\/?p=27952\",\"url\":\"https:\\\/\\\/lospoliticosveracruz.com\\\/?p=27952\",\"name\":\"Natalia, CNC, MAYL y Mancha - Los pol\u00edticos Veracruz\",\"isPartOf\":{\"@id\":\"https:\\\/\\\/lospoliticosveracruz.com\\\/#website\"},\"datePublished\":\"2016-11-14T04:21:06+00:00\",\"dateModified\":\"2016-11-14T04:41:40+00:00\",\"breadcrumb\":{\"@id\":\"https:\\\/\\\/lospoliticosveracruz.com\\\/?p=27952#breadcrumb\"},\"inLanguage\":\"es\",\"potentialAction\":[{\"@type\":\"ReadAction\",\"target\":[\"https:\\\/\\\/lospoliticosveracruz.com\\\/?p=27952\"]}]},{\"@type\":\"BreadcrumbList\",\"@id\":\"https:\\\/\\\/lospoliticosveracruz.com\\\/?p=27952#breadcrumb\",\"itemListElement\":[{\"@type\":\"ListItem\",\"position\":1,\"name\":\"Portada\",\"item\":\"https:\\\/\\\/lospoliticosveracruz.com\\\/\"},{\"@type\":\"ListItem\",\"position\":2,\"name\":\"Natalia, CNC, MAYL y Mancha\"}]},{\"@type\":\"WebSite\",\"@id\":\"https:\\\/\\\/lospoliticosveracruz.com\\\/#website\",\"url\":\"https:\\\/\\\/lospoliticosveracruz.com\\\/\",\"name\":\"Los pol\u00edticos Veracruz\",\"description\":\"\",\"publisher\":{\"@id\":\"https:\\\/\\\/lospoliticosveracruz.com\\\/#organization\"},\"potentialAction\":[{\"@type\":\"SearchAction\",\"target\":{\"@type\":\"EntryPoint\",\"urlTemplate\":\"https:\\\/\\\/lospoliticosveracruz.com\\\/?s={search_term_string}\"},\"query-input\":{\"@type\":\"PropertyValueSpecification\",\"valueRequired\":true,\"valueName\":\"search_term_string\"}}],\"inLanguage\":\"es\"},{\"@type\":\"Organization\",\"@id\":\"https:\\\/\\\/lospoliticosveracruz.com\\\/#organization\",\"name\":\"Los pol\u00edticos Veracruz\",\"url\":\"https:\\\/\\\/lospoliticosveracruz.com\\\/\",\"logo\":{\"@type\":\"ImageObject\",\"inLanguage\":\"es\",\"@id\":\"https:\\\/\\\/lospoliticosveracruz.com\\\/#\\\/schema\\\/logo\\\/image\\\/\",\"url\":\"https:\\\/\\\/lospoliticosveracruz.com\\\/wp-content\\\/uploads\\\/2025\\\/12\\\/Logo-Nuevo-LOS-POLITICOS-1.jpg\",\"contentUrl\":\"https:\\\/\\\/lospoliticosveracruz.com\\\/wp-content\\\/uploads\\\/2025\\\/12\\\/Logo-Nuevo-LOS-POLITICOS-1.jpg\",\"width\":260,\"height\":70,\"caption\":\"Los pol\u00edticos Veracruz\"},\"image\":{\"@id\":\"https:\\\/\\\/lospoliticosveracruz.com\\\/#\\\/schema\\\/logo\\\/image\\\/\"},\"sameAs\":[\"https:\\\/\\\/www.facebook.com\\\/people\\\/Notimemes-de-los-Polticos\\\/61565672886568\\\/\",\"https:\\\/\\\/x.com\\\/LosPoliticosVer\"]},{\"@type\":\"Person\",\"@id\":\"https:\\\/\\\/lospoliticosveracruz.com\\\/#\\\/schema\\\/person\\\/b8702bb0e538456e6efd07080bf2a4a2\",\"name\":\"Lo viste en Los Pol\u00edticos\",\"image\":{\"@type\":\"ImageObject\",\"inLanguage\":\"es\",\"@id\":\"https:\\\/\\\/secure.gravatar.com\\\/avatar\\\/3a8de04a2656d44082be478bd6c086daa447c4651605818287b9532d3d0bd435?s=96&d=mm&r=g\",\"url\":\"https:\\\/\\\/secure.gravatar.com\\\/avatar\\\/3a8de04a2656d44082be478bd6c086daa447c4651605818287b9532d3d0bd435?s=96&d=mm&r=g\",\"contentUrl\":\"https:\\\/\\\/secure.gravatar.com\\\/avatar\\\/3a8de04a2656d44082be478bd6c086daa447c4651605818287b9532d3d0bd435?s=96&d=mm&r=g\",\"caption\":\"Lo viste en Los Pol\u00edticos\"},\"url\":\"https:\\\/\\\/lospoliticosveracruz.com\\\/?author=2\"}]}<\/script>\n<!-- \/ Yoast SEO plugin. -->","yoast_head_json":{"title":"Natalia, CNC, MAYL y Mancha - Los pol\u00edticos Veracruz","robots":{"index":"index","follow":"follow","max-snippet":"max-snippet:-1","max-image-preview":"max-image-preview:large","max-video-preview":"max-video-preview:-1"},"canonical":"https:\/\/lospoliticosveracruz.com\/?p=27952","og_locale":"es_ES","og_type":"article","og_title":"Natalia, CNC, MAYL y Mancha - Los pol\u00edticos Veracruz","og_description":"Salvador Mu\u00f1oz Los Pol\u00edticos El pasado 4 de octubre, en las oficinas de la direcci\u00f3n general de Fiscalizaci\u00f3n Interna de la Contralor\u00eda del Estado se recibi\u00f3 un documento que da lugar a poner en la mira a las autoridades de Espacios Educativos, por la serie de observaciones que les hiciera el Colegio de Ingenieros Civiles [&hellip;]","og_url":"https:\/\/lospoliticosveracruz.com\/?p=27952","og_site_name":"Los pol\u00edticos Veracruz","article_publisher":"https:\/\/www.facebook.com\/people\/Notimemes-de-los-Polticos\/61565672886568\/","article_published_time":"2016-11-14T04:21:06+00:00","article_modified_time":"2016-11-14T04:41:40+00:00","og_image":[{"width":200,"height":200,"url":"https:\/\/lospoliticosveracruz.com\/wp-content\/uploads\/2016\/07\/Logo-Dor.jpg","type":"image\/jpeg"}],"author":"Lo viste en Los Pol\u00edticos","twitter_card":"summary_large_image","twitter_creator":"@LosPoliticosVer","twitter_site":"@LosPoliticosVer","twitter_misc":{"Escrito por":"Lo viste en Los Pol\u00edticos","Tiempo de lectura":"4 minutos"},"schema":{"@context":"https:\/\/schema.org","@graph":[{"@type":"Article","@id":"https:\/\/lospoliticosveracruz.com\/?p=27952#article","isPartOf":{"@id":"https:\/\/lospoliticosveracruz.com\/?p=27952"},"author":{"name":"Lo viste en Los Pol\u00edticos","@id":"https:\/\/lospoliticosveracruz.com\/#\/schema\/person\/b8702bb0e538456e6efd07080bf2a4a2"},"headline":"Natalia, CNC, MAYL y Mancha","datePublished":"2016-11-14T04:21:06+00:00","dateModified":"2016-11-14T04:41:40+00:00","mainEntityOfPage":{"@id":"https:\/\/lospoliticosveracruz.com\/?p=27952"},"wordCount":831,"commentCount":0,"publisher":{"@id":"https:\/\/lospoliticosveracruz.com\/#organization"},"keywords":["Colegio de Ingenieros Civiles de Xalapa","Espacios Educativos","Juan Carlos Molina Palacios","Natalia Callejas Mart\u00ednez","Pepe Mancha"],"articleSection":["De Opini\u00f3n"],"inLanguage":"es","potentialAction":[{"@type":"CommentAction","name":"Comment","target":["https:\/\/lospoliticosveracruz.com\/?p=27952#respond"]}]},{"@type":"WebPage","@id":"https:\/\/lospoliticosveracruz.com\/?p=27952","url":"https:\/\/lospoliticosveracruz.com\/?p=27952","name":"Natalia, CNC, MAYL y Mancha - Los pol\u00edticos Veracruz","isPartOf":{"@id":"https:\/\/lospoliticosveracruz.com\/#website"},"datePublished":"2016-11-14T04:21:06+00:00","dateModified":"2016-11-14T04:41:40+00:00","breadcrumb":{"@id":"https:\/\/lospoliticosveracruz.com\/?p=27952#breadcrumb"},"inLanguage":"es","potentialAction":[{"@type":"ReadAction","target":["https:\/\/lospoliticosveracruz.com\/?p=27952"]}]},{"@type":"BreadcrumbList","@id":"https:\/\/lospoliticosveracruz.com\/?p=27952#breadcrumb","itemListElement":[{"@type":"ListItem","position":1,"name":"Portada","item":"https:\/\/lospoliticosveracruz.com\/"},{"@type":"ListItem","position":2,"name":"Natalia, CNC, MAYL y Mancha"}]},{"@type":"WebSite","@id":"https:\/\/lospoliticosveracruz.com\/#website","url":"https:\/\/lospoliticosveracruz.com\/","name":"Los pol\u00edticos Veracruz","description":"","publisher":{"@id":"https:\/\/lospoliticosveracruz.com\/#organization"},"potentialAction":[{"@type":"SearchAction","target":{"@type":"EntryPoint","urlTemplate":"https:\/\/lospoliticosveracruz.com\/?s={search_term_string}"},"query-input":{"@type":"PropertyValueSpecification","valueRequired":true,"valueName":"search_term_string"}}],"inLanguage":"es"},{"@type":"Organization","@id":"https:\/\/lospoliticosveracruz.com\/#organization","name":"Los pol\u00edticos Veracruz","url":"https:\/\/lospoliticosveracruz.com\/","logo":{"@type":"ImageObject","inLanguage":"es","@id":"https:\/\/lospoliticosveracruz.com\/#\/schema\/logo\/image\/","url":"https:\/\/lospoliticosveracruz.com\/wp-content\/uploads\/2025\/12\/Logo-Nuevo-LOS-POLITICOS-1.jpg","contentUrl":"https:\/\/lospoliticosveracruz.com\/wp-content\/uploads\/2025\/12\/Logo-Nuevo-LOS-POLITICOS-1.jpg","width":260,"height":70,"caption":"Los pol\u00edticos Veracruz"},"image":{"@id":"https:\/\/lospoliticosveracruz.com\/#\/schema\/logo\/image\/"},"sameAs":["https:\/\/www.facebook.com\/people\/Notimemes-de-los-Polticos\/61565672886568\/","https:\/\/x.com\/LosPoliticosVer"]},{"@type":"Person","@id":"https:\/\/lospoliticosveracruz.com\/#\/schema\/person\/b8702bb0e538456e6efd07080bf2a4a2","name":"Lo viste en Los Pol\u00edticos","image":{"@type":"ImageObject","inLanguage":"es","@id":"https:\/\/secure.gravatar.com\/avatar\/3a8de04a2656d44082be478bd6c086daa447c4651605818287b9532d3d0bd435?s=96&d=mm&r=g","url":"https:\/\/secure.gravatar.com\/avatar\/3a8de04a2656d44082be478bd6c086daa447c4651605818287b9532d3d0bd435?s=96&d=mm&r=g","contentUrl":"https:\/\/secure.gravatar.com\/avatar\/3a8de04a2656d44082be478bd6c086daa447c4651605818287b9532d3d0bd435?s=96&d=mm&r=g","caption":"Lo viste en Los Pol\u00edticos"},"url":"https:\/\/lospoliticosveracruz.com\/?author=2"}]}},"_links":{"self":[{"href":"https:\/\/lospoliticosveracruz.com\/index.php?rest_route=\/wp\/v2\/posts\/27952","targetHints":{"allow":["GET"]}}],"collection":[{"href":"https:\/\/lospoliticosveracruz.com\/index.php?rest_route=\/wp\/v2\/posts"}],"about":[{"href":"https:\/\/lospoliticosveracruz.com\/index.php?rest_route=\/wp\/v2\/types\/post"}],"author":[{"embeddable":true,"href":"https:\/\/lospoliticosveracruz.com\/index.php?rest_route=\/wp\/v2\/users\/2"}],"replies":[{"embeddable":true,"href":"https:\/\/lospoliticosveracruz.com\/index.php?rest_route=%2Fwp%2Fv2%2Fcomments&post=27952"}],"version-history":[{"count":3,"href":"https:\/\/lospoliticosveracruz.com\/index.php?rest_route=\/wp\/v2\/posts\/27952\/revisions"}],"predecessor-version":[{"id":27969,"href":"https:\/\/lospoliticosveracruz.com\/index.php?rest_route=\/wp\/v2\/posts\/27952\/revisions\/27969"}],"wp:attachment":[{"href":"https:\/\/lospoliticosveracruz.com\/index.php?rest_route=%2Fwp%2Fv2%2Fmedia&parent=27952"}],"wp:term":[{"taxonomy":"category","embeddable":true,"href":"https:\/\/lospoliticosveracruz.com\/index.php?rest_route=%2Fwp%2Fv2%2Fcategories&post=27952"},{"taxonomy":"post_tag","embeddable":true,"href":"https:\/\/lospoliticosveracruz.com\/index.php?rest_route=%2Fwp%2Fv2%2Ftags&post=27952"}],"curies":[{"name":"wp","href":"https:\/\/api.w.org\/{rel}","templated":true}]}}