{"id":27960,"date":"2016-11-13T22:56:55","date_gmt":"2016-11-14T04:56:55","guid":{"rendered":"http:\/\/www.lospoliticosveracruz.com.mx\/?p=27960"},"modified":"2016-11-13T22:56:55","modified_gmt":"2016-11-14T04:56:55","slug":"mujeres-y-comisiones-legislativas","status":"publish","type":"post","link":"https:\/\/lospoliticosveracruz.com\/?p=27960","title":{"rendered":"Mujeres y Comisiones Legislativas"},"content":{"rendered":"<p style=\"margin-bottom: .0001pt;\"><strong>Brenda Caballero<\/strong><\/p>\n<p><em>N\u00fameros Rojos<\/em><\/p>\n<p>En Veracruz acaba de iniciar una nueva Legislatura, la cual tom\u00f3 posesi\u00f3n apenas este 5 de noviembre. En este mismo espacio de Lunes de Mujeres, celebraba que fueran 19 diputadas y que la mesa directiva del Congreso del Estado estuviera conformada por tres de ellas: Mar\u00eda Elisa Manterola S\u00e1inz, Dulce Mar\u00eda Garc\u00eda L\u00f3pez y Regina V\u00e1zquez Saut.<\/p>\n<p style=\"margin-bottom: .0001pt;\">Pero \u00bfQu\u00e9 har\u00e1n las otras 16 mujeres? \u00bfC\u00f3mo representar\u00e1n a los veracruzanos?<\/p>\n<p style=\"margin-bottom: .0001pt;\">Para ello participar\u00e1n directamente en las Comisiones Legislativas, las cuales se formaron por el n\u00famero de integrantes de cada bancada proporcionalmente con las comisiones a repartir, y dicen por all\u00ed que tambi\u00e9n por el perfil; sin embargo, se integran generalmente con jaloneos y rebatingas, ya que representan un control financiero, poder pol\u00edtico, poder de consenso y negociaci\u00f3n y lo mejor, un ingreso mensual adicional a sus dietas, lo que puede reflejarse en m\u00e1s recursos humanos como asistentes y otros como viajes, foros o contrataci\u00f3n de todo tipo de servicios.<\/p>\n<p style=\"margin-bottom: .0001pt;\">La LXIV Legislatura integr\u00f3 40 Comisiones Permanentes por acuerdo de la Junta de Coordinaci\u00f3n Pol\u00edtica, as\u00ed como 4 especiales con la finalidad de recibir y dar tr\u00e1mite legislativo a los temas que le sean turnados por el Pleno.<\/p>\n<p style=\"margin-bottom: .0001pt;\">Luego entonces, c\u00f3mo les fue a las 16 mujeres. Aqu\u00ed algunos datos para reflexionar:<\/p>\n<p style=\"margin-bottom: .0001pt;\">* De las 44 comisiones integradas s\u00f3lo 14 son presididas por mujeres. Aunque mucho depender\u00e1 el trabajo que realicen las legisladoras, s\u00f3lo se les dieron dos de las m\u00e1s peleadas: Seguridad P\u00fablica, a Patricia Rodr\u00edguez Cueto, de Morena; y la de Administraci\u00f3n y Presupuesto, a Mariana Dunyaska Garc\u00eda Rojas, del PAN.<\/p>\n<p style=\"margin-bottom: .0001pt;\">* Daniela Guadalupe Griego Ceballos, de Morena, es la \u00fanica diputada que presidir\u00e1 dos comisiones: la de Transparencia y Acceso a la Informaci\u00f3n, y la comisi\u00f3n especial para estudiar y proponer alternativas a la problem\u00e1tica del Instituto de Pensiones del Estado.<\/p>\n<p style=\"margin-bottom: .0001pt;\">* A las diputadas Lourdes Garc\u00eda Gonz\u00e1lez y Mar\u00eda del Roc\u00edo P\u00e9rez P\u00e9rez, ambas de Morena, no presiden ninguna comisi\u00f3n a pesar de que hab\u00eda otras 30. \u00bfCu\u00e1l ser\u00eda el motivo?<\/p>\n<p style=\"margin-bottom: .0001pt;\">* Sin duda alguna, Mar\u00eda Josefina Gamboa Torales es la mejor opci\u00f3n para presidir la Comisi\u00f3n de Atenci\u00f3n y Protecci\u00f3n de Periodistas, y ha empezado con todo, pues ya present\u00f3 el anteproyecto para crear la Comisi\u00f3n de la Verdad de la que seguramente tambi\u00e9n formar\u00e1 parte.<\/p>\n<p style=\"margin-bottom: .0001pt;\">* La Secretar\u00eda de Salud es una de las dependencias que m\u00e1s ha tenido se\u00f1alamientos de corrupci\u00f3n, por ende, tambi\u00e9n ha sido se\u00f1alada la diputada Luisa \u00c1ngela Soto Maldonado, por lo que se debe tener mucho ojo, pues es secretaria de la Comisi\u00f3n de Salud y Asistencia, presidenta de Turismo y vocal en las comisiones Para la vigilancia de la publicaci\u00f3n de las obligaciones de transparencia en la plataforma nacional de parte de los sujetos obligados del Estado y Poblaci\u00f3n y Atenci\u00f3n a Migrantes.<\/p>\n<p style=\"margin-bottom: .0001pt;\">* 15 Mujeres son Secretarias de Comisiones, aunque tres duplican Comisi\u00f3n: Yazm\u00edn de los \u00c1ngeles Copete Zapot, del PRD; Janeth Garc\u00eda Cruz, del PRI, y Lourdes Garc\u00eda Gonz\u00e1lez, de Morena.<\/p>\n<p style=\"margin-bottom: .0001pt;\">* Las 16 diputadas son vocales s\u00f3lo en 15 comisiones. Es importante resaltar que hay 10 Comisiones donde no hay mujeres: Organizaci\u00f3n Pol\u00edtica y Procesos Electorales; Derechos de la Ni\u00f1ez y la Familia; Seguridad Social; Justicia y Puntos Constitucionales; Pesca y Acuacultura; Educaci\u00f3n y Cultura; Transporte, Tr\u00e1nsito y Vialidad; Comunicaciones; Desarrollo Agropecuario, Rural y Forestal; Participaci\u00f3n Ciudadana, Gestor\u00eda y Quejas. \u00bfA poco no alguna de las dos mujeres que no presiden alguna comisi\u00f3n podr\u00edan hacerlo en alguna de ellas?<\/p>\n<p style=\"margin-bottom: .0001pt;\">* La \u00fanica Comisi\u00f3n integrada totalmente por Mujeres es Para la Igualdad de G\u00e9nero, algo extra\u00f1o, pues deber\u00eda al menos incluir a un var\u00f3n.<\/p>\n<p style=\"margin-bottom: .0001pt;\">* Hay tres mujeres que tienen mayor participaci\u00f3n en las Comisiones. Cinco posiciones cada una las repiten como Presidenta, Secretaria y Vocal. Ellas son Daniela Guadalupe Griego Ceballos, de Morena; Mar\u00eda Adela Escamilla Moreno y Yazm\u00edn de los \u00c1ngeles Copete Zapot, ambas del PRD.<\/p>\n<p style=\"margin-bottom: .0001pt;\">No se usted, pero el an\u00e1lisis de estos datos fr\u00edos representa una desigualdad todav\u00eda en la participaci\u00f3n de la mujer en las comsiones legislativas. \u00bfA poco no?<\/p>\n<p style=\"margin-bottom: .0001pt;\"><a href=\"mailto:caballero_brenda@hotmail.com\">caballero_brenda@hotmail.com<\/a><\/p>\n<p style=\"margin-bottom: .0001pt;\">@NumerosRojos_BC<\/p>\n","protected":false},"excerpt":{"rendered":"<p>Brenda Caballero N\u00fameros Rojos En Veracruz acaba de iniciar una nueva Legislatura, la cual tom\u00f3 posesi\u00f3n apenas este 5 de noviembre. En este mismo espacio de Lunes de Mujeres, celebraba que fueran 19 diputadas y que la mesa directiva del Congreso del Estado estuviera conformada por tres de ellas: Mar\u00eda Elisa Manterola S\u00e1inz, Dulce Mar\u00eda [&hellip;]<\/p>\n","protected":false},"author":2,"featured_media":0,"comment_status":"open","ping_status":"open","sticky":false,"template":"","format":"standard","meta":{"tdm_status":"","tdm_grid_status":"","footnotes":""},"categories":[70],"tags":[6667,6617,6709,3686],"class_list":{"0":"post-27960","1":"post","2":"type-post","3":"status-publish","4":"format-standard","6":"category-de-opinion","7":"tag-dulce-maria-garcia-lopez","8":"tag-maria-elisa-manterola-sainz","9":"tag-mujeres-lxiv-legislatura","10":"tag-regina-vazquez-saut"},"yoast_head":"<!-- This site is optimized with the Yoast SEO plugin v27.4 - https:\/\/yoast.com\/product\/yoast-seo-wordpress\/ -->\n<title>Mujeres y Comisiones Legislativas - Los pol\u00edticos Veracruz<\/title>\n<meta name=\"robots\" content=\"index, follow, max-snippet:-1, max-image-preview:large, max-video-preview:-1\" \/>\n<link rel=\"canonical\" href=\"https:\/\/lospoliticosveracruz.com\/?p=27960\" \/>\n<meta property=\"og:locale\" content=\"es_ES\" \/>\n<meta property=\"og:type\" content=\"article\" \/>\n<meta property=\"og:title\" content=\"Mujeres y Comisiones Legislativas - Los pol\u00edticos Veracruz\" \/>\n<meta property=\"og:description\" content=\"Brenda Caballero N\u00fameros Rojos En Veracruz acaba de iniciar una nueva Legislatura, la cual tom\u00f3 posesi\u00f3n apenas este 5 de noviembre. En este mismo espacio de Lunes de Mujeres, celebraba que fueran 19 diputadas y que la mesa directiva del Congreso del Estado estuviera conformada por tres de ellas: Mar\u00eda Elisa Manterola S\u00e1inz, Dulce Mar\u00eda [&hellip;]\" \/>\n<meta property=\"og:url\" content=\"https:\/\/lospoliticosveracruz.com\/?p=27960\" \/>\n<meta property=\"og:site_name\" content=\"Los pol\u00edticos Veracruz\" \/>\n<meta property=\"article:publisher\" content=\"https:\/\/www.facebook.com\/people\/Notimemes-de-los-Polticos\/61565672886568\/\" \/>\n<meta property=\"article:published_time\" content=\"2016-11-14T04:56:55+00:00\" \/>\n<meta property=\"og:image\" content=\"https:\/\/lospoliticosveracruz.com\/wp-content\/uploads\/2016\/07\/Logo-Dor.jpg\" \/>\n\t<meta property=\"og:image:width\" content=\"200\" \/>\n\t<meta property=\"og:image:height\" content=\"200\" \/>\n\t<meta property=\"og:image:type\" content=\"image\/jpeg\" \/>\n<meta name=\"author\" content=\"Lo viste en Los Pol\u00edticos\" \/>\n<meta name=\"twitter:card\" content=\"summary_large_image\" \/>\n<meta name=\"twitter:creator\" content=\"@LosPoliticosVer\" \/>\n<meta name=\"twitter:site\" content=\"@LosPoliticosVer\" \/>\n<meta name=\"twitter:label1\" content=\"Escrito por\" \/>\n\t<meta name=\"twitter:data1\" content=\"Lo viste en Los Pol\u00edticos\" \/>\n\t<meta name=\"twitter:label2\" content=\"Tiempo de lectura\" \/>\n\t<meta name=\"twitter:data2\" content=\"4 minutos\" \/>\n<script type=\"application\/ld+json\" class=\"yoast-schema-graph\">{\"@context\":\"https:\\\/\\\/schema.org\",\"@graph\":[{\"@type\":\"Article\",\"@id\":\"https:\\\/\\\/lospoliticosveracruz.com\\\/?p=27960#article\",\"isPartOf\":{\"@id\":\"https:\\\/\\\/lospoliticosveracruz.com\\\/?p=27960\"},\"author\":{\"name\":\"Lo viste en Los Pol\u00edticos\",\"@id\":\"https:\\\/\\\/lospoliticosveracruz.com\\\/#\\\/schema\\\/person\\\/b8702bb0e538456e6efd07080bf2a4a2\"},\"headline\":\"Mujeres y Comisiones Legislativas\",\"datePublished\":\"2016-11-14T04:56:55+00:00\",\"mainEntityOfPage\":{\"@id\":\"https:\\\/\\\/lospoliticosveracruz.com\\\/?p=27960\"},\"wordCount\":745,\"commentCount\":0,\"publisher\":{\"@id\":\"https:\\\/\\\/lospoliticosveracruz.com\\\/#organization\"},\"keywords\":[\"Dulce Mar\u00eda Garc\u00eda L\u00f3pez\",\"Mar\u00eda Elisa Manterola S\u00e1inz\",\"Mujeres LXIV Legislatura\",\"Regina V\u00e1zquez Saut\"],\"articleSection\":[\"De Opini\u00f3n\"],\"inLanguage\":\"es\",\"potentialAction\":[{\"@type\":\"CommentAction\",\"name\":\"Comment\",\"target\":[\"https:\\\/\\\/lospoliticosveracruz.com\\\/?p=27960#respond\"]}]},{\"@type\":\"WebPage\",\"@id\":\"https:\\\/\\\/lospoliticosveracruz.com\\\/?p=27960\",\"url\":\"https:\\\/\\\/lospoliticosveracruz.com\\\/?p=27960\",\"name\":\"Mujeres y Comisiones Legislativas - Los pol\u00edticos Veracruz\",\"isPartOf\":{\"@id\":\"https:\\\/\\\/lospoliticosveracruz.com\\\/#website\"},\"datePublished\":\"2016-11-14T04:56:55+00:00\",\"breadcrumb\":{\"@id\":\"https:\\\/\\\/lospoliticosveracruz.com\\\/?p=27960#breadcrumb\"},\"inLanguage\":\"es\",\"potentialAction\":[{\"@type\":\"ReadAction\",\"target\":[\"https:\\\/\\\/lospoliticosveracruz.com\\\/?p=27960\"]}]},{\"@type\":\"BreadcrumbList\",\"@id\":\"https:\\\/\\\/lospoliticosveracruz.com\\\/?p=27960#breadcrumb\",\"itemListElement\":[{\"@type\":\"ListItem\",\"position\":1,\"name\":\"Portada\",\"item\":\"https:\\\/\\\/lospoliticosveracruz.com\\\/\"},{\"@type\":\"ListItem\",\"position\":2,\"name\":\"Mujeres y Comisiones Legislativas\"}]},{\"@type\":\"WebSite\",\"@id\":\"https:\\\/\\\/lospoliticosveracruz.com\\\/#website\",\"url\":\"https:\\\/\\\/lospoliticosveracruz.com\\\/\",\"name\":\"Los pol\u00edticos Veracruz\",\"description\":\"\",\"publisher\":{\"@id\":\"https:\\\/\\\/lospoliticosveracruz.com\\\/#organization\"},\"potentialAction\":[{\"@type\":\"SearchAction\",\"target\":{\"@type\":\"EntryPoint\",\"urlTemplate\":\"https:\\\/\\\/lospoliticosveracruz.com\\\/?s={search_term_string}\"},\"query-input\":{\"@type\":\"PropertyValueSpecification\",\"valueRequired\":true,\"valueName\":\"search_term_string\"}}],\"inLanguage\":\"es\"},{\"@type\":\"Organization\",\"@id\":\"https:\\\/\\\/lospoliticosveracruz.com\\\/#organization\",\"name\":\"Los pol\u00edticos Veracruz\",\"url\":\"https:\\\/\\\/lospoliticosveracruz.com\\\/\",\"logo\":{\"@type\":\"ImageObject\",\"inLanguage\":\"es\",\"@id\":\"https:\\\/\\\/lospoliticosveracruz.com\\\/#\\\/schema\\\/logo\\\/image\\\/\",\"url\":\"https:\\\/\\\/lospoliticosveracruz.com\\\/wp-content\\\/uploads\\\/2025\\\/12\\\/Logo-Nuevo-LOS-POLITICOS-1.jpg\",\"contentUrl\":\"https:\\\/\\\/lospoliticosveracruz.com\\\/wp-content\\\/uploads\\\/2025\\\/12\\\/Logo-Nuevo-LOS-POLITICOS-1.jpg\",\"width\":260,\"height\":70,\"caption\":\"Los pol\u00edticos Veracruz\"},\"image\":{\"@id\":\"https:\\\/\\\/lospoliticosveracruz.com\\\/#\\\/schema\\\/logo\\\/image\\\/\"},\"sameAs\":[\"https:\\\/\\\/www.facebook.com\\\/people\\\/Notimemes-de-los-Polticos\\\/61565672886568\\\/\",\"https:\\\/\\\/x.com\\\/LosPoliticosVer\"]},{\"@type\":\"Person\",\"@id\":\"https:\\\/\\\/lospoliticosveracruz.com\\\/#\\\/schema\\\/person\\\/b8702bb0e538456e6efd07080bf2a4a2\",\"name\":\"Lo viste en Los Pol\u00edticos\",\"image\":{\"@type\":\"ImageObject\",\"inLanguage\":\"es\",\"@id\":\"https:\\\/\\\/secure.gravatar.com\\\/avatar\\\/3a8de04a2656d44082be478bd6c086daa447c4651605818287b9532d3d0bd435?s=96&d=mm&r=g\",\"url\":\"https:\\\/\\\/secure.gravatar.com\\\/avatar\\\/3a8de04a2656d44082be478bd6c086daa447c4651605818287b9532d3d0bd435?s=96&d=mm&r=g\",\"contentUrl\":\"https:\\\/\\\/secure.gravatar.com\\\/avatar\\\/3a8de04a2656d44082be478bd6c086daa447c4651605818287b9532d3d0bd435?s=96&d=mm&r=g\",\"caption\":\"Lo viste en Los Pol\u00edticos\"},\"url\":\"https:\\\/\\\/lospoliticosveracruz.com\\\/?author=2\"}]}<\/script>\n<!-- \/ Yoast SEO plugin. -->","yoast_head_json":{"title":"Mujeres y Comisiones Legislativas - Los pol\u00edticos Veracruz","robots":{"index":"index","follow":"follow","max-snippet":"max-snippet:-1","max-image-preview":"max-image-preview:large","max-video-preview":"max-video-preview:-1"},"canonical":"https:\/\/lospoliticosveracruz.com\/?p=27960","og_locale":"es_ES","og_type":"article","og_title":"Mujeres y Comisiones Legislativas - Los pol\u00edticos Veracruz","og_description":"Brenda Caballero N\u00fameros Rojos En Veracruz acaba de iniciar una nueva Legislatura, la cual tom\u00f3 posesi\u00f3n apenas este 5 de noviembre. En este mismo espacio de Lunes de Mujeres, celebraba que fueran 19 diputadas y que la mesa directiva del Congreso del Estado estuviera conformada por tres de ellas: Mar\u00eda Elisa Manterola S\u00e1inz, Dulce Mar\u00eda [&hellip;]","og_url":"https:\/\/lospoliticosveracruz.com\/?p=27960","og_site_name":"Los pol\u00edticos Veracruz","article_publisher":"https:\/\/www.facebook.com\/people\/Notimemes-de-los-Polticos\/61565672886568\/","article_published_time":"2016-11-14T04:56:55+00:00","og_image":[{"width":200,"height":200,"url":"https:\/\/lospoliticosveracruz.com\/wp-content\/uploads\/2016\/07\/Logo-Dor.jpg","type":"image\/jpeg"}],"author":"Lo viste en Los Pol\u00edticos","twitter_card":"summary_large_image","twitter_creator":"@LosPoliticosVer","twitter_site":"@LosPoliticosVer","twitter_misc":{"Escrito por":"Lo viste en Los Pol\u00edticos","Tiempo de lectura":"4 minutos"},"schema":{"@context":"https:\/\/schema.org","@graph":[{"@type":"Article","@id":"https:\/\/lospoliticosveracruz.com\/?p=27960#article","isPartOf":{"@id":"https:\/\/lospoliticosveracruz.com\/?p=27960"},"author":{"name":"Lo viste en Los Pol\u00edticos","@id":"https:\/\/lospoliticosveracruz.com\/#\/schema\/person\/b8702bb0e538456e6efd07080bf2a4a2"},"headline":"Mujeres y Comisiones Legislativas","datePublished":"2016-11-14T04:56:55+00:00","mainEntityOfPage":{"@id":"https:\/\/lospoliticosveracruz.com\/?p=27960"},"wordCount":745,"commentCount":0,"publisher":{"@id":"https:\/\/lospoliticosveracruz.com\/#organization"},"keywords":["Dulce Mar\u00eda Garc\u00eda L\u00f3pez","Mar\u00eda Elisa Manterola S\u00e1inz","Mujeres LXIV Legislatura","Regina V\u00e1zquez Saut"],"articleSection":["De Opini\u00f3n"],"inLanguage":"es","potentialAction":[{"@type":"CommentAction","name":"Comment","target":["https:\/\/lospoliticosveracruz.com\/?p=27960#respond"]}]},{"@type":"WebPage","@id":"https:\/\/lospoliticosveracruz.com\/?p=27960","url":"https:\/\/lospoliticosveracruz.com\/?p=27960","name":"Mujeres y Comisiones Legislativas - Los pol\u00edticos Veracruz","isPartOf":{"@id":"https:\/\/lospoliticosveracruz.com\/#website"},"datePublished":"2016-11-14T04:56:55+00:00","breadcrumb":{"@id":"https:\/\/lospoliticosveracruz.com\/?p=27960#breadcrumb"},"inLanguage":"es","potentialAction":[{"@type":"ReadAction","target":["https:\/\/lospoliticosveracruz.com\/?p=27960"]}]},{"@type":"BreadcrumbList","@id":"https:\/\/lospoliticosveracruz.com\/?p=27960#breadcrumb","itemListElement":[{"@type":"ListItem","position":1,"name":"Portada","item":"https:\/\/lospoliticosveracruz.com\/"},{"@type":"ListItem","position":2,"name":"Mujeres y Comisiones Legislativas"}]},{"@type":"WebSite","@id":"https:\/\/lospoliticosveracruz.com\/#website","url":"https:\/\/lospoliticosveracruz.com\/","name":"Los pol\u00edticos Veracruz","description":"","publisher":{"@id":"https:\/\/lospoliticosveracruz.com\/#organization"},"potentialAction":[{"@type":"SearchAction","target":{"@type":"EntryPoint","urlTemplate":"https:\/\/lospoliticosveracruz.com\/?s={search_term_string}"},"query-input":{"@type":"PropertyValueSpecification","valueRequired":true,"valueName":"search_term_string"}}],"inLanguage":"es"},{"@type":"Organization","@id":"https:\/\/lospoliticosveracruz.com\/#organization","name":"Los pol\u00edticos Veracruz","url":"https:\/\/lospoliticosveracruz.com\/","logo":{"@type":"ImageObject","inLanguage":"es","@id":"https:\/\/lospoliticosveracruz.com\/#\/schema\/logo\/image\/","url":"https:\/\/lospoliticosveracruz.com\/wp-content\/uploads\/2025\/12\/Logo-Nuevo-LOS-POLITICOS-1.jpg","contentUrl":"https:\/\/lospoliticosveracruz.com\/wp-content\/uploads\/2025\/12\/Logo-Nuevo-LOS-POLITICOS-1.jpg","width":260,"height":70,"caption":"Los pol\u00edticos Veracruz"},"image":{"@id":"https:\/\/lospoliticosveracruz.com\/#\/schema\/logo\/image\/"},"sameAs":["https:\/\/www.facebook.com\/people\/Notimemes-de-los-Polticos\/61565672886568\/","https:\/\/x.com\/LosPoliticosVer"]},{"@type":"Person","@id":"https:\/\/lospoliticosveracruz.com\/#\/schema\/person\/b8702bb0e538456e6efd07080bf2a4a2","name":"Lo viste en Los Pol\u00edticos","image":{"@type":"ImageObject","inLanguage":"es","@id":"https:\/\/secure.gravatar.com\/avatar\/3a8de04a2656d44082be478bd6c086daa447c4651605818287b9532d3d0bd435?s=96&d=mm&r=g","url":"https:\/\/secure.gravatar.com\/avatar\/3a8de04a2656d44082be478bd6c086daa447c4651605818287b9532d3d0bd435?s=96&d=mm&r=g","contentUrl":"https:\/\/secure.gravatar.com\/avatar\/3a8de04a2656d44082be478bd6c086daa447c4651605818287b9532d3d0bd435?s=96&d=mm&r=g","caption":"Lo viste en Los Pol\u00edticos"},"url":"https:\/\/lospoliticosveracruz.com\/?author=2"}]}},"_links":{"self":[{"href":"https:\/\/lospoliticosveracruz.com\/index.php?rest_route=\/wp\/v2\/posts\/27960","targetHints":{"allow":["GET"]}}],"collection":[{"href":"https:\/\/lospoliticosveracruz.com\/index.php?rest_route=\/wp\/v2\/posts"}],"about":[{"href":"https:\/\/lospoliticosveracruz.com\/index.php?rest_route=\/wp\/v2\/types\/post"}],"author":[{"embeddable":true,"href":"https:\/\/lospoliticosveracruz.com\/index.php?rest_route=\/wp\/v2\/users\/2"}],"replies":[{"embeddable":true,"href":"https:\/\/lospoliticosveracruz.com\/index.php?rest_route=%2Fwp%2Fv2%2Fcomments&post=27960"}],"version-history":[{"count":2,"href":"https:\/\/lospoliticosveracruz.com\/index.php?rest_route=\/wp\/v2\/posts\/27960\/revisions"}],"predecessor-version":[{"id":27971,"href":"https:\/\/lospoliticosveracruz.com\/index.php?rest_route=\/wp\/v2\/posts\/27960\/revisions\/27971"}],"wp:attachment":[{"href":"https:\/\/lospoliticosveracruz.com\/index.php?rest_route=%2Fwp%2Fv2%2Fmedia&parent=27960"}],"wp:term":[{"taxonomy":"category","embeddable":true,"href":"https:\/\/lospoliticosveracruz.com\/index.php?rest_route=%2Fwp%2Fv2%2Fcategories&post=27960"},{"taxonomy":"post_tag","embeddable":true,"href":"https:\/\/lospoliticosveracruz.com\/index.php?rest_route=%2Fwp%2Fv2%2Ftags&post=27960"}],"curies":[{"name":"wp","href":"https:\/\/api.w.org\/{rel}","templated":true}]}}