{"id":27965,"date":"2016-11-13T22:40:04","date_gmt":"2016-11-14T04:40:04","guid":{"rendered":"http:\/\/www.lospoliticosveracruz.com.mx\/?p=27965"},"modified":"2016-11-13T22:40:04","modified_gmt":"2016-11-14T04:40:04","slug":"catemaco-tierra-de-nadie-y-vacio-de-poder","status":"publish","type":"post","link":"https:\/\/lospoliticosveracruz.com\/?p=27965","title":{"rendered":"Catemaco, tierra de nadie y vac\u00edo de poder"},"content":{"rendered":"<div class=\"_rp_c5\">\n<div class=\"_rp_d5 ms-font-color-neutralPrimary ms-font-xl ms-fwt-r\">\n<div class=\"allowTextSelection\"><strong>Luis Alberto Romero<\/strong><\/div>\n<\/div>\n<\/div>\n<div class=\"_rp_m5\">\n<div class=\"_rp_i5\">\n<div class=\"_rp_m1\">\n<div class=\"_rp_o2 disableTextSelection\" tabindex=\"-1\">\n<div class=\"_rp_E2\">\n<div class=\"_rp_32\">\n<div class=\"_pe_d _pe_22 _pe_I _pe_i\" tabindex=\"-1\">\n<div class=\"_pe_h2\">\n<p class=\"x_m_-4022563675495596926MsoNoSpacing x_gmail_msg\">\n<div class=\"x_gmail_msg\" dir=\"ltr\">\n<div id=\"x_m_-4022563675495596926divtagdefaultwrapper\" class=\"x_gmail_msg\" dir=\"ltr\">\n<p class=\"x_m_-4022563675495596926MsoNoSpacing x_gmail_msg\"><em>Hora Cero<\/em><\/p>\n<p class=\"x_m_-4022563675495596926MsoNoSpacing x_gmail_msg\"><b class=\"x_gmail_msg\">\u00a0<\/b><\/p>\n<p class=\"x_m_-4022563675495596926MsoNoSpacing x_gmail_msg\">\n<p class=\"x_m_-4022563675495596926MsoNoSpacing x_gmail_msg\">Los recientes hechos registrados en el municipio de Catemaco, donde luego de la desaparici\u00f3n del sacerdote Jos\u00e9 Luis S\u00e1nchez Ruiz hubo disturbios que se salieron de control, no s\u00f3lo pusieron al descubierto la inseguridad que se vive en diferentes regiones del estado, sino el clima de indignaci\u00f3n e irritabilidad social que se respira en tierras veracruzanas.<u class=\"x_gmail_msg\"><\/u><u class=\"x_gmail_msg\"><\/u><\/p>\n<p class=\"x_m_-4022563675495596926MsoNoSpacing x_gmail_msg\">El pasado viernes por la madrugada se report\u00f3 la desaparici\u00f3n del presb\u00edtero y desde ese d\u00eda comenz\u00f3 a crecer el problema, ante la indiferencia inicial del ayuntamiento local y la actitud contemplativa del gobierno estatal.<u class=\"x_gmail_msg\"><\/u><u class=\"x_gmail_msg\"><\/u><\/p>\n<p class=\"x_m_-4022563675495596926MsoNoSpacing x_gmail_msg\">Un d\u00eda despu\u00e9s, el s\u00e1bado, una enardecida turbamulta, presuntamente azuzada por los cabecillas de una agrupaci\u00f3n denominada \u201cOrganizaci\u00f3n del Gobierno Aut\u00f3nomo de los Pueblos Indios\u201d, a cuyo frente se encuentra Wilfrido Reyes Mart\u00ednez, bloque\u00f3 las entradas y salidas al municipio; vandaliz\u00f3 establecimientos comerciales y oficinas p\u00fablicas; incendi\u00f3 dos patrullas de la polic\u00eda local y prendi\u00f3 fuego a Palacio Municipal. <u class=\"x_gmail_msg\"><\/u><u class=\"x_gmail_msg\"><\/u><\/p>\n<p class=\"x_m_-4022563675495596926MsoNoSpacing x_gmail_msg\">De igual manera, la turba entr\u00f3 al domicilio particular del alcalde, Jorge Alberto Gonz\u00e1lez Azamar, y caus\u00f3 destrozos.<u class=\"x_gmail_msg\"><\/u><u class=\"x_gmail_msg\"><\/u><\/p>\n<p class=\"x_m_-4022563675495596926MsoNoSpacing x_gmail_msg\">A Catemaco, el s\u00e1bado, lleg\u00f3 el fiscal del estado, Luis \u00c1ngel Bravo Contreras, pero eso y nada es pr\u00e1cticamente lo mismo, porque la visita del funcionario no tranquiliz\u00f3 a la poblaci\u00f3n del lugar.<u class=\"x_gmail_msg\"><\/u><u class=\"x_gmail_msg\"><\/u><\/p>\n<p class=\"x_m_-4022563675495596926MsoNoSpacing x_gmail_msg\">Fue tan violenta la manifestaci\u00f3n de los supuestos feligreses, armados con machetes y palos, que la Di\u00f3cesis de San Andr\u00e9s Tuxtla se deslind\u00f3, el mismo s\u00e1bado por la tarde, de las manifestaciones registradas en Catemaco.<u class=\"x_gmail_msg\"><\/u><u class=\"x_gmail_msg\"><\/u><\/p>\n<p class=\"x_m_-4022563675495596926MsoNoSpacing x_gmail_msg\">Al final, la historia no implic\u00f3 una tragedia como la ocurrida en Poza Rica hace casi dos meses, el pasado 19 de septiembre, cuando los sacerdotes Alejo Nabor Jim\u00e9nez Ju\u00e1rez y Jos\u00e9 Alfredo Su\u00e1rez de la Cruz fueron secuestrados y asesinados.<u class=\"x_gmail_msg\"><\/u><u class=\"x_gmail_msg\"><\/u><\/p>\n<p class=\"x_m_-4022563675495596926MsoNoSpacing x_gmail_msg\">En Catemaco, por fortuna, el presb\u00edtero Jos\u00e9 Luis S\u00e1nchez fue liberado por sus captores y pudo llegar por su propio pie a su domicilio, aunque presentaba huellas de tortura.<u class=\"x_gmail_msg\"><\/u><u class=\"x_gmail_msg\"><\/u><\/p>\n<p class=\"x_m_-4022563675495596926MsoNoSpacing x_gmail_msg\">Lo evidente, por otro lado, fueron b\u00e1sicamente dos cosas: primero, que el problema escal\u00f3 y degener\u00f3 en hechos violentos ante la incapacidad del ayuntamiento de Gonz\u00e1lez Azamar para resolver el conflicto; y segundo, que el gobierno estatal pudo haber actuado para evitar los actos vand\u00e1licos, pero no lo hizo; al contrario, dej\u00f3 correr un problema que termin\u00f3 por salirse de control. <u class=\"x_gmail_msg\"><\/u><u class=\"x_gmail_msg\"><\/u><\/p>\n<p class=\"x_m_-4022563675495596926MsoNoSpacing x_gmail_msg\">En ese sentido, tard\u00eda se observ\u00f3 la entrada de los elementos de la Secretar\u00eda de Seguridad P\u00fablica del gobierno del estado, porque cuando llegaron ya hab\u00eda ocurrido el bloqueo carretero, el vandalismo contra el comercio local, la quema de patrullas y de Palacio Municipal, el ataque contra el domicilio del alcalde y el saqueo de las bodegas municipales.<u class=\"x_gmail_msg\"><\/u><u class=\"x_gmail_msg\"><\/u><\/p>\n<p class=\"x_m_-4022563675495596926MsoNoSpacing x_gmail_msg\">Cuando todo eso termin\u00f3, cuando el sacerdote apareci\u00f3 vivo, fue cuando el gobernador interino, Flavino R\u00edos, sali\u00f3 con el lugar com\u00fan de que \u201cse aplicar\u00e1 todo el peso de la ley\u201d. \u00bfNo pudieron actuar antes?<u class=\"x_gmail_msg\"><\/u><u class=\"x_gmail_msg\"><\/u><\/p>\n<p class=\"x_m_-4022563675495596926MsoNoSpacing x_gmail_msg\"><u class=\"x_gmail_msg\"><\/u>\u00a0<u class=\"x_gmail_msg\"><\/u><\/p>\n<p class=\"x_m_-4022563675495596926MsoNoSpacing x_gmail_msg\">\u00a0<u class=\"x_gmail_msg\"><\/u><u class=\"x_gmail_msg\"><\/u><\/p>\n<p class=\"x_m_-4022563675495596926MsoNoSpacing x_gmail_msg\"><b class=\"x_gmail_msg\">Vicente y Rafael: la SEV y Costa Rica<u class=\"x_gmail_msg\"><\/u><u class=\"x_gmail_msg\"><\/u><\/b><\/p>\n<p class=\"x_m_-4022563675495596926xmsonospacing x_gmail_msg\"><span class=\"x_gmail_msg\">Poco a poco van trascendiendo nuevos nombres en las investigaciones que realizan las autoridades federales en relaci\u00f3n a los desfalcos cometidos en la Secretar\u00eda de Educaci\u00f3n, y que tendr\u00edan como destino tierras costarricenses.<u class=\"x_gmail_msg\"><\/u><u class=\"x_gmail_msg\"><\/u><\/span><\/p>\n<p class=\"x_m_-4022563675495596926xmsonospacing x_gmail_msg\"><span class=\"x_gmail_msg\">Ahora se sabe que uno de los personajes que ser\u00eda seguido con lupa es ni m\u00e1s ni menos que el todav\u00eda Enlace de Comunicaci\u00f3n Social de la Secretar\u00eda de Educaci\u00f3n de Veracruz, Rafael Fern\u00e1ndez Azcoitia, a quien ubican como pieza importante de las operaciones que incluso, segu\u00eda tan cercanamente que con regularidad viajaba al pa\u00eds centroamericano cuando la suerte sonre\u00eda a esta camarilla.<u class=\"x_gmail_msg\"><\/u><u class=\"x_gmail_msg\"><\/u><\/span><\/p>\n<p class=\"x_m_-4022563675495596926xmsonospacing x_gmail_msg\"><span class=\"x_gmail_msg\">Por cierto, circulan comentarios en el sentido de que el supuesto enriquecimiento personal que habr\u00eda experimentado Fern\u00e1ndez Azcoitia ha sido tan mete\u00f3rico como inexplicable, a no ser que su amistad con Vicente Ben\u00edtez lo explique todo, hasta la incorporaci\u00f3n del personal que trabajaba con \u00e9ste en la Oficial\u00eda Mayor de la dependencia que Azcoitia caritativamente endos\u00f3 de \u00faltima hora a la Oficina de Comunicaci\u00f3n Social de la SEV, movimiento irregular a todas luces que seguramente las autoridades de la dependencia habr\u00e1n de corregir.<u class=\"x_gmail_msg\"><\/u><u class=\"x_gmail_msg\"><\/u><\/span><\/p>\n<p class=\"x_m_-4022563675495596926xmsonospacing x_gmail_msg\"><span class=\"x_gmail_msg\">Y que se cuiden en el Congreso local, porque ya Fern\u00e1ndez Azcoitia pisa los terrenos legislativos para manejar la maltrecha imagen medi\u00e1tica de Vicente Ben\u00edtez\u2026 Dios los hace y ellos se juntan.\u00a0<u class=\"x_gmail_msg\"><\/u><u class=\"x_gmail_msg\"><\/u><\/span><\/p>\n<p class=\"x_m_-4022563675495596926MsoNoSpacing x_gmail_msg\">\u00a0<u class=\"x_gmail_msg\"><\/u><u class=\"x_gmail_msg\"><\/u><\/p>\n<p class=\"x_m_-4022563675495596926MsoNoSpacing x_gmail_msg\"><b class=\"x_gmail_msg\">\u00a0<\/b><\/p>\n<p class=\"x_m_-4022563675495596926MsoNoSpacing x_gmail_msg\"><b class=\"x_gmail_msg\">Apoyo a d\u00e9biles visuales<u class=\"x_gmail_msg\"><\/u><u class=\"x_gmail_msg\"><\/u><\/b><\/p>\n<p class=\"x_m_-4022563675495596926MsoNoSpacing x_gmail_msg\">Cercano a la poblaci\u00f3n se le ha visto al alcalde Am\u00e9rico Z\u00fa\u00f1iga Mart\u00ednez, quien incluso este fin de semana brind\u00f3 atenci\u00f3n a las diversas peticiones de vecinos de la Unidad Habitacional Buena Vista y de la calle P\u00edpila, en materia de obra p\u00fablica, infraestructura hidr\u00e1ulica, parques y jardines, y vialidad. <u class=\"x_gmail_msg\"><\/u><u class=\"x_gmail_msg\"><\/u><\/p>\n<p class=\"x_m_-4022563675495596926MsoNoSpacing x_gmail_msg\">El presidente municipal tambi\u00e9n acudi\u00f3 a la clausura de la 16\u00aa Campa\u00f1a de Diagn\u00f3stico Ocular y Donaci\u00f3n de Anteojos \u201cReg\u00e1lame una buena visi\u00f3n\u201d, en la que participaron 50 m\u00e9dicos oftalm\u00f3logos y t\u00e9cnicos optometristas procedentes de 15 pa\u00edses del mundo, que atendieron a cerca de 5 mil personas que acudieron al IMAC. <u class=\"x_gmail_msg\"><\/u><u class=\"x_gmail_msg\"><\/u><\/p>\n<p class=\"x_m_-4022563675495596926MsoNoSpacing x_gmail_msg\">Incluso, el alcalde xalape\u00f1o fue bien recibido en los expendios de tacos de canasta instalados en el Parque Ju\u00e1rez, donde acudi\u00f3 en medio de la jornada laboral. @luisromero85<\/p>\n<\/div>\n<\/div>\n<\/div>\n<\/div>\n<\/div>\n<\/div>\n<\/div>\n<\/div>\n<\/div>\n<div class=\"_rp_j5\"><\/div>\n<\/div>\n","protected":false},"excerpt":{"rendered":"<p>Luis Alberto Romero Hora Cero \u00a0 Los recientes hechos registrados en el municipio de Catemaco, donde luego de la desaparici\u00f3n del sacerdote Jos\u00e9 Luis S\u00e1nchez Ruiz hubo disturbios que se salieron de control, no s\u00f3lo pusieron al descubierto la inseguridad que se vive en diferentes regiones del estado, sino el clima de indignaci\u00f3n e irritabilidad [&hellip;]<\/p>\n","protected":false},"author":2,"featured_media":0,"comment_status":"open","ping_status":"open","sticky":false,"template":"","format":"standard","meta":{"tdm_status":"","tdm_grid_status":"","footnotes":""},"categories":[70],"tags":[158,430,6706,6710],"class_list":{"0":"post-27965","1":"post","2":"type-post","3":"status-publish","4":"format-standard","6":"category-de-opinion","7":"tag-catemaco","8":"tag-jorge-gonzalez-azamar","9":"tag-jose-luis-sanchez-ruiz","10":"tag-organizacion-del-gobierno-autonomo-de-los-pueblos-indios"},"yoast_head":"<!-- This site is optimized with the Yoast SEO plugin v27.4 - https:\/\/yoast.com\/product\/yoast-seo-wordpress\/ -->\n<title>Catemaco, tierra de nadie y vac\u00edo de poder - Los pol\u00edticos Veracruz<\/title>\n<meta name=\"robots\" content=\"index, follow, max-snippet:-1, max-image-preview:large, max-video-preview:-1\" \/>\n<link rel=\"canonical\" href=\"https:\/\/lospoliticosveracruz.com\/?p=27965\" \/>\n<meta property=\"og:locale\" content=\"es_ES\" \/>\n<meta property=\"og:type\" content=\"article\" \/>\n<meta property=\"og:title\" content=\"Catemaco, tierra de nadie y vac\u00edo de poder - Los pol\u00edticos Veracruz\" \/>\n<meta property=\"og:description\" content=\"Luis Alberto Romero Hora Cero \u00a0 Los recientes hechos registrados en el municipio de Catemaco, donde luego de la desaparici\u00f3n del sacerdote Jos\u00e9 Luis S\u00e1nchez Ruiz hubo disturbios que se salieron de control, no s\u00f3lo pusieron al descubierto la inseguridad que se vive en diferentes regiones del estado, sino el clima de indignaci\u00f3n e irritabilidad [&hellip;]\" \/>\n<meta property=\"og:url\" content=\"https:\/\/lospoliticosveracruz.com\/?p=27965\" \/>\n<meta property=\"og:site_name\" content=\"Los pol\u00edticos Veracruz\" \/>\n<meta property=\"article:publisher\" content=\"https:\/\/www.facebook.com\/people\/Notimemes-de-los-Polticos\/61565672886568\/\" \/>\n<meta property=\"article:published_time\" content=\"2016-11-14T04:40:04+00:00\" \/>\n<meta property=\"og:image\" content=\"https:\/\/lospoliticosveracruz.com\/wp-content\/uploads\/2016\/07\/Logo-Dor.jpg\" \/>\n\t<meta property=\"og:image:width\" content=\"200\" \/>\n\t<meta property=\"og:image:height\" content=\"200\" \/>\n\t<meta property=\"og:image:type\" content=\"image\/jpeg\" \/>\n<meta name=\"author\" content=\"Lo viste en Los Pol\u00edticos\" \/>\n<meta name=\"twitter:card\" content=\"summary_large_image\" \/>\n<meta name=\"twitter:creator\" content=\"@LosPoliticosVer\" \/>\n<meta name=\"twitter:site\" content=\"@LosPoliticosVer\" \/>\n<meta name=\"twitter:label1\" content=\"Escrito por\" \/>\n\t<meta name=\"twitter:data1\" content=\"Lo viste en Los Pol\u00edticos\" \/>\n\t<meta name=\"twitter:label2\" content=\"Tiempo de lectura\" \/>\n\t<meta name=\"twitter:data2\" content=\"4 minutos\" \/>\n<script type=\"application\/ld+json\" class=\"yoast-schema-graph\">{\"@context\":\"https:\\\/\\\/schema.org\",\"@graph\":[{\"@type\":\"Article\",\"@id\":\"https:\\\/\\\/lospoliticosveracruz.com\\\/?p=27965#article\",\"isPartOf\":{\"@id\":\"https:\\\/\\\/lospoliticosveracruz.com\\\/?p=27965\"},\"author\":{\"name\":\"Lo viste en Los Pol\u00edticos\",\"@id\":\"https:\\\/\\\/lospoliticosveracruz.com\\\/#\\\/schema\\\/person\\\/b8702bb0e538456e6efd07080bf2a4a2\"},\"headline\":\"Catemaco, tierra de nadie y vac\u00edo de poder\",\"datePublished\":\"2016-11-14T04:40:04+00:00\",\"mainEntityOfPage\":{\"@id\":\"https:\\\/\\\/lospoliticosveracruz.com\\\/?p=27965\"},\"wordCount\":905,\"commentCount\":0,\"publisher\":{\"@id\":\"https:\\\/\\\/lospoliticosveracruz.com\\\/#organization\"},\"keywords\":[\"Catemaco\",\"Jorge Gonz\u00e1lez Azamar\",\"Jos\u00e9 Luis S\u00e1nchez Ruiz\",\"Organizaci\u00f3n del Gobierno Aut\u00f3nomo de los Pueblos Indios\"],\"articleSection\":[\"De Opini\u00f3n\"],\"inLanguage\":\"es\",\"potentialAction\":[{\"@type\":\"CommentAction\",\"name\":\"Comment\",\"target\":[\"https:\\\/\\\/lospoliticosveracruz.com\\\/?p=27965#respond\"]}]},{\"@type\":\"WebPage\",\"@id\":\"https:\\\/\\\/lospoliticosveracruz.com\\\/?p=27965\",\"url\":\"https:\\\/\\\/lospoliticosveracruz.com\\\/?p=27965\",\"name\":\"Catemaco, tierra de nadie y vac\u00edo de poder - Los pol\u00edticos Veracruz\",\"isPartOf\":{\"@id\":\"https:\\\/\\\/lospoliticosveracruz.com\\\/#website\"},\"datePublished\":\"2016-11-14T04:40:04+00:00\",\"breadcrumb\":{\"@id\":\"https:\\\/\\\/lospoliticosveracruz.com\\\/?p=27965#breadcrumb\"},\"inLanguage\":\"es\",\"potentialAction\":[{\"@type\":\"ReadAction\",\"target\":[\"https:\\\/\\\/lospoliticosveracruz.com\\\/?p=27965\"]}]},{\"@type\":\"BreadcrumbList\",\"@id\":\"https:\\\/\\\/lospoliticosveracruz.com\\\/?p=27965#breadcrumb\",\"itemListElement\":[{\"@type\":\"ListItem\",\"position\":1,\"name\":\"Portada\",\"item\":\"https:\\\/\\\/lospoliticosveracruz.com\\\/\"},{\"@type\":\"ListItem\",\"position\":2,\"name\":\"Catemaco, tierra de nadie y vac\u00edo de poder\"}]},{\"@type\":\"WebSite\",\"@id\":\"https:\\\/\\\/lospoliticosveracruz.com\\\/#website\",\"url\":\"https:\\\/\\\/lospoliticosveracruz.com\\\/\",\"name\":\"Los pol\u00edticos Veracruz\",\"description\":\"\",\"publisher\":{\"@id\":\"https:\\\/\\\/lospoliticosveracruz.com\\\/#organization\"},\"potentialAction\":[{\"@type\":\"SearchAction\",\"target\":{\"@type\":\"EntryPoint\",\"urlTemplate\":\"https:\\\/\\\/lospoliticosveracruz.com\\\/?s={search_term_string}\"},\"query-input\":{\"@type\":\"PropertyValueSpecification\",\"valueRequired\":true,\"valueName\":\"search_term_string\"}}],\"inLanguage\":\"es\"},{\"@type\":\"Organization\",\"@id\":\"https:\\\/\\\/lospoliticosveracruz.com\\\/#organization\",\"name\":\"Los pol\u00edticos Veracruz\",\"url\":\"https:\\\/\\\/lospoliticosveracruz.com\\\/\",\"logo\":{\"@type\":\"ImageObject\",\"inLanguage\":\"es\",\"@id\":\"https:\\\/\\\/lospoliticosveracruz.com\\\/#\\\/schema\\\/logo\\\/image\\\/\",\"url\":\"https:\\\/\\\/lospoliticosveracruz.com\\\/wp-content\\\/uploads\\\/2025\\\/12\\\/Logo-Nuevo-LOS-POLITICOS-1.jpg\",\"contentUrl\":\"https:\\\/\\\/lospoliticosveracruz.com\\\/wp-content\\\/uploads\\\/2025\\\/12\\\/Logo-Nuevo-LOS-POLITICOS-1.jpg\",\"width\":260,\"height\":70,\"caption\":\"Los pol\u00edticos Veracruz\"},\"image\":{\"@id\":\"https:\\\/\\\/lospoliticosveracruz.com\\\/#\\\/schema\\\/logo\\\/image\\\/\"},\"sameAs\":[\"https:\\\/\\\/www.facebook.com\\\/people\\\/Notimemes-de-los-Polticos\\\/61565672886568\\\/\",\"https:\\\/\\\/x.com\\\/LosPoliticosVer\"]},{\"@type\":\"Person\",\"@id\":\"https:\\\/\\\/lospoliticosveracruz.com\\\/#\\\/schema\\\/person\\\/b8702bb0e538456e6efd07080bf2a4a2\",\"name\":\"Lo viste en Los Pol\u00edticos\",\"image\":{\"@type\":\"ImageObject\",\"inLanguage\":\"es\",\"@id\":\"https:\\\/\\\/secure.gravatar.com\\\/avatar\\\/3a8de04a2656d44082be478bd6c086daa447c4651605818287b9532d3d0bd435?s=96&d=mm&r=g\",\"url\":\"https:\\\/\\\/secure.gravatar.com\\\/avatar\\\/3a8de04a2656d44082be478bd6c086daa447c4651605818287b9532d3d0bd435?s=96&d=mm&r=g\",\"contentUrl\":\"https:\\\/\\\/secure.gravatar.com\\\/avatar\\\/3a8de04a2656d44082be478bd6c086daa447c4651605818287b9532d3d0bd435?s=96&d=mm&r=g\",\"caption\":\"Lo viste en Los Pol\u00edticos\"},\"url\":\"https:\\\/\\\/lospoliticosveracruz.com\\\/?author=2\"}]}<\/script>\n<!-- \/ Yoast SEO plugin. -->","yoast_head_json":{"title":"Catemaco, tierra de nadie y vac\u00edo de poder - Los pol\u00edticos Veracruz","robots":{"index":"index","follow":"follow","max-snippet":"max-snippet:-1","max-image-preview":"max-image-preview:large","max-video-preview":"max-video-preview:-1"},"canonical":"https:\/\/lospoliticosveracruz.com\/?p=27965","og_locale":"es_ES","og_type":"article","og_title":"Catemaco, tierra de nadie y vac\u00edo de poder - Los pol\u00edticos Veracruz","og_description":"Luis Alberto Romero Hora Cero \u00a0 Los recientes hechos registrados en el municipio de Catemaco, donde luego de la desaparici\u00f3n del sacerdote Jos\u00e9 Luis S\u00e1nchez Ruiz hubo disturbios que se salieron de control, no s\u00f3lo pusieron al descubierto la inseguridad que se vive en diferentes regiones del estado, sino el clima de indignaci\u00f3n e irritabilidad [&hellip;]","og_url":"https:\/\/lospoliticosveracruz.com\/?p=27965","og_site_name":"Los pol\u00edticos Veracruz","article_publisher":"https:\/\/www.facebook.com\/people\/Notimemes-de-los-Polticos\/61565672886568\/","article_published_time":"2016-11-14T04:40:04+00:00","og_image":[{"width":200,"height":200,"url":"https:\/\/lospoliticosveracruz.com\/wp-content\/uploads\/2016\/07\/Logo-Dor.jpg","type":"image\/jpeg"}],"author":"Lo viste en Los Pol\u00edticos","twitter_card":"summary_large_image","twitter_creator":"@LosPoliticosVer","twitter_site":"@LosPoliticosVer","twitter_misc":{"Escrito por":"Lo viste en Los Pol\u00edticos","Tiempo de lectura":"4 minutos"},"schema":{"@context":"https:\/\/schema.org","@graph":[{"@type":"Article","@id":"https:\/\/lospoliticosveracruz.com\/?p=27965#article","isPartOf":{"@id":"https:\/\/lospoliticosveracruz.com\/?p=27965"},"author":{"name":"Lo viste en Los Pol\u00edticos","@id":"https:\/\/lospoliticosveracruz.com\/#\/schema\/person\/b8702bb0e538456e6efd07080bf2a4a2"},"headline":"Catemaco, tierra de nadie y vac\u00edo de poder","datePublished":"2016-11-14T04:40:04+00:00","mainEntityOfPage":{"@id":"https:\/\/lospoliticosveracruz.com\/?p=27965"},"wordCount":905,"commentCount":0,"publisher":{"@id":"https:\/\/lospoliticosveracruz.com\/#organization"},"keywords":["Catemaco","Jorge Gonz\u00e1lez Azamar","Jos\u00e9 Luis S\u00e1nchez Ruiz","Organizaci\u00f3n del Gobierno Aut\u00f3nomo de los Pueblos Indios"],"articleSection":["De Opini\u00f3n"],"inLanguage":"es","potentialAction":[{"@type":"CommentAction","name":"Comment","target":["https:\/\/lospoliticosveracruz.com\/?p=27965#respond"]}]},{"@type":"WebPage","@id":"https:\/\/lospoliticosveracruz.com\/?p=27965","url":"https:\/\/lospoliticosveracruz.com\/?p=27965","name":"Catemaco, tierra de nadie y vac\u00edo de poder - Los pol\u00edticos Veracruz","isPartOf":{"@id":"https:\/\/lospoliticosveracruz.com\/#website"},"datePublished":"2016-11-14T04:40:04+00:00","breadcrumb":{"@id":"https:\/\/lospoliticosveracruz.com\/?p=27965#breadcrumb"},"inLanguage":"es","potentialAction":[{"@type":"ReadAction","target":["https:\/\/lospoliticosveracruz.com\/?p=27965"]}]},{"@type":"BreadcrumbList","@id":"https:\/\/lospoliticosveracruz.com\/?p=27965#breadcrumb","itemListElement":[{"@type":"ListItem","position":1,"name":"Portada","item":"https:\/\/lospoliticosveracruz.com\/"},{"@type":"ListItem","position":2,"name":"Catemaco, tierra de nadie y vac\u00edo de poder"}]},{"@type":"WebSite","@id":"https:\/\/lospoliticosveracruz.com\/#website","url":"https:\/\/lospoliticosveracruz.com\/","name":"Los pol\u00edticos Veracruz","description":"","publisher":{"@id":"https:\/\/lospoliticosveracruz.com\/#organization"},"potentialAction":[{"@type":"SearchAction","target":{"@type":"EntryPoint","urlTemplate":"https:\/\/lospoliticosveracruz.com\/?s={search_term_string}"},"query-input":{"@type":"PropertyValueSpecification","valueRequired":true,"valueName":"search_term_string"}}],"inLanguage":"es"},{"@type":"Organization","@id":"https:\/\/lospoliticosveracruz.com\/#organization","name":"Los pol\u00edticos Veracruz","url":"https:\/\/lospoliticosveracruz.com\/","logo":{"@type":"ImageObject","inLanguage":"es","@id":"https:\/\/lospoliticosveracruz.com\/#\/schema\/logo\/image\/","url":"https:\/\/lospoliticosveracruz.com\/wp-content\/uploads\/2025\/12\/Logo-Nuevo-LOS-POLITICOS-1.jpg","contentUrl":"https:\/\/lospoliticosveracruz.com\/wp-content\/uploads\/2025\/12\/Logo-Nuevo-LOS-POLITICOS-1.jpg","width":260,"height":70,"caption":"Los pol\u00edticos Veracruz"},"image":{"@id":"https:\/\/lospoliticosveracruz.com\/#\/schema\/logo\/image\/"},"sameAs":["https:\/\/www.facebook.com\/people\/Notimemes-de-los-Polticos\/61565672886568\/","https:\/\/x.com\/LosPoliticosVer"]},{"@type":"Person","@id":"https:\/\/lospoliticosveracruz.com\/#\/schema\/person\/b8702bb0e538456e6efd07080bf2a4a2","name":"Lo viste en Los Pol\u00edticos","image":{"@type":"ImageObject","inLanguage":"es","@id":"https:\/\/secure.gravatar.com\/avatar\/3a8de04a2656d44082be478bd6c086daa447c4651605818287b9532d3d0bd435?s=96&d=mm&r=g","url":"https:\/\/secure.gravatar.com\/avatar\/3a8de04a2656d44082be478bd6c086daa447c4651605818287b9532d3d0bd435?s=96&d=mm&r=g","contentUrl":"https:\/\/secure.gravatar.com\/avatar\/3a8de04a2656d44082be478bd6c086daa447c4651605818287b9532d3d0bd435?s=96&d=mm&r=g","caption":"Lo viste en Los Pol\u00edticos"},"url":"https:\/\/lospoliticosveracruz.com\/?author=2"}]}},"_links":{"self":[{"href":"https:\/\/lospoliticosveracruz.com\/index.php?rest_route=\/wp\/v2\/posts\/27965","targetHints":{"allow":["GET"]}}],"collection":[{"href":"https:\/\/lospoliticosveracruz.com\/index.php?rest_route=\/wp\/v2\/posts"}],"about":[{"href":"https:\/\/lospoliticosveracruz.com\/index.php?rest_route=\/wp\/v2\/types\/post"}],"author":[{"embeddable":true,"href":"https:\/\/lospoliticosveracruz.com\/index.php?rest_route=\/wp\/v2\/users\/2"}],"replies":[{"embeddable":true,"href":"https:\/\/lospoliticosveracruz.com\/index.php?rest_route=%2Fwp%2Fv2%2Fcomments&post=27965"}],"version-history":[{"count":1,"href":"https:\/\/lospoliticosveracruz.com\/index.php?rest_route=\/wp\/v2\/posts\/27965\/revisions"}],"predecessor-version":[{"id":27968,"href":"https:\/\/lospoliticosveracruz.com\/index.php?rest_route=\/wp\/v2\/posts\/27965\/revisions\/27968"}],"wp:attachment":[{"href":"https:\/\/lospoliticosveracruz.com\/index.php?rest_route=%2Fwp%2Fv2%2Fmedia&parent=27965"}],"wp:term":[{"taxonomy":"category","embeddable":true,"href":"https:\/\/lospoliticosveracruz.com\/index.php?rest_route=%2Fwp%2Fv2%2Fcategories&post=27965"},{"taxonomy":"post_tag","embeddable":true,"href":"https:\/\/lospoliticosveracruz.com\/index.php?rest_route=%2Fwp%2Fv2%2Ftags&post=27965"}],"curies":[{"name":"wp","href":"https:\/\/api.w.org\/{rel}","templated":true}]}}