{"id":27975,"date":"2016-11-14T14:58:58","date_gmt":"2016-11-14T20:58:58","guid":{"rendered":"http:\/\/www.lospoliticosveracruz.com.mx\/?p=27975"},"modified":"2016-11-14T14:58:58","modified_gmt":"2016-11-14T20:58:58","slug":"la-ciudadania-ante-la-violencia","status":"publish","type":"post","link":"https:\/\/lospoliticosveracruz.com\/?p=27975","title":{"rendered":"La ciudadan\u00eda ante la violencia"},"content":{"rendered":"<p><strong>Yadira Hidalgo<\/strong><\/p>\n<p><em>Mujeres que Saben Lat\u00edn<\/em><\/p>\n<p>Xalapa es una ciudad hermosa y hasta s\u00f3lo hace algunos a\u00f1os, una ciudad tranquila. Desde el 2011, nuestra ciudad dej\u00f3 de ser lo que era y la violencia se apoder\u00f3 de las calles, de las casas y las vidas de las y los ciudadanos.<\/p>\n<p>Nuestro centro hist\u00f3rico -antes una de las zonas m\u00e1s seguras de la ciudad- se ha visto desbordado por una ola de asaltos, robos a casa habitaci\u00f3n, cristalazos y asesinatos.<\/p>\n<p>El pasado jueves 10 de noviembre, la maestra Guadalupe Mora no lleg\u00f3 a la junta vecinal que una vez al mes se hace en la calle Betancourt, precisamente para analizar y proponer acciones de seguridad debido a los robos, allanamientos y otros actos delictivos que han padecido. No lleg\u00f3 porque su vida hab\u00eda sido arrancada por uno o varios de esos seres que se benefician de la impunidad que cobija buena parte de los delitos en este pa\u00eds.<\/p>\n<p>Lupita era una de las vecinas m\u00e1s entusiastas y participativas. Pagaba puntual la cuota de cada mes para que todo el barrio contara con seguridad privada. No faltaba a casi ninguna reuni\u00f3n y se uni\u00f3 a la faena para limpiar la calle y re pintar las casas cuando \u00e9stas fueron vandaleadas durante una noche.<\/p>\n<p>Hay quien la describe como una persona confiada, y en el contexto actual, esa descripci\u00f3n, incluso parece culpabilizarla de su propia suerte, como si ser una persona confiada porque ella misma era una persona confiable, fuera la \u00fanica respuesta a esta tragedia y se nos olvida que el grado de violencia que vivimos desde hace muchos a\u00f1os, la impunidad en la que los cr\u00edmenes cometidos quedan y la apat\u00eda social que inmediatamente se saca de la manga lugares comunes como \u201cas\u00ed se va a quedar\u201d, \u00a8nunca sabremos qu\u00e9 pas\u00f3\u201d; no son normales.<\/p>\n<p>Tampoco hablo desde la ingenuidad. S\u00e9 muy bien que si las personas piensan as\u00ed y sacan esas conclusiones es por la experiencia que han tenido ante estos hechos. Pero \u00bfes que acaso la \u00fanica v\u00eda es cruzarse de brazos a la expectaci\u00f3n de que la violencia imparable cruce el umbral de nuestro confort sin decir nada, sin exigir nada, repitiendo el mantra de la inercia y la desesperanza?<\/p>\n<p>\u00bfQu\u00e9 tenemos que hacer como ciudadan\u00eda para exigir lo que es nuestro derecho a una vida libre de violencia? La cr\u00edtica a los gobiernos est\u00e1 bien, las burlas en las redes pueden ser cat\u00e1rticas, la iron\u00eda y el sarcasmo pueden funcionar como placebos contra la rabia y la desesperaci\u00f3n; \u00bfpero qu\u00e9 estamos haciendo y exigiendo como ciudadan\u00eda?<\/p>\n<p>\u00bfConozco a mis vecinos y vecinas? \u00bfhe intentado organizarme con ellas y ellos? \u00bfTengo alg\u00fan protocolo de seguridad con mi familia y mi vecindario? \u00bfconozco las leyes y protocolos que debe cumplir la autoridad para proteger a la ciudadan\u00eda de la violencia o para iniciar procesos de investigaci\u00f3n eficaz? \u00bfconozco qu\u00e9 instituciones est\u00e1n a cargo de la implementaci\u00f3n de esas leyes y documentos? \u00bfCu\u00e1l es el concepto que tengo de ciudadan\u00eda?<\/p>\n<p>Es cierto que las respuestas a estas preguntas no son un seguro de vida, no en un contexto violento como el que actualmente vivimos; pero tal vez en el proceso de responderlas vayamos dando con la clave de lo que debemos y c\u00f3mo debemos hacerlo. Mucha gente dice no confiar en las instituciones, pero tampoco hace nada por crear alternativas de acci\u00f3n y al final, se sigue dejando en las manos de las instituciones la acci\u00f3n o la inacci\u00f3n de las mismas.<\/p>\n<p>La Maestra Guadalupe Mora era una ciudadana con todas sus letras y es parad\u00f3jico que esta tragedia le haya arrancado la vida. Sin embargo esto en vez de desanimar a todas las personas que la conocimos, nos debe dar fuerzas para no bajar la voz y exigir nuestro derecho a una vida libre de violencia y tambi\u00e9n a no ser violentados en la muerte por medios de comunicaci\u00f3n irrespetuosos e insensibles que siguen realizando pr\u00e1cticas de \u00e9tica dudosa, colando las fotograf\u00edas que alguien amafiado a ellos les pasa sin pensar en el enorme dolor de las familias y los seres queridos de la v\u00edctima.<\/p>\n<p>Nunca me he sentido c\u00f3moda con la frase \u201cdescanse en paz\u201d, no cuando la persona ha sido arrancada de esta manera de la vida, pero espero con el coraz\u00f3n que nuestra querida Lupita descanse en paz.<\/p>\n<p>De nuestra parte, hasta que no se haga justicia, no podremos hacerlo.<\/p>\n","protected":false},"excerpt":{"rendered":"<p>Yadira Hidalgo Mujeres que Saben Lat\u00edn Xalapa es una ciudad hermosa y hasta s\u00f3lo hace algunos a\u00f1os, una ciudad tranquila. Desde el 2011, nuestra ciudad dej\u00f3 de ser lo que era y la violencia se apoder\u00f3 de las calles, de las casas y las vidas de las y los ciudadanos. Nuestro centro hist\u00f3rico -antes una [&hellip;]<\/p>\n","protected":false},"author":2,"featured_media":0,"comment_status":"open","ping_status":"open","sticky":false,"template":"","format":"standard","meta":{"tdm_status":"","tdm_grid_status":"","footnotes":""},"categories":[70],"tags":[6712,96],"class_list":{"0":"post-27975","1":"post","2":"type-post","3":"status-publish","4":"format-standard","6":"category-de-opinion","7":"tag-guadalupe-mora","8":"tag-xalapa"},"yoast_head":"<!-- This site is optimized with the Yoast SEO plugin v27.4 - https:\/\/yoast.com\/product\/yoast-seo-wordpress\/ -->\n<title>La ciudadan\u00eda ante la violencia - Los pol\u00edticos Veracruz<\/title>\n<meta name=\"robots\" content=\"index, follow, max-snippet:-1, max-image-preview:large, max-video-preview:-1\" \/>\n<link rel=\"canonical\" href=\"https:\/\/lospoliticosveracruz.com\/?p=27975\" \/>\n<meta property=\"og:locale\" content=\"es_ES\" \/>\n<meta property=\"og:type\" content=\"article\" \/>\n<meta property=\"og:title\" content=\"La ciudadan\u00eda ante la violencia - Los pol\u00edticos Veracruz\" \/>\n<meta property=\"og:description\" content=\"Yadira Hidalgo Mujeres que Saben Lat\u00edn Xalapa es una ciudad hermosa y hasta s\u00f3lo hace algunos a\u00f1os, una ciudad tranquila. Desde el 2011, nuestra ciudad dej\u00f3 de ser lo que era y la violencia se apoder\u00f3 de las calles, de las casas y las vidas de las y los ciudadanos. Nuestro centro hist\u00f3rico -antes una [&hellip;]\" \/>\n<meta property=\"og:url\" content=\"https:\/\/lospoliticosveracruz.com\/?p=27975\" \/>\n<meta property=\"og:site_name\" content=\"Los pol\u00edticos Veracruz\" \/>\n<meta property=\"article:publisher\" content=\"https:\/\/www.facebook.com\/people\/Notimemes-de-los-Polticos\/61565672886568\/\" \/>\n<meta property=\"article:published_time\" content=\"2016-11-14T20:58:58+00:00\" \/>\n<meta property=\"og:image\" content=\"https:\/\/lospoliticosveracruz.com\/wp-content\/uploads\/2016\/07\/Logo-Dor.jpg\" \/>\n\t<meta property=\"og:image:width\" content=\"200\" \/>\n\t<meta property=\"og:image:height\" content=\"200\" \/>\n\t<meta property=\"og:image:type\" content=\"image\/jpeg\" \/>\n<meta name=\"author\" content=\"Lo viste en Los Pol\u00edticos\" \/>\n<meta name=\"twitter:card\" content=\"summary_large_image\" \/>\n<meta name=\"twitter:creator\" content=\"@LosPoliticosVer\" \/>\n<meta name=\"twitter:site\" content=\"@LosPoliticosVer\" \/>\n<meta name=\"twitter:label1\" content=\"Escrito por\" \/>\n\t<meta name=\"twitter:data1\" content=\"Lo viste en Los Pol\u00edticos\" \/>\n\t<meta name=\"twitter:label2\" content=\"Tiempo de lectura\" \/>\n\t<meta name=\"twitter:data2\" content=\"4 minutos\" \/>\n<script type=\"application\/ld+json\" class=\"yoast-schema-graph\">{\"@context\":\"https:\\\/\\\/schema.org\",\"@graph\":[{\"@type\":\"Article\",\"@id\":\"https:\\\/\\\/lospoliticosveracruz.com\\\/?p=27975#article\",\"isPartOf\":{\"@id\":\"https:\\\/\\\/lospoliticosveracruz.com\\\/?p=27975\"},\"author\":{\"name\":\"Lo viste en Los Pol\u00edticos\",\"@id\":\"https:\\\/\\\/lospoliticosveracruz.com\\\/#\\\/schema\\\/person\\\/b8702bb0e538456e6efd07080bf2a4a2\"},\"headline\":\"La ciudadan\u00eda ante la violencia\",\"datePublished\":\"2016-11-14T20:58:58+00:00\",\"mainEntityOfPage\":{\"@id\":\"https:\\\/\\\/lospoliticosveracruz.com\\\/?p=27975\"},\"wordCount\":778,\"commentCount\":0,\"publisher\":{\"@id\":\"https:\\\/\\\/lospoliticosveracruz.com\\\/#organization\"},\"keywords\":[\"Guadalupe Mora\",\"Xalapa\"],\"articleSection\":[\"De Opini\u00f3n\"],\"inLanguage\":\"es\",\"potentialAction\":[{\"@type\":\"CommentAction\",\"name\":\"Comment\",\"target\":[\"https:\\\/\\\/lospoliticosveracruz.com\\\/?p=27975#respond\"]}]},{\"@type\":\"WebPage\",\"@id\":\"https:\\\/\\\/lospoliticosveracruz.com\\\/?p=27975\",\"url\":\"https:\\\/\\\/lospoliticosveracruz.com\\\/?p=27975\",\"name\":\"La ciudadan\u00eda ante la violencia - Los pol\u00edticos Veracruz\",\"isPartOf\":{\"@id\":\"https:\\\/\\\/lospoliticosveracruz.com\\\/#website\"},\"datePublished\":\"2016-11-14T20:58:58+00:00\",\"breadcrumb\":{\"@id\":\"https:\\\/\\\/lospoliticosveracruz.com\\\/?p=27975#breadcrumb\"},\"inLanguage\":\"es\",\"potentialAction\":[{\"@type\":\"ReadAction\",\"target\":[\"https:\\\/\\\/lospoliticosveracruz.com\\\/?p=27975\"]}]},{\"@type\":\"BreadcrumbList\",\"@id\":\"https:\\\/\\\/lospoliticosveracruz.com\\\/?p=27975#breadcrumb\",\"itemListElement\":[{\"@type\":\"ListItem\",\"position\":1,\"name\":\"Portada\",\"item\":\"https:\\\/\\\/lospoliticosveracruz.com\\\/\"},{\"@type\":\"ListItem\",\"position\":2,\"name\":\"La ciudadan\u00eda ante la violencia\"}]},{\"@type\":\"WebSite\",\"@id\":\"https:\\\/\\\/lospoliticosveracruz.com\\\/#website\",\"url\":\"https:\\\/\\\/lospoliticosveracruz.com\\\/\",\"name\":\"Los pol\u00edticos Veracruz\",\"description\":\"\",\"publisher\":{\"@id\":\"https:\\\/\\\/lospoliticosveracruz.com\\\/#organization\"},\"potentialAction\":[{\"@type\":\"SearchAction\",\"target\":{\"@type\":\"EntryPoint\",\"urlTemplate\":\"https:\\\/\\\/lospoliticosveracruz.com\\\/?s={search_term_string}\"},\"query-input\":{\"@type\":\"PropertyValueSpecification\",\"valueRequired\":true,\"valueName\":\"search_term_string\"}}],\"inLanguage\":\"es\"},{\"@type\":\"Organization\",\"@id\":\"https:\\\/\\\/lospoliticosveracruz.com\\\/#organization\",\"name\":\"Los pol\u00edticos Veracruz\",\"url\":\"https:\\\/\\\/lospoliticosveracruz.com\\\/\",\"logo\":{\"@type\":\"ImageObject\",\"inLanguage\":\"es\",\"@id\":\"https:\\\/\\\/lospoliticosveracruz.com\\\/#\\\/schema\\\/logo\\\/image\\\/\",\"url\":\"https:\\\/\\\/lospoliticosveracruz.com\\\/wp-content\\\/uploads\\\/2025\\\/12\\\/Logo-Nuevo-LOS-POLITICOS-1.jpg\",\"contentUrl\":\"https:\\\/\\\/lospoliticosveracruz.com\\\/wp-content\\\/uploads\\\/2025\\\/12\\\/Logo-Nuevo-LOS-POLITICOS-1.jpg\",\"width\":260,\"height\":70,\"caption\":\"Los pol\u00edticos Veracruz\"},\"image\":{\"@id\":\"https:\\\/\\\/lospoliticosveracruz.com\\\/#\\\/schema\\\/logo\\\/image\\\/\"},\"sameAs\":[\"https:\\\/\\\/www.facebook.com\\\/people\\\/Notimemes-de-los-Polticos\\\/61565672886568\\\/\",\"https:\\\/\\\/x.com\\\/LosPoliticosVer\"]},{\"@type\":\"Person\",\"@id\":\"https:\\\/\\\/lospoliticosveracruz.com\\\/#\\\/schema\\\/person\\\/b8702bb0e538456e6efd07080bf2a4a2\",\"name\":\"Lo viste en Los Pol\u00edticos\",\"image\":{\"@type\":\"ImageObject\",\"inLanguage\":\"es\",\"@id\":\"https:\\\/\\\/secure.gravatar.com\\\/avatar\\\/3a8de04a2656d44082be478bd6c086daa447c4651605818287b9532d3d0bd435?s=96&d=mm&r=g\",\"url\":\"https:\\\/\\\/secure.gravatar.com\\\/avatar\\\/3a8de04a2656d44082be478bd6c086daa447c4651605818287b9532d3d0bd435?s=96&d=mm&r=g\",\"contentUrl\":\"https:\\\/\\\/secure.gravatar.com\\\/avatar\\\/3a8de04a2656d44082be478bd6c086daa447c4651605818287b9532d3d0bd435?s=96&d=mm&r=g\",\"caption\":\"Lo viste en Los Pol\u00edticos\"},\"url\":\"https:\\\/\\\/lospoliticosveracruz.com\\\/?author=2\"}]}<\/script>\n<!-- \/ Yoast SEO plugin. -->","yoast_head_json":{"title":"La ciudadan\u00eda ante la violencia - Los pol\u00edticos Veracruz","robots":{"index":"index","follow":"follow","max-snippet":"max-snippet:-1","max-image-preview":"max-image-preview:large","max-video-preview":"max-video-preview:-1"},"canonical":"https:\/\/lospoliticosveracruz.com\/?p=27975","og_locale":"es_ES","og_type":"article","og_title":"La ciudadan\u00eda ante la violencia - Los pol\u00edticos Veracruz","og_description":"Yadira Hidalgo Mujeres que Saben Lat\u00edn Xalapa es una ciudad hermosa y hasta s\u00f3lo hace algunos a\u00f1os, una ciudad tranquila. Desde el 2011, nuestra ciudad dej\u00f3 de ser lo que era y la violencia se apoder\u00f3 de las calles, de las casas y las vidas de las y los ciudadanos. Nuestro centro hist\u00f3rico -antes una [&hellip;]","og_url":"https:\/\/lospoliticosveracruz.com\/?p=27975","og_site_name":"Los pol\u00edticos Veracruz","article_publisher":"https:\/\/www.facebook.com\/people\/Notimemes-de-los-Polticos\/61565672886568\/","article_published_time":"2016-11-14T20:58:58+00:00","og_image":[{"width":200,"height":200,"url":"https:\/\/lospoliticosveracruz.com\/wp-content\/uploads\/2016\/07\/Logo-Dor.jpg","type":"image\/jpeg"}],"author":"Lo viste en Los Pol\u00edticos","twitter_card":"summary_large_image","twitter_creator":"@LosPoliticosVer","twitter_site":"@LosPoliticosVer","twitter_misc":{"Escrito por":"Lo viste en Los Pol\u00edticos","Tiempo de lectura":"4 minutos"},"schema":{"@context":"https:\/\/schema.org","@graph":[{"@type":"Article","@id":"https:\/\/lospoliticosveracruz.com\/?p=27975#article","isPartOf":{"@id":"https:\/\/lospoliticosveracruz.com\/?p=27975"},"author":{"name":"Lo viste en Los Pol\u00edticos","@id":"https:\/\/lospoliticosveracruz.com\/#\/schema\/person\/b8702bb0e538456e6efd07080bf2a4a2"},"headline":"La ciudadan\u00eda ante la violencia","datePublished":"2016-11-14T20:58:58+00:00","mainEntityOfPage":{"@id":"https:\/\/lospoliticosveracruz.com\/?p=27975"},"wordCount":778,"commentCount":0,"publisher":{"@id":"https:\/\/lospoliticosveracruz.com\/#organization"},"keywords":["Guadalupe Mora","Xalapa"],"articleSection":["De Opini\u00f3n"],"inLanguage":"es","potentialAction":[{"@type":"CommentAction","name":"Comment","target":["https:\/\/lospoliticosveracruz.com\/?p=27975#respond"]}]},{"@type":"WebPage","@id":"https:\/\/lospoliticosveracruz.com\/?p=27975","url":"https:\/\/lospoliticosveracruz.com\/?p=27975","name":"La ciudadan\u00eda ante la violencia - Los pol\u00edticos Veracruz","isPartOf":{"@id":"https:\/\/lospoliticosveracruz.com\/#website"},"datePublished":"2016-11-14T20:58:58+00:00","breadcrumb":{"@id":"https:\/\/lospoliticosveracruz.com\/?p=27975#breadcrumb"},"inLanguage":"es","potentialAction":[{"@type":"ReadAction","target":["https:\/\/lospoliticosveracruz.com\/?p=27975"]}]},{"@type":"BreadcrumbList","@id":"https:\/\/lospoliticosveracruz.com\/?p=27975#breadcrumb","itemListElement":[{"@type":"ListItem","position":1,"name":"Portada","item":"https:\/\/lospoliticosveracruz.com\/"},{"@type":"ListItem","position":2,"name":"La ciudadan\u00eda ante la violencia"}]},{"@type":"WebSite","@id":"https:\/\/lospoliticosveracruz.com\/#website","url":"https:\/\/lospoliticosveracruz.com\/","name":"Los pol\u00edticos Veracruz","description":"","publisher":{"@id":"https:\/\/lospoliticosveracruz.com\/#organization"},"potentialAction":[{"@type":"SearchAction","target":{"@type":"EntryPoint","urlTemplate":"https:\/\/lospoliticosveracruz.com\/?s={search_term_string}"},"query-input":{"@type":"PropertyValueSpecification","valueRequired":true,"valueName":"search_term_string"}}],"inLanguage":"es"},{"@type":"Organization","@id":"https:\/\/lospoliticosveracruz.com\/#organization","name":"Los pol\u00edticos Veracruz","url":"https:\/\/lospoliticosveracruz.com\/","logo":{"@type":"ImageObject","inLanguage":"es","@id":"https:\/\/lospoliticosveracruz.com\/#\/schema\/logo\/image\/","url":"https:\/\/lospoliticosveracruz.com\/wp-content\/uploads\/2025\/12\/Logo-Nuevo-LOS-POLITICOS-1.jpg","contentUrl":"https:\/\/lospoliticosveracruz.com\/wp-content\/uploads\/2025\/12\/Logo-Nuevo-LOS-POLITICOS-1.jpg","width":260,"height":70,"caption":"Los pol\u00edticos Veracruz"},"image":{"@id":"https:\/\/lospoliticosveracruz.com\/#\/schema\/logo\/image\/"},"sameAs":["https:\/\/www.facebook.com\/people\/Notimemes-de-los-Polticos\/61565672886568\/","https:\/\/x.com\/LosPoliticosVer"]},{"@type":"Person","@id":"https:\/\/lospoliticosveracruz.com\/#\/schema\/person\/b8702bb0e538456e6efd07080bf2a4a2","name":"Lo viste en Los Pol\u00edticos","image":{"@type":"ImageObject","inLanguage":"es","@id":"https:\/\/secure.gravatar.com\/avatar\/3a8de04a2656d44082be478bd6c086daa447c4651605818287b9532d3d0bd435?s=96&d=mm&r=g","url":"https:\/\/secure.gravatar.com\/avatar\/3a8de04a2656d44082be478bd6c086daa447c4651605818287b9532d3d0bd435?s=96&d=mm&r=g","contentUrl":"https:\/\/secure.gravatar.com\/avatar\/3a8de04a2656d44082be478bd6c086daa447c4651605818287b9532d3d0bd435?s=96&d=mm&r=g","caption":"Lo viste en Los Pol\u00edticos"},"url":"https:\/\/lospoliticosveracruz.com\/?author=2"}]}},"_links":{"self":[{"href":"https:\/\/lospoliticosveracruz.com\/index.php?rest_route=\/wp\/v2\/posts\/27975","targetHints":{"allow":["GET"]}}],"collection":[{"href":"https:\/\/lospoliticosveracruz.com\/index.php?rest_route=\/wp\/v2\/posts"}],"about":[{"href":"https:\/\/lospoliticosveracruz.com\/index.php?rest_route=\/wp\/v2\/types\/post"}],"author":[{"embeddable":true,"href":"https:\/\/lospoliticosveracruz.com\/index.php?rest_route=\/wp\/v2\/users\/2"}],"replies":[{"embeddable":true,"href":"https:\/\/lospoliticosveracruz.com\/index.php?rest_route=%2Fwp%2Fv2%2Fcomments&post=27975"}],"version-history":[{"count":1,"href":"https:\/\/lospoliticosveracruz.com\/index.php?rest_route=\/wp\/v2\/posts\/27975\/revisions"}],"predecessor-version":[{"id":27977,"href":"https:\/\/lospoliticosveracruz.com\/index.php?rest_route=\/wp\/v2\/posts\/27975\/revisions\/27977"}],"wp:attachment":[{"href":"https:\/\/lospoliticosveracruz.com\/index.php?rest_route=%2Fwp%2Fv2%2Fmedia&parent=27975"}],"wp:term":[{"taxonomy":"category","embeddable":true,"href":"https:\/\/lospoliticosveracruz.com\/index.php?rest_route=%2Fwp%2Fv2%2Fcategories&post=27975"},{"taxonomy":"post_tag","embeddable":true,"href":"https:\/\/lospoliticosveracruz.com\/index.php?rest_route=%2Fwp%2Fv2%2Ftags&post=27975"}],"curies":[{"name":"wp","href":"https:\/\/api.w.org\/{rel}","templated":true}]}}