{"id":28053,"date":"2016-11-17T00:10:22","date_gmt":"2016-11-17T06:10:22","guid":{"rendered":"http:\/\/www.lospoliticosveracruz.com.mx\/?p=28053"},"modified":"2016-11-17T00:10:22","modified_gmt":"2016-11-17T06:10:22","slug":"tony-macias-la-victima","status":"publish","type":"post","link":"https:\/\/lospoliticosveracruz.com\/?p=28053","title":{"rendered":"Tony Mac\u00edas, \u201cla v\u00edctima\u201d"},"content":{"rendered":"<figure id=\"attachment_28061\" aria-describedby=\"caption-attachment-28061\" style=\"width: 600px\" class=\"wp-caption aligncenter\"><img loading=\"lazy\" decoding=\"async\" class=\"wp-image-28061 size-full\" src=\"http:\/\/www.lospoliticosveracruz.com.mx\/wp-content\/uploads\/2016\/11\/Rodolfo-de-la-Guardia1.jpg\" alt=\"Rodolfo de la Guardia\" width=\"600\" height=\"343\" \/><figcaption id=\"caption-attachment-28061\" class=\"wp-caption-text\">Rodolfo de la Guardia Garc\u00eda, abogado de Tony Mac\u00edas, quien estuvo involucrado en el Operativo Limpieza que lo llev\u00f3 hasta el Cefereso de Nayarit.<\/figcaption><\/figure>\n<p dir=\"ltr\"><strong>Salvador Mu\u00f1oz<\/strong><\/p>\n<p dir=\"ltr\"><em>Los Pol\u00edticos<\/em><\/p>\n<p dir=\"ltr\">Tony Mac\u00edas Yazegey dej\u00f3 sus fanfarronadas para pasar al papel de v\u00edctima. Se dice acosado, hasta aduce tortura psicol\u00f3gica porque en la calle, personal de la PGR est\u00e1 latente, no a sus movimientos en s\u00ed, sino a la posibilidad de que su yerno inc\u00f3modo, el personaje por el que se ofrece hasta 15 millones de pesos por quien aporte datos para su localizaci\u00f3n, llegue al 401, de la calle Puebla esquina con Tamaulipas, de la colonia Petrolera en Coatzacoalcos, por la \u00fanica raz\u00f3n que abre esa probabilidad: los hijos de Javier Duarte y Karime Mac\u00edas, que desde que se dieron a la fuga, los alberga el abuelo.<\/p>\n<p dir=\"ltr\">II<\/p>\n<p dir=\"ltr\">La presencia de elementos de la PGR en la calle por donde vive el suegro de Javier Duarte de Ochoa no es nueva. Tienen 45 d\u00edas esperando que llegue el fugitivo. Incluso, si los suegros o los hijos salen, se les sigue no por \u201cacoso\u201d o cualquier otra justificaci\u00f3n que encuentre Mac\u00edas Yazegey a la actuaci\u00f3n de las autoridades, sino siempre en la posibilidad de que la fraternidad de Javier Duarte, o la maternidad de Karime, se hiciera presente, nada m\u00e1s. Por cierto, que se sepa, no hay orden de aprehensi\u00f3n para la esposa del fugitivo,<\/p>\n<p dir=\"ltr\">Al principio, Tony Mac\u00edas \u201cse hac\u00eda el chistoso\u201d. Se acercaba a los elementos y \u00e9l mismo les dec\u00eda que en momentos saldr\u00edan a la Plaza, al dentista, a la oficina\u2026 incluso, todav\u00eda hace m\u00e1s de una semana, les anunciaba que se iba a ir con su familia a Chiapas, primero, porque dec\u00eda que no quer\u00eda estar en la toma de protesta de Miguel \u00c1ngel Yunes Linares; poco despu\u00e9s se sabr\u00eda la verdadera raz\u00f3n: el matrimonio Mac\u00edas-Tubilla quer\u00eda ir, con todo y nietos (tanto los hijos de Karime como los de M\u00f3nica), a la boda de su sobrina-nieta Layla, quien contrae nupcias este 18 de noviembre\u2026 pero no, al final, quien se traslad\u00f3 a Chiapas fue nada m\u00e1s Tony Mac\u00edas, pero de entrada por salida, y s\u00f3lo para rentar una casa\u2026 \u00bfquiz\u00e1s para algunos familiares que lleguen a pernoctar all\u00ed antes y despu\u00e9s de la esperada boda?<\/p>\n<p dir=\"ltr\">III<\/p>\n<p dir=\"ltr\">En Coatzacoalcos, la primera impresi\u00f3n que hab\u00eda en las noticias, era que la casa de Mac\u00edas Yazegey estaba siendo cateada. Un grupo de abogados encabezados por Rodolfo de la Guardia Garc\u00eda y actuarios, convocaron a prensa, y al ver a elementos de la Gendarmer\u00eda y PGR all\u00ed, dieron por sentado que se estaba cateando el domicilio, pero no. S\u00f3lo se quer\u00eda constatar la presencia de las autoridades federales porque el suegro de Duarte de Ochoa, tras 45 d\u00edas, se dice acosado y pidi\u00f3 el \u201cdesalojo de la calle\u201d de esos elementos.<\/p>\n<p dir=\"ltr\">Por supuesto, si las autoridades judiciales consideran que la vigilancia no es para la familia Mac\u00edas-Tubilla, sino para esperar un posible arribo del yerno inc\u00f3modo as\u00ed como de la hija, ser\u00e1 validada la vigilancia\u2026<\/p>\n<p dir=\"ltr\">Mientras, Tony Mac\u00edas ya dej\u00f3 de hacerse \u201cel Chistoso\u201d&#8230; ya no bromea con sus amigos diciendo que cuenta con doble escolta\u2026 ya no da su itinerario a las autoridades federales\u2026 ahora, es \u201cla v\u00edctima\u201d&#8230;<\/p>\n<p dir=\"ltr\">Y es posible que as\u00ed sea, que sea una v\u00edctima pero no de la vigilancia de la PGR, sino en un momento dado, del atraco que cometi\u00f3 Duarte de Ochoa, del que de seguro, Mac\u00edas Yazegey no se dio cuenta como tampoco lo hizo su hija\u2026 total, \u00e9l estaba m\u00e1s ocupado cuidando la prosperidad de sus negocios que en cuidarle las manos a su yerno.<\/p>\n<div dir=\"ltr\"><\/div>\n<p dir=\"ltr\">Tula vs Salud<\/p>\n<p dir=\"ltr\">Y cerca de las seis de la tarde de ayer, la titular de Sefiplan, Tula Guerrero, por fin recib\u00eda a los delegados de la Secci\u00f3n 26 de Servicios de Salud, pero no crea que fue para conciliar o negociar, fue directo al grano: Como no estaban en la agenda de negociaci\u00f3n, pues tampoco habr\u00e1 recurso para las demandas que plantean, entre ellas, bono para uniformes, un retroactivo y primera parte del aguinaldo. La respuesta de la Secci\u00f3n 26 ha de verse este jueves, con plantones, bloqueos y la suma a su manifestaci\u00f3n con maestros y polic\u00edas. Tula Guerrero ya ense\u00f1\u00f3 que la pol\u00edtica no es ni ser\u00e1 lo suyo.<\/p>\n<div dir=\"ltr\"><\/div>\n<p dir=\"ltr\"><a href=\"mailto:smcainito@gmail.com\" target=\"_blank\">smcainito@gmail.com<\/a><\/p>\n","protected":false},"excerpt":{"rendered":"<p>Salvador Mu\u00f1oz Los Pol\u00edticos Tony Mac\u00edas Yazegey dej\u00f3 sus fanfarronadas para pasar al papel de v\u00edctima. Se dice acosado, hasta aduce tortura psicol\u00f3gica porque en la calle, personal de la PGR est\u00e1 latente, no a sus movimientos en s\u00ed, sino a la posibilidad de que su yerno inc\u00f3modo, el personaje por el que se ofrece [&hellip;]<\/p>\n","protected":false},"author":2,"featured_media":0,"comment_status":"open","ping_status":"open","sticky":false,"template":"","format":"standard","meta":{"tdm_status":"","tdm_grid_status":"","footnotes":""},"categories":[70],"tags":[1277,231,2869,6724],"class_list":{"0":"post-28053","1":"post","2":"type-post","3":"status-publish","4":"format-standard","6":"category-de-opinion","7":"tag-clementina-guerrero","8":"tag-karime-macias-tubilla","9":"tag-pgr","10":"tag-tony-macias-yazegey"},"yoast_head":"<!-- This site is optimized with the Yoast SEO plugin v27.4 - https:\/\/yoast.com\/product\/yoast-seo-wordpress\/ -->\n<title>Tony Mac\u00edas, \u201cla v\u00edctima\u201d - Los pol\u00edticos Veracruz<\/title>\n<meta name=\"robots\" content=\"index, follow, max-snippet:-1, max-image-preview:large, max-video-preview:-1\" \/>\n<link rel=\"canonical\" href=\"https:\/\/lospoliticosveracruz.com\/?p=28053\" \/>\n<meta property=\"og:locale\" content=\"es_ES\" \/>\n<meta property=\"og:type\" content=\"article\" \/>\n<meta property=\"og:title\" content=\"Tony Mac\u00edas, \u201cla v\u00edctima\u201d - Los pol\u00edticos Veracruz\" \/>\n<meta property=\"og:description\" content=\"Salvador Mu\u00f1oz Los Pol\u00edticos Tony Mac\u00edas Yazegey dej\u00f3 sus fanfarronadas para pasar al papel de v\u00edctima. Se dice acosado, hasta aduce tortura psicol\u00f3gica porque en la calle, personal de la PGR est\u00e1 latente, no a sus movimientos en s\u00ed, sino a la posibilidad de que su yerno inc\u00f3modo, el personaje por el que se ofrece [&hellip;]\" \/>\n<meta property=\"og:url\" content=\"https:\/\/lospoliticosveracruz.com\/?p=28053\" \/>\n<meta property=\"og:site_name\" content=\"Los pol\u00edticos Veracruz\" \/>\n<meta property=\"article:publisher\" content=\"https:\/\/www.facebook.com\/people\/Notimemes-de-los-Polticos\/61565672886568\/\" \/>\n<meta property=\"article:published_time\" content=\"2016-11-17T06:10:22+00:00\" \/>\n<meta property=\"og:image\" content=\"http:\/\/www.lospoliticosveracruz.com.mx\/wp-content\/uploads\/2016\/11\/Rodolfo-de-la-Guardia1.jpg\" \/>\n<meta name=\"author\" content=\"Lo viste en Los Pol\u00edticos\" \/>\n<meta name=\"twitter:card\" content=\"summary_large_image\" \/>\n<meta name=\"twitter:creator\" content=\"@LosPoliticosVer\" \/>\n<meta name=\"twitter:site\" content=\"@LosPoliticosVer\" \/>\n<meta name=\"twitter:label1\" content=\"Escrito por\" \/>\n\t<meta name=\"twitter:data1\" content=\"Lo viste en Los Pol\u00edticos\" \/>\n\t<meta name=\"twitter:label2\" content=\"Tiempo de lectura\" \/>\n\t<meta name=\"twitter:data2\" content=\"4 minutos\" \/>\n<script type=\"application\/ld+json\" class=\"yoast-schema-graph\">{\"@context\":\"https:\\\/\\\/schema.org\",\"@graph\":[{\"@type\":\"Article\",\"@id\":\"https:\\\/\\\/lospoliticosveracruz.com\\\/?p=28053#article\",\"isPartOf\":{\"@id\":\"https:\\\/\\\/lospoliticosveracruz.com\\\/?p=28053\"},\"author\":{\"name\":\"Lo viste en Los Pol\u00edticos\",\"@id\":\"https:\\\/\\\/lospoliticosveracruz.com\\\/#\\\/schema\\\/person\\\/b8702bb0e538456e6efd07080bf2a4a2\"},\"headline\":\"Tony Mac\u00edas, \u201cla v\u00edctima\u201d\",\"datePublished\":\"2016-11-17T06:10:22+00:00\",\"mainEntityOfPage\":{\"@id\":\"https:\\\/\\\/lospoliticosveracruz.com\\\/?p=28053\"},\"wordCount\":782,\"commentCount\":0,\"publisher\":{\"@id\":\"https:\\\/\\\/lospoliticosveracruz.com\\\/#organization\"},\"image\":{\"@id\":\"https:\\\/\\\/lospoliticosveracruz.com\\\/?p=28053#primaryimage\"},\"thumbnailUrl\":\"http:\\\/\\\/www.lospoliticosveracruz.com.mx\\\/wp-content\\\/uploads\\\/2016\\\/11\\\/Rodolfo-de-la-Guardia1.jpg\",\"keywords\":[\"Clementina Guerrero\",\"Karime Mac\u00edas Tubilla\",\"PGR\",\"Tony Mac\u00edas Yazegey\"],\"articleSection\":[\"De Opini\u00f3n\"],\"inLanguage\":\"es\",\"potentialAction\":[{\"@type\":\"CommentAction\",\"name\":\"Comment\",\"target\":[\"https:\\\/\\\/lospoliticosveracruz.com\\\/?p=28053#respond\"]}]},{\"@type\":\"WebPage\",\"@id\":\"https:\\\/\\\/lospoliticosveracruz.com\\\/?p=28053\",\"url\":\"https:\\\/\\\/lospoliticosveracruz.com\\\/?p=28053\",\"name\":\"Tony Mac\u00edas, \u201cla v\u00edctima\u201d - Los pol\u00edticos Veracruz\",\"isPartOf\":{\"@id\":\"https:\\\/\\\/lospoliticosveracruz.com\\\/#website\"},\"primaryImageOfPage\":{\"@id\":\"https:\\\/\\\/lospoliticosveracruz.com\\\/?p=28053#primaryimage\"},\"image\":{\"@id\":\"https:\\\/\\\/lospoliticosveracruz.com\\\/?p=28053#primaryimage\"},\"thumbnailUrl\":\"http:\\\/\\\/www.lospoliticosveracruz.com.mx\\\/wp-content\\\/uploads\\\/2016\\\/11\\\/Rodolfo-de-la-Guardia1.jpg\",\"datePublished\":\"2016-11-17T06:10:22+00:00\",\"breadcrumb\":{\"@id\":\"https:\\\/\\\/lospoliticosveracruz.com\\\/?p=28053#breadcrumb\"},\"inLanguage\":\"es\",\"potentialAction\":[{\"@type\":\"ReadAction\",\"target\":[\"https:\\\/\\\/lospoliticosveracruz.com\\\/?p=28053\"]}]},{\"@type\":\"ImageObject\",\"inLanguage\":\"es\",\"@id\":\"https:\\\/\\\/lospoliticosveracruz.com\\\/?p=28053#primaryimage\",\"url\":\"http:\\\/\\\/www.lospoliticosveracruz.com.mx\\\/wp-content\\\/uploads\\\/2016\\\/11\\\/Rodolfo-de-la-Guardia1.jpg\",\"contentUrl\":\"http:\\\/\\\/www.lospoliticosveracruz.com.mx\\\/wp-content\\\/uploads\\\/2016\\\/11\\\/Rodolfo-de-la-Guardia1.jpg\"},{\"@type\":\"BreadcrumbList\",\"@id\":\"https:\\\/\\\/lospoliticosveracruz.com\\\/?p=28053#breadcrumb\",\"itemListElement\":[{\"@type\":\"ListItem\",\"position\":1,\"name\":\"Portada\",\"item\":\"https:\\\/\\\/lospoliticosveracruz.com\\\/\"},{\"@type\":\"ListItem\",\"position\":2,\"name\":\"Tony Mac\u00edas, \u201cla v\u00edctima\u201d\"}]},{\"@type\":\"WebSite\",\"@id\":\"https:\\\/\\\/lospoliticosveracruz.com\\\/#website\",\"url\":\"https:\\\/\\\/lospoliticosveracruz.com\\\/\",\"name\":\"Los pol\u00edticos Veracruz\",\"description\":\"\",\"publisher\":{\"@id\":\"https:\\\/\\\/lospoliticosveracruz.com\\\/#organization\"},\"potentialAction\":[{\"@type\":\"SearchAction\",\"target\":{\"@type\":\"EntryPoint\",\"urlTemplate\":\"https:\\\/\\\/lospoliticosveracruz.com\\\/?s={search_term_string}\"},\"query-input\":{\"@type\":\"PropertyValueSpecification\",\"valueRequired\":true,\"valueName\":\"search_term_string\"}}],\"inLanguage\":\"es\"},{\"@type\":\"Organization\",\"@id\":\"https:\\\/\\\/lospoliticosveracruz.com\\\/#organization\",\"name\":\"Los pol\u00edticos Veracruz\",\"url\":\"https:\\\/\\\/lospoliticosveracruz.com\\\/\",\"logo\":{\"@type\":\"ImageObject\",\"inLanguage\":\"es\",\"@id\":\"https:\\\/\\\/lospoliticosveracruz.com\\\/#\\\/schema\\\/logo\\\/image\\\/\",\"url\":\"https:\\\/\\\/lospoliticosveracruz.com\\\/wp-content\\\/uploads\\\/2025\\\/12\\\/Logo-Nuevo-LOS-POLITICOS-1.jpg\",\"contentUrl\":\"https:\\\/\\\/lospoliticosveracruz.com\\\/wp-content\\\/uploads\\\/2025\\\/12\\\/Logo-Nuevo-LOS-POLITICOS-1.jpg\",\"width\":260,\"height\":70,\"caption\":\"Los pol\u00edticos Veracruz\"},\"image\":{\"@id\":\"https:\\\/\\\/lospoliticosveracruz.com\\\/#\\\/schema\\\/logo\\\/image\\\/\"},\"sameAs\":[\"https:\\\/\\\/www.facebook.com\\\/people\\\/Notimemes-de-los-Polticos\\\/61565672886568\\\/\",\"https:\\\/\\\/x.com\\\/LosPoliticosVer\"]},{\"@type\":\"Person\",\"@id\":\"https:\\\/\\\/lospoliticosveracruz.com\\\/#\\\/schema\\\/person\\\/b8702bb0e538456e6efd07080bf2a4a2\",\"name\":\"Lo viste en Los Pol\u00edticos\",\"image\":{\"@type\":\"ImageObject\",\"inLanguage\":\"es\",\"@id\":\"https:\\\/\\\/secure.gravatar.com\\\/avatar\\\/3a8de04a2656d44082be478bd6c086daa447c4651605818287b9532d3d0bd435?s=96&d=mm&r=g\",\"url\":\"https:\\\/\\\/secure.gravatar.com\\\/avatar\\\/3a8de04a2656d44082be478bd6c086daa447c4651605818287b9532d3d0bd435?s=96&d=mm&r=g\",\"contentUrl\":\"https:\\\/\\\/secure.gravatar.com\\\/avatar\\\/3a8de04a2656d44082be478bd6c086daa447c4651605818287b9532d3d0bd435?s=96&d=mm&r=g\",\"caption\":\"Lo viste en Los Pol\u00edticos\"},\"url\":\"https:\\\/\\\/lospoliticosveracruz.com\\\/?author=2\"}]}<\/script>\n<!-- \/ Yoast SEO plugin. -->","yoast_head_json":{"title":"Tony Mac\u00edas, \u201cla v\u00edctima\u201d - Los pol\u00edticos Veracruz","robots":{"index":"index","follow":"follow","max-snippet":"max-snippet:-1","max-image-preview":"max-image-preview:large","max-video-preview":"max-video-preview:-1"},"canonical":"https:\/\/lospoliticosveracruz.com\/?p=28053","og_locale":"es_ES","og_type":"article","og_title":"Tony Mac\u00edas, \u201cla v\u00edctima\u201d - Los pol\u00edticos Veracruz","og_description":"Salvador Mu\u00f1oz Los Pol\u00edticos Tony Mac\u00edas Yazegey dej\u00f3 sus fanfarronadas para pasar al papel de v\u00edctima. Se dice acosado, hasta aduce tortura psicol\u00f3gica porque en la calle, personal de la PGR est\u00e1 latente, no a sus movimientos en s\u00ed, sino a la posibilidad de que su yerno inc\u00f3modo, el personaje por el que se ofrece [&hellip;]","og_url":"https:\/\/lospoliticosveracruz.com\/?p=28053","og_site_name":"Los pol\u00edticos Veracruz","article_publisher":"https:\/\/www.facebook.com\/people\/Notimemes-de-los-Polticos\/61565672886568\/","article_published_time":"2016-11-17T06:10:22+00:00","og_image":[{"url":"http:\/\/www.lospoliticosveracruz.com.mx\/wp-content\/uploads\/2016\/11\/Rodolfo-de-la-Guardia1.jpg","type":"","width":"","height":""}],"author":"Lo viste en Los Pol\u00edticos","twitter_card":"summary_large_image","twitter_creator":"@LosPoliticosVer","twitter_site":"@LosPoliticosVer","twitter_misc":{"Escrito por":"Lo viste en Los Pol\u00edticos","Tiempo de lectura":"4 minutos"},"schema":{"@context":"https:\/\/schema.org","@graph":[{"@type":"Article","@id":"https:\/\/lospoliticosveracruz.com\/?p=28053#article","isPartOf":{"@id":"https:\/\/lospoliticosveracruz.com\/?p=28053"},"author":{"name":"Lo viste en Los Pol\u00edticos","@id":"https:\/\/lospoliticosveracruz.com\/#\/schema\/person\/b8702bb0e538456e6efd07080bf2a4a2"},"headline":"Tony Mac\u00edas, \u201cla v\u00edctima\u201d","datePublished":"2016-11-17T06:10:22+00:00","mainEntityOfPage":{"@id":"https:\/\/lospoliticosveracruz.com\/?p=28053"},"wordCount":782,"commentCount":0,"publisher":{"@id":"https:\/\/lospoliticosveracruz.com\/#organization"},"image":{"@id":"https:\/\/lospoliticosveracruz.com\/?p=28053#primaryimage"},"thumbnailUrl":"http:\/\/www.lospoliticosveracruz.com.mx\/wp-content\/uploads\/2016\/11\/Rodolfo-de-la-Guardia1.jpg","keywords":["Clementina Guerrero","Karime Mac\u00edas Tubilla","PGR","Tony Mac\u00edas Yazegey"],"articleSection":["De Opini\u00f3n"],"inLanguage":"es","potentialAction":[{"@type":"CommentAction","name":"Comment","target":["https:\/\/lospoliticosveracruz.com\/?p=28053#respond"]}]},{"@type":"WebPage","@id":"https:\/\/lospoliticosveracruz.com\/?p=28053","url":"https:\/\/lospoliticosveracruz.com\/?p=28053","name":"Tony Mac\u00edas, \u201cla v\u00edctima\u201d - Los pol\u00edticos Veracruz","isPartOf":{"@id":"https:\/\/lospoliticosveracruz.com\/#website"},"primaryImageOfPage":{"@id":"https:\/\/lospoliticosveracruz.com\/?p=28053#primaryimage"},"image":{"@id":"https:\/\/lospoliticosveracruz.com\/?p=28053#primaryimage"},"thumbnailUrl":"http:\/\/www.lospoliticosveracruz.com.mx\/wp-content\/uploads\/2016\/11\/Rodolfo-de-la-Guardia1.jpg","datePublished":"2016-11-17T06:10:22+00:00","breadcrumb":{"@id":"https:\/\/lospoliticosveracruz.com\/?p=28053#breadcrumb"},"inLanguage":"es","potentialAction":[{"@type":"ReadAction","target":["https:\/\/lospoliticosveracruz.com\/?p=28053"]}]},{"@type":"ImageObject","inLanguage":"es","@id":"https:\/\/lospoliticosveracruz.com\/?p=28053#primaryimage","url":"http:\/\/www.lospoliticosveracruz.com.mx\/wp-content\/uploads\/2016\/11\/Rodolfo-de-la-Guardia1.jpg","contentUrl":"http:\/\/www.lospoliticosveracruz.com.mx\/wp-content\/uploads\/2016\/11\/Rodolfo-de-la-Guardia1.jpg"},{"@type":"BreadcrumbList","@id":"https:\/\/lospoliticosveracruz.com\/?p=28053#breadcrumb","itemListElement":[{"@type":"ListItem","position":1,"name":"Portada","item":"https:\/\/lospoliticosveracruz.com\/"},{"@type":"ListItem","position":2,"name":"Tony Mac\u00edas, \u201cla v\u00edctima\u201d"}]},{"@type":"WebSite","@id":"https:\/\/lospoliticosveracruz.com\/#website","url":"https:\/\/lospoliticosveracruz.com\/","name":"Los pol\u00edticos Veracruz","description":"","publisher":{"@id":"https:\/\/lospoliticosveracruz.com\/#organization"},"potentialAction":[{"@type":"SearchAction","target":{"@type":"EntryPoint","urlTemplate":"https:\/\/lospoliticosveracruz.com\/?s={search_term_string}"},"query-input":{"@type":"PropertyValueSpecification","valueRequired":true,"valueName":"search_term_string"}}],"inLanguage":"es"},{"@type":"Organization","@id":"https:\/\/lospoliticosveracruz.com\/#organization","name":"Los pol\u00edticos Veracruz","url":"https:\/\/lospoliticosveracruz.com\/","logo":{"@type":"ImageObject","inLanguage":"es","@id":"https:\/\/lospoliticosveracruz.com\/#\/schema\/logo\/image\/","url":"https:\/\/lospoliticosveracruz.com\/wp-content\/uploads\/2025\/12\/Logo-Nuevo-LOS-POLITICOS-1.jpg","contentUrl":"https:\/\/lospoliticosveracruz.com\/wp-content\/uploads\/2025\/12\/Logo-Nuevo-LOS-POLITICOS-1.jpg","width":260,"height":70,"caption":"Los pol\u00edticos Veracruz"},"image":{"@id":"https:\/\/lospoliticosveracruz.com\/#\/schema\/logo\/image\/"},"sameAs":["https:\/\/www.facebook.com\/people\/Notimemes-de-los-Polticos\/61565672886568\/","https:\/\/x.com\/LosPoliticosVer"]},{"@type":"Person","@id":"https:\/\/lospoliticosveracruz.com\/#\/schema\/person\/b8702bb0e538456e6efd07080bf2a4a2","name":"Lo viste en Los Pol\u00edticos","image":{"@type":"ImageObject","inLanguage":"es","@id":"https:\/\/secure.gravatar.com\/avatar\/3a8de04a2656d44082be478bd6c086daa447c4651605818287b9532d3d0bd435?s=96&d=mm&r=g","url":"https:\/\/secure.gravatar.com\/avatar\/3a8de04a2656d44082be478bd6c086daa447c4651605818287b9532d3d0bd435?s=96&d=mm&r=g","contentUrl":"https:\/\/secure.gravatar.com\/avatar\/3a8de04a2656d44082be478bd6c086daa447c4651605818287b9532d3d0bd435?s=96&d=mm&r=g","caption":"Lo viste en Los Pol\u00edticos"},"url":"https:\/\/lospoliticosveracruz.com\/?author=2"}]}},"_links":{"self":[{"href":"https:\/\/lospoliticosveracruz.com\/index.php?rest_route=\/wp\/v2\/posts\/28053","targetHints":{"allow":["GET"]}}],"collection":[{"href":"https:\/\/lospoliticosveracruz.com\/index.php?rest_route=\/wp\/v2\/posts"}],"about":[{"href":"https:\/\/lospoliticosveracruz.com\/index.php?rest_route=\/wp\/v2\/types\/post"}],"author":[{"embeddable":true,"href":"https:\/\/lospoliticosveracruz.com\/index.php?rest_route=\/wp\/v2\/users\/2"}],"replies":[{"embeddable":true,"href":"https:\/\/lospoliticosveracruz.com\/index.php?rest_route=%2Fwp%2Fv2%2Fcomments&post=28053"}],"version-history":[{"count":2,"href":"https:\/\/lospoliticosveracruz.com\/index.php?rest_route=\/wp\/v2\/posts\/28053\/revisions"}],"predecessor-version":[{"id":28062,"href":"https:\/\/lospoliticosveracruz.com\/index.php?rest_route=\/wp\/v2\/posts\/28053\/revisions\/28062"}],"wp:attachment":[{"href":"https:\/\/lospoliticosveracruz.com\/index.php?rest_route=%2Fwp%2Fv2%2Fmedia&parent=28053"}],"wp:term":[{"taxonomy":"category","embeddable":true,"href":"https:\/\/lospoliticosveracruz.com\/index.php?rest_route=%2Fwp%2Fv2%2Fcategories&post=28053"},{"taxonomy":"post_tag","embeddable":true,"href":"https:\/\/lospoliticosveracruz.com\/index.php?rest_route=%2Fwp%2Fv2%2Ftags&post=28053"}],"curies":[{"name":"wp","href":"https:\/\/api.w.org\/{rel}","templated":true}]}}