{"id":28063,"date":"2016-11-17T08:32:49","date_gmt":"2016-11-17T14:32:49","guid":{"rendered":"http:\/\/www.lospoliticosveracruz.com.mx\/?p=28063"},"modified":"2016-11-17T08:32:49","modified_gmt":"2016-11-17T14:32:49","slug":"veracruz-pesima-calificacion-crediticia","status":"publish","type":"post","link":"https:\/\/lospoliticosveracruz.com\/?p=28063","title":{"rendered":"Veracruz, p\u00e9sima calificaci\u00f3n crediticia"},"content":{"rendered":"<p>&nbsp;<\/p>\n<p><strong>Luis Alberto Romero<\/strong><\/p>\n<p><em>Hora Cero<\/em><\/p>\n<p>Entre tantos problemas, deudas, esc\u00e1ndalos de corrupci\u00f3n, denuncias y manifestaciones que se relacionan con la administraci\u00f3n estatal, pr\u00e1cticamente pas\u00f3 inadvertida la noticia sobre una reducci\u00f3n en la calificaci\u00f3n crediticia del gobierno veracruzano.<\/p>\n<p>La enorme deuda p\u00fablica, los pasivos, la desproporci\u00f3n entre ingresos y egresos y la opacidad con que se han manejado las finanzas estatales provocaron que la calificadora Fitch Ratings redujera, una vez m\u00e1s, la calificaci\u00f3n de Veracruz, con el argumento del deterioro en la liquidez y de las pr\u00e1cticas administrativas d\u00e9biles.<\/p>\n<p>Incluso, el tema de los atrasos en la entrega de las participaciones federales a los municipios y las comprensibles protestas de los alcaldes fueron factores en dicho anuncio de Fitch Ratings, que ubic\u00f3 la calificaci\u00f3n crediticia de Veracruz en observaci\u00f3n negativa.<\/p>\n<p>La medida, de acuerdo con la calificadora, \u201crefleja el nuevo deterioro en su posici\u00f3n de liquidez, derivada de un incremento s\u00fabito en su pasivo circulante, as\u00ed como pr\u00e1cticas administrativas d\u00e9biles que se reflejan en atrasos en la entrega de los fondos del Ramo 28 y Ramo 33 a sus municipios, en combinaci\u00f3n con inconsistencias en los registros contables\u201d.<\/p>\n<p>De igual manera, Fitch Ratings ubic\u00f3 en una mala posici\u00f3n a la entidad en cuanto a los financiamientos bancarios y las emisiones burs\u00e1tiles que integran la deuda veracruzana.<\/p>\n<p>El tema de la reducci\u00f3n en la calificaci\u00f3n del gobierno veracruzano est\u00e1 muy lejos de ser novedad; al contrario, ha sido una constante en los \u00faltimos a\u00f1os y particularmente a partir de que comenzaran las denuncias por los desv\u00edos de recursos y por las irregularidades en la administraci\u00f3n.<\/p>\n<p>En julio, por ejemplo, la agencia de calificaci\u00f3n de riesgo Moody\u2019s tambi\u00e9n baj\u00f3 la calificaci\u00f3n crediticia del gobierno de Veracruz.<\/p>\n<p>Esa mala nota otorgada por Moody\u2019s se registr\u00f3 poco tiempo despu\u00e9s de la acci\u00f3n de inconstitucionalidad promovida, el 11 de julio, por la Procuradur\u00eda General de la Rep\u00fablica contra el gobierno estatal por el blindaje que pretend\u00eda realizar el exgobernador Javier Duarte.<\/p>\n<p>De igual manera, Moody\u2019s apunt\u00f3, en el documento emitido al respecto, que \u201cLa revisi\u00f3n para posible baja adicional de las calificaciones de emisor del estado refleja la falta de visibilidad alrededor de la posici\u00f3n financiera actual de Veracruz y su nivel de deuda bancaria de corto plazo quirografaria [de pagar\u00e9s]\u201d. Dicha calificadora tambi\u00e9n redujo la nota de deuda de 12 cr\u00e9ditos del gobierno de la Entidad con Banobras, Banamex, Inbursa, BanBaj\u00edo, Multiva, Santander, Interacciones y Banorte, mismos que estaban respaldados por las participaciones.<\/p>\n<p>Poco despu\u00e9s, casi al finalizar agosto del presente a\u00f1o, Fitch Ratings volvi\u00f3 a lanzar una voz de alerta sobre el tema de las finanzas estatales, al considerar que \u201cla inconsistencia y falta de credibilidad en la informaci\u00f3n financiera, a\u00fan cuando es auditada por un despacho externo, a\u00f1aden incertidumbre al desempe\u00f1o financiero, debilitado significativamente al cierre de 2015\u201d.<\/p>\n<p><strong>En 3 meses se triplic\u00f3 la deuda a corto plazo<\/strong><\/p>\n<p>Pues bien, como consecuencia de la \u00faltima revisi\u00f3n de Fitch Ratings sobre las finanzas veracruzanas, la calificadora emiti\u00f3 un comunicado en el que explica los motivos para la nueva reducci\u00f3n en la calificaci\u00f3n crediticia de Veracruz.<\/p>\n<p>Los datos no podr\u00edan ser m\u00e1s desalentadores: el comunicado emitido por dicha corporaci\u00f3n financiera establece que \u201cla observaci\u00f3n negativa en la calidad crediticia evidencia la probabilidad alta de recurrir al uso de cr\u00e9ditos bancarios de corto plazo derivada de las m\u00e9tricas de liquidez muy d\u00e9biles en combinaci\u00f3n con un pasivo circulante muy elevado.<\/p>\n<p>El pasivo circulante (PC) es la deuda que implica obligaciones a corto plazo y en ese rubro, la calificadora apunt\u00f3 que \u201cal 30 de septiembre de 2016, el Estado registr\u00f3 un PC de MXN46,398 millones. Esto refleja un crecimiento de 2.64x respecto a junio de 2016 y de 3.60x respecto al cierre 2015\u201d.<\/p>\n<p>Agrega: \u201clo anterior, comparado con el nivel registrado durante el mismo per\u00edodo de 2015 (MXN3,469 millones) tuvo un incremento s\u00fabito que, de acuerdo con informaci\u00f3n de la Secretar\u00eda de Finanzas y Planeaci\u00f3n del Estado, se explica por la validaci\u00f3n y depuraci\u00f3n de las cuentas de orden. Por su parte, en el estado de posici\u00f3n financiera se registra bajo el activo no circulante como \u201cotras cuentas bancarias por aclarar con cargo de la Tesorer\u00eda\u201d por un monto de MXN31,942 millones. En opini\u00f3n de Fitch, la inconsistencia y falta de credibilidad en la informaci\u00f3n financiera contin\u00faan presionando el riesgo crediticio del estado de Veracruz\u201d.<\/p>\n<p>Lo peor, en cuanto a la calificaci\u00f3n crediticia para la Entidad, est\u00e1 por venir, porque el pasivo circulante del gobierno de Veracruz se dispar\u00f3 de forma alarmante en el \u00faltimo a\u00f1o.<\/p>\n<p>Un dato: en junio del presente a\u00f1o, el PC de Veracruz era de 17 mil 542 millones de pesos; tres meses despu\u00e9s, la cifra casi se triplic\u00f3, al ubicarse en 46 mil 398 millones.<\/p>\n<p>A todo ello se debe la queja del gobernador electo, Miguel \u00c1ngel Yunes, quien ha declarado que recibir\u00e1 una administraci\u00f3n en quiebra y que es necesario un rescate financiero de la Entidad, por parte de la Federaci\u00f3n. @luisromero85<\/p>\n","protected":false},"excerpt":{"rendered":"<p>&nbsp; Luis Alberto Romero Hora Cero Entre tantos problemas, deudas, esc\u00e1ndalos de corrupci\u00f3n, denuncias y manifestaciones que se relacionan con la administraci\u00f3n estatal, pr\u00e1cticamente pas\u00f3 inadvertida la noticia sobre una reducci\u00f3n en la calificaci\u00f3n crediticia del gobierno veracruzano. La enorme deuda p\u00fablica, los pasivos, la desproporci\u00f3n entre ingresos y egresos y la opacidad con que [&hellip;]<\/p>\n","protected":false},"author":2,"featured_media":0,"comment_status":"open","ping_status":"open","sticky":false,"template":"","format":"standard","meta":{"tdm_status":"","tdm_grid_status":"","footnotes":""},"categories":[70],"tags":[1248,338,195],"class_list":{"0":"post-28063","1":"post","2":"type-post","3":"status-publish","4":"format-standard","6":"category-de-opinion","7":"tag-deuda-publica","8":"tag-fitch-ratings","9":"tag-veracruz"},"yoast_head":"<!-- This site is optimized with the Yoast SEO plugin v27.4 - https:\/\/yoast.com\/product\/yoast-seo-wordpress\/ -->\n<title>Veracruz, p\u00e9sima calificaci\u00f3n crediticia - Los pol\u00edticos Veracruz<\/title>\n<meta name=\"robots\" content=\"index, follow, max-snippet:-1, max-image-preview:large, max-video-preview:-1\" \/>\n<link rel=\"canonical\" href=\"https:\/\/lospoliticosveracruz.com\/?p=28063\" \/>\n<meta property=\"og:locale\" content=\"es_ES\" \/>\n<meta property=\"og:type\" content=\"article\" \/>\n<meta property=\"og:title\" content=\"Veracruz, p\u00e9sima calificaci\u00f3n crediticia - Los pol\u00edticos Veracruz\" \/>\n<meta property=\"og:description\" content=\"&nbsp; Luis Alberto Romero Hora Cero Entre tantos problemas, deudas, esc\u00e1ndalos de corrupci\u00f3n, denuncias y manifestaciones que se relacionan con la administraci\u00f3n estatal, pr\u00e1cticamente pas\u00f3 inadvertida la noticia sobre una reducci\u00f3n en la calificaci\u00f3n crediticia del gobierno veracruzano. La enorme deuda p\u00fablica, los pasivos, la desproporci\u00f3n entre ingresos y egresos y la opacidad con que [&hellip;]\" \/>\n<meta property=\"og:url\" content=\"https:\/\/lospoliticosveracruz.com\/?p=28063\" \/>\n<meta property=\"og:site_name\" content=\"Los pol\u00edticos Veracruz\" \/>\n<meta property=\"article:publisher\" content=\"https:\/\/www.facebook.com\/people\/Notimemes-de-los-Polticos\/61565672886568\/\" \/>\n<meta property=\"article:published_time\" content=\"2016-11-17T14:32:49+00:00\" \/>\n<meta property=\"og:image\" content=\"https:\/\/lospoliticosveracruz.com\/wp-content\/uploads\/2016\/07\/Logo-Dor.jpg\" \/>\n\t<meta property=\"og:image:width\" content=\"200\" \/>\n\t<meta property=\"og:image:height\" content=\"200\" \/>\n\t<meta property=\"og:image:type\" content=\"image\/jpeg\" \/>\n<meta name=\"author\" content=\"Lo viste en Los Pol\u00edticos\" \/>\n<meta name=\"twitter:card\" content=\"summary_large_image\" \/>\n<meta name=\"twitter:creator\" content=\"@LosPoliticosVer\" \/>\n<meta name=\"twitter:site\" content=\"@LosPoliticosVer\" \/>\n<meta name=\"twitter:label1\" content=\"Escrito por\" \/>\n\t<meta name=\"twitter:data1\" content=\"Lo viste en Los Pol\u00edticos\" \/>\n\t<meta name=\"twitter:label2\" content=\"Tiempo de lectura\" \/>\n\t<meta name=\"twitter:data2\" content=\"4 minutos\" \/>\n<script type=\"application\/ld+json\" class=\"yoast-schema-graph\">{\"@context\":\"https:\\\/\\\/schema.org\",\"@graph\":[{\"@type\":\"Article\",\"@id\":\"https:\\\/\\\/lospoliticosveracruz.com\\\/?p=28063#article\",\"isPartOf\":{\"@id\":\"https:\\\/\\\/lospoliticosveracruz.com\\\/?p=28063\"},\"author\":{\"name\":\"Lo viste en Los Pol\u00edticos\",\"@id\":\"https:\\\/\\\/lospoliticosveracruz.com\\\/#\\\/schema\\\/person\\\/b8702bb0e538456e6efd07080bf2a4a2\"},\"headline\":\"Veracruz, p\u00e9sima calificaci\u00f3n crediticia\",\"datePublished\":\"2016-11-17T14:32:49+00:00\",\"mainEntityOfPage\":{\"@id\":\"https:\\\/\\\/lospoliticosveracruz.com\\\/?p=28063\"},\"wordCount\":892,\"commentCount\":0,\"publisher\":{\"@id\":\"https:\\\/\\\/lospoliticosveracruz.com\\\/#organization\"},\"keywords\":[\"deuda p\u00fablica\",\"Fitch Ratings\",\"Veracruz\"],\"articleSection\":[\"De Opini\u00f3n\"],\"inLanguage\":\"es\",\"potentialAction\":[{\"@type\":\"CommentAction\",\"name\":\"Comment\",\"target\":[\"https:\\\/\\\/lospoliticosveracruz.com\\\/?p=28063#respond\"]}]},{\"@type\":\"WebPage\",\"@id\":\"https:\\\/\\\/lospoliticosveracruz.com\\\/?p=28063\",\"url\":\"https:\\\/\\\/lospoliticosveracruz.com\\\/?p=28063\",\"name\":\"Veracruz, p\u00e9sima calificaci\u00f3n crediticia - Los pol\u00edticos Veracruz\",\"isPartOf\":{\"@id\":\"https:\\\/\\\/lospoliticosveracruz.com\\\/#website\"},\"datePublished\":\"2016-11-17T14:32:49+00:00\",\"breadcrumb\":{\"@id\":\"https:\\\/\\\/lospoliticosveracruz.com\\\/?p=28063#breadcrumb\"},\"inLanguage\":\"es\",\"potentialAction\":[{\"@type\":\"ReadAction\",\"target\":[\"https:\\\/\\\/lospoliticosveracruz.com\\\/?p=28063\"]}]},{\"@type\":\"BreadcrumbList\",\"@id\":\"https:\\\/\\\/lospoliticosveracruz.com\\\/?p=28063#breadcrumb\",\"itemListElement\":[{\"@type\":\"ListItem\",\"position\":1,\"name\":\"Portada\",\"item\":\"https:\\\/\\\/lospoliticosveracruz.com\\\/\"},{\"@type\":\"ListItem\",\"position\":2,\"name\":\"Veracruz, p\u00e9sima calificaci\u00f3n crediticia\"}]},{\"@type\":\"WebSite\",\"@id\":\"https:\\\/\\\/lospoliticosveracruz.com\\\/#website\",\"url\":\"https:\\\/\\\/lospoliticosveracruz.com\\\/\",\"name\":\"Los pol\u00edticos Veracruz\",\"description\":\"\",\"publisher\":{\"@id\":\"https:\\\/\\\/lospoliticosveracruz.com\\\/#organization\"},\"potentialAction\":[{\"@type\":\"SearchAction\",\"target\":{\"@type\":\"EntryPoint\",\"urlTemplate\":\"https:\\\/\\\/lospoliticosveracruz.com\\\/?s={search_term_string}\"},\"query-input\":{\"@type\":\"PropertyValueSpecification\",\"valueRequired\":true,\"valueName\":\"search_term_string\"}}],\"inLanguage\":\"es\"},{\"@type\":\"Organization\",\"@id\":\"https:\\\/\\\/lospoliticosveracruz.com\\\/#organization\",\"name\":\"Los pol\u00edticos Veracruz\",\"url\":\"https:\\\/\\\/lospoliticosveracruz.com\\\/\",\"logo\":{\"@type\":\"ImageObject\",\"inLanguage\":\"es\",\"@id\":\"https:\\\/\\\/lospoliticosveracruz.com\\\/#\\\/schema\\\/logo\\\/image\\\/\",\"url\":\"https:\\\/\\\/lospoliticosveracruz.com\\\/wp-content\\\/uploads\\\/2025\\\/12\\\/Logo-Nuevo-LOS-POLITICOS-1.jpg\",\"contentUrl\":\"https:\\\/\\\/lospoliticosveracruz.com\\\/wp-content\\\/uploads\\\/2025\\\/12\\\/Logo-Nuevo-LOS-POLITICOS-1.jpg\",\"width\":260,\"height\":70,\"caption\":\"Los pol\u00edticos Veracruz\"},\"image\":{\"@id\":\"https:\\\/\\\/lospoliticosveracruz.com\\\/#\\\/schema\\\/logo\\\/image\\\/\"},\"sameAs\":[\"https:\\\/\\\/www.facebook.com\\\/people\\\/Notimemes-de-los-Polticos\\\/61565672886568\\\/\",\"https:\\\/\\\/x.com\\\/LosPoliticosVer\"]},{\"@type\":\"Person\",\"@id\":\"https:\\\/\\\/lospoliticosveracruz.com\\\/#\\\/schema\\\/person\\\/b8702bb0e538456e6efd07080bf2a4a2\",\"name\":\"Lo viste en Los Pol\u00edticos\",\"image\":{\"@type\":\"ImageObject\",\"inLanguage\":\"es\",\"@id\":\"https:\\\/\\\/secure.gravatar.com\\\/avatar\\\/3a8de04a2656d44082be478bd6c086daa447c4651605818287b9532d3d0bd435?s=96&d=mm&r=g\",\"url\":\"https:\\\/\\\/secure.gravatar.com\\\/avatar\\\/3a8de04a2656d44082be478bd6c086daa447c4651605818287b9532d3d0bd435?s=96&d=mm&r=g\",\"contentUrl\":\"https:\\\/\\\/secure.gravatar.com\\\/avatar\\\/3a8de04a2656d44082be478bd6c086daa447c4651605818287b9532d3d0bd435?s=96&d=mm&r=g\",\"caption\":\"Lo viste en Los Pol\u00edticos\"},\"url\":\"https:\\\/\\\/lospoliticosveracruz.com\\\/?author=2\"}]}<\/script>\n<!-- \/ Yoast SEO plugin. -->","yoast_head_json":{"title":"Veracruz, p\u00e9sima calificaci\u00f3n crediticia - Los pol\u00edticos Veracruz","robots":{"index":"index","follow":"follow","max-snippet":"max-snippet:-1","max-image-preview":"max-image-preview:large","max-video-preview":"max-video-preview:-1"},"canonical":"https:\/\/lospoliticosveracruz.com\/?p=28063","og_locale":"es_ES","og_type":"article","og_title":"Veracruz, p\u00e9sima calificaci\u00f3n crediticia - Los pol\u00edticos Veracruz","og_description":"&nbsp; Luis Alberto Romero Hora Cero Entre tantos problemas, deudas, esc\u00e1ndalos de corrupci\u00f3n, denuncias y manifestaciones que se relacionan con la administraci\u00f3n estatal, pr\u00e1cticamente pas\u00f3 inadvertida la noticia sobre una reducci\u00f3n en la calificaci\u00f3n crediticia del gobierno veracruzano. La enorme deuda p\u00fablica, los pasivos, la desproporci\u00f3n entre ingresos y egresos y la opacidad con que [&hellip;]","og_url":"https:\/\/lospoliticosveracruz.com\/?p=28063","og_site_name":"Los pol\u00edticos Veracruz","article_publisher":"https:\/\/www.facebook.com\/people\/Notimemes-de-los-Polticos\/61565672886568\/","article_published_time":"2016-11-17T14:32:49+00:00","og_image":[{"width":200,"height":200,"url":"https:\/\/lospoliticosveracruz.com\/wp-content\/uploads\/2016\/07\/Logo-Dor.jpg","type":"image\/jpeg"}],"author":"Lo viste en Los Pol\u00edticos","twitter_card":"summary_large_image","twitter_creator":"@LosPoliticosVer","twitter_site":"@LosPoliticosVer","twitter_misc":{"Escrito por":"Lo viste en Los Pol\u00edticos","Tiempo de lectura":"4 minutos"},"schema":{"@context":"https:\/\/schema.org","@graph":[{"@type":"Article","@id":"https:\/\/lospoliticosveracruz.com\/?p=28063#article","isPartOf":{"@id":"https:\/\/lospoliticosveracruz.com\/?p=28063"},"author":{"name":"Lo viste en Los Pol\u00edticos","@id":"https:\/\/lospoliticosveracruz.com\/#\/schema\/person\/b8702bb0e538456e6efd07080bf2a4a2"},"headline":"Veracruz, p\u00e9sima calificaci\u00f3n crediticia","datePublished":"2016-11-17T14:32:49+00:00","mainEntityOfPage":{"@id":"https:\/\/lospoliticosveracruz.com\/?p=28063"},"wordCount":892,"commentCount":0,"publisher":{"@id":"https:\/\/lospoliticosveracruz.com\/#organization"},"keywords":["deuda p\u00fablica","Fitch Ratings","Veracruz"],"articleSection":["De Opini\u00f3n"],"inLanguage":"es","potentialAction":[{"@type":"CommentAction","name":"Comment","target":["https:\/\/lospoliticosveracruz.com\/?p=28063#respond"]}]},{"@type":"WebPage","@id":"https:\/\/lospoliticosveracruz.com\/?p=28063","url":"https:\/\/lospoliticosveracruz.com\/?p=28063","name":"Veracruz, p\u00e9sima calificaci\u00f3n crediticia - Los pol\u00edticos Veracruz","isPartOf":{"@id":"https:\/\/lospoliticosveracruz.com\/#website"},"datePublished":"2016-11-17T14:32:49+00:00","breadcrumb":{"@id":"https:\/\/lospoliticosveracruz.com\/?p=28063#breadcrumb"},"inLanguage":"es","potentialAction":[{"@type":"ReadAction","target":["https:\/\/lospoliticosveracruz.com\/?p=28063"]}]},{"@type":"BreadcrumbList","@id":"https:\/\/lospoliticosveracruz.com\/?p=28063#breadcrumb","itemListElement":[{"@type":"ListItem","position":1,"name":"Portada","item":"https:\/\/lospoliticosveracruz.com\/"},{"@type":"ListItem","position":2,"name":"Veracruz, p\u00e9sima calificaci\u00f3n crediticia"}]},{"@type":"WebSite","@id":"https:\/\/lospoliticosveracruz.com\/#website","url":"https:\/\/lospoliticosveracruz.com\/","name":"Los pol\u00edticos Veracruz","description":"","publisher":{"@id":"https:\/\/lospoliticosveracruz.com\/#organization"},"potentialAction":[{"@type":"SearchAction","target":{"@type":"EntryPoint","urlTemplate":"https:\/\/lospoliticosveracruz.com\/?s={search_term_string}"},"query-input":{"@type":"PropertyValueSpecification","valueRequired":true,"valueName":"search_term_string"}}],"inLanguage":"es"},{"@type":"Organization","@id":"https:\/\/lospoliticosveracruz.com\/#organization","name":"Los pol\u00edticos Veracruz","url":"https:\/\/lospoliticosveracruz.com\/","logo":{"@type":"ImageObject","inLanguage":"es","@id":"https:\/\/lospoliticosveracruz.com\/#\/schema\/logo\/image\/","url":"https:\/\/lospoliticosveracruz.com\/wp-content\/uploads\/2025\/12\/Logo-Nuevo-LOS-POLITICOS-1.jpg","contentUrl":"https:\/\/lospoliticosveracruz.com\/wp-content\/uploads\/2025\/12\/Logo-Nuevo-LOS-POLITICOS-1.jpg","width":260,"height":70,"caption":"Los pol\u00edticos Veracruz"},"image":{"@id":"https:\/\/lospoliticosveracruz.com\/#\/schema\/logo\/image\/"},"sameAs":["https:\/\/www.facebook.com\/people\/Notimemes-de-los-Polticos\/61565672886568\/","https:\/\/x.com\/LosPoliticosVer"]},{"@type":"Person","@id":"https:\/\/lospoliticosveracruz.com\/#\/schema\/person\/b8702bb0e538456e6efd07080bf2a4a2","name":"Lo viste en Los Pol\u00edticos","image":{"@type":"ImageObject","inLanguage":"es","@id":"https:\/\/secure.gravatar.com\/avatar\/3a8de04a2656d44082be478bd6c086daa447c4651605818287b9532d3d0bd435?s=96&d=mm&r=g","url":"https:\/\/secure.gravatar.com\/avatar\/3a8de04a2656d44082be478bd6c086daa447c4651605818287b9532d3d0bd435?s=96&d=mm&r=g","contentUrl":"https:\/\/secure.gravatar.com\/avatar\/3a8de04a2656d44082be478bd6c086daa447c4651605818287b9532d3d0bd435?s=96&d=mm&r=g","caption":"Lo viste en Los Pol\u00edticos"},"url":"https:\/\/lospoliticosveracruz.com\/?author=2"}]}},"_links":{"self":[{"href":"https:\/\/lospoliticosveracruz.com\/index.php?rest_route=\/wp\/v2\/posts\/28063","targetHints":{"allow":["GET"]}}],"collection":[{"href":"https:\/\/lospoliticosveracruz.com\/index.php?rest_route=\/wp\/v2\/posts"}],"about":[{"href":"https:\/\/lospoliticosveracruz.com\/index.php?rest_route=\/wp\/v2\/types\/post"}],"author":[{"embeddable":true,"href":"https:\/\/lospoliticosveracruz.com\/index.php?rest_route=\/wp\/v2\/users\/2"}],"replies":[{"embeddable":true,"href":"https:\/\/lospoliticosveracruz.com\/index.php?rest_route=%2Fwp%2Fv2%2Fcomments&post=28063"}],"version-history":[{"count":1,"href":"https:\/\/lospoliticosveracruz.com\/index.php?rest_route=\/wp\/v2\/posts\/28063\/revisions"}],"predecessor-version":[{"id":28064,"href":"https:\/\/lospoliticosveracruz.com\/index.php?rest_route=\/wp\/v2\/posts\/28063\/revisions\/28064"}],"wp:attachment":[{"href":"https:\/\/lospoliticosveracruz.com\/index.php?rest_route=%2Fwp%2Fv2%2Fmedia&parent=28063"}],"wp:term":[{"taxonomy":"category","embeddable":true,"href":"https:\/\/lospoliticosveracruz.com\/index.php?rest_route=%2Fwp%2Fv2%2Fcategories&post=28063"},{"taxonomy":"post_tag","embeddable":true,"href":"https:\/\/lospoliticosveracruz.com\/index.php?rest_route=%2Fwp%2Fv2%2Ftags&post=28063"}],"curies":[{"name":"wp","href":"https:\/\/api.w.org\/{rel}","templated":true}]}}