{"id":28103,"date":"2016-11-18T08:13:51","date_gmt":"2016-11-18T14:13:51","guid":{"rendered":"http:\/\/www.lospoliticosveracruz.com.mx\/?p=28103"},"modified":"2016-11-18T08:13:51","modified_gmt":"2016-11-18T14:13:51","slug":"fuero-de-maternidad","status":"publish","type":"post","link":"https:\/\/lospoliticosveracruz.com\/?p=28103","title":{"rendered":"\u00bfFuero de maternidad?"},"content":{"rendered":"<p align=\"JUSTIFY\"><strong>Naldy Rodr\u00edguez<\/strong><\/p>\n<p align=\"JUSTIFY\"><em>Transparencia 3.0<\/em><\/p>\n<p align=\"JUSTIFY\">Cuando te conviertes en madre es un momento \u00fanico, especial y memorable, al menos para la mayor\u00eda de las mujeres, pero para algunas representa un martirio, una de las peores etapas de su vida. No exagero.<\/p>\n<p align=\"JUSTIFY\">Griselda Herrera L\u00f3pez asegura que su \u00faltimo embarazo (hace cuatro a\u00f1os) lo vivi\u00f3 entre amenazas de aborto y el acoso constante en el \u00e1mbito laboral. Justo cuando se sent\u00eda m\u00e1s d\u00e9bil. Y yo le agregar\u00eda cuando te sientes gorda, fea, adolorida y sensible.<\/p>\n<p align=\"JUSTIFY\">Justo en ese etapa, tuvo que enfrentar discriminaci\u00f3n, pero sobre todo la p\u00e9rdida de su trabajo, sin que mediara una liquidaci\u00f3n justa. Con un beb\u00e9 en brazos y otros dos peque\u00f1ines deb\u00eda satisfacer las necesidades b\u00e1sicas de la familia en condiciones econ\u00f3micas y emocionales adversas.<\/p>\n<p align=\"JUSTIFY\">El despido injustificado de Griselda en el Poder Judicial de Veracruz no fue el \u00fanico. Otras 20 mujeres \u2013en condiciones similares- han perdido su fuente de empleo. Todas durante el periodo en el que ha estado al frente del TSJE, Alberto Sosa Hern\u00e1ndez.<\/p>\n<p align=\"JUSTIFY\">\u201cNos quedamos calladas porque: c\u00f3mo siendo abogadas podamos padecerlo y muchas estando embarazadas, podemos padecer discriminaci\u00f3n y esas agresiones tan feroces\u201d, comenta con un tono de hast\u00edo. Lleva cuatro a\u00f1os de luchar contra el sistema y tuvo que dejar su pa\u00eds.<\/p>\n<p align=\"JUSTIFY\">Da verg\u00fcenza reconocer que con licenciatura, maestr\u00eda y experiencia laboral, t\u00fa seas la v\u00edctima del acoso o de acciones intimidatorias, tanto de hombres como de mujeres. Tambi\u00e9n da pena admitir que eres discriminada o agredida, afirma la abogada, quien llevaba <span lang=\"es-MX\">m\u00e1s <\/span>15 a\u00f1os <span lang=\"es-MX\">de antig\u00fcedad en el Poder Judicial.<\/span><\/p>\n<p align=\"JUSTIFY\">Ana (nombre ficticio) tiene una historia similar. Poco despu\u00e9s de convertirse en madre fue despedida y las s\u00faplicas ante el magistrado presidente no le sirvieron de nada. \u201cNo me importa\u201d, fue lo que escuch\u00f3.<\/p>\n<p align=\"JUSTIFY\">Ahora busca que se aplique en su caso el criterio del Tribunal Colegiado de Zapopan, Jalisco, emitido en <span lang=\"es-MX\">febrero<\/span> de 2014. El \u00fanico en M\u00e9xico que ha contemplado el \u201cfuero de maternidad\u201d.<\/p>\n<p align=\"JUSTIFY\">En dicha sentencia, los magistrados concluyeron que las trabajadoras embarazadas y en situaci\u00f3n de maternidad cuentan con estabilidad reforzada en el empleo, aduciendo marcos internacionales en derechos humanos como el Pacto Internacional de Derechos Econ\u00f3micos, Sociales y Culturales que sostiene que se debe conceder \u201cespecial protecci\u00f3n a las madres durante un periodo de tiempo razonable antes y despu\u00e9s del parto\u201d.<\/p>\n<p align=\"JUSTIFY\"><span lang=\"es-MX\">La ponencia aprobada por unanimidad y elaborada por un hombre, el magistrado Rodolfo Castro Le\u00f3n, aclara que solamente razones leg\u00edtimas y excepcionales pueden dar cabida al despido de la mujer trabajadora durante los periodos protegidos, como son las faltas graves o la cesaci\u00f3n de las actividades de la empresa.<\/span><\/p>\n<p align=\"JUSTIFY\">\u00bfQu\u00e9 es?, \u00bfc\u00f3mo se puede aplicar? En pa\u00edses como Panam\u00e1 y Colombia, el fuero maternal constituye un derecho\u00a0 para que las mujeres puedan conservar su empleo, tanto en el embarazo como despu\u00e9s del nacimiento del beb\u00e9.<\/p>\n<p align=\"JUSTIFY\">En el caso de la Corte Constitucional de Colombia determin\u00f3 que es necesaria la \u201cestabilidad reforzada\u201d en el embarazo o despu\u00e9s de dar a luz porque durante esos periodos las mujeres guardan condiciones f\u00edsicas especiales y necesidades determinadas que las hacen merecedoras de conservar el empleo con mayor \u00e9nfasis. M\u00e1xime si son jefas de familia.<\/p>\n<p align=\"JUSTIFY\">\u201cSaben que el punto d\u00e9bil es el hijo\u2026Y nos sacrifican para poner a hombres\u201d, coinciden las dos protagonistas de esta historia.<\/p>\n<p align=\"JUSTIFY\">Ahora buscan sentar precedente en Veracruz para dotar de estabilidad laboral a las mujeres desde el momento en que est\u00e1 en gestaci\u00f3n hasta el primer a\u00f1o de vida del menor.<\/p>\n<p align=\"JUSTIFY\">Aunque no estemos en sus zapatos, creo que vale la pena reflexionarlo\u2026<\/p>\n<blockquote>\n<p align=\"JUSTIFY\">\u201c<span lang=\"es-MX\">La sensaci\u00f3n de que la textura de aquel bello papel merec\u00eda una pluma de verdad y no un vulgar l\u00e1piz era por dem\u00e1s intensa\u201d.<\/span><\/p>\n<p align=\"JUSTIFY\">1984<\/p>\n<p align=\"JUSTIFY\">George Orwel<span lang=\"es-MX\">l<\/span><\/p>\n<\/blockquote>\n","protected":false},"excerpt":{"rendered":"<p>Naldy Rodr\u00edguez Transparencia 3.0 Cuando te conviertes en madre es un momento \u00fanico, especial y memorable, al menos para la mayor\u00eda de las mujeres, pero para algunas representa un martirio, una de las peores etapas de su vida. No exagero. Griselda Herrera L\u00f3pez asegura que su \u00faltimo embarazo (hace cuatro a\u00f1os) lo vivi\u00f3 entre amenazas [&hellip;]<\/p>\n","protected":false},"author":2,"featured_media":0,"comment_status":"open","ping_status":"open","sticky":false,"template":"","format":"standard","meta":{"tdm_status":"","tdm_grid_status":"","footnotes":""},"categories":[70],"tags":[6737,827,6738],"class_list":{"0":"post-28103","1":"post","2":"type-post","3":"status-publish","4":"format-standard","6":"category-de-opinion","7":"tag-griselda-herrera-lopez","8":"tag-madre","9":"tag-tsje"},"yoast_head":"<!-- This site is optimized with the Yoast SEO plugin v27.4 - https:\/\/yoast.com\/product\/yoast-seo-wordpress\/ -->\n<title>\u00bfFuero de maternidad? - Los pol\u00edticos Veracruz<\/title>\n<meta name=\"robots\" content=\"index, follow, max-snippet:-1, max-image-preview:large, max-video-preview:-1\" \/>\n<link rel=\"canonical\" href=\"https:\/\/lospoliticosveracruz.com\/?p=28103\" \/>\n<meta property=\"og:locale\" content=\"es_ES\" \/>\n<meta property=\"og:type\" content=\"article\" \/>\n<meta property=\"og:title\" content=\"\u00bfFuero de maternidad? - Los pol\u00edticos Veracruz\" \/>\n<meta property=\"og:description\" content=\"Naldy Rodr\u00edguez Transparencia 3.0 Cuando te conviertes en madre es un momento \u00fanico, especial y memorable, al menos para la mayor\u00eda de las mujeres, pero para algunas representa un martirio, una de las peores etapas de su vida. No exagero. Griselda Herrera L\u00f3pez asegura que su \u00faltimo embarazo (hace cuatro a\u00f1os) lo vivi\u00f3 entre amenazas [&hellip;]\" \/>\n<meta property=\"og:url\" content=\"https:\/\/lospoliticosveracruz.com\/?p=28103\" \/>\n<meta property=\"og:site_name\" content=\"Los pol\u00edticos Veracruz\" \/>\n<meta property=\"article:publisher\" content=\"https:\/\/www.facebook.com\/people\/Notimemes-de-los-Polticos\/61565672886568\/\" \/>\n<meta property=\"article:published_time\" content=\"2016-11-18T14:13:51+00:00\" \/>\n<meta property=\"og:image\" content=\"https:\/\/lospoliticosveracruz.com\/wp-content\/uploads\/2016\/07\/Logo-Dor.jpg\" \/>\n\t<meta property=\"og:image:width\" content=\"200\" \/>\n\t<meta property=\"og:image:height\" content=\"200\" \/>\n\t<meta property=\"og:image:type\" content=\"image\/jpeg\" \/>\n<meta name=\"author\" content=\"Lo viste en Los Pol\u00edticos\" \/>\n<meta name=\"twitter:card\" content=\"summary_large_image\" \/>\n<meta name=\"twitter:creator\" content=\"@LosPoliticosVer\" \/>\n<meta name=\"twitter:site\" content=\"@LosPoliticosVer\" \/>\n<meta name=\"twitter:label1\" content=\"Escrito por\" \/>\n\t<meta name=\"twitter:data1\" content=\"Lo viste en Los Pol\u00edticos\" \/>\n\t<meta name=\"twitter:label2\" content=\"Tiempo de lectura\" \/>\n\t<meta name=\"twitter:data2\" content=\"3 minutos\" \/>\n<script type=\"application\/ld+json\" class=\"yoast-schema-graph\">{\"@context\":\"https:\\\/\\\/schema.org\",\"@graph\":[{\"@type\":\"Article\",\"@id\":\"https:\\\/\\\/lospoliticosveracruz.com\\\/?p=28103#article\",\"isPartOf\":{\"@id\":\"https:\\\/\\\/lospoliticosveracruz.com\\\/?p=28103\"},\"author\":{\"name\":\"Lo viste en Los Pol\u00edticos\",\"@id\":\"https:\\\/\\\/lospoliticosveracruz.com\\\/#\\\/schema\\\/person\\\/b8702bb0e538456e6efd07080bf2a4a2\"},\"headline\":\"\u00bfFuero de maternidad?\",\"datePublished\":\"2016-11-18T14:13:51+00:00\",\"mainEntityOfPage\":{\"@id\":\"https:\\\/\\\/lospoliticosveracruz.com\\\/?p=28103\"},\"wordCount\":667,\"commentCount\":0,\"publisher\":{\"@id\":\"https:\\\/\\\/lospoliticosveracruz.com\\\/#organization\"},\"keywords\":[\"Griselda Herrera L\u00f3pez\",\"madre\",\"TSJE\"],\"articleSection\":[\"De Opini\u00f3n\"],\"inLanguage\":\"es\",\"potentialAction\":[{\"@type\":\"CommentAction\",\"name\":\"Comment\",\"target\":[\"https:\\\/\\\/lospoliticosveracruz.com\\\/?p=28103#respond\"]}]},{\"@type\":\"WebPage\",\"@id\":\"https:\\\/\\\/lospoliticosveracruz.com\\\/?p=28103\",\"url\":\"https:\\\/\\\/lospoliticosveracruz.com\\\/?p=28103\",\"name\":\"\u00bfFuero de maternidad? - Los pol\u00edticos Veracruz\",\"isPartOf\":{\"@id\":\"https:\\\/\\\/lospoliticosveracruz.com\\\/#website\"},\"datePublished\":\"2016-11-18T14:13:51+00:00\",\"breadcrumb\":{\"@id\":\"https:\\\/\\\/lospoliticosveracruz.com\\\/?p=28103#breadcrumb\"},\"inLanguage\":\"es\",\"potentialAction\":[{\"@type\":\"ReadAction\",\"target\":[\"https:\\\/\\\/lospoliticosveracruz.com\\\/?p=28103\"]}]},{\"@type\":\"BreadcrumbList\",\"@id\":\"https:\\\/\\\/lospoliticosveracruz.com\\\/?p=28103#breadcrumb\",\"itemListElement\":[{\"@type\":\"ListItem\",\"position\":1,\"name\":\"Portada\",\"item\":\"https:\\\/\\\/lospoliticosveracruz.com\\\/\"},{\"@type\":\"ListItem\",\"position\":2,\"name\":\"\u00bfFuero de maternidad?\"}]},{\"@type\":\"WebSite\",\"@id\":\"https:\\\/\\\/lospoliticosveracruz.com\\\/#website\",\"url\":\"https:\\\/\\\/lospoliticosveracruz.com\\\/\",\"name\":\"Los pol\u00edticos Veracruz\",\"description\":\"\",\"publisher\":{\"@id\":\"https:\\\/\\\/lospoliticosveracruz.com\\\/#organization\"},\"potentialAction\":[{\"@type\":\"SearchAction\",\"target\":{\"@type\":\"EntryPoint\",\"urlTemplate\":\"https:\\\/\\\/lospoliticosveracruz.com\\\/?s={search_term_string}\"},\"query-input\":{\"@type\":\"PropertyValueSpecification\",\"valueRequired\":true,\"valueName\":\"search_term_string\"}}],\"inLanguage\":\"es\"},{\"@type\":\"Organization\",\"@id\":\"https:\\\/\\\/lospoliticosveracruz.com\\\/#organization\",\"name\":\"Los pol\u00edticos Veracruz\",\"url\":\"https:\\\/\\\/lospoliticosveracruz.com\\\/\",\"logo\":{\"@type\":\"ImageObject\",\"inLanguage\":\"es\",\"@id\":\"https:\\\/\\\/lospoliticosveracruz.com\\\/#\\\/schema\\\/logo\\\/image\\\/\",\"url\":\"https:\\\/\\\/lospoliticosveracruz.com\\\/wp-content\\\/uploads\\\/2025\\\/12\\\/Logo-Nuevo-LOS-POLITICOS-1.jpg\",\"contentUrl\":\"https:\\\/\\\/lospoliticosveracruz.com\\\/wp-content\\\/uploads\\\/2025\\\/12\\\/Logo-Nuevo-LOS-POLITICOS-1.jpg\",\"width\":260,\"height\":70,\"caption\":\"Los pol\u00edticos Veracruz\"},\"image\":{\"@id\":\"https:\\\/\\\/lospoliticosveracruz.com\\\/#\\\/schema\\\/logo\\\/image\\\/\"},\"sameAs\":[\"https:\\\/\\\/www.facebook.com\\\/people\\\/Notimemes-de-los-Polticos\\\/61565672886568\\\/\",\"https:\\\/\\\/x.com\\\/LosPoliticosVer\"]},{\"@type\":\"Person\",\"@id\":\"https:\\\/\\\/lospoliticosveracruz.com\\\/#\\\/schema\\\/person\\\/b8702bb0e538456e6efd07080bf2a4a2\",\"name\":\"Lo viste en Los Pol\u00edticos\",\"image\":{\"@type\":\"ImageObject\",\"inLanguage\":\"es\",\"@id\":\"https:\\\/\\\/secure.gravatar.com\\\/avatar\\\/3a8de04a2656d44082be478bd6c086daa447c4651605818287b9532d3d0bd435?s=96&d=mm&r=g\",\"url\":\"https:\\\/\\\/secure.gravatar.com\\\/avatar\\\/3a8de04a2656d44082be478bd6c086daa447c4651605818287b9532d3d0bd435?s=96&d=mm&r=g\",\"contentUrl\":\"https:\\\/\\\/secure.gravatar.com\\\/avatar\\\/3a8de04a2656d44082be478bd6c086daa447c4651605818287b9532d3d0bd435?s=96&d=mm&r=g\",\"caption\":\"Lo viste en Los Pol\u00edticos\"},\"url\":\"https:\\\/\\\/lospoliticosveracruz.com\\\/?author=2\"}]}<\/script>\n<!-- \/ Yoast SEO plugin. -->","yoast_head_json":{"title":"\u00bfFuero de maternidad? - Los pol\u00edticos Veracruz","robots":{"index":"index","follow":"follow","max-snippet":"max-snippet:-1","max-image-preview":"max-image-preview:large","max-video-preview":"max-video-preview:-1"},"canonical":"https:\/\/lospoliticosveracruz.com\/?p=28103","og_locale":"es_ES","og_type":"article","og_title":"\u00bfFuero de maternidad? - Los pol\u00edticos Veracruz","og_description":"Naldy Rodr\u00edguez Transparencia 3.0 Cuando te conviertes en madre es un momento \u00fanico, especial y memorable, al menos para la mayor\u00eda de las mujeres, pero para algunas representa un martirio, una de las peores etapas de su vida. No exagero. Griselda Herrera L\u00f3pez asegura que su \u00faltimo embarazo (hace cuatro a\u00f1os) lo vivi\u00f3 entre amenazas [&hellip;]","og_url":"https:\/\/lospoliticosveracruz.com\/?p=28103","og_site_name":"Los pol\u00edticos Veracruz","article_publisher":"https:\/\/www.facebook.com\/people\/Notimemes-de-los-Polticos\/61565672886568\/","article_published_time":"2016-11-18T14:13:51+00:00","og_image":[{"width":200,"height":200,"url":"https:\/\/lospoliticosveracruz.com\/wp-content\/uploads\/2016\/07\/Logo-Dor.jpg","type":"image\/jpeg"}],"author":"Lo viste en Los Pol\u00edticos","twitter_card":"summary_large_image","twitter_creator":"@LosPoliticosVer","twitter_site":"@LosPoliticosVer","twitter_misc":{"Escrito por":"Lo viste en Los Pol\u00edticos","Tiempo de lectura":"3 minutos"},"schema":{"@context":"https:\/\/schema.org","@graph":[{"@type":"Article","@id":"https:\/\/lospoliticosveracruz.com\/?p=28103#article","isPartOf":{"@id":"https:\/\/lospoliticosveracruz.com\/?p=28103"},"author":{"name":"Lo viste en Los Pol\u00edticos","@id":"https:\/\/lospoliticosveracruz.com\/#\/schema\/person\/b8702bb0e538456e6efd07080bf2a4a2"},"headline":"\u00bfFuero de maternidad?","datePublished":"2016-11-18T14:13:51+00:00","mainEntityOfPage":{"@id":"https:\/\/lospoliticosveracruz.com\/?p=28103"},"wordCount":667,"commentCount":0,"publisher":{"@id":"https:\/\/lospoliticosveracruz.com\/#organization"},"keywords":["Griselda Herrera L\u00f3pez","madre","TSJE"],"articleSection":["De Opini\u00f3n"],"inLanguage":"es","potentialAction":[{"@type":"CommentAction","name":"Comment","target":["https:\/\/lospoliticosveracruz.com\/?p=28103#respond"]}]},{"@type":"WebPage","@id":"https:\/\/lospoliticosveracruz.com\/?p=28103","url":"https:\/\/lospoliticosveracruz.com\/?p=28103","name":"\u00bfFuero de maternidad? - Los pol\u00edticos Veracruz","isPartOf":{"@id":"https:\/\/lospoliticosveracruz.com\/#website"},"datePublished":"2016-11-18T14:13:51+00:00","breadcrumb":{"@id":"https:\/\/lospoliticosveracruz.com\/?p=28103#breadcrumb"},"inLanguage":"es","potentialAction":[{"@type":"ReadAction","target":["https:\/\/lospoliticosveracruz.com\/?p=28103"]}]},{"@type":"BreadcrumbList","@id":"https:\/\/lospoliticosveracruz.com\/?p=28103#breadcrumb","itemListElement":[{"@type":"ListItem","position":1,"name":"Portada","item":"https:\/\/lospoliticosveracruz.com\/"},{"@type":"ListItem","position":2,"name":"\u00bfFuero de maternidad?"}]},{"@type":"WebSite","@id":"https:\/\/lospoliticosveracruz.com\/#website","url":"https:\/\/lospoliticosveracruz.com\/","name":"Los pol\u00edticos Veracruz","description":"","publisher":{"@id":"https:\/\/lospoliticosveracruz.com\/#organization"},"potentialAction":[{"@type":"SearchAction","target":{"@type":"EntryPoint","urlTemplate":"https:\/\/lospoliticosveracruz.com\/?s={search_term_string}"},"query-input":{"@type":"PropertyValueSpecification","valueRequired":true,"valueName":"search_term_string"}}],"inLanguage":"es"},{"@type":"Organization","@id":"https:\/\/lospoliticosveracruz.com\/#organization","name":"Los pol\u00edticos Veracruz","url":"https:\/\/lospoliticosveracruz.com\/","logo":{"@type":"ImageObject","inLanguage":"es","@id":"https:\/\/lospoliticosveracruz.com\/#\/schema\/logo\/image\/","url":"https:\/\/lospoliticosveracruz.com\/wp-content\/uploads\/2025\/12\/Logo-Nuevo-LOS-POLITICOS-1.jpg","contentUrl":"https:\/\/lospoliticosveracruz.com\/wp-content\/uploads\/2025\/12\/Logo-Nuevo-LOS-POLITICOS-1.jpg","width":260,"height":70,"caption":"Los pol\u00edticos Veracruz"},"image":{"@id":"https:\/\/lospoliticosveracruz.com\/#\/schema\/logo\/image\/"},"sameAs":["https:\/\/www.facebook.com\/people\/Notimemes-de-los-Polticos\/61565672886568\/","https:\/\/x.com\/LosPoliticosVer"]},{"@type":"Person","@id":"https:\/\/lospoliticosveracruz.com\/#\/schema\/person\/b8702bb0e538456e6efd07080bf2a4a2","name":"Lo viste en Los Pol\u00edticos","image":{"@type":"ImageObject","inLanguage":"es","@id":"https:\/\/secure.gravatar.com\/avatar\/3a8de04a2656d44082be478bd6c086daa447c4651605818287b9532d3d0bd435?s=96&d=mm&r=g","url":"https:\/\/secure.gravatar.com\/avatar\/3a8de04a2656d44082be478bd6c086daa447c4651605818287b9532d3d0bd435?s=96&d=mm&r=g","contentUrl":"https:\/\/secure.gravatar.com\/avatar\/3a8de04a2656d44082be478bd6c086daa447c4651605818287b9532d3d0bd435?s=96&d=mm&r=g","caption":"Lo viste en Los Pol\u00edticos"},"url":"https:\/\/lospoliticosveracruz.com\/?author=2"}]}},"_links":{"self":[{"href":"https:\/\/lospoliticosveracruz.com\/index.php?rest_route=\/wp\/v2\/posts\/28103","targetHints":{"allow":["GET"]}}],"collection":[{"href":"https:\/\/lospoliticosveracruz.com\/index.php?rest_route=\/wp\/v2\/posts"}],"about":[{"href":"https:\/\/lospoliticosveracruz.com\/index.php?rest_route=\/wp\/v2\/types\/post"}],"author":[{"embeddable":true,"href":"https:\/\/lospoliticosveracruz.com\/index.php?rest_route=\/wp\/v2\/users\/2"}],"replies":[{"embeddable":true,"href":"https:\/\/lospoliticosveracruz.com\/index.php?rest_route=%2Fwp%2Fv2%2Fcomments&post=28103"}],"version-history":[{"count":1,"href":"https:\/\/lospoliticosveracruz.com\/index.php?rest_route=\/wp\/v2\/posts\/28103\/revisions"}],"predecessor-version":[{"id":28106,"href":"https:\/\/lospoliticosveracruz.com\/index.php?rest_route=\/wp\/v2\/posts\/28103\/revisions\/28106"}],"wp:attachment":[{"href":"https:\/\/lospoliticosveracruz.com\/index.php?rest_route=%2Fwp%2Fv2%2Fmedia&parent=28103"}],"wp:term":[{"taxonomy":"category","embeddable":true,"href":"https:\/\/lospoliticosveracruz.com\/index.php?rest_route=%2Fwp%2Fv2%2Fcategories&post=28103"},{"taxonomy":"post_tag","embeddable":true,"href":"https:\/\/lospoliticosveracruz.com\/index.php?rest_route=%2Fwp%2Fv2%2Ftags&post=28103"}],"curies":[{"name":"wp","href":"https:\/\/api.w.org\/{rel}","templated":true}]}}