{"id":28146,"date":"2016-11-20T19:26:50","date_gmt":"2016-11-21T01:26:50","guid":{"rendered":"http:\/\/www.lospoliticosveracruz.com.mx\/?p=28146"},"modified":"2016-11-20T19:26:50","modified_gmt":"2016-11-21T01:26:50","slug":"detenidos-con-apoyo-moral-hasta-de-la-iglesia","status":"publish","type":"post","link":"https:\/\/lospoliticosveracruz.com\/?p=28146","title":{"rendered":"Detenidos, con apoyo moral, hasta de la iglesia"},"content":{"rendered":"<p class=\"x_m_9050214678631681854MsoNoSpacing\"><strong>Fanny Y\u00e9pez<u><\/u><u><\/u><\/strong><\/p>\n<p class=\"x_m_9050214678631681854MsoNoSpacing\"><em>La Columna<u><\/u><u><\/u><\/em><\/p>\n<p class=\"x_m_9050214678631681854MsoNoSpacing\">\n<p class=\"x_m_9050214678631681854MsoNoSpacing\">\n<p class=\"x_m_9050214678631681854MsoNoSpacing\"><b><\/b>Si alguien incurre en un delito deber\u00e1 pagar las consecuencias, eso me queda claro, que ser\u00e1n las autoridades correspondientes las que deslindar\u00e1n responsabilidades y determinar\u00e1n cual ser\u00e1 la pena para esa persona.<u><\/u><u><\/u><\/p>\n<p class=\"x_m_9050214678631681854MsoNoSpacing\">La detenci\u00f3n que la Procuradur\u00eda General de la Rep\u00fablica hizo de Anselmo Estand\u00eda Colom, Graciela Tejeda Mart\u00ednez y Felipe Sosa por presuntos delitos electorales, ser\u00e1 motivo de un juicio y tendr\u00e1n todo el derecho de defenderse, para demostrar su inocencia.<u><\/u><u><\/u><\/p>\n<p class=\"x_m_9050214678631681854MsoNoSpacing\">Ese es un proceso que tendr\u00e1 que llevar su curso normal de acuerdo a nuestras leyes.<u><\/u><u><\/u><\/p>\n<p class=\"x_m_9050214678631681854MsoNoSpacing\">Las aprehensiones de estas personas se llevaron a cabo por su probable responsabilidad penal, en el caso de dos de ellos del delito electoral previsto en el art\u00edculo 407 fracci\u00f3n tercera, que se\u00f1ala al servidor p\u00fablico que destine de manera ilegal servicios que tenga a sus disposici\u00f3n en virtud de su cargo al apoyo a un partido pol\u00edtico.<u><\/u><u><\/u><\/p>\n<p class=\"x_m_9050214678631681854MsoNoSpacing\">De igual forma en contra de dos de los inculpados por el delito federal electoral previsto en el art\u00edculo 407 fracci\u00f3n segunda, que se\u00f1ala al servidor p\u00fablico que condiciona programas sociales a la emisi\u00f3n del voto a favor en un partido pol\u00edtico o candidato.<u><\/u><u><\/u><\/p>\n<p class=\"x_m_9050214678631681854MsoNoSpacing\">El aparatoso movimiento se realiz\u00f3 el s\u00e1bado por el medio d\u00eda y fueron trasladados hasta un determinado penal la noche de ese mismo d\u00eda, para despu\u00e9s dar una explicaci\u00f3n a trav\u00e9s de una conferencia de prensa de parte de la Fiscal\u00eda Especializada para la atenci\u00f3n de Delitos Electorales (FEPADE).<u><\/u><u><\/u><\/p>\n<p class=\"x_m_9050214678631681854MsoNoSpacing\">Muchos veracruzanos estuvimos pendientes de ese operativo, vimos tambi\u00e9n al otro d\u00eda la solidaridad que mostraron algunos l\u00edderes de opini\u00f3n acerca de estas personas, solidariz\u00e1ndose con las familias de cada uno de ellos.<u><\/u><u><\/u><\/p>\n<p class=\"x_m_9050214678631681854MsoNoSpacing\">Por ejemplo, el vocero de la di\u00f3cesis de Veracruz, V\u00edctor D\u00edaz Mendoza, declar\u00f3 que est\u00e1n con Anselmo Estand\u00eda Colom; siempre, en las buenas y en las malas por ser un miembro muy activo de la iglesia cat\u00f3lica y esa comunidad.<u><\/u><u><\/u><\/p>\n<p class=\"x_m_9050214678631681854MsoNoSpacing\">En el Facebook se leyeron muchos mensajes a favor de la doctora Graciela Tejeda Mart\u00ednez, hija del dirigente estatal de la CROC, Tom\u00e1s Tejeda Cruz, en los que hac\u00edan oraciones para que salga de ese problema.<u><\/u><u><\/u><\/p>\n<p class=\"x_m_9050214678631681854MsoNoSpacing\">Lo mismo sucedi\u00f3 con Felipe Sosa, quien recibi\u00f3 muestras de apoyo, sobre todo de personas del municipio de Boca del R\u00edo.<\/p>\n<p class=\"x_m_9050214678631681854MsoNoSpacing\"><b>Ning\u00fan l\u00edder del PRI ha salido a defender el honor de sus aliados<u><\/u><u><\/u><\/b><\/p>\n<p class=\"x_m_9050214678631681854MsoNoSpacing\">Dicen los abogados de manera recurrente \u201csuponiendo sin conceder\u201d que hubieran cometido esos delitos, la pregunta inmediata que me viene es \u00bfpor qu\u00e9 lo hicieron?<u><\/u><u><\/u><\/p>\n<p class=\"x_m_9050214678631681854MsoNoSpacing\">Y la respuesta m\u00e1s elemental es que fue por ayudar a su partido, del que en la conferencia de prensa nunca dijeron sus siglas, pero todos entend\u00edamos que se refer\u00edan al Partido Revolucionario Institucional (PRI). Tampoco dijeron los nombres de los detenidos, pero ya se sab\u00edan desde muy temprano.<u><\/u><u><\/u><\/p>\n<p class=\"x_m_9050214678631681854MsoNoSpacing\">Escribo esta Columna a las 4 de la tarde del domingo y, hasta este momento, no he visto que asome la cabeza el dirigente estatal del PRI, Felipe Amadeo Flores Espinosa, cuando seguramente sabe de la situaci\u00f3n que viven tres de sus aliados, que hoy est\u00e1n siendo se\u00f1alados por haber tratado de ayudar a ese partido, arriesgando su libertad.<u><\/u><u><\/u><\/p>\n<p class=\"x_m_9050214678631681854MsoNoSpacing\">\u00bfAs\u00ed es como se les debe tratar a los que son leales?<u><\/u><u><\/u><\/p>\n<p class=\"x_m_9050214678631681854MsoNoSpacing\">\u00bfEsa es la respuesta para los que pierden la libertad por entregarse a esa causa?<u><\/u><u><\/u><\/p>\n<p class=\"x_m_9050214678631681854MsoNoSpacing\">\u00bfEse es el riesgo para los operadores de las pr\u00f3ximas elecciones?<u><\/u><u><\/u><\/p>\n<p class=\"x_m_9050214678631681854MsoNoSpacing\">\u00bfD\u00f3nde est\u00e1 el l\u00edder nacional, Enrique Ochoa Reza?<u><\/u><u><\/u><\/p>\n<p class=\"x_m_9050214678631681854MsoNoSpacing\">No trato de defenderlos, porque muchos confiamos en las autoridades que imparten justicia y lo que hagan estar\u00e1 bien hecho, si es que los llegaran a encontrar culpables.<\/p>\n<p class=\"x_m_9050214678631681854MsoNoSpacing\"><b>Aurora Delgado Huerta fue quien entreg\u00f3 las grabaciones del PRI<u><\/u><u><\/u><\/b><\/p>\n<p class=\"x_m_9050214678631681854MsoNoSpacing\">Las traiciones en la pol\u00edtica se han vivido desde antes de Cristo, Dante Alighieri ubica a los traidores en el \u00faltimo c\u00edrculo del infierno, ya que considera esta acci\u00f3n como el peor pecado de todos.<u><\/u><u><\/u><\/p>\n<p class=\"x_m_9050214678631681854MsoNoSpacing\">El tema da para mucho m\u00e1s, por supuesto.<u><\/u><u><\/u><\/p>\n<p class=\"x_m_9050214678631681854MsoNoSpacing\">Los que nos dedicamos al periodismo sabemos c\u00f3mo se comportan los partidos pol\u00edticos, ninguno se puede dar golpes de pecho y decirse asombrado de estas detenciones, cada uno ha hecho sus propias \u201ctravesuras\u201d, durante las campa\u00f1as y el mero d\u00eda de las elecciones, pero hoy le toc\u00f3 a tres priistas estar en el ojo del hurac\u00e1n.<u><\/u><u><\/u><\/p>\n<p class=\"x_m_9050214678631681854MsoNoSpacing\">Tengo en mi poder el expediente de la causa penal 53\/2015 del Juzgado Cuarto de Distrito en el Estado de Veracruz, donde se expone la situaci\u00f3n de ocho personas se\u00f1aladas por esos delitos, la denuncia se actualiz\u00f3 con el escrito que present\u00f3 el entonces diputado federal, Humberto Alonso Moreli, el 16 de abril de 2013, donde narra todo lo que a su juicio ocurri\u00f3 para que esas personas incurrieran en esas violaciones.<u><\/u><u><\/u><\/p>\n<p class=\"x_m_9050214678631681854MsoNoSpacing\">Lo interesante de esto es que llev\u00f3 como testigo a la se\u00f1ora Aurora Delgado Huerta, quien \u00e9l asegura le entreg\u00f3 las grabaciones de lo que se comentaba en las reuniones que ten\u00edan los priistas, porque ella se hac\u00eda pasar por priista y le daban acceso.<u><\/u><u><\/u><\/p>\n<p class=\"x_m_9050214678631681854MsoNoSpacing\">Ella le entreg\u00f3 en una memoria USB de manera voluntaria las grabaciones en audio, porque \u00a0hasta en los primeros d\u00edas de abril de 2013, pudo grabar en video, porque antes no tuvo dinero para comprarse una c\u00e1mara, seg\u00fan lo declar\u00f3 la propia Aurora Delgado Huerta.<u><\/u><u><\/u><\/p>\n<p class=\"x_m_9050214678631681854MsoNoSpacing\">Tal vez Aurora se volvi\u00f3 rica por un tiempo, pero poco le va a durar el gusto porque sus compa\u00f1eras y compa\u00f1eros de ese partido que le dio tantos beneficios siempre le van a recordar su mal comportamiento.<u><\/u><u><\/u><\/p>\n<p class=\"x_m_9050214678631681854MsoNoSpacing\">No con esto quiero decir que haya estado bien el procedimiento de esas reuniones, sino el hecho de una traici\u00f3n como la que desde hace tres a\u00f1os ya conoc\u00edamos, que en otras ocasiones ya se le hab\u00eda se\u00f1alado a la misma persona por ese estilo de vida.<u><\/u><u><\/u><\/p>\n<p class=\"x_m_9050214678631681854MsoNoSpacing\">Lo cierto es que quien traiciona una vez, traiciona siempre. As\u00ed es que esos que se cambian de bando y se dicen solidarios, porque saben que as\u00ed les conviene, viven con el remordimiento; pero su naturaleza ya es as\u00ed, como esas f\u00e1bulas que abundan con esas acciones que dicen cometen algunos animales, traidores porque ese es su perfil.<u><\/u><u><\/u><\/p>\n<p class=\"x_m_9050214678631681854MsoNoSpacing\"><u><\/u>\u00a0<u><\/u><\/p>\n<p class=\"x_m_9050214678631681854MsoNoSpacing\"><b>Tal vez a los veracruzanos ya nada nos causa sorpresa<u><\/u><u><\/u><\/b><\/p>\n<p class=\"x_m_9050214678631681854MsoNoSpacing\">\u00bfDespu\u00e9s de estas detenciones que es lo que sigue en nuestro entorno?<u><\/u><u><\/u><\/p>\n<p class=\"x_m_9050214678631681854MsoNoSpacing\">\u00bfCu\u00e1l va a ser la siguiente sorpresa?<u><\/u><u><\/u><\/p>\n<p class=\"x_m_9050214678631681854MsoNoSpacing\">\u00bfAcaso viene algo que podr\u00eda cimbrar a todo Veracruz?<u><\/u><u><\/u><\/p>\n<p class=\"x_m_9050214678631681854MsoNoSpacing\">Nadie sabe que es lo que venga a continuaci\u00f3n, como en las telenovelas, pero existe un ambiente pesado y esas preguntas fueron las que pude leer (leer) en el Facebook, de muchas personas de distintos rumbos, que insist\u00edan con sus preguntas: \u00bfqu\u00e9 es lo que est\u00e1 por venir?<u><\/u><u><\/u><\/p>\n<p class=\"x_m_9050214678631681854MsoNoSpacing\">En su cuenta de Facebook escribi\u00f3 Wilber Mota Montoya \u201cPareciera que est\u00e1n preparando el terreno para algo mayor y no me refiero a Duarte de Ochoa\u201d.<u><\/u><u><\/u><\/p>\n<p class=\"x_m_9050214678631681854MsoNoSpacing\">Todos los d\u00edas desde hace m\u00e1s de dos a\u00f1os, Veracruz aparece en los principales diarios y revistas pol\u00edticas a nivel nacional, lamentablemente en puras notas malas.<u><\/u><u><\/u><\/p>\n<p class=\"x_m_9050214678631681854MsoNoSpacing\">Tal vez ya nada nos causa sorpresa, hemos visto y vivido muchas cosas que jam\u00e1s nos imaginamos que fueran a pasar.<u><\/u><u><\/u><\/p>\n<p class=\"x_m_9050214678631681854MsoNoSpacing\"><u><\/u><\/p>\n","protected":false},"excerpt":{"rendered":"<p>Fanny Y\u00e9pez La Columna Si alguien incurre en un delito deber\u00e1 pagar las consecuencias, eso me queda claro, que ser\u00e1n las autoridades correspondientes las que deslindar\u00e1n responsabilidades y determinar\u00e1n cual ser\u00e1 la pena para esa persona. La detenci\u00f3n que la Procuradur\u00eda General de la Rep\u00fablica hizo de Anselmo Estand\u00eda Colom, Graciela Tejeda Mart\u00ednez y Felipe [&hellip;]<\/p>\n","protected":false},"author":2,"featured_media":0,"comment_status":"open","ping_status":"open","sticky":false,"template":"","format":"standard","meta":{"tdm_status":"","tdm_grid_status":"","footnotes":""},"categories":[70],"tags":[2051,6755,4776,251],"class_list":{"0":"post-28146","1":"post","2":"type-post","3":"status-publish","4":"format-standard","6":"category-de-opinion","7":"tag-felipe-amadeo-flores-espinosa","8":"tag-felipe-sosa","9":"tag-graciela-tejeda-martinez","10":"tag-pri"},"yoast_head":"<!-- This site is optimized with the Yoast SEO plugin v27.4 - https:\/\/yoast.com\/product\/yoast-seo-wordpress\/ -->\n<title>Detenidos, con apoyo moral, hasta de la iglesia - Los pol\u00edticos Veracruz<\/title>\n<meta name=\"robots\" content=\"index, follow, max-snippet:-1, max-image-preview:large, max-video-preview:-1\" \/>\n<link rel=\"canonical\" href=\"https:\/\/lospoliticosveracruz.com\/?p=28146\" \/>\n<meta property=\"og:locale\" content=\"es_ES\" \/>\n<meta property=\"og:type\" content=\"article\" \/>\n<meta property=\"og:title\" content=\"Detenidos, con apoyo moral, hasta de la iglesia - Los pol\u00edticos Veracruz\" \/>\n<meta property=\"og:description\" content=\"Fanny Y\u00e9pez La Columna Si alguien incurre en un delito deber\u00e1 pagar las consecuencias, eso me queda claro, que ser\u00e1n las autoridades correspondientes las que deslindar\u00e1n responsabilidades y determinar\u00e1n cual ser\u00e1 la pena para esa persona. La detenci\u00f3n que la Procuradur\u00eda General de la Rep\u00fablica hizo de Anselmo Estand\u00eda Colom, Graciela Tejeda Mart\u00ednez y Felipe [&hellip;]\" \/>\n<meta property=\"og:url\" content=\"https:\/\/lospoliticosveracruz.com\/?p=28146\" \/>\n<meta property=\"og:site_name\" content=\"Los pol\u00edticos Veracruz\" \/>\n<meta property=\"article:publisher\" content=\"https:\/\/www.facebook.com\/people\/Notimemes-de-los-Polticos\/61565672886568\/\" \/>\n<meta property=\"article:published_time\" content=\"2016-11-21T01:26:50+00:00\" \/>\n<meta property=\"og:image\" content=\"https:\/\/lospoliticosveracruz.com\/wp-content\/uploads\/2016\/07\/Logo-Dor.jpg\" \/>\n\t<meta property=\"og:image:width\" content=\"200\" \/>\n\t<meta property=\"og:image:height\" content=\"200\" \/>\n\t<meta property=\"og:image:type\" content=\"image\/jpeg\" \/>\n<meta name=\"author\" content=\"Lo viste en Los Pol\u00edticos\" \/>\n<meta name=\"twitter:card\" content=\"summary_large_image\" \/>\n<meta name=\"twitter:creator\" content=\"@LosPoliticosVer\" \/>\n<meta name=\"twitter:site\" content=\"@LosPoliticosVer\" \/>\n<meta name=\"twitter:label1\" content=\"Escrito por\" \/>\n\t<meta name=\"twitter:data1\" content=\"Lo viste en Los Pol\u00edticos\" \/>\n\t<meta name=\"twitter:label2\" content=\"Tiempo de lectura\" \/>\n\t<meta name=\"twitter:data2\" content=\"6 minutos\" \/>\n<script type=\"application\/ld+json\" class=\"yoast-schema-graph\">{\"@context\":\"https:\\\/\\\/schema.org\",\"@graph\":[{\"@type\":\"Article\",\"@id\":\"https:\\\/\\\/lospoliticosveracruz.com\\\/?p=28146#article\",\"isPartOf\":{\"@id\":\"https:\\\/\\\/lospoliticosveracruz.com\\\/?p=28146\"},\"author\":{\"name\":\"Lo viste en Los Pol\u00edticos\",\"@id\":\"https:\\\/\\\/lospoliticosveracruz.com\\\/#\\\/schema\\\/person\\\/b8702bb0e538456e6efd07080bf2a4a2\"},\"headline\":\"Detenidos, con apoyo moral, hasta de la iglesia\",\"datePublished\":\"2016-11-21T01:26:50+00:00\",\"mainEntityOfPage\":{\"@id\":\"https:\\\/\\\/lospoliticosveracruz.com\\\/?p=28146\"},\"wordCount\":1260,\"commentCount\":0,\"publisher\":{\"@id\":\"https:\\\/\\\/lospoliticosveracruz.com\\\/#organization\"},\"keywords\":[\"Felipe Amadeo Flores Espinosa\",\"Felipe Sosa\",\"Graciela Tejeda Mart\u00ednez\",\"PRI\"],\"articleSection\":[\"De Opini\u00f3n\"],\"inLanguage\":\"es\",\"potentialAction\":[{\"@type\":\"CommentAction\",\"name\":\"Comment\",\"target\":[\"https:\\\/\\\/lospoliticosveracruz.com\\\/?p=28146#respond\"]}]},{\"@type\":\"WebPage\",\"@id\":\"https:\\\/\\\/lospoliticosveracruz.com\\\/?p=28146\",\"url\":\"https:\\\/\\\/lospoliticosveracruz.com\\\/?p=28146\",\"name\":\"Detenidos, con apoyo moral, hasta de la iglesia - Los pol\u00edticos Veracruz\",\"isPartOf\":{\"@id\":\"https:\\\/\\\/lospoliticosveracruz.com\\\/#website\"},\"datePublished\":\"2016-11-21T01:26:50+00:00\",\"breadcrumb\":{\"@id\":\"https:\\\/\\\/lospoliticosveracruz.com\\\/?p=28146#breadcrumb\"},\"inLanguage\":\"es\",\"potentialAction\":[{\"@type\":\"ReadAction\",\"target\":[\"https:\\\/\\\/lospoliticosveracruz.com\\\/?p=28146\"]}]},{\"@type\":\"BreadcrumbList\",\"@id\":\"https:\\\/\\\/lospoliticosveracruz.com\\\/?p=28146#breadcrumb\",\"itemListElement\":[{\"@type\":\"ListItem\",\"position\":1,\"name\":\"Portada\",\"item\":\"https:\\\/\\\/lospoliticosveracruz.com\\\/\"},{\"@type\":\"ListItem\",\"position\":2,\"name\":\"Detenidos, con apoyo moral, hasta de la iglesia\"}]},{\"@type\":\"WebSite\",\"@id\":\"https:\\\/\\\/lospoliticosveracruz.com\\\/#website\",\"url\":\"https:\\\/\\\/lospoliticosveracruz.com\\\/\",\"name\":\"Los pol\u00edticos Veracruz\",\"description\":\"\",\"publisher\":{\"@id\":\"https:\\\/\\\/lospoliticosveracruz.com\\\/#organization\"},\"potentialAction\":[{\"@type\":\"SearchAction\",\"target\":{\"@type\":\"EntryPoint\",\"urlTemplate\":\"https:\\\/\\\/lospoliticosveracruz.com\\\/?s={search_term_string}\"},\"query-input\":{\"@type\":\"PropertyValueSpecification\",\"valueRequired\":true,\"valueName\":\"search_term_string\"}}],\"inLanguage\":\"es\"},{\"@type\":\"Organization\",\"@id\":\"https:\\\/\\\/lospoliticosveracruz.com\\\/#organization\",\"name\":\"Los pol\u00edticos Veracruz\",\"url\":\"https:\\\/\\\/lospoliticosveracruz.com\\\/\",\"logo\":{\"@type\":\"ImageObject\",\"inLanguage\":\"es\",\"@id\":\"https:\\\/\\\/lospoliticosveracruz.com\\\/#\\\/schema\\\/logo\\\/image\\\/\",\"url\":\"https:\\\/\\\/lospoliticosveracruz.com\\\/wp-content\\\/uploads\\\/2025\\\/12\\\/Logo-Nuevo-LOS-POLITICOS-1.jpg\",\"contentUrl\":\"https:\\\/\\\/lospoliticosveracruz.com\\\/wp-content\\\/uploads\\\/2025\\\/12\\\/Logo-Nuevo-LOS-POLITICOS-1.jpg\",\"width\":260,\"height\":70,\"caption\":\"Los pol\u00edticos Veracruz\"},\"image\":{\"@id\":\"https:\\\/\\\/lospoliticosveracruz.com\\\/#\\\/schema\\\/logo\\\/image\\\/\"},\"sameAs\":[\"https:\\\/\\\/www.facebook.com\\\/people\\\/Notimemes-de-los-Polticos\\\/61565672886568\\\/\",\"https:\\\/\\\/x.com\\\/LosPoliticosVer\"]},{\"@type\":\"Person\",\"@id\":\"https:\\\/\\\/lospoliticosveracruz.com\\\/#\\\/schema\\\/person\\\/b8702bb0e538456e6efd07080bf2a4a2\",\"name\":\"Lo viste en Los Pol\u00edticos\",\"image\":{\"@type\":\"ImageObject\",\"inLanguage\":\"es\",\"@id\":\"https:\\\/\\\/secure.gravatar.com\\\/avatar\\\/3a8de04a2656d44082be478bd6c086daa447c4651605818287b9532d3d0bd435?s=96&d=mm&r=g\",\"url\":\"https:\\\/\\\/secure.gravatar.com\\\/avatar\\\/3a8de04a2656d44082be478bd6c086daa447c4651605818287b9532d3d0bd435?s=96&d=mm&r=g\",\"contentUrl\":\"https:\\\/\\\/secure.gravatar.com\\\/avatar\\\/3a8de04a2656d44082be478bd6c086daa447c4651605818287b9532d3d0bd435?s=96&d=mm&r=g\",\"caption\":\"Lo viste en Los Pol\u00edticos\"},\"url\":\"https:\\\/\\\/lospoliticosveracruz.com\\\/?author=2\"}]}<\/script>\n<!-- \/ Yoast SEO plugin. -->","yoast_head_json":{"title":"Detenidos, con apoyo moral, hasta de la iglesia - Los pol\u00edticos Veracruz","robots":{"index":"index","follow":"follow","max-snippet":"max-snippet:-1","max-image-preview":"max-image-preview:large","max-video-preview":"max-video-preview:-1"},"canonical":"https:\/\/lospoliticosveracruz.com\/?p=28146","og_locale":"es_ES","og_type":"article","og_title":"Detenidos, con apoyo moral, hasta de la iglesia - Los pol\u00edticos Veracruz","og_description":"Fanny Y\u00e9pez La Columna Si alguien incurre en un delito deber\u00e1 pagar las consecuencias, eso me queda claro, que ser\u00e1n las autoridades correspondientes las que deslindar\u00e1n responsabilidades y determinar\u00e1n cual ser\u00e1 la pena para esa persona. La detenci\u00f3n que la Procuradur\u00eda General de la Rep\u00fablica hizo de Anselmo Estand\u00eda Colom, Graciela Tejeda Mart\u00ednez y Felipe [&hellip;]","og_url":"https:\/\/lospoliticosveracruz.com\/?p=28146","og_site_name":"Los pol\u00edticos Veracruz","article_publisher":"https:\/\/www.facebook.com\/people\/Notimemes-de-los-Polticos\/61565672886568\/","article_published_time":"2016-11-21T01:26:50+00:00","og_image":[{"width":200,"height":200,"url":"https:\/\/lospoliticosveracruz.com\/wp-content\/uploads\/2016\/07\/Logo-Dor.jpg","type":"image\/jpeg"}],"author":"Lo viste en Los Pol\u00edticos","twitter_card":"summary_large_image","twitter_creator":"@LosPoliticosVer","twitter_site":"@LosPoliticosVer","twitter_misc":{"Escrito por":"Lo viste en Los Pol\u00edticos","Tiempo de lectura":"6 minutos"},"schema":{"@context":"https:\/\/schema.org","@graph":[{"@type":"Article","@id":"https:\/\/lospoliticosveracruz.com\/?p=28146#article","isPartOf":{"@id":"https:\/\/lospoliticosveracruz.com\/?p=28146"},"author":{"name":"Lo viste en Los Pol\u00edticos","@id":"https:\/\/lospoliticosveracruz.com\/#\/schema\/person\/b8702bb0e538456e6efd07080bf2a4a2"},"headline":"Detenidos, con apoyo moral, hasta de la iglesia","datePublished":"2016-11-21T01:26:50+00:00","mainEntityOfPage":{"@id":"https:\/\/lospoliticosveracruz.com\/?p=28146"},"wordCount":1260,"commentCount":0,"publisher":{"@id":"https:\/\/lospoliticosveracruz.com\/#organization"},"keywords":["Felipe Amadeo Flores Espinosa","Felipe Sosa","Graciela Tejeda Mart\u00ednez","PRI"],"articleSection":["De Opini\u00f3n"],"inLanguage":"es","potentialAction":[{"@type":"CommentAction","name":"Comment","target":["https:\/\/lospoliticosveracruz.com\/?p=28146#respond"]}]},{"@type":"WebPage","@id":"https:\/\/lospoliticosveracruz.com\/?p=28146","url":"https:\/\/lospoliticosveracruz.com\/?p=28146","name":"Detenidos, con apoyo moral, hasta de la iglesia - Los pol\u00edticos Veracruz","isPartOf":{"@id":"https:\/\/lospoliticosveracruz.com\/#website"},"datePublished":"2016-11-21T01:26:50+00:00","breadcrumb":{"@id":"https:\/\/lospoliticosveracruz.com\/?p=28146#breadcrumb"},"inLanguage":"es","potentialAction":[{"@type":"ReadAction","target":["https:\/\/lospoliticosveracruz.com\/?p=28146"]}]},{"@type":"BreadcrumbList","@id":"https:\/\/lospoliticosveracruz.com\/?p=28146#breadcrumb","itemListElement":[{"@type":"ListItem","position":1,"name":"Portada","item":"https:\/\/lospoliticosveracruz.com\/"},{"@type":"ListItem","position":2,"name":"Detenidos, con apoyo moral, hasta de la iglesia"}]},{"@type":"WebSite","@id":"https:\/\/lospoliticosveracruz.com\/#website","url":"https:\/\/lospoliticosveracruz.com\/","name":"Los pol\u00edticos Veracruz","description":"","publisher":{"@id":"https:\/\/lospoliticosveracruz.com\/#organization"},"potentialAction":[{"@type":"SearchAction","target":{"@type":"EntryPoint","urlTemplate":"https:\/\/lospoliticosveracruz.com\/?s={search_term_string}"},"query-input":{"@type":"PropertyValueSpecification","valueRequired":true,"valueName":"search_term_string"}}],"inLanguage":"es"},{"@type":"Organization","@id":"https:\/\/lospoliticosveracruz.com\/#organization","name":"Los pol\u00edticos Veracruz","url":"https:\/\/lospoliticosveracruz.com\/","logo":{"@type":"ImageObject","inLanguage":"es","@id":"https:\/\/lospoliticosveracruz.com\/#\/schema\/logo\/image\/","url":"https:\/\/lospoliticosveracruz.com\/wp-content\/uploads\/2025\/12\/Logo-Nuevo-LOS-POLITICOS-1.jpg","contentUrl":"https:\/\/lospoliticosveracruz.com\/wp-content\/uploads\/2025\/12\/Logo-Nuevo-LOS-POLITICOS-1.jpg","width":260,"height":70,"caption":"Los pol\u00edticos Veracruz"},"image":{"@id":"https:\/\/lospoliticosveracruz.com\/#\/schema\/logo\/image\/"},"sameAs":["https:\/\/www.facebook.com\/people\/Notimemes-de-los-Polticos\/61565672886568\/","https:\/\/x.com\/LosPoliticosVer"]},{"@type":"Person","@id":"https:\/\/lospoliticosveracruz.com\/#\/schema\/person\/b8702bb0e538456e6efd07080bf2a4a2","name":"Lo viste en Los Pol\u00edticos","image":{"@type":"ImageObject","inLanguage":"es","@id":"https:\/\/secure.gravatar.com\/avatar\/3a8de04a2656d44082be478bd6c086daa447c4651605818287b9532d3d0bd435?s=96&d=mm&r=g","url":"https:\/\/secure.gravatar.com\/avatar\/3a8de04a2656d44082be478bd6c086daa447c4651605818287b9532d3d0bd435?s=96&d=mm&r=g","contentUrl":"https:\/\/secure.gravatar.com\/avatar\/3a8de04a2656d44082be478bd6c086daa447c4651605818287b9532d3d0bd435?s=96&d=mm&r=g","caption":"Lo viste en Los Pol\u00edticos"},"url":"https:\/\/lospoliticosveracruz.com\/?author=2"}]}},"_links":{"self":[{"href":"https:\/\/lospoliticosveracruz.com\/index.php?rest_route=\/wp\/v2\/posts\/28146","targetHints":{"allow":["GET"]}}],"collection":[{"href":"https:\/\/lospoliticosveracruz.com\/index.php?rest_route=\/wp\/v2\/posts"}],"about":[{"href":"https:\/\/lospoliticosveracruz.com\/index.php?rest_route=\/wp\/v2\/types\/post"}],"author":[{"embeddable":true,"href":"https:\/\/lospoliticosveracruz.com\/index.php?rest_route=\/wp\/v2\/users\/2"}],"replies":[{"embeddable":true,"href":"https:\/\/lospoliticosveracruz.com\/index.php?rest_route=%2Fwp%2Fv2%2Fcomments&post=28146"}],"version-history":[{"count":1,"href":"https:\/\/lospoliticosveracruz.com\/index.php?rest_route=\/wp\/v2\/posts\/28146\/revisions"}],"predecessor-version":[{"id":28153,"href":"https:\/\/lospoliticosveracruz.com\/index.php?rest_route=\/wp\/v2\/posts\/28146\/revisions\/28153"}],"wp:attachment":[{"href":"https:\/\/lospoliticosveracruz.com\/index.php?rest_route=%2Fwp%2Fv2%2Fmedia&parent=28146"}],"wp:term":[{"taxonomy":"category","embeddable":true,"href":"https:\/\/lospoliticosveracruz.com\/index.php?rest_route=%2Fwp%2Fv2%2Fcategories&post=28146"},{"taxonomy":"post_tag","embeddable":true,"href":"https:\/\/lospoliticosveracruz.com\/index.php?rest_route=%2Fwp%2Fv2%2Ftags&post=28146"}],"curies":[{"name":"wp","href":"https:\/\/api.w.org\/{rel}","templated":true}]}}