{"id":28160,"date":"2016-11-24T00:25:27","date_gmt":"2016-11-24T06:25:27","guid":{"rendered":"http:\/\/www.lospoliticosveracruz.com.mx\/?p=28160"},"modified":"2016-11-24T00:25:27","modified_gmt":"2016-11-24T06:25:27","slug":"los-dos-caminos-de-sedesol","status":"publish","type":"post","link":"https:\/\/lospoliticosveracruz.com\/?p=28160","title":{"rendered":"Los dos caminos de Sedesol"},"content":{"rendered":"<p><strong>Salvador Mu\u00f1oz<\/strong><\/p>\n<p><em>Los Pol\u00edticos<\/em><\/p>\n<p>Al final, los dineros de Sedesol del Estado se bifurcan\u2026 por un lado, hacia Sefiplan, dependencia que no entreg\u00f3 los recursos; por otro lado, hacia los antecesores de Alfredo Ferrari Saavedra, quien compareci\u00f3 ante el Congreso local donde hubo de todo, desde la menci\u00f3n de los famosos \u201cLadrones de Elecciones\u201d, un concurso de discursos por parte de los legisladores \u00a1hasta chileatole!, dijera la diputada Yazm\u00edn Copete Zapot.<br \/>\n* Quien de plano le puso sabor a la comparecencia fue el diputado Marco Antonio N\u00fa\u00f1ez L\u00f3pez, intrigado por el men\u00fa que se da en los comedores as\u00ed como el n\u00famero de calor\u00edas que hay los platillos. Su preocupaci\u00f3n estriba en cuidar que haya una dieta balanceada porque \u201clo sabroso es lo grasoso\u201d&#8230;<br \/>\n* Una pregunta recurrente fue sobre las empresas fantasma por la mayor\u00eda de los diputados que intervinieron, y la respuesta m\u00e1s concreta que se pudo dar por parte del secretario de Sedesol es que \u201cya fueron convocados a audiencia para pruebas y alegatos los anteriores titulares\u201d, \u00a1claro! No precis\u00f3 cu\u00e1les porque a ojo de buen cubero baste recordar que hubo antes tres: Ranulfo M\u00e1rquez Hern\u00e1ndez, Alberto Silva Ramos y Jorge Carvallo Delf\u00edn.<br \/>\n* En parte de los programas que mantiene Sedesol para combatir la pobreza, est\u00e1n los huertos familiares, lo que sirvi\u00f3 para que se hiciera un juego de palabras con los \u201cHuertos\u201d: Se combate pobreza con HUERTOS familiares \u00bfAlex HUERTA del Valle con sus HURTOS mantiene el combate a la pobreza?<br \/>\n* Uno de los datos interesantes en torno a las empresas fantasma, tema recurrente, es que su conformaci\u00f3n es materia fiscal; su integraci\u00f3n, materia de Sefiplan, por lo que habr\u00eda que ver qui\u00e9n meti\u00f3 a esas empresas fantasma al padr\u00f3n del Gobierno estatal.<br \/>\n* De los diputados a los que agrad\u00f3 la sinceridad de Alfredo Ferrari Saavedra, quien acept\u00f3 que no salieron bien las cosas, fue Jos\u00e9 Kirsch S\u00e1nchez.<br \/>\n* Al constante cuestionamiento si Alfredo Ferrari o miembros de su secretar\u00eda han sido investigados por parte de alguna autoridad respecto a las empresas fantasma, el boque\u00f1o respondi\u00f3 que no es investigado por autoridad alguna aunque \u201cla Secretar\u00eda ha colaborado ante requerimientos de la PGR para coadyuvar a la investigaci\u00f3n\u201d.<br \/>\n* Siendo m\u00e1s precisos, dijo Ferrari qu hay denuncias contra servidores p\u00fablicos que fungieron en la Secretar\u00eda entre 2012 y 2013<br \/>\n* El diputado Rodrigo Garc\u00eda Escalante fue muy severo al referir que las empresas fantasma de Sedesol son las mismas que hubo en la Coordinaci\u00f3n General de Comunicaci\u00f3n Social \u00a1por el mismo personaje! (no estoy seguro si dijo \u201coscuro personaje\u201d).<br \/>\n* El diputado Manuel Francisco Mart\u00ednez Mart\u00ednez, quien refiri\u00f3 que cuando ni\u00f1o andaba descalzo (me record\u00f3 a Alba Leonila Herrera), sac\u00f3 al balc\u00f3n a Juan Carlos Rodr\u00edguez Garc\u00eda y a su hom\u00f3logo Vicente Ben\u00edtez Gonz\u00e1lez, a quienes calific\u00f3 como c\u00f3mplices de Alberto Silva Ramos. Por cierto, mand\u00f3 un mensaje el legislador por el distrito de Tantoyuca para recordarles a algunos comparecientes que ya se les pasaron las 48 horas para entregar la documentaci\u00f3n comprometida.<br \/>\n* Para el anecdotario: La presidenta de la Comisi\u00f3n, Yazm\u00edn Copete Zapot, rega\u00f1a a Alfredo Ferrari, quien ten\u00eda el uso de la voz y es interrumpido por la diputada Mariana Dunyaska para recordarle uno de sus cuestionamientos.<br \/>\n* La mayor\u00eda de las intervenciones de los diputados se pierden en peroratas; lo bueno es que los asesores est\u00e1n desquitando su salario.<br \/>\n* Entre lo que es competencia del DIF Estatal, de Sefiplan, de Sedesol federal y del estado, para la diputada Yazm\u00edn Copete Zapot, Alfredo Ferrari le hizo \u201c\u00a1un chileatole!\u201d; aunque eso s\u00ed, aprovech\u00f3 para recordar aquella ocasi\u00f3n que hab\u00eda otro titular en dicha dependencia, y al acudir all\u00ed, una mujer (presente en la comparecencia), le tom\u00f3 una fotograf\u00eda y se manej\u00f3 una informaci\u00f3n distorsionada a lo que realmente fue\u2026 no quiso dar el nombre de la dama-fot\u00f3grafa presente.<br \/>\n* Al final, como se dijo al principio\u2026 si hay algo que aclarar y buscar en torno al desv\u00edo o ausencia de recursos, es cuesti\u00f3n de seguir el caminito de los antecesores y en una de \u00e9sas, hasta se llega a Sefiplan\u2026<\/p>\n<p>\u00a1Dulces noticias!<br \/>\nCasi 1 mil 500 millones de pesos es la derrama econ\u00f3mica que a partir de ayer empieza a darse en Veracruz gracias al remanente que se entrega a productores de ca\u00f1a por la zafra 2015-16, informaron Juan Carlos Molina Palacios y Jos\u00e9 Luis Hern\u00e1ndez Caba\u00f1as, dirigente de la CNC y jefe del Departamento T\u00e9cnico de dicha organizaci\u00f3n, respectivamente.<br \/>\nEste remanente beneficiar\u00e1 a un mill\u00f3n de veracruzanos que viven de la ca\u00f1a y el az\u00facar y son quienes trabajan en torno a los 18 ingenios que hay en la entidad.<br \/>\nEl beneficio adicional que desde ayer hasta el quince de diciembre se ha de entregar, tiene repercusi\u00f3n en algunas zonas donde la derrama econ\u00f3mica ha de considerarse sumamente importante; por ejemplo, en la Cuenca del Papaloapan, que tiene el San Crist\u00f3bal y Tres Valles; entre estos dos suman casi 400 millones de pesos los que han de recibir los involucrados en la ca\u00f1a.<br \/>\nEn la zona de Cardel, con El Modelo y La Gloria, la derrama ser\u00e1 por aproximados 200 millones de pesos.<br \/>\nLa recomendaci\u00f3n del l\u00edder de la CNC es que los ca\u00f1eros reinviertan en fertilizantes, que cuiden su dinero, lo aprovechen en aras de tener mejores ca\u00f1as y seguir siendo parte de esta gran industria y mantener en lo alto el nombre de Veracruz, m\u00e1s en estos tiempos de crisis; baste recordar que la entidad aporta a nivel nacional el 40 por ciento de la producci\u00f3n de az\u00facar.<br \/>\nMolina Palacios, de los pocos que dan buenas noticias para Veracruz.<\/p>\n<p>smcainito@gmail.com<\/p>\n","protected":false},"excerpt":{"rendered":"<p>Salvador Mu\u00f1oz Los Pol\u00edticos Al final, los dineros de Sedesol del Estado se bifurcan\u2026 por un lado, hacia Sefiplan, dependencia que no entreg\u00f3 los recursos; por otro lado, hacia los antecesores de Alfredo Ferrari Saavedra, quien compareci\u00f3 ante el Congreso local donde hubo de todo, desde la menci\u00f3n de los famosos \u201cLadrones de Elecciones\u201d, un [&hellip;]<\/p>\n","protected":false},"author":2,"featured_media":0,"comment_status":"open","ping_status":"open","sticky":false,"template":"","format":"standard","meta":{"tdm_status":"","tdm_grid_status":"","footnotes":""},"categories":[70],"tags":[1378,6785,715,5462],"class_list":{"0":"post-28160","1":"post","2":"type-post","3":"status-publish","4":"format-standard","6":"category-de-opinion","7":"tag-alfredo-ferrari-saavedra","8":"tag-marco-antonio-nunez-lopez","9":"tag-sedesol","10":"tag-yazmin-copete-zapot"},"yoast_head":"<!-- This site is optimized with the Yoast SEO plugin v27.4 - https:\/\/yoast.com\/product\/yoast-seo-wordpress\/ -->\n<title>Los dos caminos de Sedesol - Los pol\u00edticos Veracruz<\/title>\n<meta name=\"robots\" content=\"index, follow, max-snippet:-1, max-image-preview:large, max-video-preview:-1\" \/>\n<link rel=\"canonical\" href=\"https:\/\/lospoliticosveracruz.com\/?p=28160\" \/>\n<meta property=\"og:locale\" content=\"es_ES\" \/>\n<meta property=\"og:type\" content=\"article\" \/>\n<meta property=\"og:title\" content=\"Los dos caminos de Sedesol - Los pol\u00edticos Veracruz\" \/>\n<meta property=\"og:description\" content=\"Salvador Mu\u00f1oz Los Pol\u00edticos Al final, los dineros de Sedesol del Estado se bifurcan\u2026 por un lado, hacia Sefiplan, dependencia que no entreg\u00f3 los recursos; por otro lado, hacia los antecesores de Alfredo Ferrari Saavedra, quien compareci\u00f3 ante el Congreso local donde hubo de todo, desde la menci\u00f3n de los famosos \u201cLadrones de Elecciones\u201d, un [&hellip;]\" \/>\n<meta property=\"og:url\" content=\"https:\/\/lospoliticosveracruz.com\/?p=28160\" \/>\n<meta property=\"og:site_name\" content=\"Los pol\u00edticos Veracruz\" \/>\n<meta property=\"article:publisher\" content=\"https:\/\/www.facebook.com\/people\/Notimemes-de-los-Polticos\/61565672886568\/\" \/>\n<meta property=\"article:published_time\" content=\"2016-11-24T06:25:27+00:00\" \/>\n<meta property=\"og:image\" content=\"https:\/\/lospoliticosveracruz.com\/wp-content\/uploads\/2016\/07\/Logo-Dor.jpg\" \/>\n\t<meta property=\"og:image:width\" content=\"200\" \/>\n\t<meta property=\"og:image:height\" content=\"200\" \/>\n\t<meta property=\"og:image:type\" content=\"image\/jpeg\" \/>\n<meta name=\"author\" content=\"Lo viste en Los Pol\u00edticos\" \/>\n<meta name=\"twitter:card\" content=\"summary_large_image\" \/>\n<meta name=\"twitter:creator\" content=\"@LosPoliticosVer\" \/>\n<meta name=\"twitter:site\" content=\"@LosPoliticosVer\" \/>\n<meta name=\"twitter:label1\" content=\"Escrito por\" \/>\n\t<meta name=\"twitter:data1\" content=\"Lo viste en Los Pol\u00edticos\" \/>\n\t<meta name=\"twitter:label2\" content=\"Tiempo de lectura\" \/>\n\t<meta name=\"twitter:data2\" content=\"5 minutos\" \/>\n<script type=\"application\/ld+json\" class=\"yoast-schema-graph\">{\"@context\":\"https:\\\/\\\/schema.org\",\"@graph\":[{\"@type\":\"Article\",\"@id\":\"https:\\\/\\\/lospoliticosveracruz.com\\\/?p=28160#article\",\"isPartOf\":{\"@id\":\"https:\\\/\\\/lospoliticosveracruz.com\\\/?p=28160\"},\"author\":{\"name\":\"Lo viste en Los Pol\u00edticos\",\"@id\":\"https:\\\/\\\/lospoliticosveracruz.com\\\/#\\\/schema\\\/person\\\/b8702bb0e538456e6efd07080bf2a4a2\"},\"headline\":\"Los dos caminos de Sedesol\",\"datePublished\":\"2016-11-24T06:25:27+00:00\",\"mainEntityOfPage\":{\"@id\":\"https:\\\/\\\/lospoliticosveracruz.com\\\/?p=28160\"},\"wordCount\":995,\"commentCount\":0,\"publisher\":{\"@id\":\"https:\\\/\\\/lospoliticosveracruz.com\\\/#organization\"},\"keywords\":[\"Alfredo Ferrari Saavedra\",\"Marco Antonio N\u00fa\u00f1ez L\u00f3pez\",\"Sedesol\",\"Yazm\u00edn Copete Zapot\"],\"articleSection\":[\"De Opini\u00f3n\"],\"inLanguage\":\"es\",\"potentialAction\":[{\"@type\":\"CommentAction\",\"name\":\"Comment\",\"target\":[\"https:\\\/\\\/lospoliticosveracruz.com\\\/?p=28160#respond\"]}]},{\"@type\":\"WebPage\",\"@id\":\"https:\\\/\\\/lospoliticosveracruz.com\\\/?p=28160\",\"url\":\"https:\\\/\\\/lospoliticosveracruz.com\\\/?p=28160\",\"name\":\"Los dos caminos de Sedesol - Los pol\u00edticos Veracruz\",\"isPartOf\":{\"@id\":\"https:\\\/\\\/lospoliticosveracruz.com\\\/#website\"},\"datePublished\":\"2016-11-24T06:25:27+00:00\",\"breadcrumb\":{\"@id\":\"https:\\\/\\\/lospoliticosveracruz.com\\\/?p=28160#breadcrumb\"},\"inLanguage\":\"es\",\"potentialAction\":[{\"@type\":\"ReadAction\",\"target\":[\"https:\\\/\\\/lospoliticosveracruz.com\\\/?p=28160\"]}]},{\"@type\":\"BreadcrumbList\",\"@id\":\"https:\\\/\\\/lospoliticosveracruz.com\\\/?p=28160#breadcrumb\",\"itemListElement\":[{\"@type\":\"ListItem\",\"position\":1,\"name\":\"Portada\",\"item\":\"https:\\\/\\\/lospoliticosveracruz.com\\\/\"},{\"@type\":\"ListItem\",\"position\":2,\"name\":\"Los dos caminos de Sedesol\"}]},{\"@type\":\"WebSite\",\"@id\":\"https:\\\/\\\/lospoliticosveracruz.com\\\/#website\",\"url\":\"https:\\\/\\\/lospoliticosveracruz.com\\\/\",\"name\":\"Los pol\u00edticos Veracruz\",\"description\":\"\",\"publisher\":{\"@id\":\"https:\\\/\\\/lospoliticosveracruz.com\\\/#organization\"},\"potentialAction\":[{\"@type\":\"SearchAction\",\"target\":{\"@type\":\"EntryPoint\",\"urlTemplate\":\"https:\\\/\\\/lospoliticosveracruz.com\\\/?s={search_term_string}\"},\"query-input\":{\"@type\":\"PropertyValueSpecification\",\"valueRequired\":true,\"valueName\":\"search_term_string\"}}],\"inLanguage\":\"es\"},{\"@type\":\"Organization\",\"@id\":\"https:\\\/\\\/lospoliticosveracruz.com\\\/#organization\",\"name\":\"Los pol\u00edticos Veracruz\",\"url\":\"https:\\\/\\\/lospoliticosveracruz.com\\\/\",\"logo\":{\"@type\":\"ImageObject\",\"inLanguage\":\"es\",\"@id\":\"https:\\\/\\\/lospoliticosveracruz.com\\\/#\\\/schema\\\/logo\\\/image\\\/\",\"url\":\"https:\\\/\\\/lospoliticosveracruz.com\\\/wp-content\\\/uploads\\\/2025\\\/12\\\/Logo-Nuevo-LOS-POLITICOS-1.jpg\",\"contentUrl\":\"https:\\\/\\\/lospoliticosveracruz.com\\\/wp-content\\\/uploads\\\/2025\\\/12\\\/Logo-Nuevo-LOS-POLITICOS-1.jpg\",\"width\":260,\"height\":70,\"caption\":\"Los pol\u00edticos Veracruz\"},\"image\":{\"@id\":\"https:\\\/\\\/lospoliticosveracruz.com\\\/#\\\/schema\\\/logo\\\/image\\\/\"},\"sameAs\":[\"https:\\\/\\\/www.facebook.com\\\/people\\\/Notimemes-de-los-Polticos\\\/61565672886568\\\/\",\"https:\\\/\\\/x.com\\\/LosPoliticosVer\"]},{\"@type\":\"Person\",\"@id\":\"https:\\\/\\\/lospoliticosveracruz.com\\\/#\\\/schema\\\/person\\\/b8702bb0e538456e6efd07080bf2a4a2\",\"name\":\"Lo viste en Los Pol\u00edticos\",\"image\":{\"@type\":\"ImageObject\",\"inLanguage\":\"es\",\"@id\":\"https:\\\/\\\/secure.gravatar.com\\\/avatar\\\/3a8de04a2656d44082be478bd6c086daa447c4651605818287b9532d3d0bd435?s=96&d=mm&r=g\",\"url\":\"https:\\\/\\\/secure.gravatar.com\\\/avatar\\\/3a8de04a2656d44082be478bd6c086daa447c4651605818287b9532d3d0bd435?s=96&d=mm&r=g\",\"contentUrl\":\"https:\\\/\\\/secure.gravatar.com\\\/avatar\\\/3a8de04a2656d44082be478bd6c086daa447c4651605818287b9532d3d0bd435?s=96&d=mm&r=g\",\"caption\":\"Lo viste en Los Pol\u00edticos\"},\"url\":\"https:\\\/\\\/lospoliticosveracruz.com\\\/?author=2\"}]}<\/script>\n<!-- \/ Yoast SEO plugin. -->","yoast_head_json":{"title":"Los dos caminos de Sedesol - Los pol\u00edticos Veracruz","robots":{"index":"index","follow":"follow","max-snippet":"max-snippet:-1","max-image-preview":"max-image-preview:large","max-video-preview":"max-video-preview:-1"},"canonical":"https:\/\/lospoliticosveracruz.com\/?p=28160","og_locale":"es_ES","og_type":"article","og_title":"Los dos caminos de Sedesol - Los pol\u00edticos Veracruz","og_description":"Salvador Mu\u00f1oz Los Pol\u00edticos Al final, los dineros de Sedesol del Estado se bifurcan\u2026 por un lado, hacia Sefiplan, dependencia que no entreg\u00f3 los recursos; por otro lado, hacia los antecesores de Alfredo Ferrari Saavedra, quien compareci\u00f3 ante el Congreso local donde hubo de todo, desde la menci\u00f3n de los famosos \u201cLadrones de Elecciones\u201d, un [&hellip;]","og_url":"https:\/\/lospoliticosveracruz.com\/?p=28160","og_site_name":"Los pol\u00edticos Veracruz","article_publisher":"https:\/\/www.facebook.com\/people\/Notimemes-de-los-Polticos\/61565672886568\/","article_published_time":"2016-11-24T06:25:27+00:00","og_image":[{"width":200,"height":200,"url":"https:\/\/lospoliticosveracruz.com\/wp-content\/uploads\/2016\/07\/Logo-Dor.jpg","type":"image\/jpeg"}],"author":"Lo viste en Los Pol\u00edticos","twitter_card":"summary_large_image","twitter_creator":"@LosPoliticosVer","twitter_site":"@LosPoliticosVer","twitter_misc":{"Escrito por":"Lo viste en Los Pol\u00edticos","Tiempo de lectura":"5 minutos"},"schema":{"@context":"https:\/\/schema.org","@graph":[{"@type":"Article","@id":"https:\/\/lospoliticosveracruz.com\/?p=28160#article","isPartOf":{"@id":"https:\/\/lospoliticosveracruz.com\/?p=28160"},"author":{"name":"Lo viste en Los Pol\u00edticos","@id":"https:\/\/lospoliticosveracruz.com\/#\/schema\/person\/b8702bb0e538456e6efd07080bf2a4a2"},"headline":"Los dos caminos de Sedesol","datePublished":"2016-11-24T06:25:27+00:00","mainEntityOfPage":{"@id":"https:\/\/lospoliticosveracruz.com\/?p=28160"},"wordCount":995,"commentCount":0,"publisher":{"@id":"https:\/\/lospoliticosveracruz.com\/#organization"},"keywords":["Alfredo Ferrari Saavedra","Marco Antonio N\u00fa\u00f1ez L\u00f3pez","Sedesol","Yazm\u00edn Copete Zapot"],"articleSection":["De Opini\u00f3n"],"inLanguage":"es","potentialAction":[{"@type":"CommentAction","name":"Comment","target":["https:\/\/lospoliticosveracruz.com\/?p=28160#respond"]}]},{"@type":"WebPage","@id":"https:\/\/lospoliticosveracruz.com\/?p=28160","url":"https:\/\/lospoliticosveracruz.com\/?p=28160","name":"Los dos caminos de Sedesol - Los pol\u00edticos Veracruz","isPartOf":{"@id":"https:\/\/lospoliticosveracruz.com\/#website"},"datePublished":"2016-11-24T06:25:27+00:00","breadcrumb":{"@id":"https:\/\/lospoliticosveracruz.com\/?p=28160#breadcrumb"},"inLanguage":"es","potentialAction":[{"@type":"ReadAction","target":["https:\/\/lospoliticosveracruz.com\/?p=28160"]}]},{"@type":"BreadcrumbList","@id":"https:\/\/lospoliticosveracruz.com\/?p=28160#breadcrumb","itemListElement":[{"@type":"ListItem","position":1,"name":"Portada","item":"https:\/\/lospoliticosveracruz.com\/"},{"@type":"ListItem","position":2,"name":"Los dos caminos de Sedesol"}]},{"@type":"WebSite","@id":"https:\/\/lospoliticosveracruz.com\/#website","url":"https:\/\/lospoliticosveracruz.com\/","name":"Los pol\u00edticos Veracruz","description":"","publisher":{"@id":"https:\/\/lospoliticosveracruz.com\/#organization"},"potentialAction":[{"@type":"SearchAction","target":{"@type":"EntryPoint","urlTemplate":"https:\/\/lospoliticosveracruz.com\/?s={search_term_string}"},"query-input":{"@type":"PropertyValueSpecification","valueRequired":true,"valueName":"search_term_string"}}],"inLanguage":"es"},{"@type":"Organization","@id":"https:\/\/lospoliticosveracruz.com\/#organization","name":"Los pol\u00edticos Veracruz","url":"https:\/\/lospoliticosveracruz.com\/","logo":{"@type":"ImageObject","inLanguage":"es","@id":"https:\/\/lospoliticosveracruz.com\/#\/schema\/logo\/image\/","url":"https:\/\/lospoliticosveracruz.com\/wp-content\/uploads\/2025\/12\/Logo-Nuevo-LOS-POLITICOS-1.jpg","contentUrl":"https:\/\/lospoliticosveracruz.com\/wp-content\/uploads\/2025\/12\/Logo-Nuevo-LOS-POLITICOS-1.jpg","width":260,"height":70,"caption":"Los pol\u00edticos Veracruz"},"image":{"@id":"https:\/\/lospoliticosveracruz.com\/#\/schema\/logo\/image\/"},"sameAs":["https:\/\/www.facebook.com\/people\/Notimemes-de-los-Polticos\/61565672886568\/","https:\/\/x.com\/LosPoliticosVer"]},{"@type":"Person","@id":"https:\/\/lospoliticosveracruz.com\/#\/schema\/person\/b8702bb0e538456e6efd07080bf2a4a2","name":"Lo viste en Los Pol\u00edticos","image":{"@type":"ImageObject","inLanguage":"es","@id":"https:\/\/secure.gravatar.com\/avatar\/3a8de04a2656d44082be478bd6c086daa447c4651605818287b9532d3d0bd435?s=96&d=mm&r=g","url":"https:\/\/secure.gravatar.com\/avatar\/3a8de04a2656d44082be478bd6c086daa447c4651605818287b9532d3d0bd435?s=96&d=mm&r=g","contentUrl":"https:\/\/secure.gravatar.com\/avatar\/3a8de04a2656d44082be478bd6c086daa447c4651605818287b9532d3d0bd435?s=96&d=mm&r=g","caption":"Lo viste en Los Pol\u00edticos"},"url":"https:\/\/lospoliticosveracruz.com\/?author=2"}]}},"_links":{"self":[{"href":"https:\/\/lospoliticosveracruz.com\/index.php?rest_route=\/wp\/v2\/posts\/28160","targetHints":{"allow":["GET"]}}],"collection":[{"href":"https:\/\/lospoliticosveracruz.com\/index.php?rest_route=\/wp\/v2\/posts"}],"about":[{"href":"https:\/\/lospoliticosveracruz.com\/index.php?rest_route=\/wp\/v2\/types\/post"}],"author":[{"embeddable":true,"href":"https:\/\/lospoliticosveracruz.com\/index.php?rest_route=\/wp\/v2\/users\/2"}],"replies":[{"embeddable":true,"href":"https:\/\/lospoliticosveracruz.com\/index.php?rest_route=%2Fwp%2Fv2%2Fcomments&post=28160"}],"version-history":[{"count":3,"href":"https:\/\/lospoliticosveracruz.com\/index.php?rest_route=\/wp\/v2\/posts\/28160\/revisions"}],"predecessor-version":[{"id":28286,"href":"https:\/\/lospoliticosveracruz.com\/index.php?rest_route=\/wp\/v2\/posts\/28160\/revisions\/28286"}],"wp:attachment":[{"href":"https:\/\/lospoliticosveracruz.com\/index.php?rest_route=%2Fwp%2Fv2%2Fmedia&parent=28160"}],"wp:term":[{"taxonomy":"category","embeddable":true,"href":"https:\/\/lospoliticosveracruz.com\/index.php?rest_route=%2Fwp%2Fv2%2Fcategories&post=28160"},{"taxonomy":"post_tag","embeddable":true,"href":"https:\/\/lospoliticosveracruz.com\/index.php?rest_route=%2Fwp%2Fv2%2Ftags&post=28160"}],"curies":[{"name":"wp","href":"https:\/\/api.w.org\/{rel}","templated":true}]}}