{"id":28212,"date":"2016-11-22T09:20:05","date_gmt":"2016-11-22T15:20:05","guid":{"rendered":"http:\/\/www.lospoliticosveracruz.com.mx\/?p=28212"},"modified":"2016-11-22T09:20:05","modified_gmt":"2016-11-22T15:20:05","slug":"otro-mes-violento-en-veracruz","status":"publish","type":"post","link":"https:\/\/lospoliticosveracruz.com\/?p=28212","title":{"rendered":"Otro mes violento en Veracruz"},"content":{"rendered":"<p class=\"x_m_-2020851731961086224MsoNoSpacing\"><b>Luis Alberto Romero<\/b><\/p>\n<p class=\"x_m_-2020851731961086224MsoNoSpacing\"><em>Hora Cero<\/em><\/p>\n<p class=\"x_m_-2020851731961086224MsoNoSpacing\">\n<p class=\"x_m_-2020851731961086224MsoNoSpacing\">\n<p class=\"x_m_-2020851731961086224MsoNoSpacing\"><b><\/b>El Secretariado Ejecutivo del Sistema Nacional de Seguridad P\u00fablica, que depende de la Secretar\u00eda de Gobernaci\u00f3n del gobierno federal, dio a conocer la \u00faltima actualizaci\u00f3n de las cifras que corresponden a las denuncias presentadas ante las agencias del Ministerio P\u00fablico.<u><\/u><u><\/u><\/p>\n<p class=\"x_m_-2020851731961086224MsoNoSpacing\">En la informaci\u00f3n relacionada con la incidencia delictiva del mes de octubre, Veracruz registr\u00f3 pr\u00e1cticamente la misma tendencia del resto del a\u00f1o: durante el mes pasado, en la entidad se denunciaron 3 mil 669 hechos delictivos, entre los que se encuentran mil 600 robos; 342 lesiones; 218 homicidios; y 11 secuestros.<u><\/u><u><\/u><\/p>\n<p class=\"x_m_-2020851731961086224MsoNoSpacing\">La casilla de los homicidios dolosos establece que durante octubre se registraron 147 casos; un promedio de casi 5 asesinatos cada d\u00eda. Por otro lado, la frecuencia de los secuestros fue de uno cada tres d\u00edas.<u><\/u><u><\/u><\/p>\n<p class=\"x_m_-2020851731961086224MsoNoSpacing\">Esos n\u00fameros, sin embargo, \u00a0aunque nos dan una idea, no reflejan la dimensi\u00f3n del problema de la inseguridad en la entidad veracruzana, porque seg\u00fan estad\u00edsticas que reconocen las propias autoridades, la inmensa mayor\u00eda de los delitos que se cometen en nuestro pa\u00eds no son denunciados y, por tanto, no se convierten en expedientes de investigaci\u00f3n.<u><\/u><u><\/u><\/p>\n<p class=\"x_m_-2020851731961086224MsoNoSpacing\">Como sea, las estad\u00edsticas del Sistema Nacional de Seguridad P\u00fablica revelan que en Veracruz, octubre ha sido, hasta hoy, el segundo mes con m\u00e1s homicidios en el a\u00f1o, s\u00f3lo superado por agosto, cuando se registraron 179 asesinatos dolosos.<u><\/u><u><\/u><\/p>\n<p class=\"x_m_-2020851731961086224MsoNoSpacing\">La tendencia que marcan las estad\u00edsticas del gobierno federal nos indican que conforme se acerca el cambio en el poder ejecutivo del estado, el problema de la inseguridad se ha intensificado; por ejemplo, entre enero, febrero y marzo se cometieron en Veracruz 192 homicidios dolosos; en tanto que en los tres meses m\u00e1s recientes en que se cuenta con registro, agosto, septiembre y octubre, la cifra se ubica en 456, m\u00e1s del doble.<u><\/u><u><\/u><\/p>\n<p class=\"x_m_-2020851731961086224MsoNoSpacing\">Veracruz, de esa manera, se mancha de sangre cada d\u00eda m\u00e1s. Por otro lado, cada vez con m\u00e1s frecuencia los medios informativos consignan casos de ejecuciones y homicidios con extrema violencia, como el ocurrido este lunes en C\u00f3rdoba, donde un sujeto fue ultimado a balazos.<u><\/u><u><\/u><\/p>\n<p class=\"x_m_-2020851731961086224MsoNoSpacing\">Los secuestros, como es comprensible, trascienden muy poco porque las v\u00edctimas no recurren, en la mayor\u00eda de los casos, a las autoridades. Aun as\u00ed, Veracruz se mantiene en el top ten de las entidades con m\u00e1s casos de este il\u00edcito; de enero a la fecha, en el territorio estatal se han registrado ante el Ministerio P\u00fablico 106, con lo que ya fueron superadas, por mucho, las cifras correspondientes a todo 2015, cuando se denunciaron 97.<u><\/u><u><\/u><\/p>\n<p class=\"x_m_-2020851731961086224MsoNoSpacing\">As\u00ed las cosas, lo que se vive en Veracruz en materia de inseguridad es una verdadera tragedia por el elevado n\u00famero de homicidios dolosos y secuestros.<u><\/u><u><\/u><\/p>\n<p class=\"x_m_-2020851731961086224MsoNoSpacing\">Lo \u00fanico bueno es que el presente sexenio est\u00e1 a punto de concluir con un gobernador pr\u00f3fugo de la justicia y con una administraci\u00f3n interina que ya pide esquina porque no ha podido enfrentar los problemas derivados de tanta corrupci\u00f3n y de tanto desv\u00edo.<\/p>\n<p class=\"x_m_-2020851731961086224MsoNoSpacing\"><b>Alcaldes exigen participaciones<u><\/u><u><\/u><\/b><\/p>\n<p class=\"x_m_-2020851731961086224MsoNoSpacing\">Hablando de desv\u00edos de recursos, el grupo de los alcaldes veracruzanos identificados con el Partido Revolucionario Institucional volvi\u00f3 a demandar la entrega completa de las participaciones federales que fueron retenidas, no entregadas por la administraci\u00f3n estatal a los 212 ayuntamientos de la entidad.<u><\/u><u><\/u><\/p>\n<p class=\"x_m_-2020851731961086224MsoNoSpacing\">Evidentemente se equivoc\u00f3 quien pensaba que tras la reuni\u00f3n con la secretaria de Finanzas, Clementina Guerrero, los presidentes municipales bajar\u00edan los brazos y se quedar\u00edan esperando la llegada de los recursos que fueron desviados por el gobierno estatal.<u><\/u><u><\/u><\/p>\n<p class=\"x_m_-2020851731961086224MsoNoSpacing\">Lejos de ello, los alcaldes, unos 80, encabezados por Am\u00e9rico Z\u00fa\u00f1iga Mart\u00ednez, difundieron una carta dirigida a los gobiernos federal y estatal en que denuncian la retenci\u00f3n de las participaciones federales.<u><\/u><u><\/u><\/p>\n<p class=\"x_m_-2020851731961086224MsoNoSpacing\">En dicho documento, los ediles subieron el tono y afirmaron que el dinero que deb\u00eda llegar a los municipios fue retenido \u201cde manera ilegal e indebida\u201d; se refieren a m\u00e1s de tres mil millones de pesos que fueron depositados por la Federaci\u00f3n al gobierno estatal para que \u00e9ste lo trasladara a los municipios de Veracruz.<u><\/u><u><\/u><\/p>\n<p class=\"x_m_-2020851731961086224MsoNoSpacing\">Como es sabido, los recursos no llegaron a su destino porque la administraci\u00f3n estatal utiliz\u00f3 el dinero para otro fin, lo que constituye, evidentemente, un desv\u00edo.<u><\/u><u><\/u><\/p>\n<p class=\"x_m_-2020851731961086224MsoNoSpacing\">Pues bien, los alcaldes destacaron que si bien fueron liberados algunos recursos, \u00e9stos no corresponden a la totalidad de los pagos pendientes.<u><\/u><u><\/u><\/p>\n<p class=\"x_m_-2020851731961086224MsoNoSpacing\">Las protestas de los alcaldes, al menos de los identificados con el PRI, que son encabezados por Am\u00e9rico Z\u00fa\u00f1iga, continuar\u00e1n en los pr\u00f3ximos d\u00edas y semanas, porque es poco probable que la Federaci\u00f3n destine m\u00e1s recursos para los ayuntamientos veracruzanos; sobre todo tomando en cuenta que las participaciones fueron enviadas a Sefiplan por la Secretar\u00eda de Hacienda y Cr\u00e9dito P\u00fablico; es decir, el gobierno federal no pagar\u00e1 dos veces. <u><\/u><u><\/u><\/p>\n<p class=\"x_m_-2020851731961086224MsoNoSpacing\">De cualquier manera, los presidentes municipales est\u00e1n en su papel al denunciar un hecho que podr\u00eda constituir un delito; no hacerlo ser\u00eda convertirse en c\u00f3mplices por omisi\u00f3n.<u><\/u><u><\/u><\/p>\n<p class=\"x_m_-2020851731961086224MsoNoSpacing\">Por cierto, el alcalde de Xalapa est\u00e1 asumiendo un evidente rol de liderazgo entre los ediles de su partido; de esta crisis, la imagen de Z\u00fa\u00f1iga Mart\u00ednez ha resultado fortalecida, al menos al interior del Revolucionario Institucional.<\/p>\n<p class=\"x_m_-2020851731961086224MsoNoSpacing\">@luisromero85<\/p>\n","protected":false},"excerpt":{"rendered":"<p>Luis Alberto Romero Hora Cero El Secretariado Ejecutivo del Sistema Nacional de Seguridad P\u00fablica, que depende de la Secretar\u00eda de Gobernaci\u00f3n del gobierno federal, dio a conocer la \u00faltima actualizaci\u00f3n de las cifras que corresponden a las denuncias presentadas ante las agencias del Ministerio P\u00fablico. En la informaci\u00f3n relacionada con la incidencia delictiva del mes [&hellip;]<\/p>\n","protected":false},"author":2,"featured_media":0,"comment_status":"open","ping_status":"open","sticky":false,"template":"","format":"standard","meta":{"tdm_status":"","tdm_grid_status":"","footnotes":""},"categories":[70],"tags":[1277,6425,6584],"class_list":{"0":"post-28212","1":"post","2":"type-post","3":"status-publish","4":"format-standard","6":"category-de-opinion","7":"tag-clementina-guerrero","8":"tag-inseguridad-veracruz","9":"tag-secretariado-ejecutivo-del-sistema-nacional-de-seguridad-publica"},"yoast_head":"<!-- This site is optimized with the Yoast SEO plugin v27.4 - https:\/\/yoast.com\/product\/yoast-seo-wordpress\/ -->\n<title>Otro mes violento en Veracruz - Los pol\u00edticos Veracruz<\/title>\n<meta name=\"robots\" content=\"index, follow, max-snippet:-1, max-image-preview:large, max-video-preview:-1\" \/>\n<link rel=\"canonical\" href=\"https:\/\/lospoliticosveracruz.com\/?p=28212\" \/>\n<meta property=\"og:locale\" content=\"es_ES\" \/>\n<meta property=\"og:type\" content=\"article\" \/>\n<meta property=\"og:title\" content=\"Otro mes violento en Veracruz - Los pol\u00edticos Veracruz\" \/>\n<meta property=\"og:description\" content=\"Luis Alberto Romero Hora Cero El Secretariado Ejecutivo del Sistema Nacional de Seguridad P\u00fablica, que depende de la Secretar\u00eda de Gobernaci\u00f3n del gobierno federal, dio a conocer la \u00faltima actualizaci\u00f3n de las cifras que corresponden a las denuncias presentadas ante las agencias del Ministerio P\u00fablico. En la informaci\u00f3n relacionada con la incidencia delictiva del mes [&hellip;]\" \/>\n<meta property=\"og:url\" content=\"https:\/\/lospoliticosveracruz.com\/?p=28212\" \/>\n<meta property=\"og:site_name\" content=\"Los pol\u00edticos Veracruz\" \/>\n<meta property=\"article:publisher\" content=\"https:\/\/www.facebook.com\/people\/Notimemes-de-los-Polticos\/61565672886568\/\" \/>\n<meta property=\"article:published_time\" content=\"2016-11-22T15:20:05+00:00\" \/>\n<meta property=\"og:image\" content=\"https:\/\/lospoliticosveracruz.com\/wp-content\/uploads\/2016\/07\/Logo-Dor.jpg\" \/>\n\t<meta property=\"og:image:width\" content=\"200\" \/>\n\t<meta property=\"og:image:height\" content=\"200\" \/>\n\t<meta property=\"og:image:type\" content=\"image\/jpeg\" \/>\n<meta name=\"author\" content=\"Lo viste en Los Pol\u00edticos\" \/>\n<meta name=\"twitter:card\" content=\"summary_large_image\" \/>\n<meta name=\"twitter:creator\" content=\"@LosPoliticosVer\" \/>\n<meta name=\"twitter:site\" content=\"@LosPoliticosVer\" \/>\n<meta name=\"twitter:label1\" content=\"Escrito por\" \/>\n\t<meta name=\"twitter:data1\" content=\"Lo viste en Los Pol\u00edticos\" \/>\n\t<meta name=\"twitter:label2\" content=\"Tiempo de lectura\" \/>\n\t<meta name=\"twitter:data2\" content=\"4 minutos\" \/>\n<script type=\"application\/ld+json\" class=\"yoast-schema-graph\">{\"@context\":\"https:\\\/\\\/schema.org\",\"@graph\":[{\"@type\":\"Article\",\"@id\":\"https:\\\/\\\/lospoliticosveracruz.com\\\/?p=28212#article\",\"isPartOf\":{\"@id\":\"https:\\\/\\\/lospoliticosveracruz.com\\\/?p=28212\"},\"author\":{\"name\":\"Lo viste en Los Pol\u00edticos\",\"@id\":\"https:\\\/\\\/lospoliticosveracruz.com\\\/#\\\/schema\\\/person\\\/b8702bb0e538456e6efd07080bf2a4a2\"},\"headline\":\"Otro mes violento en Veracruz\",\"datePublished\":\"2016-11-22T15:20:05+00:00\",\"mainEntityOfPage\":{\"@id\":\"https:\\\/\\\/lospoliticosveracruz.com\\\/?p=28212\"},\"wordCount\":899,\"commentCount\":0,\"publisher\":{\"@id\":\"https:\\\/\\\/lospoliticosveracruz.com\\\/#organization\"},\"keywords\":[\"Clementina Guerrero\",\"Inseguridad Veracruz\",\"Secretariado Ejecutivo del Sistema Nacional de Seguridad P\u00fablica\"],\"articleSection\":[\"De Opini\u00f3n\"],\"inLanguage\":\"es\",\"potentialAction\":[{\"@type\":\"CommentAction\",\"name\":\"Comment\",\"target\":[\"https:\\\/\\\/lospoliticosveracruz.com\\\/?p=28212#respond\"]}]},{\"@type\":\"WebPage\",\"@id\":\"https:\\\/\\\/lospoliticosveracruz.com\\\/?p=28212\",\"url\":\"https:\\\/\\\/lospoliticosveracruz.com\\\/?p=28212\",\"name\":\"Otro mes violento en Veracruz - Los pol\u00edticos Veracruz\",\"isPartOf\":{\"@id\":\"https:\\\/\\\/lospoliticosveracruz.com\\\/#website\"},\"datePublished\":\"2016-11-22T15:20:05+00:00\",\"breadcrumb\":{\"@id\":\"https:\\\/\\\/lospoliticosveracruz.com\\\/?p=28212#breadcrumb\"},\"inLanguage\":\"es\",\"potentialAction\":[{\"@type\":\"ReadAction\",\"target\":[\"https:\\\/\\\/lospoliticosveracruz.com\\\/?p=28212\"]}]},{\"@type\":\"BreadcrumbList\",\"@id\":\"https:\\\/\\\/lospoliticosveracruz.com\\\/?p=28212#breadcrumb\",\"itemListElement\":[{\"@type\":\"ListItem\",\"position\":1,\"name\":\"Portada\",\"item\":\"https:\\\/\\\/lospoliticosveracruz.com\\\/\"},{\"@type\":\"ListItem\",\"position\":2,\"name\":\"Otro mes violento en Veracruz\"}]},{\"@type\":\"WebSite\",\"@id\":\"https:\\\/\\\/lospoliticosveracruz.com\\\/#website\",\"url\":\"https:\\\/\\\/lospoliticosveracruz.com\\\/\",\"name\":\"Los pol\u00edticos Veracruz\",\"description\":\"\",\"publisher\":{\"@id\":\"https:\\\/\\\/lospoliticosveracruz.com\\\/#organization\"},\"potentialAction\":[{\"@type\":\"SearchAction\",\"target\":{\"@type\":\"EntryPoint\",\"urlTemplate\":\"https:\\\/\\\/lospoliticosveracruz.com\\\/?s={search_term_string}\"},\"query-input\":{\"@type\":\"PropertyValueSpecification\",\"valueRequired\":true,\"valueName\":\"search_term_string\"}}],\"inLanguage\":\"es\"},{\"@type\":\"Organization\",\"@id\":\"https:\\\/\\\/lospoliticosveracruz.com\\\/#organization\",\"name\":\"Los pol\u00edticos Veracruz\",\"url\":\"https:\\\/\\\/lospoliticosveracruz.com\\\/\",\"logo\":{\"@type\":\"ImageObject\",\"inLanguage\":\"es\",\"@id\":\"https:\\\/\\\/lospoliticosveracruz.com\\\/#\\\/schema\\\/logo\\\/image\\\/\",\"url\":\"https:\\\/\\\/lospoliticosveracruz.com\\\/wp-content\\\/uploads\\\/2025\\\/12\\\/Logo-Nuevo-LOS-POLITICOS-1.jpg\",\"contentUrl\":\"https:\\\/\\\/lospoliticosveracruz.com\\\/wp-content\\\/uploads\\\/2025\\\/12\\\/Logo-Nuevo-LOS-POLITICOS-1.jpg\",\"width\":260,\"height\":70,\"caption\":\"Los pol\u00edticos Veracruz\"},\"image\":{\"@id\":\"https:\\\/\\\/lospoliticosveracruz.com\\\/#\\\/schema\\\/logo\\\/image\\\/\"},\"sameAs\":[\"https:\\\/\\\/www.facebook.com\\\/people\\\/Notimemes-de-los-Polticos\\\/61565672886568\\\/\",\"https:\\\/\\\/x.com\\\/LosPoliticosVer\"]},{\"@type\":\"Person\",\"@id\":\"https:\\\/\\\/lospoliticosveracruz.com\\\/#\\\/schema\\\/person\\\/b8702bb0e538456e6efd07080bf2a4a2\",\"name\":\"Lo viste en Los Pol\u00edticos\",\"image\":{\"@type\":\"ImageObject\",\"inLanguage\":\"es\",\"@id\":\"https:\\\/\\\/secure.gravatar.com\\\/avatar\\\/3a8de04a2656d44082be478bd6c086daa447c4651605818287b9532d3d0bd435?s=96&d=mm&r=g\",\"url\":\"https:\\\/\\\/secure.gravatar.com\\\/avatar\\\/3a8de04a2656d44082be478bd6c086daa447c4651605818287b9532d3d0bd435?s=96&d=mm&r=g\",\"contentUrl\":\"https:\\\/\\\/secure.gravatar.com\\\/avatar\\\/3a8de04a2656d44082be478bd6c086daa447c4651605818287b9532d3d0bd435?s=96&d=mm&r=g\",\"caption\":\"Lo viste en Los Pol\u00edticos\"},\"url\":\"https:\\\/\\\/lospoliticosveracruz.com\\\/?author=2\"}]}<\/script>\n<!-- \/ Yoast SEO plugin. -->","yoast_head_json":{"title":"Otro mes violento en Veracruz - Los pol\u00edticos Veracruz","robots":{"index":"index","follow":"follow","max-snippet":"max-snippet:-1","max-image-preview":"max-image-preview:large","max-video-preview":"max-video-preview:-1"},"canonical":"https:\/\/lospoliticosveracruz.com\/?p=28212","og_locale":"es_ES","og_type":"article","og_title":"Otro mes violento en Veracruz - Los pol\u00edticos Veracruz","og_description":"Luis Alberto Romero Hora Cero El Secretariado Ejecutivo del Sistema Nacional de Seguridad P\u00fablica, que depende de la Secretar\u00eda de Gobernaci\u00f3n del gobierno federal, dio a conocer la \u00faltima actualizaci\u00f3n de las cifras que corresponden a las denuncias presentadas ante las agencias del Ministerio P\u00fablico. En la informaci\u00f3n relacionada con la incidencia delictiva del mes [&hellip;]","og_url":"https:\/\/lospoliticosveracruz.com\/?p=28212","og_site_name":"Los pol\u00edticos Veracruz","article_publisher":"https:\/\/www.facebook.com\/people\/Notimemes-de-los-Polticos\/61565672886568\/","article_published_time":"2016-11-22T15:20:05+00:00","og_image":[{"width":200,"height":200,"url":"https:\/\/lospoliticosveracruz.com\/wp-content\/uploads\/2016\/07\/Logo-Dor.jpg","type":"image\/jpeg"}],"author":"Lo viste en Los Pol\u00edticos","twitter_card":"summary_large_image","twitter_creator":"@LosPoliticosVer","twitter_site":"@LosPoliticosVer","twitter_misc":{"Escrito por":"Lo viste en Los Pol\u00edticos","Tiempo de lectura":"4 minutos"},"schema":{"@context":"https:\/\/schema.org","@graph":[{"@type":"Article","@id":"https:\/\/lospoliticosveracruz.com\/?p=28212#article","isPartOf":{"@id":"https:\/\/lospoliticosveracruz.com\/?p=28212"},"author":{"name":"Lo viste en Los Pol\u00edticos","@id":"https:\/\/lospoliticosveracruz.com\/#\/schema\/person\/b8702bb0e538456e6efd07080bf2a4a2"},"headline":"Otro mes violento en Veracruz","datePublished":"2016-11-22T15:20:05+00:00","mainEntityOfPage":{"@id":"https:\/\/lospoliticosveracruz.com\/?p=28212"},"wordCount":899,"commentCount":0,"publisher":{"@id":"https:\/\/lospoliticosveracruz.com\/#organization"},"keywords":["Clementina Guerrero","Inseguridad Veracruz","Secretariado Ejecutivo del Sistema Nacional de Seguridad P\u00fablica"],"articleSection":["De Opini\u00f3n"],"inLanguage":"es","potentialAction":[{"@type":"CommentAction","name":"Comment","target":["https:\/\/lospoliticosveracruz.com\/?p=28212#respond"]}]},{"@type":"WebPage","@id":"https:\/\/lospoliticosveracruz.com\/?p=28212","url":"https:\/\/lospoliticosveracruz.com\/?p=28212","name":"Otro mes violento en Veracruz - Los pol\u00edticos Veracruz","isPartOf":{"@id":"https:\/\/lospoliticosveracruz.com\/#website"},"datePublished":"2016-11-22T15:20:05+00:00","breadcrumb":{"@id":"https:\/\/lospoliticosveracruz.com\/?p=28212#breadcrumb"},"inLanguage":"es","potentialAction":[{"@type":"ReadAction","target":["https:\/\/lospoliticosveracruz.com\/?p=28212"]}]},{"@type":"BreadcrumbList","@id":"https:\/\/lospoliticosveracruz.com\/?p=28212#breadcrumb","itemListElement":[{"@type":"ListItem","position":1,"name":"Portada","item":"https:\/\/lospoliticosveracruz.com\/"},{"@type":"ListItem","position":2,"name":"Otro mes violento en Veracruz"}]},{"@type":"WebSite","@id":"https:\/\/lospoliticosveracruz.com\/#website","url":"https:\/\/lospoliticosveracruz.com\/","name":"Los pol\u00edticos Veracruz","description":"","publisher":{"@id":"https:\/\/lospoliticosveracruz.com\/#organization"},"potentialAction":[{"@type":"SearchAction","target":{"@type":"EntryPoint","urlTemplate":"https:\/\/lospoliticosveracruz.com\/?s={search_term_string}"},"query-input":{"@type":"PropertyValueSpecification","valueRequired":true,"valueName":"search_term_string"}}],"inLanguage":"es"},{"@type":"Organization","@id":"https:\/\/lospoliticosveracruz.com\/#organization","name":"Los pol\u00edticos Veracruz","url":"https:\/\/lospoliticosveracruz.com\/","logo":{"@type":"ImageObject","inLanguage":"es","@id":"https:\/\/lospoliticosveracruz.com\/#\/schema\/logo\/image\/","url":"https:\/\/lospoliticosveracruz.com\/wp-content\/uploads\/2025\/12\/Logo-Nuevo-LOS-POLITICOS-1.jpg","contentUrl":"https:\/\/lospoliticosveracruz.com\/wp-content\/uploads\/2025\/12\/Logo-Nuevo-LOS-POLITICOS-1.jpg","width":260,"height":70,"caption":"Los pol\u00edticos Veracruz"},"image":{"@id":"https:\/\/lospoliticosveracruz.com\/#\/schema\/logo\/image\/"},"sameAs":["https:\/\/www.facebook.com\/people\/Notimemes-de-los-Polticos\/61565672886568\/","https:\/\/x.com\/LosPoliticosVer"]},{"@type":"Person","@id":"https:\/\/lospoliticosveracruz.com\/#\/schema\/person\/b8702bb0e538456e6efd07080bf2a4a2","name":"Lo viste en Los Pol\u00edticos","image":{"@type":"ImageObject","inLanguage":"es","@id":"https:\/\/secure.gravatar.com\/avatar\/3a8de04a2656d44082be478bd6c086daa447c4651605818287b9532d3d0bd435?s=96&d=mm&r=g","url":"https:\/\/secure.gravatar.com\/avatar\/3a8de04a2656d44082be478bd6c086daa447c4651605818287b9532d3d0bd435?s=96&d=mm&r=g","contentUrl":"https:\/\/secure.gravatar.com\/avatar\/3a8de04a2656d44082be478bd6c086daa447c4651605818287b9532d3d0bd435?s=96&d=mm&r=g","caption":"Lo viste en Los Pol\u00edticos"},"url":"https:\/\/lospoliticosveracruz.com\/?author=2"}]}},"_links":{"self":[{"href":"https:\/\/lospoliticosveracruz.com\/index.php?rest_route=\/wp\/v2\/posts\/28212","targetHints":{"allow":["GET"]}}],"collection":[{"href":"https:\/\/lospoliticosveracruz.com\/index.php?rest_route=\/wp\/v2\/posts"}],"about":[{"href":"https:\/\/lospoliticosveracruz.com\/index.php?rest_route=\/wp\/v2\/types\/post"}],"author":[{"embeddable":true,"href":"https:\/\/lospoliticosveracruz.com\/index.php?rest_route=\/wp\/v2\/users\/2"}],"replies":[{"embeddable":true,"href":"https:\/\/lospoliticosveracruz.com\/index.php?rest_route=%2Fwp%2Fv2%2Fcomments&post=28212"}],"version-history":[{"count":1,"href":"https:\/\/lospoliticosveracruz.com\/index.php?rest_route=\/wp\/v2\/posts\/28212\/revisions"}],"predecessor-version":[{"id":28213,"href":"https:\/\/lospoliticosveracruz.com\/index.php?rest_route=\/wp\/v2\/posts\/28212\/revisions\/28213"}],"wp:attachment":[{"href":"https:\/\/lospoliticosveracruz.com\/index.php?rest_route=%2Fwp%2Fv2%2Fmedia&parent=28212"}],"wp:term":[{"taxonomy":"category","embeddable":true,"href":"https:\/\/lospoliticosveracruz.com\/index.php?rest_route=%2Fwp%2Fv2%2Fcategories&post=28212"},{"taxonomy":"post_tag","embeddable":true,"href":"https:\/\/lospoliticosveracruz.com\/index.php?rest_route=%2Fwp%2Fv2%2Ftags&post=28212"}],"curies":[{"name":"wp","href":"https:\/\/api.w.org\/{rel}","templated":true}]}}