{"id":28218,"date":"2016-11-22T11:19:31","date_gmt":"2016-11-22T17:19:31","guid":{"rendered":"http:\/\/www.lospoliticosveracruz.com.mx\/?p=28218"},"modified":"2016-11-22T11:19:47","modified_gmt":"2016-11-22T17:19:47","slug":"tula-sin-pagar","status":"publish","type":"post","link":"https:\/\/lospoliticosveracruz.com\/?p=28218","title":{"rendered":"Tula, sin pagar"},"content":{"rendered":"<p dir=\"ltr\"><strong>SPI Veracruz<\/strong><\/p>\n<p dir=\"ltr\">La Secretar\u00eda de Finanzas y Planeaci\u00f3n (Sefiplan) no ha dado calendario ni fecha para el pago de recursos pendientes con los Ayuntamientos, se\u00f1al\u00f3 el alcalde de Xalapa, Am\u00e9rico Z\u00fa\u00f1iga Mart\u00ednez.<\/p>\n<p dir=\"ltr\">Reconoci\u00f3 que pese a la buena disposici\u00f3n de la titular de Sefiplan, Clementina Guerrero Garc\u00eda, no hay avances en el tema de pago de adeudos con los 212 municipios.<\/p>\n<p dir=\"ltr\">Entrevistado previo a la entrega de las obras de rehabilitaci\u00f3n del mercado \u00abLuis G. Rend\u00f3n\u00bb, dijo que en la reuniones co\u00a0 ediles ha se\u00f1alado que no se cuentan con los recursos para pagar los recursos que fueron tomados por el anterior secretario de Sefiplan, para otros rubros.<\/p>\n<p dir=\"ltr\">\u00abSe encuentra con un problema muy grave, que son los rezagos en estos pagos y entendemos que los rubros que llegaron originalmente para los Ayuntamientos fuero\u00a0 utilizados para otra cosa y ahora tenemos que ver c\u00f3mo podemos resolver los atrasos\u00bb.<\/p>\n<p dir=\"ltr\">Anunci\u00f3 que este lunes y martes se reunir\u00e1 el gobernador interino, Flavino R\u00edos Alvarado; el gobernador electo, Miguel \u00c1ngel Yunes Linares, y autoridades de la Secretar\u00eda de Gobernaci\u00f3n y la Secretar\u00eda de Hacienda y Cr\u00e9dito P\u00fablico (SHCP) en la Ciudad de M\u00e9xico.<\/p>\n<p dir=\"ltr\">\u00abEl Gobierno federal va a acompa\u00f1ar en lo que se requiera para encontrar mecanismos de financiamiento, instrumentos econ\u00f3micos que nos permita a los estado salir adelante porque no es solo el caso de Veracruz, pero en el estado hay que poner una especial atenci\u00f3n derivado de los miles de millones de pesos que a\u00fan faltan por radicarse\u00bb.<\/p>\n<p dir=\"ltr\">Dijo que es urgente que los Ayuntamientos tengan el recurso para enfrentar pasivos, pagar prestaciones y para evitar que la Federaci\u00f3n exija la devoluci\u00f3n de los recursos que fueron entregados y no fueron usados por los Ayuntamientos ante la falta de dispersi\u00f3n.<\/p>\n<p dir=\"ltr\">\u00abHay fondos que vienen bajo el principio de anualidad, que quiere decir que deben estar devengados en el 2016 y estos son los que pueden ser exigibles para su devoluci\u00f3n a la Federaci\u00f3n y que estar\u00edan en riesgo. Queremos que se reconozca la deuda por parte del Gobierno del estado y que pueda haber un esquema de adelantos de participaciones para cubrir estos fondos y amarrar los fondos como iniciar el proceso licitatorio o el pago de estimaciones\u00bb.<\/p>\n","protected":false},"excerpt":{"rendered":"<p>SPI Veracruz La Secretar\u00eda de Finanzas y Planeaci\u00f3n (Sefiplan) no ha dado calendario ni fecha para el pago de recursos pendientes con los Ayuntamientos, se\u00f1al\u00f3 el alcalde de Xalapa, Am\u00e9rico Z\u00fa\u00f1iga Mart\u00ednez. Reconoci\u00f3 que pese a la buena disposici\u00f3n de la titular de Sefiplan, Clementina Guerrero Garc\u00eda, no hay avances en el tema de pago [&hellip;]<\/p>\n","protected":false},"author":2,"featured_media":0,"comment_status":"open","ping_status":"open","sticky":false,"template":"","format":"standard","meta":{"tdm_status":"","tdm_grid_status":"","footnotes":""},"categories":[6446],"tags":[483,6723,640],"class_list":{"0":"post-28218","1":"post","2":"type-post","3":"status-publish","4":"format-standard","6":"category-la-nota","7":"tag-americo-zuniga","8":"tag-clementina-guerrero-garcia","9":"tag-sefiplan"},"yoast_head":"<!-- This site is optimized with the Yoast SEO plugin v27.4 - https:\/\/yoast.com\/product\/yoast-seo-wordpress\/ -->\n<title>Tula, sin pagar - Los pol\u00edticos Veracruz<\/title>\n<meta name=\"robots\" content=\"index, follow, max-snippet:-1, max-image-preview:large, max-video-preview:-1\" \/>\n<link rel=\"canonical\" href=\"https:\/\/lospoliticosveracruz.com\/?p=28218\" \/>\n<meta property=\"og:locale\" content=\"es_ES\" \/>\n<meta property=\"og:type\" content=\"article\" \/>\n<meta property=\"og:title\" content=\"Tula, sin pagar - Los pol\u00edticos Veracruz\" \/>\n<meta property=\"og:description\" content=\"SPI Veracruz La Secretar\u00eda de Finanzas y Planeaci\u00f3n (Sefiplan) no ha dado calendario ni fecha para el pago de recursos pendientes con los Ayuntamientos, se\u00f1al\u00f3 el alcalde de Xalapa, Am\u00e9rico Z\u00fa\u00f1iga Mart\u00ednez. Reconoci\u00f3 que pese a la buena disposici\u00f3n de la titular de Sefiplan, Clementina Guerrero Garc\u00eda, no hay avances en el tema de pago [&hellip;]\" \/>\n<meta property=\"og:url\" content=\"https:\/\/lospoliticosveracruz.com\/?p=28218\" \/>\n<meta property=\"og:site_name\" content=\"Los pol\u00edticos Veracruz\" \/>\n<meta property=\"article:publisher\" content=\"https:\/\/www.facebook.com\/people\/Notimemes-de-los-Polticos\/61565672886568\/\" \/>\n<meta property=\"article:published_time\" content=\"2016-11-22T17:19:31+00:00\" \/>\n<meta property=\"article:modified_time\" content=\"2016-11-22T17:19:47+00:00\" \/>\n<meta property=\"og:image\" content=\"https:\/\/lospoliticosveracruz.com\/wp-content\/uploads\/2016\/07\/Logo-Dor.jpg\" \/>\n\t<meta property=\"og:image:width\" content=\"200\" \/>\n\t<meta property=\"og:image:height\" content=\"200\" \/>\n\t<meta property=\"og:image:type\" content=\"image\/jpeg\" \/>\n<meta name=\"author\" content=\"Lo viste en Los Pol\u00edticos\" \/>\n<meta name=\"twitter:card\" content=\"summary_large_image\" \/>\n<meta name=\"twitter:creator\" content=\"@LosPoliticosVer\" \/>\n<meta name=\"twitter:site\" content=\"@LosPoliticosVer\" \/>\n<meta name=\"twitter:label1\" content=\"Escrito por\" \/>\n\t<meta name=\"twitter:data1\" content=\"Lo viste en Los Pol\u00edticos\" \/>\n\t<meta name=\"twitter:label2\" content=\"Tiempo de lectura\" \/>\n\t<meta name=\"twitter:data2\" content=\"2 minutos\" \/>\n<script type=\"application\/ld+json\" class=\"yoast-schema-graph\">{\"@context\":\"https:\\\/\\\/schema.org\",\"@graph\":[{\"@type\":\"Article\",\"@id\":\"https:\\\/\\\/lospoliticosveracruz.com\\\/?p=28218#article\",\"isPartOf\":{\"@id\":\"https:\\\/\\\/lospoliticosveracruz.com\\\/?p=28218\"},\"author\":{\"name\":\"Lo viste en Los Pol\u00edticos\",\"@id\":\"https:\\\/\\\/lospoliticosveracruz.com\\\/#\\\/schema\\\/person\\\/b8702bb0e538456e6efd07080bf2a4a2\"},\"headline\":\"Tula, sin pagar\",\"datePublished\":\"2016-11-22T17:19:31+00:00\",\"dateModified\":\"2016-11-22T17:19:47+00:00\",\"mainEntityOfPage\":{\"@id\":\"https:\\\/\\\/lospoliticosveracruz.com\\\/?p=28218\"},\"wordCount\":397,\"commentCount\":0,\"publisher\":{\"@id\":\"https:\\\/\\\/lospoliticosveracruz.com\\\/#organization\"},\"keywords\":[\"Am\u00e9rico Z\u00fa\u00f1iga\",\"Clementina Guerrero Garc\u00eda\",\"Sefiplan\"],\"articleSection\":[\"La Nota\"],\"inLanguage\":\"es\",\"potentialAction\":[{\"@type\":\"CommentAction\",\"name\":\"Comment\",\"target\":[\"https:\\\/\\\/lospoliticosveracruz.com\\\/?p=28218#respond\"]}]},{\"@type\":\"WebPage\",\"@id\":\"https:\\\/\\\/lospoliticosveracruz.com\\\/?p=28218\",\"url\":\"https:\\\/\\\/lospoliticosveracruz.com\\\/?p=28218\",\"name\":\"Tula, sin pagar - Los pol\u00edticos Veracruz\",\"isPartOf\":{\"@id\":\"https:\\\/\\\/lospoliticosveracruz.com\\\/#website\"},\"datePublished\":\"2016-11-22T17:19:31+00:00\",\"dateModified\":\"2016-11-22T17:19:47+00:00\",\"breadcrumb\":{\"@id\":\"https:\\\/\\\/lospoliticosveracruz.com\\\/?p=28218#breadcrumb\"},\"inLanguage\":\"es\",\"potentialAction\":[{\"@type\":\"ReadAction\",\"target\":[\"https:\\\/\\\/lospoliticosveracruz.com\\\/?p=28218\"]}]},{\"@type\":\"BreadcrumbList\",\"@id\":\"https:\\\/\\\/lospoliticosveracruz.com\\\/?p=28218#breadcrumb\",\"itemListElement\":[{\"@type\":\"ListItem\",\"position\":1,\"name\":\"Portada\",\"item\":\"https:\\\/\\\/lospoliticosveracruz.com\\\/\"},{\"@type\":\"ListItem\",\"position\":2,\"name\":\"Tula, sin pagar\"}]},{\"@type\":\"WebSite\",\"@id\":\"https:\\\/\\\/lospoliticosveracruz.com\\\/#website\",\"url\":\"https:\\\/\\\/lospoliticosveracruz.com\\\/\",\"name\":\"Los pol\u00edticos Veracruz\",\"description\":\"\",\"publisher\":{\"@id\":\"https:\\\/\\\/lospoliticosveracruz.com\\\/#organization\"},\"potentialAction\":[{\"@type\":\"SearchAction\",\"target\":{\"@type\":\"EntryPoint\",\"urlTemplate\":\"https:\\\/\\\/lospoliticosveracruz.com\\\/?s={search_term_string}\"},\"query-input\":{\"@type\":\"PropertyValueSpecification\",\"valueRequired\":true,\"valueName\":\"search_term_string\"}}],\"inLanguage\":\"es\"},{\"@type\":\"Organization\",\"@id\":\"https:\\\/\\\/lospoliticosveracruz.com\\\/#organization\",\"name\":\"Los pol\u00edticos Veracruz\",\"url\":\"https:\\\/\\\/lospoliticosveracruz.com\\\/\",\"logo\":{\"@type\":\"ImageObject\",\"inLanguage\":\"es\",\"@id\":\"https:\\\/\\\/lospoliticosveracruz.com\\\/#\\\/schema\\\/logo\\\/image\\\/\",\"url\":\"https:\\\/\\\/lospoliticosveracruz.com\\\/wp-content\\\/uploads\\\/2025\\\/12\\\/Logo-Nuevo-LOS-POLITICOS-1.jpg\",\"contentUrl\":\"https:\\\/\\\/lospoliticosveracruz.com\\\/wp-content\\\/uploads\\\/2025\\\/12\\\/Logo-Nuevo-LOS-POLITICOS-1.jpg\",\"width\":260,\"height\":70,\"caption\":\"Los pol\u00edticos Veracruz\"},\"image\":{\"@id\":\"https:\\\/\\\/lospoliticosveracruz.com\\\/#\\\/schema\\\/logo\\\/image\\\/\"},\"sameAs\":[\"https:\\\/\\\/www.facebook.com\\\/people\\\/Notimemes-de-los-Polticos\\\/61565672886568\\\/\",\"https:\\\/\\\/x.com\\\/LosPoliticosVer\"]},{\"@type\":\"Person\",\"@id\":\"https:\\\/\\\/lospoliticosveracruz.com\\\/#\\\/schema\\\/person\\\/b8702bb0e538456e6efd07080bf2a4a2\",\"name\":\"Lo viste en Los Pol\u00edticos\",\"image\":{\"@type\":\"ImageObject\",\"inLanguage\":\"es\",\"@id\":\"https:\\\/\\\/secure.gravatar.com\\\/avatar\\\/3a8de04a2656d44082be478bd6c086daa447c4651605818287b9532d3d0bd435?s=96&d=mm&r=g\",\"url\":\"https:\\\/\\\/secure.gravatar.com\\\/avatar\\\/3a8de04a2656d44082be478bd6c086daa447c4651605818287b9532d3d0bd435?s=96&d=mm&r=g\",\"contentUrl\":\"https:\\\/\\\/secure.gravatar.com\\\/avatar\\\/3a8de04a2656d44082be478bd6c086daa447c4651605818287b9532d3d0bd435?s=96&d=mm&r=g\",\"caption\":\"Lo viste en Los Pol\u00edticos\"},\"url\":\"https:\\\/\\\/lospoliticosveracruz.com\\\/?author=2\"}]}<\/script>\n<!-- \/ Yoast SEO plugin. -->","yoast_head_json":{"title":"Tula, sin pagar - Los pol\u00edticos Veracruz","robots":{"index":"index","follow":"follow","max-snippet":"max-snippet:-1","max-image-preview":"max-image-preview:large","max-video-preview":"max-video-preview:-1"},"canonical":"https:\/\/lospoliticosveracruz.com\/?p=28218","og_locale":"es_ES","og_type":"article","og_title":"Tula, sin pagar - Los pol\u00edticos Veracruz","og_description":"SPI Veracruz La Secretar\u00eda de Finanzas y Planeaci\u00f3n (Sefiplan) no ha dado calendario ni fecha para el pago de recursos pendientes con los Ayuntamientos, se\u00f1al\u00f3 el alcalde de Xalapa, Am\u00e9rico Z\u00fa\u00f1iga Mart\u00ednez. Reconoci\u00f3 que pese a la buena disposici\u00f3n de la titular de Sefiplan, Clementina Guerrero Garc\u00eda, no hay avances en el tema de pago [&hellip;]","og_url":"https:\/\/lospoliticosveracruz.com\/?p=28218","og_site_name":"Los pol\u00edticos Veracruz","article_publisher":"https:\/\/www.facebook.com\/people\/Notimemes-de-los-Polticos\/61565672886568\/","article_published_time":"2016-11-22T17:19:31+00:00","article_modified_time":"2016-11-22T17:19:47+00:00","og_image":[{"width":200,"height":200,"url":"https:\/\/lospoliticosveracruz.com\/wp-content\/uploads\/2016\/07\/Logo-Dor.jpg","type":"image\/jpeg"}],"author":"Lo viste en Los Pol\u00edticos","twitter_card":"summary_large_image","twitter_creator":"@LosPoliticosVer","twitter_site":"@LosPoliticosVer","twitter_misc":{"Escrito por":"Lo viste en Los Pol\u00edticos","Tiempo de lectura":"2 minutos"},"schema":{"@context":"https:\/\/schema.org","@graph":[{"@type":"Article","@id":"https:\/\/lospoliticosveracruz.com\/?p=28218#article","isPartOf":{"@id":"https:\/\/lospoliticosveracruz.com\/?p=28218"},"author":{"name":"Lo viste en Los Pol\u00edticos","@id":"https:\/\/lospoliticosveracruz.com\/#\/schema\/person\/b8702bb0e538456e6efd07080bf2a4a2"},"headline":"Tula, sin pagar","datePublished":"2016-11-22T17:19:31+00:00","dateModified":"2016-11-22T17:19:47+00:00","mainEntityOfPage":{"@id":"https:\/\/lospoliticosveracruz.com\/?p=28218"},"wordCount":397,"commentCount":0,"publisher":{"@id":"https:\/\/lospoliticosveracruz.com\/#organization"},"keywords":["Am\u00e9rico Z\u00fa\u00f1iga","Clementina Guerrero Garc\u00eda","Sefiplan"],"articleSection":["La Nota"],"inLanguage":"es","potentialAction":[{"@type":"CommentAction","name":"Comment","target":["https:\/\/lospoliticosveracruz.com\/?p=28218#respond"]}]},{"@type":"WebPage","@id":"https:\/\/lospoliticosveracruz.com\/?p=28218","url":"https:\/\/lospoliticosveracruz.com\/?p=28218","name":"Tula, sin pagar - Los pol\u00edticos Veracruz","isPartOf":{"@id":"https:\/\/lospoliticosveracruz.com\/#website"},"datePublished":"2016-11-22T17:19:31+00:00","dateModified":"2016-11-22T17:19:47+00:00","breadcrumb":{"@id":"https:\/\/lospoliticosveracruz.com\/?p=28218#breadcrumb"},"inLanguage":"es","potentialAction":[{"@type":"ReadAction","target":["https:\/\/lospoliticosveracruz.com\/?p=28218"]}]},{"@type":"BreadcrumbList","@id":"https:\/\/lospoliticosveracruz.com\/?p=28218#breadcrumb","itemListElement":[{"@type":"ListItem","position":1,"name":"Portada","item":"https:\/\/lospoliticosveracruz.com\/"},{"@type":"ListItem","position":2,"name":"Tula, sin pagar"}]},{"@type":"WebSite","@id":"https:\/\/lospoliticosveracruz.com\/#website","url":"https:\/\/lospoliticosveracruz.com\/","name":"Los pol\u00edticos Veracruz","description":"","publisher":{"@id":"https:\/\/lospoliticosveracruz.com\/#organization"},"potentialAction":[{"@type":"SearchAction","target":{"@type":"EntryPoint","urlTemplate":"https:\/\/lospoliticosveracruz.com\/?s={search_term_string}"},"query-input":{"@type":"PropertyValueSpecification","valueRequired":true,"valueName":"search_term_string"}}],"inLanguage":"es"},{"@type":"Organization","@id":"https:\/\/lospoliticosveracruz.com\/#organization","name":"Los pol\u00edticos Veracruz","url":"https:\/\/lospoliticosveracruz.com\/","logo":{"@type":"ImageObject","inLanguage":"es","@id":"https:\/\/lospoliticosveracruz.com\/#\/schema\/logo\/image\/","url":"https:\/\/lospoliticosveracruz.com\/wp-content\/uploads\/2025\/12\/Logo-Nuevo-LOS-POLITICOS-1.jpg","contentUrl":"https:\/\/lospoliticosveracruz.com\/wp-content\/uploads\/2025\/12\/Logo-Nuevo-LOS-POLITICOS-1.jpg","width":260,"height":70,"caption":"Los pol\u00edticos Veracruz"},"image":{"@id":"https:\/\/lospoliticosveracruz.com\/#\/schema\/logo\/image\/"},"sameAs":["https:\/\/www.facebook.com\/people\/Notimemes-de-los-Polticos\/61565672886568\/","https:\/\/x.com\/LosPoliticosVer"]},{"@type":"Person","@id":"https:\/\/lospoliticosveracruz.com\/#\/schema\/person\/b8702bb0e538456e6efd07080bf2a4a2","name":"Lo viste en Los Pol\u00edticos","image":{"@type":"ImageObject","inLanguage":"es","@id":"https:\/\/secure.gravatar.com\/avatar\/3a8de04a2656d44082be478bd6c086daa447c4651605818287b9532d3d0bd435?s=96&d=mm&r=g","url":"https:\/\/secure.gravatar.com\/avatar\/3a8de04a2656d44082be478bd6c086daa447c4651605818287b9532d3d0bd435?s=96&d=mm&r=g","contentUrl":"https:\/\/secure.gravatar.com\/avatar\/3a8de04a2656d44082be478bd6c086daa447c4651605818287b9532d3d0bd435?s=96&d=mm&r=g","caption":"Lo viste en Los Pol\u00edticos"},"url":"https:\/\/lospoliticosveracruz.com\/?author=2"}]}},"_links":{"self":[{"href":"https:\/\/lospoliticosveracruz.com\/index.php?rest_route=\/wp\/v2\/posts\/28218","targetHints":{"allow":["GET"]}}],"collection":[{"href":"https:\/\/lospoliticosveracruz.com\/index.php?rest_route=\/wp\/v2\/posts"}],"about":[{"href":"https:\/\/lospoliticosveracruz.com\/index.php?rest_route=\/wp\/v2\/types\/post"}],"author":[{"embeddable":true,"href":"https:\/\/lospoliticosveracruz.com\/index.php?rest_route=\/wp\/v2\/users\/2"}],"replies":[{"embeddable":true,"href":"https:\/\/lospoliticosveracruz.com\/index.php?rest_route=%2Fwp%2Fv2%2Fcomments&post=28218"}],"version-history":[{"count":2,"href":"https:\/\/lospoliticosveracruz.com\/index.php?rest_route=\/wp\/v2\/posts\/28218\/revisions"}],"predecessor-version":[{"id":28221,"href":"https:\/\/lospoliticosveracruz.com\/index.php?rest_route=\/wp\/v2\/posts\/28218\/revisions\/28221"}],"wp:attachment":[{"href":"https:\/\/lospoliticosveracruz.com\/index.php?rest_route=%2Fwp%2Fv2%2Fmedia&parent=28218"}],"wp:term":[{"taxonomy":"category","embeddable":true,"href":"https:\/\/lospoliticosveracruz.com\/index.php?rest_route=%2Fwp%2Fv2%2Fcategories&post=28218"},{"taxonomy":"post_tag","embeddable":true,"href":"https:\/\/lospoliticosveracruz.com\/index.php?rest_route=%2Fwp%2Fv2%2Ftags&post=28218"}],"curies":[{"name":"wp","href":"https:\/\/api.w.org\/{rel}","templated":true}]}}