{"id":28273,"date":"2016-11-23T19:14:00","date_gmt":"2016-11-24T01:14:00","guid":{"rendered":"http:\/\/www.lospoliticosveracruz.com.mx\/?p=28273"},"modified":"2016-11-23T19:14:00","modified_gmt":"2016-11-24T01:14:00","slug":"millones-despiden-con-alegria-al-gobernante-que-se-va","status":"publish","type":"post","link":"https:\/\/lospoliticosveracruz.com\/?p=28273","title":{"rendered":"Millones despiden con alegr\u00eda al gobernante que se va"},"content":{"rendered":"<p class=\"x_m_-500938351256103310MsoNoSpacing x_gmail_msg\"><strong>Fanny Y\u00e9pez<\/strong><\/p>\n<p class=\"x_m_-500938351256103310MsoNoSpacing x_gmail_msg\"><span class=\"x_gmail_msg\"><em>La Columna<\/em><\/span><\/p>\n<p class=\"x_m_-500938351256103310MsoNoSpacing x_gmail_msg\">\n<p class=\"x_m_-500938351256103310MsoNoSpacing x_gmail_msg\"><span class=\"x_gmail_msg\">Confieso que sent\u00ed envidia de la buena, cuando vi de nueva cuenta, el video que circula en las redes sociales desde hace m\u00e1s de un mes, en el que despiden millones de norteamericanos al presidente Barack Obama, cantando \u201cDon\u00b4t Go\u201d -No te vayas- de Jon Tarifa.<u class=\"x_gmail_msg\"><\/u><u class=\"x_gmail_msg\"><\/u><\/span><\/p>\n<p class=\"x_m_-500938351256103310MsoNoSpacing x_gmail_msg\"><span class=\"x_gmail_msg\">No s\u00e9 si fue el mejor presidente que ha tenido Estados Unidos, pero lo que s\u00ed puedo asegurar es que fue el mejor posicionado en su imagen, se dej\u00f3 querer por todos los sectores y eso mantuvo el buen \u00e1nimo de los norteamericanos por 8 a\u00f1os.<u class=\"x_gmail_msg\"><\/u><u class=\"x_gmail_msg\"><\/u><\/span><\/p>\n<p class=\"x_m_-500938351256103310MsoNoSpacing x_gmail_msg\"><span class=\"x_gmail_msg\">El dato t\u00e9cnico es que el productor alban\u00e9s, Spiros Lena, logr\u00f3 m\u00e1s de 14 millones de reproducciones de la grabaci\u00f3n, donde aparece el presidente norteamericano en distintos escenarios, haciendo muecas, jugando con ni\u00f1os, bailando con su esposa, enojado abriendo una puerta, en fin, el video de casi tres minutos que tiene como fondo musical \u201cDon\u00b4t Go\u201d es realmente impactante, no solo para los norteamericanos, sino para todos los que pudimos ver su comportamiento como mandatario del pa\u00eds m\u00e1s poderoso del mundo.<u class=\"x_gmail_msg\"><\/u><u class=\"x_gmail_msg\"><\/u><\/span><\/p>\n<p class=\"x_m_-500938351256103310MsoNoSpacing x_gmail_msg\"><span class=\"x_gmail_msg\">\u00bfPor qu\u00e9 envidia de la buena?<u class=\"x_gmail_msg\"><\/u><u class=\"x_gmail_msg\"><\/u><\/span><\/p>\n<p class=\"x_m_-500938351256103310MsoNoSpacing x_gmail_msg\"><span class=\"x_gmail_msg\">Sencillamente porque que hermoso hubiera sido, para todos los veracruzanos, despedir a un gobernante con esa emoci\u00f3n y cari\u00f1o, hacerle un video similar y un tema como aquellos que les hacen cuando andan en campa\u00f1a.<u class=\"x_gmail_msg\"><\/u><u class=\"x_gmail_msg\"><\/u><\/span><\/p>\n<p class=\"x_m_-500938351256103310MsoNoSpacing x_gmail_msg\"><span class=\"x_gmail_msg\">Llegar a decir esa frase \u201cNo te vayas\u201d, pero lamentablemente no es as\u00ed.<u class=\"x_gmail_msg\"><\/u><u class=\"x_gmail_msg\"><\/u><\/span><\/p>\n<p class=\"x_m_-500938351256103310MsoNoSpacing x_gmail_msg\"><span class=\"x_gmail_msg\">Muchos, pero muchos, hoy estamos sufriendo el golpe m\u00e1s severo en la econom\u00eda que jam\u00e1s hab\u00edamos sentido, las manifestaciones de los afectados han trastocado la vida diaria de miles de personas y de muchas ciudades, todos reclaman uno o m\u00e1s pagos atrasados.<u class=\"x_gmail_msg\"><\/u><u class=\"x_gmail_msg\"><\/u><\/span><\/p>\n<p class=\"x_m_-500938351256103310MsoNoSpacing x_gmail_msg\"><span class=\"x_gmail_msg\"><u class=\"x_gmail_msg\"><\/u>\u00a0<u class=\"x_gmail_msg\"><\/u><\/span><\/p>\n<p class=\"x_m_-500938351256103310MsoNoSpacing x_gmail_msg\"><b class=\"x_gmail_msg\"><span class=\"x_gmail_msg\">Ojal\u00e1 nuestra suerte cambie a partir del 1 de diciembre<u class=\"x_gmail_msg\"><\/u><u class=\"x_gmail_msg\"><\/u><\/span><\/b><\/p>\n<p class=\"x_m_-500938351256103310MsoNoSpacing x_gmail_msg\"><span class=\"x_gmail_msg\">El descr\u00e9dito de la palabra \u201cVeracruz\u201d se ha polarizado, nos sentimos agraviados y no est\u00e1 en nuestras manos poder resolver esta terrible situaci\u00f3n.<u class=\"x_gmail_msg\"><\/u><u class=\"x_gmail_msg\"><\/u><\/span><\/p>\n<p class=\"x_m_-500938351256103310MsoNoSpacing x_gmail_msg\"><span class=\"x_gmail_msg\">Ojal\u00e1 nuestra suerte cambie y no quisiera que en dos a\u00f1os, de nueva cuenta, volvamos a vivir algo similar, que afecta hasta la tranquilidad de los hijos que todav\u00eda van a la escuela.<u class=\"x_gmail_msg\"><\/u><u class=\"x_gmail_msg\"><\/u><\/span><\/p>\n<p class=\"x_m_-500938351256103310MsoNoSpacing x_gmail_msg\"><span class=\"x_gmail_msg\">Hasta el mes de junio se entend\u00eda la rivalidad entre los partidos pol\u00edticos y sus candidatos, hoy ya cambi\u00f3 el escenario, m\u00e1s all\u00e1 de las diferencias ideol\u00f3gicas, debemos unir nuestro esfuerzo para sacar del bache a nuestro estado.<u class=\"x_gmail_msg\"><\/u><u class=\"x_gmail_msg\"><\/u><\/span><\/p>\n<p class=\"x_m_-500938351256103310MsoNoSpacing x_gmail_msg\"><span class=\"x_gmail_msg\">El jueves de la pr\u00f3xima semana llegar\u00e1 el nuevo gobernador, Miguel \u00c1ngel Yunes Linares, simp\u00e1tico o no, ya no es cuesti\u00f3n de discusiones, ser\u00e1 el gobernador que estar\u00e1 al frente de este hermoso y glorioso estado, as\u00ed mismo \u00e9l deber\u00e1 entenderlo igual, no se puede seguir parcelando el criterio por ego\u00edsmo, todos tenemos que caminar en un solo sentido y alcanzar el \u00e9xito para Veracruz. \u00a0<u class=\"x_gmail_msg\"><\/u><u class=\"x_gmail_msg\"><\/u><\/span><\/p>\n<p class=\"x_m_-500938351256103310MsoNoSpacing x_gmail_msg\"><span class=\"x_gmail_msg\">Nadie se esperaba un final tan dr\u00e1stico, ni el propio gobernador electo pens\u00f3 que su llegada estar\u00eda lleno de obst\u00e1culos, que necesariamente tendr\u00e1 que superar, porque no le queda de otra, solamente hay que seguir para adelante.<u class=\"x_gmail_msg\"><\/u><u class=\"x_gmail_msg\"><\/u><\/span><\/p>\n<p class=\"x_m_-500938351256103310MsoNoSpacing x_gmail_msg\"><span class=\"x_gmail_msg\">El gobernador interino, Flavino R\u00edos Alvarado, dijo en una ocasi\u00f3n que si hubiera sabido realmente como estaban las cosas en las finanzas, no habr\u00eda aceptado esa responsabilidad; pero a \u00e9l tambi\u00e9n no le qued\u00f3 de otra, tuvo que seguir a contra corriente para ayudar en la medida que ha podido.<u class=\"x_gmail_msg\"><\/u><u class=\"x_gmail_msg\"><\/u><\/span><\/p>\n<p class=\"x_m_-500938351256103310MsoNoSpacing x_gmail_msg\"><span class=\"x_gmail_msg\">Flavino ha recibido muchas acusaciones de algo que seguramente no hizo, le tomaron el palacio, la Casa Veracruz, le han lanzado ofensas y como buen pol\u00edtico ha sabido aguantar, utilizando solamente el di\u00e1logo como canal para resolver esos conflictos.<u class=\"x_gmail_msg\"><\/u><u class=\"x_gmail_msg\"><\/u><\/span><\/p>\n<p class=\"x_m_-500938351256103310MsoNoSpacing x_gmail_msg\"><span class=\"x_gmail_msg\"><u class=\"x_gmail_msg\"><\/u>\u00a0<u class=\"x_gmail_msg\"><\/u><\/span><\/p>\n<p class=\"x_m_-500938351256103310MsoNoSpacing x_gmail_msg\"><b class=\"x_gmail_msg\"><span class=\"x_gmail_msg\">Gabriel Deantes vino de Tamaulipas para enriquecerse<u class=\"x_gmail_msg\"><\/u><u class=\"x_gmail_msg\"><\/u><\/span><\/b><\/p>\n<p class=\"x_m_-500938351256103310MsoNoSpacing x_gmail_msg\"><span class=\"x_gmail_msg\">Uno de los verdaderos asesores del gobernador con licencia, Javier Duarte de Ochoa, fue sin lugar a dudas, Gabriel Deantes Ramos, ex secretario del Trabajo, ex subsecretario de Finanzas y Administraci\u00f3n, a quien ahora han dictado auto de vinculaci\u00f3n a proceso.<u class=\"x_gmail_msg\"><\/u><u class=\"x_gmail_msg\"><\/u><\/span><\/p>\n<p class=\"x_m_-500938351256103310MsoNoSpacing x_gmail_msg\"><span class=\"x_gmail_msg\">Dicen los que estuvieron cerca del primer c\u00edrculo, que la autoridad de Gabriel Deantes era tanta, que en muchas ocasiones el mandatario estatal esperaba tomar acuerdo con este personaje tamaulipeco, para despu\u00e9s tomar una decisi\u00f3n importante.<u class=\"x_gmail_msg\"><\/u><u class=\"x_gmail_msg\"><\/u><\/span><\/p>\n<p class=\"x_m_-500938351256103310MsoNoSpacing x_gmail_msg\"><span class=\"x_gmail_msg\">Fueron muchas personas que lo acusaron con el gobernador y siempre lo protegi\u00f3, ped\u00eda que se resolvieran esos conflictos de la mejor manera, era uno de sus consentidos.<u class=\"x_gmail_msg\"><\/u><u class=\"x_gmail_msg\"><\/u><\/span><\/p>\n<p class=\"x_m_-500938351256103310MsoNoSpacing x_gmail_msg\"><span class=\"x_gmail_msg\">Confiado en ese buen trato y del poder que ten\u00eda con el n\u00famero uno en el estado, Deantes Ramos hizo de las suyas y es as\u00ed como ahora el juez de control, Marco Antonio Rodr\u00edguez Lobato, determin\u00f3 el aseguramiento de tres inmuebles de su propiedad, el pago de una garant\u00eda econ\u00f3mica por un mill\u00f3n de pesos, la prohibici\u00f3n para salir del pa\u00eds y adem\u00e1s deber\u00e1 presentarse cada 15 d\u00edas a firmar en el juzgado.<u class=\"x_gmail_msg\"><\/u><u class=\"x_gmail_msg\"><\/u><\/span><\/p>\n<p class=\"x_m_-500938351256103310MsoNoSpacing x_gmail_msg\"><span class=\"x_gmail_msg\">Pero de acuerdo a las investigaciones realizadas por la Fiscal\u00eda General del Estado, las cuentas bancarias del ex oficial mayor de la SEV y de su esposa, Laura Salda\u00f1a Ram\u00edrez, son superiores a los 50 millones de pesos, que est\u00e1n desproporcionadas a los ingresos que se supone recib\u00eda como sueldo, adem\u00e1s de 8 propiedades en distintas ciudades.<u class=\"x_gmail_msg\"><\/u><u class=\"x_gmail_msg\"><\/u><\/span><\/p>\n<p class=\"x_m_-500938351256103310MsoNoSpacing x_gmail_msg\"><span class=\"x_gmail_msg\">El escenario para Gabriel Deantes cambi\u00f3 diametralmente, el proceso que le siguen va a durar seis meses para determinar su situaci\u00f3n, pero las pruebas de corrupci\u00f3n han sido contundentes. Como le cambio la vida al soberbi\u00f3 personaje quien solo est\u00e1 cosechando lo que sembr\u00f3.<u class=\"x_gmail_msg\"><\/u><u class=\"x_gmail_msg\"><\/u><\/span><\/p>\n<p class=\"x_m_-500938351256103310MsoNoSpacing x_gmail_msg\"><span class=\"x_gmail_msg\">Fueron unos cuantos a\u00f1os de gloria pero van a ser muchos a\u00f1os de condena, en caso de que se le prueben todos esos se\u00f1alamientos.<u class=\"x_gmail_msg\"><\/u><u class=\"x_gmail_msg\"><\/u><\/span><\/p>\n<p class=\"x_m_-500938351256103310MsoNoSpacing x_gmail_msg\"><span class=\"x_gmail_msg\"><u class=\"x_gmail_msg\"><\/u>\u00a0<u class=\"x_gmail_msg\"><\/u><\/span><\/p>\n<p class=\"x_m_-500938351256103310MsoNoSpacing x_gmail_msg\"><b class=\"x_gmail_msg\"><span class=\"x_gmail_msg\">Necesario que desalojen Sefiplan para continuar con los pagos<u class=\"x_gmail_msg\"><\/u><u class=\"x_gmail_msg\"><\/u><\/span><\/b><\/p>\n<p class=\"x_m_-500938351256103310MsoNoSpacing x_gmail_msg\"><span class=\"x_gmail_msg\">Es posible que los manifestantes est\u00e9n siendo parte del c\u00edrculo vicioso, \u201cno me pagas y tomo la Sefiplan, tomas la Sefiplan y no puedo pagarte\u201d, as\u00ed es que el llamado que hace la secretaria de Finanzas y Planeaci\u00f3n, Clementina Guerrero Garc\u00eda, deber\u00e1 ser tomada muy en cuenta, porque no pueden continuar con el proceso de entrega-recepci\u00f3n y no pueden hacer las transferencias a los maestros, jubilados y empresarios porque no los dejan entrar a sus propias oficinas.<u class=\"x_gmail_msg\"><\/u><u class=\"x_gmail_msg\"><\/u><\/span><\/p>\n<p class=\"x_m_-500938351256103310MsoNoSpacing x_gmail_msg\"><span class=\"x_gmail_msg\">Son tres semanas consecutivas las que esa dependencia ha sido tomada, igual que la SEV y con eso se han provocado muchos problemas para el resto de la ciudadan\u00eda, as\u00ed es que solo es cuesti\u00f3n de ceder un poco y ver qu\u00e9 resultados se obtienen en los pr\u00f3ximos d\u00edas.<u class=\"x_gmail_msg\"><\/u><u class=\"x_gmail_msg\"><\/u><\/span><\/p>\n<p class=\"x_m_-500938351256103310MsoNoSpacing x_gmail_msg\"><span class=\"x_gmail_msg\">Continuar con esa actitud ya no tiene caso, ya se dieron a notar, ya sinti\u00f3 la presi\u00f3n el gobierno del estado y ahora solo hay que ver cu\u00e1l es el resultado de esa \u201cgesti\u00f3n\u201d, que realizaron durante muchos d\u00edas los distintos grupos.<u class=\"x_gmail_msg\"><\/u><u class=\"x_gmail_msg\"><\/u><\/span><\/p>\n<p class=\"x_m_-500938351256103310MsoNoSpacing x_gmail_msg\"><span class=\"x_gmail_msg\">Es importante que los acreedores consideren que estando vigente la administraci\u00f3n 2010-2016, se podr\u00e1n hacer esos pagos, porque despu\u00e9s seguramente va a ser m\u00e1s dif\u00edcil cobrar lo que le dieron fiado a los que se fueron.<u class=\"x_gmail_msg\"><\/u><u class=\"x_gmail_msg\"><\/u><\/span><\/p>\n<p class=\"x_m_-500938351256103310MsoNoSpacing x_gmail_msg\"><span class=\"x_gmail_msg\">Vale la pena que lo contemplen los l\u00edderes de esos grupos y tomen la determinaci\u00f3n ala mayor brevedad para ir cumpliendo con esos pagos de acuerdo a lo que menciona la titular de Sefiplan. \u00a0<u class=\"x_gmail_msg\"><\/u><u class=\"x_gmail_msg\"><\/u><\/span><\/p>\n<p class=\"x_m_-500938351256103310MsoNoSpacing x_gmail_msg\"><span class=\"x_gmail_msg\"><u class=\"x_gmail_msg\"><\/u>\u00a0<u class=\"x_gmail_msg\"><\/u><\/span><\/p>\n<p class=\"x_m_-500938351256103310MsoNoSpacing x_gmail_msg\"><b class=\"x_gmail_msg\"><span class=\"x_gmail_msg\">Nemi Dib acusa a Ben\u00edtez Obeso de decir falsedades<u class=\"x_gmail_msg\"><\/u><u class=\"x_gmail_msg\"><\/u><\/span><\/b><\/p>\n<p class=\"x_m_-500938351256103310MsoNoSpacing x_gmail_msg\"><span class=\"x_gmail_msg\">Tranquilo, mesurado, el ex Secretario de Salud, Juan Antonio Nemi Dib, sale al paso de los se\u00f1alamientos que hizo en su contra el titular de Salud y asegura que son falsos.<u class=\"x_gmail_msg\"><\/u><u class=\"x_gmail_msg\"><\/u><\/span><\/p>\n<p class=\"x_m_-500938351256103310MsoNoSpacing x_gmail_msg\"><span class=\"x_gmail_msg\">Precisa que \u201c<\/span><span class=\"x_gmail_msg\" lang=\"ES\">hay 61 denuncias en la Procuradur\u00eda General de la Rep\u00fablica contra funcionarios del Gobierno de Veracruz y ex funcionarios y ninguna de ellas tiene que ver conmigo, no tengo ninguna observaci\u00f3n, no tengo ning\u00fan requerimiento\u201d<u class=\"x_gmail_msg\"><\/u><u class=\"x_gmail_msg\"><\/u><\/span><\/p>\n<p class=\"x_m_-500938351256103310MsoNoSpacing x_gmail_msg\"><span class=\"x_gmail_msg\" lang=\"ES\">El cordob\u00e9s reitera que no hay ning\u00fan pliego de responsabilidad, \u201cno me ha llamado ninguna autoridad. Debo decirte que desde que yo sal\u00ed de SESVER me hicieron 26 auditor\u00edas, las 26 salieron en ceros, ni siquiera con recomendaciones\u201d.<u class=\"x_gmail_msg\"><\/u><u class=\"x_gmail_msg\"><\/u><\/span><\/p>\n<p class=\"x_m_-500938351256103310MsoNoSpacing x_gmail_msg\"><span class=\"x_gmail_msg\" lang=\"ES\">Nemi Dib insiste que lo que \u00a0dijo Fernando Ben\u00edtez Obeso es falso, no hay ninguna, ninguna observaci\u00f3n por dos mil y pico millones de pesos como \u00e9l dice que yo tenga que solventar; es tan mentiroso que, digo, la Cuenta P\u00fablica del 2014 ya est\u00e1 aprobada y si \u00e9l tiene ese requerimiento lo deber\u00eda mostrar, deber\u00eda probar que alguna autoridad est\u00e1 reclamando alguna solventaci\u00f3n. No existe, no hay tal cosa\u201d.<\/span><\/p>\n","protected":false},"excerpt":{"rendered":"<p>Fanny Y\u00e9pez La Columna Confieso que sent\u00ed envidia de la buena, cuando vi de nueva cuenta, el video que circula en las redes sociales desde hace m\u00e1s de un mes, en el que despiden millones de norteamericanos al presidente Barack Obama, cantando \u201cDon\u00b4t Go\u201d -No te vayas- de Jon Tarifa. No s\u00e9 si fue el [&hellip;]<\/p>\n","protected":false},"author":2,"featured_media":0,"comment_status":"open","ping_status":"open","sticky":false,"template":"","format":"standard","meta":{"tdm_status":"","tdm_grid_status":"","footnotes":""},"categories":[70],"tags":[6782,343,1884,162,428],"class_list":{"0":"post-28273","1":"post","2":"type-post","3":"status-publish","4":"format-standard","6":"category-de-opinion","7":"tag-dont-go","8":"tag-flavino-rios-alvarado","9":"tag-gabriel-deantes","10":"tag-javier-duarte","11":"tag-miguel-angel-yunes-linares"},"yoast_head":"<!-- This site is optimized with the Yoast SEO plugin v27.4 - https:\/\/yoast.com\/product\/yoast-seo-wordpress\/ -->\n<title>Millones despiden con alegr\u00eda al gobernante que se va - Los pol\u00edticos Veracruz<\/title>\n<meta name=\"robots\" content=\"index, follow, max-snippet:-1, max-image-preview:large, max-video-preview:-1\" \/>\n<link rel=\"canonical\" href=\"https:\/\/lospoliticosveracruz.com\/?p=28273\" \/>\n<meta property=\"og:locale\" content=\"es_ES\" \/>\n<meta property=\"og:type\" content=\"article\" \/>\n<meta property=\"og:title\" content=\"Millones despiden con alegr\u00eda al gobernante que se va - Los pol\u00edticos Veracruz\" \/>\n<meta property=\"og:description\" content=\"Fanny Y\u00e9pez La Columna Confieso que sent\u00ed envidia de la buena, cuando vi de nueva cuenta, el video que circula en las redes sociales desde hace m\u00e1s de un mes, en el que despiden millones de norteamericanos al presidente Barack Obama, cantando \u201cDon\u00b4t Go\u201d -No te vayas- de Jon Tarifa. No s\u00e9 si fue el [&hellip;]\" \/>\n<meta property=\"og:url\" content=\"https:\/\/lospoliticosveracruz.com\/?p=28273\" \/>\n<meta property=\"og:site_name\" content=\"Los pol\u00edticos Veracruz\" \/>\n<meta property=\"article:publisher\" content=\"https:\/\/www.facebook.com\/people\/Notimemes-de-los-Polticos\/61565672886568\/\" \/>\n<meta property=\"article:published_time\" content=\"2016-11-24T01:14:00+00:00\" \/>\n<meta property=\"og:image\" content=\"https:\/\/lospoliticosveracruz.com\/wp-content\/uploads\/2016\/07\/Logo-Dor.jpg\" \/>\n\t<meta property=\"og:image:width\" content=\"200\" \/>\n\t<meta property=\"og:image:height\" content=\"200\" \/>\n\t<meta property=\"og:image:type\" content=\"image\/jpeg\" \/>\n<meta name=\"author\" content=\"Lo viste en Los Pol\u00edticos\" \/>\n<meta name=\"twitter:card\" content=\"summary_large_image\" \/>\n<meta name=\"twitter:creator\" content=\"@LosPoliticosVer\" \/>\n<meta name=\"twitter:site\" content=\"@LosPoliticosVer\" \/>\n<meta name=\"twitter:label1\" content=\"Escrito por\" \/>\n\t<meta name=\"twitter:data1\" content=\"Lo viste en Los Pol\u00edticos\" \/>\n\t<meta name=\"twitter:label2\" content=\"Tiempo de lectura\" \/>\n\t<meta name=\"twitter:data2\" content=\"7 minutos\" \/>\n<script type=\"application\/ld+json\" class=\"yoast-schema-graph\">{\"@context\":\"https:\\\/\\\/schema.org\",\"@graph\":[{\"@type\":\"Article\",\"@id\":\"https:\\\/\\\/lospoliticosveracruz.com\\\/?p=28273#article\",\"isPartOf\":{\"@id\":\"https:\\\/\\\/lospoliticosveracruz.com\\\/?p=28273\"},\"author\":{\"name\":\"Lo viste en Los Pol\u00edticos\",\"@id\":\"https:\\\/\\\/lospoliticosveracruz.com\\\/#\\\/schema\\\/person\\\/b8702bb0e538456e6efd07080bf2a4a2\"},\"headline\":\"Millones despiden con alegr\u00eda al gobernante que se va\",\"datePublished\":\"2016-11-24T01:14:00+00:00\",\"mainEntityOfPage\":{\"@id\":\"https:\\\/\\\/lospoliticosveracruz.com\\\/?p=28273\"},\"wordCount\":1414,\"commentCount\":0,\"publisher\":{\"@id\":\"https:\\\/\\\/lospoliticosveracruz.com\\\/#organization\"},\"keywords\":[\"Don't go\",\"Flavino R\u00edos Alvarado\",\"Gabriel Deantes\",\"Javier Duarte\",\"Miguel Angel Yunes Linares\"],\"articleSection\":[\"De Opini\u00f3n\"],\"inLanguage\":\"es\",\"potentialAction\":[{\"@type\":\"CommentAction\",\"name\":\"Comment\",\"target\":[\"https:\\\/\\\/lospoliticosveracruz.com\\\/?p=28273#respond\"]}]},{\"@type\":\"WebPage\",\"@id\":\"https:\\\/\\\/lospoliticosveracruz.com\\\/?p=28273\",\"url\":\"https:\\\/\\\/lospoliticosveracruz.com\\\/?p=28273\",\"name\":\"Millones despiden con alegr\u00eda al gobernante que se va - Los pol\u00edticos Veracruz\",\"isPartOf\":{\"@id\":\"https:\\\/\\\/lospoliticosveracruz.com\\\/#website\"},\"datePublished\":\"2016-11-24T01:14:00+00:00\",\"breadcrumb\":{\"@id\":\"https:\\\/\\\/lospoliticosveracruz.com\\\/?p=28273#breadcrumb\"},\"inLanguage\":\"es\",\"potentialAction\":[{\"@type\":\"ReadAction\",\"target\":[\"https:\\\/\\\/lospoliticosveracruz.com\\\/?p=28273\"]}]},{\"@type\":\"BreadcrumbList\",\"@id\":\"https:\\\/\\\/lospoliticosveracruz.com\\\/?p=28273#breadcrumb\",\"itemListElement\":[{\"@type\":\"ListItem\",\"position\":1,\"name\":\"Portada\",\"item\":\"https:\\\/\\\/lospoliticosveracruz.com\\\/\"},{\"@type\":\"ListItem\",\"position\":2,\"name\":\"Millones despiden con alegr\u00eda al gobernante que se va\"}]},{\"@type\":\"WebSite\",\"@id\":\"https:\\\/\\\/lospoliticosveracruz.com\\\/#website\",\"url\":\"https:\\\/\\\/lospoliticosveracruz.com\\\/\",\"name\":\"Los pol\u00edticos Veracruz\",\"description\":\"\",\"publisher\":{\"@id\":\"https:\\\/\\\/lospoliticosveracruz.com\\\/#organization\"},\"potentialAction\":[{\"@type\":\"SearchAction\",\"target\":{\"@type\":\"EntryPoint\",\"urlTemplate\":\"https:\\\/\\\/lospoliticosveracruz.com\\\/?s={search_term_string}\"},\"query-input\":{\"@type\":\"PropertyValueSpecification\",\"valueRequired\":true,\"valueName\":\"search_term_string\"}}],\"inLanguage\":\"es\"},{\"@type\":\"Organization\",\"@id\":\"https:\\\/\\\/lospoliticosveracruz.com\\\/#organization\",\"name\":\"Los pol\u00edticos Veracruz\",\"url\":\"https:\\\/\\\/lospoliticosveracruz.com\\\/\",\"logo\":{\"@type\":\"ImageObject\",\"inLanguage\":\"es\",\"@id\":\"https:\\\/\\\/lospoliticosveracruz.com\\\/#\\\/schema\\\/logo\\\/image\\\/\",\"url\":\"https:\\\/\\\/lospoliticosveracruz.com\\\/wp-content\\\/uploads\\\/2025\\\/12\\\/Logo-Nuevo-LOS-POLITICOS-1.jpg\",\"contentUrl\":\"https:\\\/\\\/lospoliticosveracruz.com\\\/wp-content\\\/uploads\\\/2025\\\/12\\\/Logo-Nuevo-LOS-POLITICOS-1.jpg\",\"width\":260,\"height\":70,\"caption\":\"Los pol\u00edticos Veracruz\"},\"image\":{\"@id\":\"https:\\\/\\\/lospoliticosveracruz.com\\\/#\\\/schema\\\/logo\\\/image\\\/\"},\"sameAs\":[\"https:\\\/\\\/www.facebook.com\\\/people\\\/Notimemes-de-los-Polticos\\\/61565672886568\\\/\",\"https:\\\/\\\/x.com\\\/LosPoliticosVer\"]},{\"@type\":\"Person\",\"@id\":\"https:\\\/\\\/lospoliticosveracruz.com\\\/#\\\/schema\\\/person\\\/b8702bb0e538456e6efd07080bf2a4a2\",\"name\":\"Lo viste en Los Pol\u00edticos\",\"image\":{\"@type\":\"ImageObject\",\"inLanguage\":\"es\",\"@id\":\"https:\\\/\\\/secure.gravatar.com\\\/avatar\\\/3a8de04a2656d44082be478bd6c086daa447c4651605818287b9532d3d0bd435?s=96&d=mm&r=g\",\"url\":\"https:\\\/\\\/secure.gravatar.com\\\/avatar\\\/3a8de04a2656d44082be478bd6c086daa447c4651605818287b9532d3d0bd435?s=96&d=mm&r=g\",\"contentUrl\":\"https:\\\/\\\/secure.gravatar.com\\\/avatar\\\/3a8de04a2656d44082be478bd6c086daa447c4651605818287b9532d3d0bd435?s=96&d=mm&r=g\",\"caption\":\"Lo viste en Los Pol\u00edticos\"},\"url\":\"https:\\\/\\\/lospoliticosveracruz.com\\\/?author=2\"}]}<\/script>\n<!-- \/ Yoast SEO plugin. -->","yoast_head_json":{"title":"Millones despiden con alegr\u00eda al gobernante que se va - Los pol\u00edticos Veracruz","robots":{"index":"index","follow":"follow","max-snippet":"max-snippet:-1","max-image-preview":"max-image-preview:large","max-video-preview":"max-video-preview:-1"},"canonical":"https:\/\/lospoliticosveracruz.com\/?p=28273","og_locale":"es_ES","og_type":"article","og_title":"Millones despiden con alegr\u00eda al gobernante que se va - Los pol\u00edticos Veracruz","og_description":"Fanny Y\u00e9pez La Columna Confieso que sent\u00ed envidia de la buena, cuando vi de nueva cuenta, el video que circula en las redes sociales desde hace m\u00e1s de un mes, en el que despiden millones de norteamericanos al presidente Barack Obama, cantando \u201cDon\u00b4t Go\u201d -No te vayas- de Jon Tarifa. No s\u00e9 si fue el [&hellip;]","og_url":"https:\/\/lospoliticosveracruz.com\/?p=28273","og_site_name":"Los pol\u00edticos Veracruz","article_publisher":"https:\/\/www.facebook.com\/people\/Notimemes-de-los-Polticos\/61565672886568\/","article_published_time":"2016-11-24T01:14:00+00:00","og_image":[{"width":200,"height":200,"url":"https:\/\/lospoliticosveracruz.com\/wp-content\/uploads\/2016\/07\/Logo-Dor.jpg","type":"image\/jpeg"}],"author":"Lo viste en Los Pol\u00edticos","twitter_card":"summary_large_image","twitter_creator":"@LosPoliticosVer","twitter_site":"@LosPoliticosVer","twitter_misc":{"Escrito por":"Lo viste en Los Pol\u00edticos","Tiempo de lectura":"7 minutos"},"schema":{"@context":"https:\/\/schema.org","@graph":[{"@type":"Article","@id":"https:\/\/lospoliticosveracruz.com\/?p=28273#article","isPartOf":{"@id":"https:\/\/lospoliticosveracruz.com\/?p=28273"},"author":{"name":"Lo viste en Los Pol\u00edticos","@id":"https:\/\/lospoliticosveracruz.com\/#\/schema\/person\/b8702bb0e538456e6efd07080bf2a4a2"},"headline":"Millones despiden con alegr\u00eda al gobernante que se va","datePublished":"2016-11-24T01:14:00+00:00","mainEntityOfPage":{"@id":"https:\/\/lospoliticosveracruz.com\/?p=28273"},"wordCount":1414,"commentCount":0,"publisher":{"@id":"https:\/\/lospoliticosveracruz.com\/#organization"},"keywords":["Don't go","Flavino R\u00edos Alvarado","Gabriel Deantes","Javier Duarte","Miguel Angel Yunes Linares"],"articleSection":["De Opini\u00f3n"],"inLanguage":"es","potentialAction":[{"@type":"CommentAction","name":"Comment","target":["https:\/\/lospoliticosveracruz.com\/?p=28273#respond"]}]},{"@type":"WebPage","@id":"https:\/\/lospoliticosveracruz.com\/?p=28273","url":"https:\/\/lospoliticosveracruz.com\/?p=28273","name":"Millones despiden con alegr\u00eda al gobernante que se va - Los pol\u00edticos Veracruz","isPartOf":{"@id":"https:\/\/lospoliticosveracruz.com\/#website"},"datePublished":"2016-11-24T01:14:00+00:00","breadcrumb":{"@id":"https:\/\/lospoliticosveracruz.com\/?p=28273#breadcrumb"},"inLanguage":"es","potentialAction":[{"@type":"ReadAction","target":["https:\/\/lospoliticosveracruz.com\/?p=28273"]}]},{"@type":"BreadcrumbList","@id":"https:\/\/lospoliticosveracruz.com\/?p=28273#breadcrumb","itemListElement":[{"@type":"ListItem","position":1,"name":"Portada","item":"https:\/\/lospoliticosveracruz.com\/"},{"@type":"ListItem","position":2,"name":"Millones despiden con alegr\u00eda al gobernante que se va"}]},{"@type":"WebSite","@id":"https:\/\/lospoliticosveracruz.com\/#website","url":"https:\/\/lospoliticosveracruz.com\/","name":"Los pol\u00edticos Veracruz","description":"","publisher":{"@id":"https:\/\/lospoliticosveracruz.com\/#organization"},"potentialAction":[{"@type":"SearchAction","target":{"@type":"EntryPoint","urlTemplate":"https:\/\/lospoliticosveracruz.com\/?s={search_term_string}"},"query-input":{"@type":"PropertyValueSpecification","valueRequired":true,"valueName":"search_term_string"}}],"inLanguage":"es"},{"@type":"Organization","@id":"https:\/\/lospoliticosveracruz.com\/#organization","name":"Los pol\u00edticos Veracruz","url":"https:\/\/lospoliticosveracruz.com\/","logo":{"@type":"ImageObject","inLanguage":"es","@id":"https:\/\/lospoliticosveracruz.com\/#\/schema\/logo\/image\/","url":"https:\/\/lospoliticosveracruz.com\/wp-content\/uploads\/2025\/12\/Logo-Nuevo-LOS-POLITICOS-1.jpg","contentUrl":"https:\/\/lospoliticosveracruz.com\/wp-content\/uploads\/2025\/12\/Logo-Nuevo-LOS-POLITICOS-1.jpg","width":260,"height":70,"caption":"Los pol\u00edticos Veracruz"},"image":{"@id":"https:\/\/lospoliticosveracruz.com\/#\/schema\/logo\/image\/"},"sameAs":["https:\/\/www.facebook.com\/people\/Notimemes-de-los-Polticos\/61565672886568\/","https:\/\/x.com\/LosPoliticosVer"]},{"@type":"Person","@id":"https:\/\/lospoliticosveracruz.com\/#\/schema\/person\/b8702bb0e538456e6efd07080bf2a4a2","name":"Lo viste en Los Pol\u00edticos","image":{"@type":"ImageObject","inLanguage":"es","@id":"https:\/\/secure.gravatar.com\/avatar\/3a8de04a2656d44082be478bd6c086daa447c4651605818287b9532d3d0bd435?s=96&d=mm&r=g","url":"https:\/\/secure.gravatar.com\/avatar\/3a8de04a2656d44082be478bd6c086daa447c4651605818287b9532d3d0bd435?s=96&d=mm&r=g","contentUrl":"https:\/\/secure.gravatar.com\/avatar\/3a8de04a2656d44082be478bd6c086daa447c4651605818287b9532d3d0bd435?s=96&d=mm&r=g","caption":"Lo viste en Los Pol\u00edticos"},"url":"https:\/\/lospoliticosveracruz.com\/?author=2"}]}},"_links":{"self":[{"href":"https:\/\/lospoliticosveracruz.com\/index.php?rest_route=\/wp\/v2\/posts\/28273","targetHints":{"allow":["GET"]}}],"collection":[{"href":"https:\/\/lospoliticosveracruz.com\/index.php?rest_route=\/wp\/v2\/posts"}],"about":[{"href":"https:\/\/lospoliticosveracruz.com\/index.php?rest_route=\/wp\/v2\/types\/post"}],"author":[{"embeddable":true,"href":"https:\/\/lospoliticosveracruz.com\/index.php?rest_route=\/wp\/v2\/users\/2"}],"replies":[{"embeddable":true,"href":"https:\/\/lospoliticosveracruz.com\/index.php?rest_route=%2Fwp%2Fv2%2Fcomments&post=28273"}],"version-history":[{"count":2,"href":"https:\/\/lospoliticosveracruz.com\/index.php?rest_route=\/wp\/v2\/posts\/28273\/revisions"}],"predecessor-version":[{"id":28275,"href":"https:\/\/lospoliticosveracruz.com\/index.php?rest_route=\/wp\/v2\/posts\/28273\/revisions\/28275"}],"wp:attachment":[{"href":"https:\/\/lospoliticosveracruz.com\/index.php?rest_route=%2Fwp%2Fv2%2Fmedia&parent=28273"}],"wp:term":[{"taxonomy":"category","embeddable":true,"href":"https:\/\/lospoliticosveracruz.com\/index.php?rest_route=%2Fwp%2Fv2%2Fcategories&post=28273"},{"taxonomy":"post_tag","embeddable":true,"href":"https:\/\/lospoliticosveracruz.com\/index.php?rest_route=%2Fwp%2Fv2%2Ftags&post=28273"}],"curies":[{"name":"wp","href":"https:\/\/api.w.org\/{rel}","templated":true}]}}