{"id":28282,"date":"2016-11-24T23:19:19","date_gmt":"2016-11-25T05:19:19","guid":{"rendered":"http:\/\/www.lospoliticosveracruz.com.mx\/?p=28282"},"modified":"2016-11-24T23:19:19","modified_gmt":"2016-11-25T05:19:19","slug":"cde-del-pri-secuestrado","status":"publish","type":"post","link":"https:\/\/lospoliticosveracruz.com\/?p=28282","title":{"rendered":"CDE del PRI, \u00a1secuestrado!"},"content":{"rendered":"<p><strong>Salvador Mu\u00f1oz<\/strong><br \/>\n<em>Los Pol\u00edticos<\/em><\/p>\n<p>Para los observadores, el CDE del PRI en Veracruz dej\u00f3 de ser tal y no precisamente tras la derrota del cinco de junio\u2026 despu\u00e9s de la ratificaci\u00f3n de Amadeo Flores Espinosa como dirigente del tricolor, se muestra un escenario que lejos est\u00e1 de aprovechar la oportunidad que tiene el partido para reconformarse, sacudirse viejos vicios, viejas ma\u00f1as, viejas costumbres, porque todo indica que la cerca que se puso al edificio de Ruiz Cortines y Francisco Moreno, no fue para su protecci\u00f3n, sino para su secuestro.<br \/>\nII<br \/>\nAlgo no cuadra en el PRI de Amadeo Flores Espinosa, y no es porque haya circulado en redes una carta de empleados del partido a quienes se les adeuda la primera quincena de noviembre\u2026 dicen que en la CNC, el adeudo del Revolucionario es de ocho quincenas\u2026 no me crean, pero cuentan que Erika Ayala tuvo que apechugar de su bolsillo para el pago de trabajadores de la CNOP porque igual, en el PRI nom\u00e1s no fluye para los salarios.<br \/>\nLo curioso es que, de acuerdo a lo manifestado por ese documento de los empleados del PRI, es que son \u201clos altos mandos quienes puntualmente reciben su pago, justificando que son los que mueven los hilos\u201d, pero a los que \u201cno somos grillos, a los que tenemos que alimentar a nuestra familia, a los que tenemos que pagar servicios b\u00e1sicos como agua, luz, gas y renta; a los que ya ni siquiera nos alcanza con 9 pesos para subirnos al transporte p\u00fablico, algunos ya no tenemos ni para desayunar\u201d, no les llega el pago.<br \/>\nAlgo no cuadra en el PRI, es cierto\u2026 adem\u00e1s de la terrible situaci\u00f3n por la que atraviesan inmerecidamente estos trabajadores, algo no cuadra.<br \/>\nIII<br \/>\nAl PRI de plano hay algo que no le cuadra&#8230; m\u00e1s cuando de repente, resurge Generaci\u00f3n Revolucionaria, que a todas luces tiene la intenci\u00f3n de promover a H\u00e9ctor Yunes Landa y de refil\u00f3n, nos llevar\u00eda a cuestionar el inter\u00e9s del delegado de la Secretar\u00eda de Gobernaci\u00f3n en Veracruz, \u00c1ngel Isaac Ochoa P\u00e9rez (el creador de esta organizaci\u00f3n que curiosamente revivi\u00f3 en Veracruz con su arribo) por intentar meter mano en el proceso electoral que se avecina\u2026 o en una de \u00e9sas, d\u00e1ndole el beneficio de la duda, preguntarse entonces, qu\u00e9 pitos quiere tocar el delegado de Sagarpa en Veracruz, Octavio Legarreta Guerrero, cuando triangula con H\u00e9ctor Yunes Landa, la entrega de recursos a los campesinos a trav\u00e9s de Edgar D\u00edaz Fuentes, ese ex diputado que jam\u00e1s pas\u00f3 a Tribuna pero s\u00ed organiz\u00f3 plantones y marchas. \u00bfY Amadeo, qu\u00e9? \u00a1Aqu\u00ed le va!:<br \/>\nIV<br \/>\nY no cuadra cuando circula por las redes un mensaje que se pone tal cual: \u201cMa\u00f1ana 7 pm, en el CDE del PRI, en lo oscurito y sin previa convocatoria, el PRI de la post-vejez de Amadeo Flores Espinosa y H\u00e9ctor Yunes, har\u00e1n el cambio de los consejeros pol\u00edticos para armar un consejo a su modo y que les apruebe todas las irregularidades que seguramente cometer\u00e1n camino a las elecciones municipales\u2026\u201d<br \/>\nEl asunto de este comentario es cuando sale a relucir de nuevo el nombre de H\u00e9ctor Yunes Landa. \u00bfPor qu\u00e9? Porque para nadie es un secreto que aun con la derrota sufrida en la pasada contienda electoral, el chole\u00f1o persiste en ser \u00e9l otra vez, el candidato del PRI en el 2018, dejando a un lado el pacto de Caballeros hecho con el otro senador Pepe Yunes Zorrilla.<br \/>\n\u00bfY qu\u00e9 tiene que ver con Amadeo Flores Espinosa? El s\u00fabito inter\u00e9s por ser candidato a Senador, cosa en la que est\u00e1 en su leg\u00edtimo derecho, salvo cuando, como se dec\u00eda al principio de esta opini\u00f3n, que la cerca que rodea al edificio de Ruiz Cortines y Francisco Moreno no es para proteger las instalaciones, sino m\u00e1s bien para secuestrar al partido por dos grupos: V\u00eda Veracruzana y Alianza Generacional, teniendo como ariete a Generaci\u00f3n Revolucionaria, trabajando m\u00e1s por sus intereses personales que por el partido\u2026 al tiempo.<\/p>\n<p>smcainito@gmail.com<\/p>\n","protected":false},"excerpt":{"rendered":"<p>Salvador Mu\u00f1oz Los Pol\u00edticos Para los observadores, el CDE del PRI en Veracruz dej\u00f3 de ser tal y no precisamente tras la derrota del cinco de junio\u2026 despu\u00e9s de la ratificaci\u00f3n de Amadeo Flores Espinosa como dirigente del tricolor, se muestra un escenario que lejos est\u00e1 de aprovechar la oportunidad que tiene el partido para [&hellip;]<\/p>\n","protected":false},"author":2,"featured_media":0,"comment_status":"open","ping_status":"open","sticky":false,"template":"","format":"standard","meta":{"tdm_status":"","tdm_grid_status":"","footnotes":""},"categories":[70],"tags":[106,348,251],"class_list":{"0":"post-28282","1":"post","2":"type-post","3":"status-publish","4":"format-standard","6":"category-de-opinion","7":"tag-erika-ayala","8":"tag-hector-yunes-landa","9":"tag-pri"},"yoast_head":"<!-- This site is optimized with the Yoast SEO plugin v27.4 - https:\/\/yoast.com\/product\/yoast-seo-wordpress\/ -->\n<title>CDE del PRI, \u00a1secuestrado! - Los pol\u00edticos Veracruz<\/title>\n<meta name=\"robots\" content=\"index, follow, max-snippet:-1, max-image-preview:large, max-video-preview:-1\" \/>\n<link rel=\"canonical\" href=\"https:\/\/lospoliticosveracruz.com\/?p=28282\" \/>\n<meta property=\"og:locale\" content=\"es_ES\" \/>\n<meta property=\"og:type\" content=\"article\" \/>\n<meta property=\"og:title\" content=\"CDE del PRI, \u00a1secuestrado! - Los pol\u00edticos Veracruz\" \/>\n<meta property=\"og:description\" content=\"Salvador Mu\u00f1oz Los Pol\u00edticos Para los observadores, el CDE del PRI en Veracruz dej\u00f3 de ser tal y no precisamente tras la derrota del cinco de junio\u2026 despu\u00e9s de la ratificaci\u00f3n de Amadeo Flores Espinosa como dirigente del tricolor, se muestra un escenario que lejos est\u00e1 de aprovechar la oportunidad que tiene el partido para [&hellip;]\" \/>\n<meta property=\"og:url\" content=\"https:\/\/lospoliticosveracruz.com\/?p=28282\" \/>\n<meta property=\"og:site_name\" content=\"Los pol\u00edticos Veracruz\" \/>\n<meta property=\"article:publisher\" content=\"https:\/\/www.facebook.com\/people\/Notimemes-de-los-Polticos\/61565672886568\/\" \/>\n<meta property=\"article:published_time\" content=\"2016-11-25T05:19:19+00:00\" \/>\n<meta property=\"og:image\" content=\"https:\/\/lospoliticosveracruz.com\/wp-content\/uploads\/2016\/07\/Logo-Dor.jpg\" \/>\n\t<meta property=\"og:image:width\" content=\"200\" \/>\n\t<meta property=\"og:image:height\" content=\"200\" \/>\n\t<meta property=\"og:image:type\" content=\"image\/jpeg\" \/>\n<meta name=\"author\" content=\"Lo viste en Los Pol\u00edticos\" \/>\n<meta name=\"twitter:card\" content=\"summary_large_image\" \/>\n<meta name=\"twitter:creator\" content=\"@LosPoliticosVer\" \/>\n<meta name=\"twitter:site\" content=\"@LosPoliticosVer\" \/>\n<meta name=\"twitter:label1\" content=\"Escrito por\" \/>\n\t<meta name=\"twitter:data1\" content=\"Lo viste en Los Pol\u00edticos\" \/>\n\t<meta name=\"twitter:label2\" content=\"Tiempo de lectura\" \/>\n\t<meta name=\"twitter:data2\" content=\"4 minutos\" \/>\n<script type=\"application\/ld+json\" class=\"yoast-schema-graph\">{\"@context\":\"https:\\\/\\\/schema.org\",\"@graph\":[{\"@type\":\"Article\",\"@id\":\"https:\\\/\\\/lospoliticosveracruz.com\\\/?p=28282#article\",\"isPartOf\":{\"@id\":\"https:\\\/\\\/lospoliticosveracruz.com\\\/?p=28282\"},\"author\":{\"name\":\"Lo viste en Los Pol\u00edticos\",\"@id\":\"https:\\\/\\\/lospoliticosveracruz.com\\\/#\\\/schema\\\/person\\\/b8702bb0e538456e6efd07080bf2a4a2\"},\"headline\":\"CDE del PRI, \u00a1secuestrado!\",\"datePublished\":\"2016-11-25T05:19:19+00:00\",\"mainEntityOfPage\":{\"@id\":\"https:\\\/\\\/lospoliticosveracruz.com\\\/?p=28282\"},\"wordCount\":704,\"commentCount\":0,\"publisher\":{\"@id\":\"https:\\\/\\\/lospoliticosveracruz.com\\\/#organization\"},\"keywords\":[\"Erika Ayala\",\"H\u00e9ctor Yunes Landa\",\"PRI\"],\"articleSection\":[\"De Opini\u00f3n\"],\"inLanguage\":\"es\",\"potentialAction\":[{\"@type\":\"CommentAction\",\"name\":\"Comment\",\"target\":[\"https:\\\/\\\/lospoliticosveracruz.com\\\/?p=28282#respond\"]}]},{\"@type\":\"WebPage\",\"@id\":\"https:\\\/\\\/lospoliticosveracruz.com\\\/?p=28282\",\"url\":\"https:\\\/\\\/lospoliticosveracruz.com\\\/?p=28282\",\"name\":\"CDE del PRI, \u00a1secuestrado! - Los pol\u00edticos Veracruz\",\"isPartOf\":{\"@id\":\"https:\\\/\\\/lospoliticosveracruz.com\\\/#website\"},\"datePublished\":\"2016-11-25T05:19:19+00:00\",\"breadcrumb\":{\"@id\":\"https:\\\/\\\/lospoliticosveracruz.com\\\/?p=28282#breadcrumb\"},\"inLanguage\":\"es\",\"potentialAction\":[{\"@type\":\"ReadAction\",\"target\":[\"https:\\\/\\\/lospoliticosveracruz.com\\\/?p=28282\"]}]},{\"@type\":\"BreadcrumbList\",\"@id\":\"https:\\\/\\\/lospoliticosveracruz.com\\\/?p=28282#breadcrumb\",\"itemListElement\":[{\"@type\":\"ListItem\",\"position\":1,\"name\":\"Portada\",\"item\":\"https:\\\/\\\/lospoliticosveracruz.com\\\/\"},{\"@type\":\"ListItem\",\"position\":2,\"name\":\"CDE del PRI, \u00a1secuestrado!\"}]},{\"@type\":\"WebSite\",\"@id\":\"https:\\\/\\\/lospoliticosveracruz.com\\\/#website\",\"url\":\"https:\\\/\\\/lospoliticosveracruz.com\\\/\",\"name\":\"Los pol\u00edticos Veracruz\",\"description\":\"\",\"publisher\":{\"@id\":\"https:\\\/\\\/lospoliticosveracruz.com\\\/#organization\"},\"potentialAction\":[{\"@type\":\"SearchAction\",\"target\":{\"@type\":\"EntryPoint\",\"urlTemplate\":\"https:\\\/\\\/lospoliticosveracruz.com\\\/?s={search_term_string}\"},\"query-input\":{\"@type\":\"PropertyValueSpecification\",\"valueRequired\":true,\"valueName\":\"search_term_string\"}}],\"inLanguage\":\"es\"},{\"@type\":\"Organization\",\"@id\":\"https:\\\/\\\/lospoliticosveracruz.com\\\/#organization\",\"name\":\"Los pol\u00edticos Veracruz\",\"url\":\"https:\\\/\\\/lospoliticosveracruz.com\\\/\",\"logo\":{\"@type\":\"ImageObject\",\"inLanguage\":\"es\",\"@id\":\"https:\\\/\\\/lospoliticosveracruz.com\\\/#\\\/schema\\\/logo\\\/image\\\/\",\"url\":\"https:\\\/\\\/lospoliticosveracruz.com\\\/wp-content\\\/uploads\\\/2025\\\/12\\\/Logo-Nuevo-LOS-POLITICOS-1.jpg\",\"contentUrl\":\"https:\\\/\\\/lospoliticosveracruz.com\\\/wp-content\\\/uploads\\\/2025\\\/12\\\/Logo-Nuevo-LOS-POLITICOS-1.jpg\",\"width\":260,\"height\":70,\"caption\":\"Los pol\u00edticos Veracruz\"},\"image\":{\"@id\":\"https:\\\/\\\/lospoliticosveracruz.com\\\/#\\\/schema\\\/logo\\\/image\\\/\"},\"sameAs\":[\"https:\\\/\\\/www.facebook.com\\\/people\\\/Notimemes-de-los-Polticos\\\/61565672886568\\\/\",\"https:\\\/\\\/x.com\\\/LosPoliticosVer\"]},{\"@type\":\"Person\",\"@id\":\"https:\\\/\\\/lospoliticosveracruz.com\\\/#\\\/schema\\\/person\\\/b8702bb0e538456e6efd07080bf2a4a2\",\"name\":\"Lo viste en Los Pol\u00edticos\",\"image\":{\"@type\":\"ImageObject\",\"inLanguage\":\"es\",\"@id\":\"https:\\\/\\\/secure.gravatar.com\\\/avatar\\\/3a8de04a2656d44082be478bd6c086daa447c4651605818287b9532d3d0bd435?s=96&d=mm&r=g\",\"url\":\"https:\\\/\\\/secure.gravatar.com\\\/avatar\\\/3a8de04a2656d44082be478bd6c086daa447c4651605818287b9532d3d0bd435?s=96&d=mm&r=g\",\"contentUrl\":\"https:\\\/\\\/secure.gravatar.com\\\/avatar\\\/3a8de04a2656d44082be478bd6c086daa447c4651605818287b9532d3d0bd435?s=96&d=mm&r=g\",\"caption\":\"Lo viste en Los Pol\u00edticos\"},\"url\":\"https:\\\/\\\/lospoliticosveracruz.com\\\/?author=2\"}]}<\/script>\n<!-- \/ Yoast SEO plugin. -->","yoast_head_json":{"title":"CDE del PRI, \u00a1secuestrado! - Los pol\u00edticos Veracruz","robots":{"index":"index","follow":"follow","max-snippet":"max-snippet:-1","max-image-preview":"max-image-preview:large","max-video-preview":"max-video-preview:-1"},"canonical":"https:\/\/lospoliticosveracruz.com\/?p=28282","og_locale":"es_ES","og_type":"article","og_title":"CDE del PRI, \u00a1secuestrado! - Los pol\u00edticos Veracruz","og_description":"Salvador Mu\u00f1oz Los Pol\u00edticos Para los observadores, el CDE del PRI en Veracruz dej\u00f3 de ser tal y no precisamente tras la derrota del cinco de junio\u2026 despu\u00e9s de la ratificaci\u00f3n de Amadeo Flores Espinosa como dirigente del tricolor, se muestra un escenario que lejos est\u00e1 de aprovechar la oportunidad que tiene el partido para [&hellip;]","og_url":"https:\/\/lospoliticosveracruz.com\/?p=28282","og_site_name":"Los pol\u00edticos Veracruz","article_publisher":"https:\/\/www.facebook.com\/people\/Notimemes-de-los-Polticos\/61565672886568\/","article_published_time":"2016-11-25T05:19:19+00:00","og_image":[{"width":200,"height":200,"url":"https:\/\/lospoliticosveracruz.com\/wp-content\/uploads\/2016\/07\/Logo-Dor.jpg","type":"image\/jpeg"}],"author":"Lo viste en Los Pol\u00edticos","twitter_card":"summary_large_image","twitter_creator":"@LosPoliticosVer","twitter_site":"@LosPoliticosVer","twitter_misc":{"Escrito por":"Lo viste en Los Pol\u00edticos","Tiempo de lectura":"4 minutos"},"schema":{"@context":"https:\/\/schema.org","@graph":[{"@type":"Article","@id":"https:\/\/lospoliticosveracruz.com\/?p=28282#article","isPartOf":{"@id":"https:\/\/lospoliticosveracruz.com\/?p=28282"},"author":{"name":"Lo viste en Los Pol\u00edticos","@id":"https:\/\/lospoliticosveracruz.com\/#\/schema\/person\/b8702bb0e538456e6efd07080bf2a4a2"},"headline":"CDE del PRI, \u00a1secuestrado!","datePublished":"2016-11-25T05:19:19+00:00","mainEntityOfPage":{"@id":"https:\/\/lospoliticosveracruz.com\/?p=28282"},"wordCount":704,"commentCount":0,"publisher":{"@id":"https:\/\/lospoliticosveracruz.com\/#organization"},"keywords":["Erika Ayala","H\u00e9ctor Yunes Landa","PRI"],"articleSection":["De Opini\u00f3n"],"inLanguage":"es","potentialAction":[{"@type":"CommentAction","name":"Comment","target":["https:\/\/lospoliticosveracruz.com\/?p=28282#respond"]}]},{"@type":"WebPage","@id":"https:\/\/lospoliticosveracruz.com\/?p=28282","url":"https:\/\/lospoliticosveracruz.com\/?p=28282","name":"CDE del PRI, \u00a1secuestrado! - Los pol\u00edticos Veracruz","isPartOf":{"@id":"https:\/\/lospoliticosveracruz.com\/#website"},"datePublished":"2016-11-25T05:19:19+00:00","breadcrumb":{"@id":"https:\/\/lospoliticosveracruz.com\/?p=28282#breadcrumb"},"inLanguage":"es","potentialAction":[{"@type":"ReadAction","target":["https:\/\/lospoliticosveracruz.com\/?p=28282"]}]},{"@type":"BreadcrumbList","@id":"https:\/\/lospoliticosveracruz.com\/?p=28282#breadcrumb","itemListElement":[{"@type":"ListItem","position":1,"name":"Portada","item":"https:\/\/lospoliticosveracruz.com\/"},{"@type":"ListItem","position":2,"name":"CDE del PRI, \u00a1secuestrado!"}]},{"@type":"WebSite","@id":"https:\/\/lospoliticosveracruz.com\/#website","url":"https:\/\/lospoliticosveracruz.com\/","name":"Los pol\u00edticos Veracruz","description":"","publisher":{"@id":"https:\/\/lospoliticosveracruz.com\/#organization"},"potentialAction":[{"@type":"SearchAction","target":{"@type":"EntryPoint","urlTemplate":"https:\/\/lospoliticosveracruz.com\/?s={search_term_string}"},"query-input":{"@type":"PropertyValueSpecification","valueRequired":true,"valueName":"search_term_string"}}],"inLanguage":"es"},{"@type":"Organization","@id":"https:\/\/lospoliticosveracruz.com\/#organization","name":"Los pol\u00edticos Veracruz","url":"https:\/\/lospoliticosveracruz.com\/","logo":{"@type":"ImageObject","inLanguage":"es","@id":"https:\/\/lospoliticosveracruz.com\/#\/schema\/logo\/image\/","url":"https:\/\/lospoliticosveracruz.com\/wp-content\/uploads\/2025\/12\/Logo-Nuevo-LOS-POLITICOS-1.jpg","contentUrl":"https:\/\/lospoliticosveracruz.com\/wp-content\/uploads\/2025\/12\/Logo-Nuevo-LOS-POLITICOS-1.jpg","width":260,"height":70,"caption":"Los pol\u00edticos Veracruz"},"image":{"@id":"https:\/\/lospoliticosveracruz.com\/#\/schema\/logo\/image\/"},"sameAs":["https:\/\/www.facebook.com\/people\/Notimemes-de-los-Polticos\/61565672886568\/","https:\/\/x.com\/LosPoliticosVer"]},{"@type":"Person","@id":"https:\/\/lospoliticosveracruz.com\/#\/schema\/person\/b8702bb0e538456e6efd07080bf2a4a2","name":"Lo viste en Los Pol\u00edticos","image":{"@type":"ImageObject","inLanguage":"es","@id":"https:\/\/secure.gravatar.com\/avatar\/3a8de04a2656d44082be478bd6c086daa447c4651605818287b9532d3d0bd435?s=96&d=mm&r=g","url":"https:\/\/secure.gravatar.com\/avatar\/3a8de04a2656d44082be478bd6c086daa447c4651605818287b9532d3d0bd435?s=96&d=mm&r=g","contentUrl":"https:\/\/secure.gravatar.com\/avatar\/3a8de04a2656d44082be478bd6c086daa447c4651605818287b9532d3d0bd435?s=96&d=mm&r=g","caption":"Lo viste en Los Pol\u00edticos"},"url":"https:\/\/lospoliticosveracruz.com\/?author=2"}]}},"_links":{"self":[{"href":"https:\/\/lospoliticosveracruz.com\/index.php?rest_route=\/wp\/v2\/posts\/28282","targetHints":{"allow":["GET"]}}],"collection":[{"href":"https:\/\/lospoliticosveracruz.com\/index.php?rest_route=\/wp\/v2\/posts"}],"about":[{"href":"https:\/\/lospoliticosveracruz.com\/index.php?rest_route=\/wp\/v2\/types\/post"}],"author":[{"embeddable":true,"href":"https:\/\/lospoliticosveracruz.com\/index.php?rest_route=\/wp\/v2\/users\/2"}],"replies":[{"embeddable":true,"href":"https:\/\/lospoliticosveracruz.com\/index.php?rest_route=%2Fwp%2Fv2%2Fcomments&post=28282"}],"version-history":[{"count":3,"href":"https:\/\/lospoliticosveracruz.com\/index.php?rest_route=\/wp\/v2\/posts\/28282\/revisions"}],"predecessor-version":[{"id":28323,"href":"https:\/\/lospoliticosveracruz.com\/index.php?rest_route=\/wp\/v2\/posts\/28282\/revisions\/28323"}],"wp:attachment":[{"href":"https:\/\/lospoliticosveracruz.com\/index.php?rest_route=%2Fwp%2Fv2%2Fmedia&parent=28282"}],"wp:term":[{"taxonomy":"category","embeddable":true,"href":"https:\/\/lospoliticosveracruz.com\/index.php?rest_route=%2Fwp%2Fv2%2Fcategories&post=28282"},{"taxonomy":"post_tag","embeddable":true,"href":"https:\/\/lospoliticosveracruz.com\/index.php?rest_route=%2Fwp%2Fv2%2Ftags&post=28282"}],"curies":[{"name":"wp","href":"https:\/\/api.w.org\/{rel}","templated":true}]}}