{"id":28287,"date":"2016-11-24T11:05:45","date_gmt":"2016-11-24T17:05:45","guid":{"rendered":"http:\/\/www.lospoliticosveracruz.com.mx\/?p=28287"},"modified":"2016-11-24T11:05:45","modified_gmt":"2016-11-24T17:05:45","slug":"comparecencias-el-reparto-de-culpas","status":"publish","type":"post","link":"https:\/\/lospoliticosveracruz.com\/?p=28287","title":{"rendered":"Comparecencias, el reparto de culpas"},"content":{"rendered":"<p class=\"x_m_-4068228282150297763MsoNoSpacing\"><strong>Luis Alberto Romero<\/strong><u><\/u><u><\/u><\/p>\n<p class=\"x_m_-4068228282150297763MsoNoSpacing\">\u00a0<em>Hora Cero<\/em><\/p>\n<p class=\"x_m_-4068228282150297763MsoNoSpacing\"><b>\u00a0<\/b><\/p>\n<p class=\"x_m_-4068228282150297763MsoNoSpacing\">Hasta ahora, las comparecencias de los actuales secretarios de despacho del gobierno del estado han servido casi \u00fanicamente para el reparto de culpas sobre las irregularidades que se registran en las dependencias.<u><\/u><u><\/u><\/p>\n<p class=\"x_m_-4068228282150297763MsoNoSpacing\">Los temas de las empresas <i>fantasma<\/i>, de los presuntos desv\u00edos de recursos y de las denuncias por actos de corrupci\u00f3n han acaparado los reflectores.<u><\/u><u><\/u><\/p>\n<p class=\"x_m_-4068228282150297763MsoNoSpacing\">Hasta hoy, pr\u00e1cticamente no hay dependencia cuyo titular que haya salido bien librado de su comparecencia ante el Legislativo; el contralor del Estado, Ricardo Garc\u00eda Guzm\u00e1n, por ejemplo, revel\u00f3 datos que se desconoc\u00edan y que presumen m\u00e1s actos de corrupci\u00f3n; dijo, por ejemplo, que la dependencia denunci\u00f3 ante la Fiscal\u00eda General del Estado la falsa certificaci\u00f3n de obras por m\u00e1s de mil millones de pesos; obras que no existen pero que fueron cobradas.<u><\/u><u><\/u><\/p>\n<p class=\"x_m_-4068228282150297763MsoNoSpacing\">Sin embargo, los cuestionamientos que recibi\u00f3 el contralor se enfocaron b\u00e1sicamente en que no denunci\u00f3 a tiempo, en su momento, las irregularidades detectadas\u2026 y en el mismo sentido ir\u00edan las cr\u00edticas al \u00d3rgano de Fiscalizaci\u00f3n Superior del Estado.<u><\/u><u><\/u><\/p>\n<p class=\"x_m_-4068228282150297763MsoNoSpacing\">Otra dependencia cuya comparecencia se ha caracterizado por convertirse en un reparto de acusaciones y se\u00f1alamientos es la Secretar\u00eda de Salud:<u><\/u><u><\/u><\/p>\n<p class=\"x_m_-4068228282150297763MsoNoSpacing\">El titular de la Secretar\u00eda, Fernando Ben\u00edtez Obeso, se lanz\u00f3 con u\u00f1as y dientes contra su antecesor, Juan Antonio Nemi Dib. El tambi\u00e9n ex director del Centro de Especialidades M\u00e9dicas habl\u00f3, por ejemplo, de un gasto excesivo en la compra de medicamentos; destac\u00f3 que la dependencia duplic\u00f3 la adquisici\u00f3n de f\u00f3rmulas y que no previ\u00f3 que \u00e9stas caducar\u00edan; en ese contexto, Ben\u00edtez Obeso se refiri\u00f3 a la compra de medicinas por m\u00e1s de 830 millones de pesos y subray\u00f3 que una parte de \u00e9stas perder\u00edan vigencia.<u><\/u><u><\/u><\/p>\n<p class=\"x_m_-4068228282150297763MsoNoSpacing\">De igual manera, el secretario inform\u00f3 a los diputados que integran la Comisi\u00f3n Permanente de Salud y Asistencia de la Legislatura del Estado que su antecesor aument\u00f3 la n\u00f3mina de la dependencia en 64 millones de pesos y que m\u00e1s de 450 personas fueron dadas de alta s\u00f3lo en las oficinas centrales, lo cual habr\u00eda generado un d\u00e9ficit en la Secretar\u00eda. <u><\/u><u><\/u><\/p>\n<p class=\"x_m_-4068228282150297763MsoNoSpacing\">Ben\u00edtez Obeso tambi\u00e9n habl\u00f3 de un presunto da\u00f1o patrimonial por m\u00e1s de 2 mil 800 millones de pesos, situaci\u00f3n que \u2013dijo\u2013 fue informada a la Contralor\u00eda General del Estado.<u><\/u><u><\/u><\/p>\n<p class=\"x_m_-4068228282150297763MsoNoSpacing\">En respuesta, Juan Antonio Nemi Dib respondi\u00f3 a los petardos y calific\u00f3 al actual secretario de Salud como c\u00f3mplice de quienes han depredado la dependencia.<u><\/u><u><\/u><\/p>\n<p class=\"x_m_-4068228282150297763MsoNoSpacing\">De igual manera, el tambi\u00e9n ex director del Sistema Estatal para el Desarrollo Integral de la Familia, DIF, dijo que Ben\u00edtez Obeso era un profesional de la mentira y se ofreci\u00f3 a comparecer ante los diputados para aclarar dudas sobre su paso por SSA.<u><\/u><u><\/u><\/p>\n<p class=\"x_m_-4068228282150297763MsoNoSpacing\">En una entrevista difundida en el portal <a href=\"http:\/\/versiones.com.mx\/\" target=\"_blank\">Versiones.com.mx<\/a>, Nemi Dib enfatiz\u00f3 que su sucesor en el cargo cometi\u00f3 perjurio en \u00e9sta y en la anterior comparecencia (la correspondiente a 2015), cuando afirm\u00f3 que no encontr\u00f3 las denuncias interpuestas por To\u00f1o Nemi sobre el tema de las empresas fantasma.<u><\/u><u><\/u><\/p>\n<p class=\"x_m_-4068228282150297763MsoNoSpacing\">El ex secretario calific\u00f3 a Fernando Ben\u00edtez como un funcionario d\u00f3cil y dijo que no es m\u00e1s que un instrumento del ex director de Administraci\u00f3n, Ricardo Sandoval Aguilar (despedido por Nemi en marzo de 2013); de Jes\u00fas Villegas, tambi\u00e9n vinculado al \u00e1rea administrativa; y de la lideresa del sindicato de trabajadores de la Secretar\u00eda de Salud, Luisa \u00c1ngela Soto, actual diputada local plurinominal por el PRI.<u><\/u><u><\/u><\/p>\n<p class=\"x_m_-4068228282150297763MsoNoSpacing\">De esa manera, To\u00f1o Nemi se refiri\u00f3 a Fernando Ben\u00edtez no como un funcionario con presencia propia, sino como una marioneta de quienes ten\u00edan la responsabilidad del manejo administrativo de la dependencia y de la cabeza de un sindicato que por a\u00f1os ha hecho lo que ha querido en esa secretar\u00eda del gobierno estatal.<u><\/u><u><\/u><\/p>\n<p class=\"x_m_-4068228282150297763MsoNoSpacing\">El tema dar\u00e1 para mucho en los pr\u00f3ximos d\u00edas.<\/p>\n<p class=\"x_m_-4068228282150297763MsoNoSpacing\"><b>Obras que no se ven<u><\/u><u><\/u><\/b><\/p>\n<p class=\"x_m_-4068228282150297763MsoNoSpacing\">Ayer el alcalde Am\u00e9rico Z\u00fa\u00f1iga Mart\u00ednez recorri\u00f3 los colectores Coatzacoalcos y Amazonas y constat\u00f3 que en efecto hay obras que no se ven, que se entierran, que no lucen, pero que permitir\u00e1n solucionar problemas que miles de xalape\u00f1os sufren desde hace m\u00e1s de 30 a\u00f1os.<u><\/u><u><\/u><\/p>\n<p class=\"x_m_-4068228282150297763MsoNoSpacing\">Si solo este a\u00f1o, el ayuntamiento invierte m\u00e1s de 150 millones de pesos en obras de infraestructura hidr\u00e1ulica, imag\u00ednese cu\u00e1ntas calles pavimentadas se podr\u00edan hacer, al menos 100 calles que estar\u00edan ah\u00ed, a la vista de todos.<u><\/u><u><\/u><\/p>\n<p class=\"x_m_-4068228282150297763MsoNoSpacing\">Sin embargo, el mun\u00edcipe y su cabildo decidieron invertir en este tipo de obras, para solucionar problemas y para que familias dejen de sufrir por las inundaciones.<u><\/u><u><\/u><\/p>\n<p class=\"x_m_-4068228282150297763MsoNoSpacing\">Ayer, en la calle Monte Sina\u00ed de la Colonia Higueras, la se\u00f1ora Dipma Villa lo felicit\u00f3 y reconoci\u00f3 su trabajo.<u><\/u><u><\/u><\/p>\n<p class=\"x_m_-4068228282150297763MsoNoSpacing\">Ella, que fue fundadora de la colonia Lealtad Institucional, le cont\u00f3 de los sufrimientos que vivieron por a\u00f1os debido a inundaciones; le dijo que ten\u00eda sus respetos por hacer este tipo de obras que van enterradas y que nadie ve.<u><\/u><u><\/u><\/p>\n<p class=\"x_m_-4068228282150297763MsoNoSpacing\">\u201cA pesar de su juventud, Am\u00e9rico Z\u00fa\u00f1iga ha levantado a Xalapa haciendo obras que a veces la gente no valora porque no se dan cuenta desde los cimientos, la cantidad de material y de mano de obra y el dinero que queda ah\u00ed enterrado y que a veces la gente no logra entender a las personas que nos hacen esos beneficios\u201d.<u><\/u><u><\/u><\/p>\n<p class=\"x_m_-4068228282150297763MsoNoSpacing\">Dijo que frente a quienes dicen que su gobierno \u201cno ha hecho nada, hay que decirles lo contrario, porque ha hecho mucho, como esta obra de la colonia Higueras que no se ve, pero que nos traer\u00e1 muchos beneficios\u201d, acot\u00f3.<\/p>\n<p class=\"x_m_-4068228282150297763MsoNoSpacing\">@luisromero85<u><\/u><u><\/u><\/p>\n<p>&nbsp;<\/p>\n","protected":false},"excerpt":{"rendered":"<p>Luis Alberto Romero \u00a0Hora Cero \u00a0 Hasta ahora, las comparecencias de los actuales secretarios de despacho del gobierno del estado han servido casi \u00fanicamente para el reparto de culpas sobre las irregularidades que se registran en las dependencias. Los temas de las empresas fantasma, de los presuntos desv\u00edos de recursos y de las denuncias por [&hellip;]<\/p>\n","protected":false},"author":2,"featured_media":0,"comment_status":"open","ping_status":"open","sticky":false,"template":"","format":"standard","meta":{"tdm_status":"","tdm_grid_status":"","footnotes":""},"categories":[70],"tags":[5686,997,996,1272],"class_list":{"0":"post-28287","1":"post","2":"type-post","3":"status-publish","4":"format-standard","6":"category-de-opinion","7":"tag-empresas-fantasma","8":"tag-fernando-benitez-obeso","9":"tag-juan-antonio-nemi-dib","10":"tag-ricardo-garcia-guzman"},"yoast_head":"<!-- This site is optimized with the Yoast SEO plugin v27.4 - https:\/\/yoast.com\/product\/yoast-seo-wordpress\/ -->\n<title>Comparecencias, el reparto de culpas - Los pol\u00edticos Veracruz<\/title>\n<meta name=\"robots\" content=\"index, follow, max-snippet:-1, max-image-preview:large, max-video-preview:-1\" \/>\n<link rel=\"canonical\" href=\"https:\/\/lospoliticosveracruz.com\/?p=28287\" \/>\n<meta property=\"og:locale\" content=\"es_ES\" \/>\n<meta property=\"og:type\" content=\"article\" \/>\n<meta property=\"og:title\" content=\"Comparecencias, el reparto de culpas - Los pol\u00edticos Veracruz\" \/>\n<meta property=\"og:description\" content=\"Luis Alberto Romero \u00a0Hora Cero \u00a0 Hasta ahora, las comparecencias de los actuales secretarios de despacho del gobierno del estado han servido casi \u00fanicamente para el reparto de culpas sobre las irregularidades que se registran en las dependencias. Los temas de las empresas fantasma, de los presuntos desv\u00edos de recursos y de las denuncias por [&hellip;]\" \/>\n<meta property=\"og:url\" content=\"https:\/\/lospoliticosveracruz.com\/?p=28287\" \/>\n<meta property=\"og:site_name\" content=\"Los pol\u00edticos Veracruz\" \/>\n<meta property=\"article:publisher\" content=\"https:\/\/www.facebook.com\/people\/Notimemes-de-los-Polticos\/61565672886568\/\" \/>\n<meta property=\"article:published_time\" content=\"2016-11-24T17:05:45+00:00\" \/>\n<meta property=\"og:image\" content=\"https:\/\/lospoliticosveracruz.com\/wp-content\/uploads\/2016\/07\/Logo-Dor.jpg\" \/>\n\t<meta property=\"og:image:width\" content=\"200\" \/>\n\t<meta property=\"og:image:height\" content=\"200\" \/>\n\t<meta property=\"og:image:type\" content=\"image\/jpeg\" \/>\n<meta name=\"author\" content=\"Lo viste en Los Pol\u00edticos\" \/>\n<meta name=\"twitter:card\" content=\"summary_large_image\" \/>\n<meta name=\"twitter:creator\" content=\"@LosPoliticosVer\" \/>\n<meta name=\"twitter:site\" content=\"@LosPoliticosVer\" \/>\n<meta name=\"twitter:label1\" content=\"Escrito por\" \/>\n\t<meta name=\"twitter:data1\" content=\"Lo viste en Los Pol\u00edticos\" \/>\n\t<meta name=\"twitter:label2\" content=\"Tiempo de lectura\" \/>\n\t<meta name=\"twitter:data2\" content=\"5 minutos\" \/>\n<script type=\"application\/ld+json\" class=\"yoast-schema-graph\">{\"@context\":\"https:\\\/\\\/schema.org\",\"@graph\":[{\"@type\":\"Article\",\"@id\":\"https:\\\/\\\/lospoliticosveracruz.com\\\/?p=28287#article\",\"isPartOf\":{\"@id\":\"https:\\\/\\\/lospoliticosveracruz.com\\\/?p=28287\"},\"author\":{\"name\":\"Lo viste en Los Pol\u00edticos\",\"@id\":\"https:\\\/\\\/lospoliticosveracruz.com\\\/#\\\/schema\\\/person\\\/b8702bb0e538456e6efd07080bf2a4a2\"},\"headline\":\"Comparecencias, el reparto de culpas\",\"datePublished\":\"2016-11-24T17:05:45+00:00\",\"mainEntityOfPage\":{\"@id\":\"https:\\\/\\\/lospoliticosveracruz.com\\\/?p=28287\"},\"wordCount\":968,\"commentCount\":0,\"publisher\":{\"@id\":\"https:\\\/\\\/lospoliticosveracruz.com\\\/#organization\"},\"keywords\":[\"empresas fantasma\",\"Fernando Ben\u00edtez Obeso\",\"Juan Antonio Nemi Dib\",\"Ricardo Garc\u00eda Guzm\u00e1n\"],\"articleSection\":[\"De Opini\u00f3n\"],\"inLanguage\":\"es\",\"potentialAction\":[{\"@type\":\"CommentAction\",\"name\":\"Comment\",\"target\":[\"https:\\\/\\\/lospoliticosveracruz.com\\\/?p=28287#respond\"]}]},{\"@type\":\"WebPage\",\"@id\":\"https:\\\/\\\/lospoliticosveracruz.com\\\/?p=28287\",\"url\":\"https:\\\/\\\/lospoliticosveracruz.com\\\/?p=28287\",\"name\":\"Comparecencias, el reparto de culpas - Los pol\u00edticos Veracruz\",\"isPartOf\":{\"@id\":\"https:\\\/\\\/lospoliticosveracruz.com\\\/#website\"},\"datePublished\":\"2016-11-24T17:05:45+00:00\",\"breadcrumb\":{\"@id\":\"https:\\\/\\\/lospoliticosveracruz.com\\\/?p=28287#breadcrumb\"},\"inLanguage\":\"es\",\"potentialAction\":[{\"@type\":\"ReadAction\",\"target\":[\"https:\\\/\\\/lospoliticosveracruz.com\\\/?p=28287\"]}]},{\"@type\":\"BreadcrumbList\",\"@id\":\"https:\\\/\\\/lospoliticosveracruz.com\\\/?p=28287#breadcrumb\",\"itemListElement\":[{\"@type\":\"ListItem\",\"position\":1,\"name\":\"Portada\",\"item\":\"https:\\\/\\\/lospoliticosveracruz.com\\\/\"},{\"@type\":\"ListItem\",\"position\":2,\"name\":\"Comparecencias, el reparto de culpas\"}]},{\"@type\":\"WebSite\",\"@id\":\"https:\\\/\\\/lospoliticosveracruz.com\\\/#website\",\"url\":\"https:\\\/\\\/lospoliticosveracruz.com\\\/\",\"name\":\"Los pol\u00edticos Veracruz\",\"description\":\"\",\"publisher\":{\"@id\":\"https:\\\/\\\/lospoliticosveracruz.com\\\/#organization\"},\"potentialAction\":[{\"@type\":\"SearchAction\",\"target\":{\"@type\":\"EntryPoint\",\"urlTemplate\":\"https:\\\/\\\/lospoliticosveracruz.com\\\/?s={search_term_string}\"},\"query-input\":{\"@type\":\"PropertyValueSpecification\",\"valueRequired\":true,\"valueName\":\"search_term_string\"}}],\"inLanguage\":\"es\"},{\"@type\":\"Organization\",\"@id\":\"https:\\\/\\\/lospoliticosveracruz.com\\\/#organization\",\"name\":\"Los pol\u00edticos Veracruz\",\"url\":\"https:\\\/\\\/lospoliticosveracruz.com\\\/\",\"logo\":{\"@type\":\"ImageObject\",\"inLanguage\":\"es\",\"@id\":\"https:\\\/\\\/lospoliticosveracruz.com\\\/#\\\/schema\\\/logo\\\/image\\\/\",\"url\":\"https:\\\/\\\/lospoliticosveracruz.com\\\/wp-content\\\/uploads\\\/2025\\\/12\\\/Logo-Nuevo-LOS-POLITICOS-1.jpg\",\"contentUrl\":\"https:\\\/\\\/lospoliticosveracruz.com\\\/wp-content\\\/uploads\\\/2025\\\/12\\\/Logo-Nuevo-LOS-POLITICOS-1.jpg\",\"width\":260,\"height\":70,\"caption\":\"Los pol\u00edticos Veracruz\"},\"image\":{\"@id\":\"https:\\\/\\\/lospoliticosveracruz.com\\\/#\\\/schema\\\/logo\\\/image\\\/\"},\"sameAs\":[\"https:\\\/\\\/www.facebook.com\\\/people\\\/Notimemes-de-los-Polticos\\\/61565672886568\\\/\",\"https:\\\/\\\/x.com\\\/LosPoliticosVer\"]},{\"@type\":\"Person\",\"@id\":\"https:\\\/\\\/lospoliticosveracruz.com\\\/#\\\/schema\\\/person\\\/b8702bb0e538456e6efd07080bf2a4a2\",\"name\":\"Lo viste en Los Pol\u00edticos\",\"image\":{\"@type\":\"ImageObject\",\"inLanguage\":\"es\",\"@id\":\"https:\\\/\\\/secure.gravatar.com\\\/avatar\\\/3a8de04a2656d44082be478bd6c086daa447c4651605818287b9532d3d0bd435?s=96&d=mm&r=g\",\"url\":\"https:\\\/\\\/secure.gravatar.com\\\/avatar\\\/3a8de04a2656d44082be478bd6c086daa447c4651605818287b9532d3d0bd435?s=96&d=mm&r=g\",\"contentUrl\":\"https:\\\/\\\/secure.gravatar.com\\\/avatar\\\/3a8de04a2656d44082be478bd6c086daa447c4651605818287b9532d3d0bd435?s=96&d=mm&r=g\",\"caption\":\"Lo viste en Los Pol\u00edticos\"},\"url\":\"https:\\\/\\\/lospoliticosveracruz.com\\\/?author=2\"}]}<\/script>\n<!-- \/ Yoast SEO plugin. -->","yoast_head_json":{"title":"Comparecencias, el reparto de culpas - Los pol\u00edticos Veracruz","robots":{"index":"index","follow":"follow","max-snippet":"max-snippet:-1","max-image-preview":"max-image-preview:large","max-video-preview":"max-video-preview:-1"},"canonical":"https:\/\/lospoliticosveracruz.com\/?p=28287","og_locale":"es_ES","og_type":"article","og_title":"Comparecencias, el reparto de culpas - Los pol\u00edticos Veracruz","og_description":"Luis Alberto Romero \u00a0Hora Cero \u00a0 Hasta ahora, las comparecencias de los actuales secretarios de despacho del gobierno del estado han servido casi \u00fanicamente para el reparto de culpas sobre las irregularidades que se registran en las dependencias. Los temas de las empresas fantasma, de los presuntos desv\u00edos de recursos y de las denuncias por [&hellip;]","og_url":"https:\/\/lospoliticosveracruz.com\/?p=28287","og_site_name":"Los pol\u00edticos Veracruz","article_publisher":"https:\/\/www.facebook.com\/people\/Notimemes-de-los-Polticos\/61565672886568\/","article_published_time":"2016-11-24T17:05:45+00:00","og_image":[{"width":200,"height":200,"url":"https:\/\/lospoliticosveracruz.com\/wp-content\/uploads\/2016\/07\/Logo-Dor.jpg","type":"image\/jpeg"}],"author":"Lo viste en Los Pol\u00edticos","twitter_card":"summary_large_image","twitter_creator":"@LosPoliticosVer","twitter_site":"@LosPoliticosVer","twitter_misc":{"Escrito por":"Lo viste en Los Pol\u00edticos","Tiempo de lectura":"5 minutos"},"schema":{"@context":"https:\/\/schema.org","@graph":[{"@type":"Article","@id":"https:\/\/lospoliticosveracruz.com\/?p=28287#article","isPartOf":{"@id":"https:\/\/lospoliticosveracruz.com\/?p=28287"},"author":{"name":"Lo viste en Los Pol\u00edticos","@id":"https:\/\/lospoliticosveracruz.com\/#\/schema\/person\/b8702bb0e538456e6efd07080bf2a4a2"},"headline":"Comparecencias, el reparto de culpas","datePublished":"2016-11-24T17:05:45+00:00","mainEntityOfPage":{"@id":"https:\/\/lospoliticosveracruz.com\/?p=28287"},"wordCount":968,"commentCount":0,"publisher":{"@id":"https:\/\/lospoliticosveracruz.com\/#organization"},"keywords":["empresas fantasma","Fernando Ben\u00edtez Obeso","Juan Antonio Nemi Dib","Ricardo Garc\u00eda Guzm\u00e1n"],"articleSection":["De Opini\u00f3n"],"inLanguage":"es","potentialAction":[{"@type":"CommentAction","name":"Comment","target":["https:\/\/lospoliticosveracruz.com\/?p=28287#respond"]}]},{"@type":"WebPage","@id":"https:\/\/lospoliticosveracruz.com\/?p=28287","url":"https:\/\/lospoliticosveracruz.com\/?p=28287","name":"Comparecencias, el reparto de culpas - Los pol\u00edticos Veracruz","isPartOf":{"@id":"https:\/\/lospoliticosveracruz.com\/#website"},"datePublished":"2016-11-24T17:05:45+00:00","breadcrumb":{"@id":"https:\/\/lospoliticosveracruz.com\/?p=28287#breadcrumb"},"inLanguage":"es","potentialAction":[{"@type":"ReadAction","target":["https:\/\/lospoliticosveracruz.com\/?p=28287"]}]},{"@type":"BreadcrumbList","@id":"https:\/\/lospoliticosveracruz.com\/?p=28287#breadcrumb","itemListElement":[{"@type":"ListItem","position":1,"name":"Portada","item":"https:\/\/lospoliticosveracruz.com\/"},{"@type":"ListItem","position":2,"name":"Comparecencias, el reparto de culpas"}]},{"@type":"WebSite","@id":"https:\/\/lospoliticosveracruz.com\/#website","url":"https:\/\/lospoliticosveracruz.com\/","name":"Los pol\u00edticos Veracruz","description":"","publisher":{"@id":"https:\/\/lospoliticosveracruz.com\/#organization"},"potentialAction":[{"@type":"SearchAction","target":{"@type":"EntryPoint","urlTemplate":"https:\/\/lospoliticosveracruz.com\/?s={search_term_string}"},"query-input":{"@type":"PropertyValueSpecification","valueRequired":true,"valueName":"search_term_string"}}],"inLanguage":"es"},{"@type":"Organization","@id":"https:\/\/lospoliticosveracruz.com\/#organization","name":"Los pol\u00edticos Veracruz","url":"https:\/\/lospoliticosveracruz.com\/","logo":{"@type":"ImageObject","inLanguage":"es","@id":"https:\/\/lospoliticosveracruz.com\/#\/schema\/logo\/image\/","url":"https:\/\/lospoliticosveracruz.com\/wp-content\/uploads\/2025\/12\/Logo-Nuevo-LOS-POLITICOS-1.jpg","contentUrl":"https:\/\/lospoliticosveracruz.com\/wp-content\/uploads\/2025\/12\/Logo-Nuevo-LOS-POLITICOS-1.jpg","width":260,"height":70,"caption":"Los pol\u00edticos Veracruz"},"image":{"@id":"https:\/\/lospoliticosveracruz.com\/#\/schema\/logo\/image\/"},"sameAs":["https:\/\/www.facebook.com\/people\/Notimemes-de-los-Polticos\/61565672886568\/","https:\/\/x.com\/LosPoliticosVer"]},{"@type":"Person","@id":"https:\/\/lospoliticosveracruz.com\/#\/schema\/person\/b8702bb0e538456e6efd07080bf2a4a2","name":"Lo viste en Los Pol\u00edticos","image":{"@type":"ImageObject","inLanguage":"es","@id":"https:\/\/secure.gravatar.com\/avatar\/3a8de04a2656d44082be478bd6c086daa447c4651605818287b9532d3d0bd435?s=96&d=mm&r=g","url":"https:\/\/secure.gravatar.com\/avatar\/3a8de04a2656d44082be478bd6c086daa447c4651605818287b9532d3d0bd435?s=96&d=mm&r=g","contentUrl":"https:\/\/secure.gravatar.com\/avatar\/3a8de04a2656d44082be478bd6c086daa447c4651605818287b9532d3d0bd435?s=96&d=mm&r=g","caption":"Lo viste en Los Pol\u00edticos"},"url":"https:\/\/lospoliticosveracruz.com\/?author=2"}]}},"_links":{"self":[{"href":"https:\/\/lospoliticosveracruz.com\/index.php?rest_route=\/wp\/v2\/posts\/28287","targetHints":{"allow":["GET"]}}],"collection":[{"href":"https:\/\/lospoliticosveracruz.com\/index.php?rest_route=\/wp\/v2\/posts"}],"about":[{"href":"https:\/\/lospoliticosveracruz.com\/index.php?rest_route=\/wp\/v2\/types\/post"}],"author":[{"embeddable":true,"href":"https:\/\/lospoliticosveracruz.com\/index.php?rest_route=\/wp\/v2\/users\/2"}],"replies":[{"embeddable":true,"href":"https:\/\/lospoliticosveracruz.com\/index.php?rest_route=%2Fwp%2Fv2%2Fcomments&post=28287"}],"version-history":[{"count":1,"href":"https:\/\/lospoliticosveracruz.com\/index.php?rest_route=\/wp\/v2\/posts\/28287\/revisions"}],"predecessor-version":[{"id":28288,"href":"https:\/\/lospoliticosveracruz.com\/index.php?rest_route=\/wp\/v2\/posts\/28287\/revisions\/28288"}],"wp:attachment":[{"href":"https:\/\/lospoliticosveracruz.com\/index.php?rest_route=%2Fwp%2Fv2%2Fmedia&parent=28287"}],"wp:term":[{"taxonomy":"category","embeddable":true,"href":"https:\/\/lospoliticosveracruz.com\/index.php?rest_route=%2Fwp%2Fv2%2Fcategories&post=28287"},{"taxonomy":"post_tag","embeddable":true,"href":"https:\/\/lospoliticosveracruz.com\/index.php?rest_route=%2Fwp%2Fv2%2Ftags&post=28287"}],"curies":[{"name":"wp","href":"https:\/\/api.w.org\/{rel}","templated":true}]}}