{"id":28324,"date":"2016-11-25T08:05:22","date_gmt":"2016-11-25T14:05:22","guid":{"rendered":"http:\/\/www.lospoliticosveracruz.com.mx\/?p=28324"},"modified":"2016-11-25T08:05:22","modified_gmt":"2016-11-25T14:05:22","slug":"la-pesadilla-de-flavino","status":"publish","type":"post","link":"https:\/\/lospoliticosveracruz.com\/?p=28324","title":{"rendered":"La pesadilla de Flavino"},"content":{"rendered":"<p><strong>Luis Alberto Romero<\/strong><\/p>\n<p><em>Hora Cero<\/em><\/p>\n<p>Poco antes de cumplir 66 a\u00f1os, Flavino R\u00edos Alvarado alcanz\u00f3 la m\u00e1xima aspiraci\u00f3n de cualquier pol\u00edtico veracruzano: ocupar la gubernatura de la entidad. Sin embargo, llega al cargo en el peor escenario posible, en un contexto que no habr\u00eda imaginado ni en sus peores pesadillas: sin un centavo en las arcas; entre protestas sociales cada vez m\u00e1s intensas; con la inconformidad de los sectores pol\u00edticos y productivos; y con evidente incapacidad para resolver los problemas que dej\u00f3 su antecesor.<\/p>\n<p>Las manifestaciones de protesta por los adeudos son cada vez m\u00e1s frecuentes e intensas; ni siquiera hay dinero para pagar la quincena a los empleados.<\/p>\n<p>As\u00ed las cosas, R\u00edos Alvarado ya pide esquina. Lleg\u00f3 a la gubernatura como interino y hoy arrastra el prestigio.<\/p>\n<p>Por si fuera poco, el de Minatitl\u00e1n arranc\u00f3 su ef\u00edmero paso por el gobierno estatal de la peor manera posible: con una acusaci\u00f3n por haber facilitado un helic\u00f3ptero oficial al ex gobernador Javier Duarte, con lo que hizo posible la huida del hoy pr\u00f3fugo.<\/p>\n<p>Ante las protestas de trabajadores del sector salud, de los maestros, de los polic\u00edas y, en general de la burocracia estatal, Flavino ha dado su palabra de que todos los empleados recibir\u00e1n sus pagos correspondientes a la quincena 22, la segunda de noviembre; el problema es que al parecer, el interino no despierta confianza. No le creen.<\/p>\n<p>El pasado mi\u00e9rcoles, a las protestas de los trabajadores al servicio del gobierno de la entidad se sum\u00f3 la exigencia de un sector del empresariado veracruzano, b\u00e1sicamente constructores que demandaron el pago de la deuda de la administraci\u00f3n estatal por trabajos realizados.<\/p>\n<p>El bloqueo de vialidades es una medida extrema; la quema de autom\u00f3viles en las puertas de la Secretar\u00eda de Finanzas y Planeaci\u00f3n lo es todav\u00eda m\u00e1s; sin embargo, el problema se agrav\u00f3 cuando los manifestantes no tuvieron ya no una respuesta, sino simplemente la atenci\u00f3n de ser escuchados. No los recibieron y ello complic\u00f3 todav\u00eda m\u00e1s el escenario.<\/p>\n<p>Flavino R\u00edos ha pedido de muchas maneras que cesen los bloqueos de vialidades y de las oficinas de Sefiplan; la \u00fanica manera en que no lo ha hecho es con el uso de la fuerza p\u00fablica pero esa posibilidad se observa sumamente remota; la represi\u00f3n no entra en el presupuesto de un gobierno del estado que pasar\u00e1 a la historia por la incapacidad para frenar un conflicto social como el que se registra actualmente.<\/p>\n<p>En cuanto al tema de los empresarios, el gobernador interino ha dejado entrever que esa no es una prioridad, como si lo es el pago a los trabajadores de la salud, de la educaci\u00f3n y de la seguridad.<\/p>\n<p>A Xalapa le esperan d\u00edas de mayor caos conforme se acerque la fecha del relevo en el Poder Ejecutivo.<\/p>\n<p>Por su parte, el gobernador electo, Miguel \u00c1ngel Yunes Linares, acus\u00f3 este jueves al interino, Flavino R\u00edos, por sus omisiones \u201cfrente a la situaci\u00f3n de ingobernabilidad que se vive en algunas zonas de la entidad\u201d.<\/p>\n<p>Critic\u00f3 los bloqueos y el caos que prevalece ante la actitud contemplativa de una autoridad rebasada, un gobierno estatal que ya prefiere, al parecer, cruzar los brazos ante el tsunami de problemas que se vive en Veracruz.<\/p>\n<p>Las ciudades, dijo Yunes Linares, est\u00e1n bloqueadas y ello da la imagen \u201cde un estado convulso\u201d. De igual manera, el ejecutivo que rendir\u00e1 protesta en menos de una semana enfatiz\u00f3 que el actual gobierno estatal \u201cno debe seguir solapando la anarqu\u00eda ni el desorden\u201d, ya que ello causa un grave da\u00f1o a la entidad.<\/p>\n<p>Sin embargo, no se trata de un tema de buenas intenciones; evidentemente, el gobierno de Flavino R\u00edos no tiene la capacidad ni la posibilidad de enfrentar un problema como el que se registra en Veracruz; con tantos conflictos y sin recursos, es poco probable que las manifestaciones, bloqueos de vialidades y toma de oficinas p\u00fablicas disminuyan la intensidad en los pr\u00f3ximos d\u00edas.<\/p>\n<p><strong>El amparo de Javier Duarte<\/strong><\/p>\n<p>Parece que el documento que lleg\u00f3 a la Legislatura del Estado, supuestamente firmado por el ex gobernador Javier Duarte, para notificar su regreso al cargo no era ap\u00f3crifo, como fue calificado a mediados del presente mes.<\/p>\n<p>Como se recuerda, al Congreso del Estado lleg\u00f3 un oficio en el que el ex ejecutivo notificaba a la Legislatura su regreso al cargo; en pocas palabras, quedaba sin efecto la licencia temporal que solicit\u00f3 el pasado 12 de octubre.<\/p>\n<p>El documento, sin embargo, fue desestimado, ya que Duarte no se present\u00f3 a ratificarlo.<\/p>\n<p>En el seguimiento al caso, este jueves un juez federal dio entrada a la solicitud de amparo presentada por el ex gobernador veracruzano contra la orden de aprehensi\u00f3n. En pocas palabras; Duarte dice que al notificar su regreso, sigue siendo gobernador del estado; por tanto, estar\u00eda protegido por el fuero, al menos durante los pr\u00f3ximos seis d\u00edas.<\/p>\n<p>Se trata de una jugada para ganar tiempo y no ser detenido en los d\u00edas siguientes. La pregunta que surge se relaciona con el papel de Flavino R\u00edos, porque si la autoridad judicial determina que Javier Duarte cuenta con fuero y sigue siendo gobernador, \u00bfqu\u00e9 pasar\u00e1 con el interinato del de Minatitl\u00e1n?. No puede haber dos gobernadores en funciones.<\/p>\n<p>A prop\u00f3sito, \u00bfqu\u00e9 tan acorralado se sentir\u00e1 Duarte de Ochoa como para buscar de forma desesperada la protecci\u00f3n del fuero, aunque sea por unos d\u00edas?. @luisromero85<\/p>\n","protected":false},"excerpt":{"rendered":"<p>Luis Alberto Romero Hora Cero Poco antes de cumplir 66 a\u00f1os, Flavino R\u00edos Alvarado alcanz\u00f3 la m\u00e1xima aspiraci\u00f3n de cualquier pol\u00edtico veracruzano: ocupar la gubernatura de la entidad. Sin embargo, llega al cargo en el peor escenario posible, en un contexto que no habr\u00eda imaginado ni en sus peores pesadillas: sin un centavo en las [&hellip;]<\/p>\n","protected":false},"author":2,"featured_media":0,"comment_status":"open","ping_status":"open","sticky":false,"template":"","format":"standard","meta":{"tdm_status":"","tdm_grid_status":"","footnotes":""},"categories":[70],"tags":[343,260],"class_list":{"0":"post-28324","1":"post","2":"type-post","3":"status-publish","4":"format-standard","6":"category-de-opinion","7":"tag-flavino-rios-alvarado","8":"tag-javier-duarte-de-ochoa"},"yoast_head":"<!-- This site is optimized with the Yoast SEO plugin v27.4 - https:\/\/yoast.com\/product\/yoast-seo-wordpress\/ -->\n<title>La pesadilla de Flavino - Los pol\u00edticos Veracruz<\/title>\n<meta name=\"robots\" content=\"index, follow, max-snippet:-1, max-image-preview:large, max-video-preview:-1\" \/>\n<link rel=\"canonical\" href=\"https:\/\/lospoliticosveracruz.com\/?p=28324\" \/>\n<meta property=\"og:locale\" content=\"es_ES\" \/>\n<meta property=\"og:type\" content=\"article\" \/>\n<meta property=\"og:title\" content=\"La pesadilla de Flavino - Los pol\u00edticos Veracruz\" \/>\n<meta property=\"og:description\" content=\"Luis Alberto Romero Hora Cero Poco antes de cumplir 66 a\u00f1os, Flavino R\u00edos Alvarado alcanz\u00f3 la m\u00e1xima aspiraci\u00f3n de cualquier pol\u00edtico veracruzano: ocupar la gubernatura de la entidad. Sin embargo, llega al cargo en el peor escenario posible, en un contexto que no habr\u00eda imaginado ni en sus peores pesadillas: sin un centavo en las [&hellip;]\" \/>\n<meta property=\"og:url\" content=\"https:\/\/lospoliticosveracruz.com\/?p=28324\" \/>\n<meta property=\"og:site_name\" content=\"Los pol\u00edticos Veracruz\" \/>\n<meta property=\"article:publisher\" content=\"https:\/\/www.facebook.com\/people\/Notimemes-de-los-Polticos\/61565672886568\/\" \/>\n<meta property=\"article:published_time\" content=\"2016-11-25T14:05:22+00:00\" \/>\n<meta property=\"og:image\" content=\"https:\/\/lospoliticosveracruz.com\/wp-content\/uploads\/2016\/07\/Logo-Dor.jpg\" \/>\n\t<meta property=\"og:image:width\" content=\"200\" \/>\n\t<meta property=\"og:image:height\" content=\"200\" \/>\n\t<meta property=\"og:image:type\" content=\"image\/jpeg\" \/>\n<meta name=\"author\" content=\"Lo viste en Los Pol\u00edticos\" \/>\n<meta name=\"twitter:card\" content=\"summary_large_image\" \/>\n<meta name=\"twitter:creator\" content=\"@LosPoliticosVer\" \/>\n<meta name=\"twitter:site\" content=\"@LosPoliticosVer\" \/>\n<meta name=\"twitter:label1\" content=\"Escrito por\" \/>\n\t<meta name=\"twitter:data1\" content=\"Lo viste en Los Pol\u00edticos\" \/>\n\t<meta name=\"twitter:label2\" content=\"Tiempo de lectura\" \/>\n\t<meta name=\"twitter:data2\" content=\"5 minutos\" \/>\n<script type=\"application\/ld+json\" class=\"yoast-schema-graph\">{\"@context\":\"https:\\\/\\\/schema.org\",\"@graph\":[{\"@type\":\"Article\",\"@id\":\"https:\\\/\\\/lospoliticosveracruz.com\\\/?p=28324#article\",\"isPartOf\":{\"@id\":\"https:\\\/\\\/lospoliticosveracruz.com\\\/?p=28324\"},\"author\":{\"name\":\"Lo viste en Los Pol\u00edticos\",\"@id\":\"https:\\\/\\\/lospoliticosveracruz.com\\\/#\\\/schema\\\/person\\\/b8702bb0e538456e6efd07080bf2a4a2\"},\"headline\":\"La pesadilla de Flavino\",\"datePublished\":\"2016-11-25T14:05:22+00:00\",\"mainEntityOfPage\":{\"@id\":\"https:\\\/\\\/lospoliticosveracruz.com\\\/?p=28324\"},\"wordCount\":939,\"commentCount\":0,\"publisher\":{\"@id\":\"https:\\\/\\\/lospoliticosveracruz.com\\\/#organization\"},\"keywords\":[\"Flavino R\u00edos Alvarado\",\"Javier Duarte de Ochoa\"],\"articleSection\":[\"De Opini\u00f3n\"],\"inLanguage\":\"es\",\"potentialAction\":[{\"@type\":\"CommentAction\",\"name\":\"Comment\",\"target\":[\"https:\\\/\\\/lospoliticosveracruz.com\\\/?p=28324#respond\"]}]},{\"@type\":\"WebPage\",\"@id\":\"https:\\\/\\\/lospoliticosveracruz.com\\\/?p=28324\",\"url\":\"https:\\\/\\\/lospoliticosveracruz.com\\\/?p=28324\",\"name\":\"La pesadilla de Flavino - Los pol\u00edticos Veracruz\",\"isPartOf\":{\"@id\":\"https:\\\/\\\/lospoliticosveracruz.com\\\/#website\"},\"datePublished\":\"2016-11-25T14:05:22+00:00\",\"breadcrumb\":{\"@id\":\"https:\\\/\\\/lospoliticosveracruz.com\\\/?p=28324#breadcrumb\"},\"inLanguage\":\"es\",\"potentialAction\":[{\"@type\":\"ReadAction\",\"target\":[\"https:\\\/\\\/lospoliticosveracruz.com\\\/?p=28324\"]}]},{\"@type\":\"BreadcrumbList\",\"@id\":\"https:\\\/\\\/lospoliticosveracruz.com\\\/?p=28324#breadcrumb\",\"itemListElement\":[{\"@type\":\"ListItem\",\"position\":1,\"name\":\"Portada\",\"item\":\"https:\\\/\\\/lospoliticosveracruz.com\\\/\"},{\"@type\":\"ListItem\",\"position\":2,\"name\":\"La pesadilla de Flavino\"}]},{\"@type\":\"WebSite\",\"@id\":\"https:\\\/\\\/lospoliticosveracruz.com\\\/#website\",\"url\":\"https:\\\/\\\/lospoliticosveracruz.com\\\/\",\"name\":\"Los pol\u00edticos Veracruz\",\"description\":\"\",\"publisher\":{\"@id\":\"https:\\\/\\\/lospoliticosveracruz.com\\\/#organization\"},\"potentialAction\":[{\"@type\":\"SearchAction\",\"target\":{\"@type\":\"EntryPoint\",\"urlTemplate\":\"https:\\\/\\\/lospoliticosveracruz.com\\\/?s={search_term_string}\"},\"query-input\":{\"@type\":\"PropertyValueSpecification\",\"valueRequired\":true,\"valueName\":\"search_term_string\"}}],\"inLanguage\":\"es\"},{\"@type\":\"Organization\",\"@id\":\"https:\\\/\\\/lospoliticosveracruz.com\\\/#organization\",\"name\":\"Los pol\u00edticos Veracruz\",\"url\":\"https:\\\/\\\/lospoliticosveracruz.com\\\/\",\"logo\":{\"@type\":\"ImageObject\",\"inLanguage\":\"es\",\"@id\":\"https:\\\/\\\/lospoliticosveracruz.com\\\/#\\\/schema\\\/logo\\\/image\\\/\",\"url\":\"https:\\\/\\\/lospoliticosveracruz.com\\\/wp-content\\\/uploads\\\/2025\\\/12\\\/Logo-Nuevo-LOS-POLITICOS-1.jpg\",\"contentUrl\":\"https:\\\/\\\/lospoliticosveracruz.com\\\/wp-content\\\/uploads\\\/2025\\\/12\\\/Logo-Nuevo-LOS-POLITICOS-1.jpg\",\"width\":260,\"height\":70,\"caption\":\"Los pol\u00edticos Veracruz\"},\"image\":{\"@id\":\"https:\\\/\\\/lospoliticosveracruz.com\\\/#\\\/schema\\\/logo\\\/image\\\/\"},\"sameAs\":[\"https:\\\/\\\/www.facebook.com\\\/people\\\/Notimemes-de-los-Polticos\\\/61565672886568\\\/\",\"https:\\\/\\\/x.com\\\/LosPoliticosVer\"]},{\"@type\":\"Person\",\"@id\":\"https:\\\/\\\/lospoliticosveracruz.com\\\/#\\\/schema\\\/person\\\/b8702bb0e538456e6efd07080bf2a4a2\",\"name\":\"Lo viste en Los Pol\u00edticos\",\"image\":{\"@type\":\"ImageObject\",\"inLanguage\":\"es\",\"@id\":\"https:\\\/\\\/secure.gravatar.com\\\/avatar\\\/3a8de04a2656d44082be478bd6c086daa447c4651605818287b9532d3d0bd435?s=96&d=mm&r=g\",\"url\":\"https:\\\/\\\/secure.gravatar.com\\\/avatar\\\/3a8de04a2656d44082be478bd6c086daa447c4651605818287b9532d3d0bd435?s=96&d=mm&r=g\",\"contentUrl\":\"https:\\\/\\\/secure.gravatar.com\\\/avatar\\\/3a8de04a2656d44082be478bd6c086daa447c4651605818287b9532d3d0bd435?s=96&d=mm&r=g\",\"caption\":\"Lo viste en Los Pol\u00edticos\"},\"url\":\"https:\\\/\\\/lospoliticosveracruz.com\\\/?author=2\"}]}<\/script>\n<!-- \/ Yoast SEO plugin. -->","yoast_head_json":{"title":"La pesadilla de Flavino - Los pol\u00edticos Veracruz","robots":{"index":"index","follow":"follow","max-snippet":"max-snippet:-1","max-image-preview":"max-image-preview:large","max-video-preview":"max-video-preview:-1"},"canonical":"https:\/\/lospoliticosveracruz.com\/?p=28324","og_locale":"es_ES","og_type":"article","og_title":"La pesadilla de Flavino - Los pol\u00edticos Veracruz","og_description":"Luis Alberto Romero Hora Cero Poco antes de cumplir 66 a\u00f1os, Flavino R\u00edos Alvarado alcanz\u00f3 la m\u00e1xima aspiraci\u00f3n de cualquier pol\u00edtico veracruzano: ocupar la gubernatura de la entidad. Sin embargo, llega al cargo en el peor escenario posible, en un contexto que no habr\u00eda imaginado ni en sus peores pesadillas: sin un centavo en las [&hellip;]","og_url":"https:\/\/lospoliticosveracruz.com\/?p=28324","og_site_name":"Los pol\u00edticos Veracruz","article_publisher":"https:\/\/www.facebook.com\/people\/Notimemes-de-los-Polticos\/61565672886568\/","article_published_time":"2016-11-25T14:05:22+00:00","og_image":[{"width":200,"height":200,"url":"https:\/\/lospoliticosveracruz.com\/wp-content\/uploads\/2016\/07\/Logo-Dor.jpg","type":"image\/jpeg"}],"author":"Lo viste en Los Pol\u00edticos","twitter_card":"summary_large_image","twitter_creator":"@LosPoliticosVer","twitter_site":"@LosPoliticosVer","twitter_misc":{"Escrito por":"Lo viste en Los Pol\u00edticos","Tiempo de lectura":"5 minutos"},"schema":{"@context":"https:\/\/schema.org","@graph":[{"@type":"Article","@id":"https:\/\/lospoliticosveracruz.com\/?p=28324#article","isPartOf":{"@id":"https:\/\/lospoliticosveracruz.com\/?p=28324"},"author":{"name":"Lo viste en Los Pol\u00edticos","@id":"https:\/\/lospoliticosveracruz.com\/#\/schema\/person\/b8702bb0e538456e6efd07080bf2a4a2"},"headline":"La pesadilla de Flavino","datePublished":"2016-11-25T14:05:22+00:00","mainEntityOfPage":{"@id":"https:\/\/lospoliticosveracruz.com\/?p=28324"},"wordCount":939,"commentCount":0,"publisher":{"@id":"https:\/\/lospoliticosveracruz.com\/#organization"},"keywords":["Flavino R\u00edos Alvarado","Javier Duarte de Ochoa"],"articleSection":["De Opini\u00f3n"],"inLanguage":"es","potentialAction":[{"@type":"CommentAction","name":"Comment","target":["https:\/\/lospoliticosveracruz.com\/?p=28324#respond"]}]},{"@type":"WebPage","@id":"https:\/\/lospoliticosveracruz.com\/?p=28324","url":"https:\/\/lospoliticosveracruz.com\/?p=28324","name":"La pesadilla de Flavino - Los pol\u00edticos Veracruz","isPartOf":{"@id":"https:\/\/lospoliticosveracruz.com\/#website"},"datePublished":"2016-11-25T14:05:22+00:00","breadcrumb":{"@id":"https:\/\/lospoliticosveracruz.com\/?p=28324#breadcrumb"},"inLanguage":"es","potentialAction":[{"@type":"ReadAction","target":["https:\/\/lospoliticosveracruz.com\/?p=28324"]}]},{"@type":"BreadcrumbList","@id":"https:\/\/lospoliticosveracruz.com\/?p=28324#breadcrumb","itemListElement":[{"@type":"ListItem","position":1,"name":"Portada","item":"https:\/\/lospoliticosveracruz.com\/"},{"@type":"ListItem","position":2,"name":"La pesadilla de Flavino"}]},{"@type":"WebSite","@id":"https:\/\/lospoliticosveracruz.com\/#website","url":"https:\/\/lospoliticosveracruz.com\/","name":"Los pol\u00edticos Veracruz","description":"","publisher":{"@id":"https:\/\/lospoliticosveracruz.com\/#organization"},"potentialAction":[{"@type":"SearchAction","target":{"@type":"EntryPoint","urlTemplate":"https:\/\/lospoliticosveracruz.com\/?s={search_term_string}"},"query-input":{"@type":"PropertyValueSpecification","valueRequired":true,"valueName":"search_term_string"}}],"inLanguage":"es"},{"@type":"Organization","@id":"https:\/\/lospoliticosveracruz.com\/#organization","name":"Los pol\u00edticos Veracruz","url":"https:\/\/lospoliticosveracruz.com\/","logo":{"@type":"ImageObject","inLanguage":"es","@id":"https:\/\/lospoliticosveracruz.com\/#\/schema\/logo\/image\/","url":"https:\/\/lospoliticosveracruz.com\/wp-content\/uploads\/2025\/12\/Logo-Nuevo-LOS-POLITICOS-1.jpg","contentUrl":"https:\/\/lospoliticosveracruz.com\/wp-content\/uploads\/2025\/12\/Logo-Nuevo-LOS-POLITICOS-1.jpg","width":260,"height":70,"caption":"Los pol\u00edticos Veracruz"},"image":{"@id":"https:\/\/lospoliticosveracruz.com\/#\/schema\/logo\/image\/"},"sameAs":["https:\/\/www.facebook.com\/people\/Notimemes-de-los-Polticos\/61565672886568\/","https:\/\/x.com\/LosPoliticosVer"]},{"@type":"Person","@id":"https:\/\/lospoliticosveracruz.com\/#\/schema\/person\/b8702bb0e538456e6efd07080bf2a4a2","name":"Lo viste en Los Pol\u00edticos","image":{"@type":"ImageObject","inLanguage":"es","@id":"https:\/\/secure.gravatar.com\/avatar\/3a8de04a2656d44082be478bd6c086daa447c4651605818287b9532d3d0bd435?s=96&d=mm&r=g","url":"https:\/\/secure.gravatar.com\/avatar\/3a8de04a2656d44082be478bd6c086daa447c4651605818287b9532d3d0bd435?s=96&d=mm&r=g","contentUrl":"https:\/\/secure.gravatar.com\/avatar\/3a8de04a2656d44082be478bd6c086daa447c4651605818287b9532d3d0bd435?s=96&d=mm&r=g","caption":"Lo viste en Los Pol\u00edticos"},"url":"https:\/\/lospoliticosveracruz.com\/?author=2"}]}},"_links":{"self":[{"href":"https:\/\/lospoliticosveracruz.com\/index.php?rest_route=\/wp\/v2\/posts\/28324","targetHints":{"allow":["GET"]}}],"collection":[{"href":"https:\/\/lospoliticosveracruz.com\/index.php?rest_route=\/wp\/v2\/posts"}],"about":[{"href":"https:\/\/lospoliticosveracruz.com\/index.php?rest_route=\/wp\/v2\/types\/post"}],"author":[{"embeddable":true,"href":"https:\/\/lospoliticosveracruz.com\/index.php?rest_route=\/wp\/v2\/users\/2"}],"replies":[{"embeddable":true,"href":"https:\/\/lospoliticosveracruz.com\/index.php?rest_route=%2Fwp%2Fv2%2Fcomments&post=28324"}],"version-history":[{"count":1,"href":"https:\/\/lospoliticosveracruz.com\/index.php?rest_route=\/wp\/v2\/posts\/28324\/revisions"}],"predecessor-version":[{"id":28325,"href":"https:\/\/lospoliticosveracruz.com\/index.php?rest_route=\/wp\/v2\/posts\/28324\/revisions\/28325"}],"wp:attachment":[{"href":"https:\/\/lospoliticosveracruz.com\/index.php?rest_route=%2Fwp%2Fv2%2Fmedia&parent=28324"}],"wp:term":[{"taxonomy":"category","embeddable":true,"href":"https:\/\/lospoliticosveracruz.com\/index.php?rest_route=%2Fwp%2Fv2%2Fcategories&post=28324"},{"taxonomy":"post_tag","embeddable":true,"href":"https:\/\/lospoliticosveracruz.com\/index.php?rest_route=%2Fwp%2Fv2%2Ftags&post=28324"}],"curies":[{"name":"wp","href":"https:\/\/api.w.org\/{rel}","templated":true}]}}