{"id":28326,"date":"2016-11-25T08:35:21","date_gmt":"2016-11-25T14:35:21","guid":{"rendered":"http:\/\/www.lospoliticosveracruz.com.mx\/?p=28326"},"modified":"2016-11-25T08:35:21","modified_gmt":"2016-11-25T14:35:21","slug":"la-publicidad-del-mal","status":"publish","type":"post","link":"https:\/\/lospoliticosveracruz.com\/?p=28326","title":{"rendered":"La publicidad del mal"},"content":{"rendered":"<p align=\"JUSTIFY\"><strong>Naldy Rodr\u00edguez<\/strong><\/p>\n<p align=\"JUSTIFY\"><em>Transparencia 3.0<\/em><\/p>\n<p align=\"JUSTIFY\">Por 10 a\u00f1os se mantuvo \u201creservada\u201d la informaci\u00f3n de los convenios publicitarios entre el gobierno del estado y los medios de comunicaci\u00f3n locales y nacionales. Es decir que la mayor\u00eda no pod\u00edamos conocer cu\u00e1nto destinaba el Poder Ejecutivo para promover su imagen y sus acciones, en qu\u00e9 empresas y por qu\u00e9 motivos.<\/p>\n<p align=\"JUSTIFY\">En medio de la transici\u00f3n del gobierno y con la llegada de Miguel \u00c1ngel Yunes Linares emanado de un partido diferente al PRI, el IVAI abri\u00f3 una puerta para que esa informaci\u00f3n se puede conocer. Ech\u00f3 abajo la reserva de informaci\u00f3n que manten\u00eda la Coordinaci\u00f3n General de Comunicaci\u00f3n Social sobre esos convenios.<\/p>\n<p align=\"JUSTIFY\"><span lang=\"es-MX\">En lo personal, <\/span>hab\u00eda pedido la misma informaci\u00f3n en el sexenio de Fidel Herrera Beltr\u00e1n y despu\u00e9s cuando Gina Dom\u00ednguez estaba al frente de esa dependencia. Y siempre se neg\u00f3 el acceso a los informes bajo el pretexto de que estaba clasificada como reservada.<\/p>\n<p align=\"JUSTIFY\">Fue hasta este 2016, que en el expediente REV\/404\/2016\/I, los comisionados del Instituto Veracruzano de Acceso a la Informaci\u00f3n determinaron revocar el \u201cacuerdo de reserva\u201d y acceso restringido la informaci\u00f3n relacionada con la difusi\u00f3n de mensajes sobre programas gubernamentales.<\/p>\n<p align=\"JUSTIFY\">El argumento de la autoridad estatal para no brindar la informaci\u00f3n es que al hacerse p\u00fablica traer\u00eda como consecuencia una ventaja indebida entre los propios medios de comunicaci\u00f3n.<\/p>\n<p align=\"JUSTIFY\">Pero qu\u00e9 no ser\u00eda al contrario: permitir\u00eda<span lang=\"es-MX\"> una<\/span> competencia m\u00e1s equitativa y justa, pero sobre todo se evitar\u00edan las empresas fantasmas de las que dicen se crearon con Alberto Silva (reitero, dicen, porque no me consta) o se evitar\u00eda el llamado \u201cdiezmo\u201d elevado a la quinta potencia que dicen se daba con Gina Dom\u00ednguez (tampoco me consta).<\/p>\n<p align=\"JUSTIFY\">En su defensa, la dependencia asegur\u00f3 que realizan una exhaustiva selecci\u00f3n de los medios de comunicaci\u00f3n id\u00f3neos y \u201cm\u00e1s convenientes\u201d. Aqu\u00ed habr\u00eda que preguntar \u201cm\u00e1s convenientes\u201d para qui\u00e9n o para qu\u00e9. Tambi\u00e9n report\u00f3 que anali<span lang=\"es-MX\">za <\/span> el grado de penetraci\u00f3n, tiraje, cobertura y regionalizaci\u00f3n de los mismos.<\/p>\n<p align=\"JUSTIFY\">\u201cLos medios de comunicaci\u00f3n que se contratan\u2026 son los que cuentan con mayor audiencia y disponibilidad, garantizando la oportuna difusi\u00f3n de las obras, acciones y la salvaguarda de la vida y patrimonio de la sociedad\u201d, expusieron en la parte de alegatos ante el Instituto Veracruzano de Acceso a la Informaci\u00f3n.<\/p>\n<p align=\"JUSTIFY\">Ahora, la comisionada Yolli Garc\u00eda, quien por ciento se acaba de reelegir en la Presidencia con el voto de su \u00fanico compa\u00f1ero, determin\u00f3 \u201crevocar la respuesta emitida\u201d por la Coordinaci\u00f3n General de Comunicaci\u00f3n Social en la que negaba la informaci\u00f3n bajo el argumento de la reserva ya explicada. Primero porque el IVAI ya hab\u00eda eliminado esa clasificaci\u00f3n y segundo porque se trata de informaci\u00f3n p\u00fablica que abona a la rendici\u00f3n de cuentas y al principio de m\u00e1xima publicidad.<\/p>\n<p align=\"JUSTIFY\">La solicitud fue clara: Conocer los convenios establecidos con medios de comunicaci\u00f3n (radio, televisi\u00f3n, peri\u00f3dicos, p\u00e1ginas electr\u00f3nicas y revistas) desde el 2011 al 2016.<\/p>\n<p align=\"JUSTIFY\">Seg\u00fan la resoluci\u00f3n emitida daba 10 d\u00edas como m\u00e1ximo -festivos y fines de semana no cuentan- y las declaraciones de la propia comisionada presidenta, este viernes 25 de noviembre las autoridades estatales deben entregar la informaci\u00f3n.<\/p>\n<p align=\"JUSTIFY\">Pero no s\u00f3lo el Gobierno del Estado deber\u00e1 proporcionar copia de los convenios publicitarios, tambi\u00e9n tendr\u00e1 que cumplir con la misma tarea el Poder Legislativo de Veracruz. Ya se conoce una primera lista de la inversi\u00f3n que hicieron en los \u00faltimos a\u00f1os: 43 millones de pesos aproximadamente en la legislatura pasada. Ese es el reporte oficial, sabemos que siempre hay subregistros y dinero de otras partidas.<\/p>\n<p align=\"JUSTIFY\">En mi visita al Congreso, sus autoridades se negaron a entregar dicha informaci\u00f3n, con todo y resoluci\u00f3n del IVAI de por medio. Pretend\u00edan que s\u00f3lo se observaran las carpetas de los convenios de los a\u00f1os 2014, 2015 y 2016, pero sobre todo intentaban negociar la ley.<\/p>\n<p align=\"JUSTIFY\">Propusieron una mesa de trabajo con los medios de comunicaci\u00f3n inconformes con esa primera lista publicada porque aparec\u00edan con cantidades mayores a las que en realidad recibieron; despu\u00e9s pidieron que s\u00f3lo se revisaran superficialmente los documentos y finalmente conminaron a un \u201cacuerdo\u201d para entregar la informaci\u00f3n 15 d\u00edas m\u00e1s tarde.<\/p>\n<p align=\"JUSTIFY\">Parece que los funcionarios no acaban de entender que la informaci\u00f3n no es de su propiedad, que tampoco es una d\u00e1diva a los ciudadanos o comunicadores, y que los recursos que ah\u00ed se aplicaron tampoco les pertenecen.<\/p>\n<p align=\"JUSTIFY\">PD. En la pr\u00f3xima semana les cuento c\u00f3mo nos fue con Comunicaci\u00f3n Social del gobierno. De obtenerse, sentar\u00eda un precedente.<\/p>\n<p align=\"JUSTIFY\">****<\/p>\n<p align=\"JUSTIFY\">\u201cLe da mucha vuelta a lo que no tiene vuelta\u201d, le dijo una periodista al presidente del Poder Judicial, Alberto Sosa, quien dejar\u00e1 el cargo en unos cuantos d\u00edas en medio de acusaciones de discriminaci\u00f3n laboral y de encubrir el quebranto patrimonial de Javier Duarte.<\/p>\n<p align=\"JUSTIFY\">\u201cYo responder\u00eda: no es posible buscar, donde no hay\u201d, revir\u00f3 el magistrado. Al tiempo\u2026<\/p>\n","protected":false},"excerpt":{"rendered":"<p>Naldy Rodr\u00edguez Transparencia 3.0 Por 10 a\u00f1os se mantuvo \u201creservada\u201d la informaci\u00f3n de los convenios publicitarios entre el gobierno del estado y los medios de comunicaci\u00f3n locales y nacionales. Es decir que la mayor\u00eda no pod\u00edamos conocer cu\u00e1nto destinaba el Poder Ejecutivo para promover su imagen y sus acciones, en qu\u00e9 empresas y por qu\u00e9 [&hellip;]<\/p>\n","protected":false},"author":2,"featured_media":0,"comment_status":"open","ping_status":"open","sticky":false,"template":"","format":"standard","meta":{"tdm_status":"","tdm_grid_status":"","footnotes":""},"categories":[70],"tags":[933,387,985,195],"class_list":{"0":"post-28326","1":"post","2":"type-post","3":"status-publish","4":"format-standard","6":"category-de-opinion","7":"tag-comunicacion-social","8":"tag-gina-dominguez","9":"tag-ivai","10":"tag-veracruz"},"yoast_head":"<!-- This site is optimized with the Yoast SEO plugin v27.4 - https:\/\/yoast.com\/product\/yoast-seo-wordpress\/ -->\n<title>La publicidad del mal - Los pol\u00edticos Veracruz<\/title>\n<meta name=\"robots\" content=\"index, follow, max-snippet:-1, max-image-preview:large, max-video-preview:-1\" \/>\n<link rel=\"canonical\" href=\"https:\/\/lospoliticosveracruz.com\/?p=28326\" \/>\n<meta property=\"og:locale\" content=\"es_ES\" \/>\n<meta property=\"og:type\" content=\"article\" \/>\n<meta property=\"og:title\" content=\"La publicidad del mal - Los pol\u00edticos Veracruz\" \/>\n<meta property=\"og:description\" content=\"Naldy Rodr\u00edguez Transparencia 3.0 Por 10 a\u00f1os se mantuvo \u201creservada\u201d la informaci\u00f3n de los convenios publicitarios entre el gobierno del estado y los medios de comunicaci\u00f3n locales y nacionales. Es decir que la mayor\u00eda no pod\u00edamos conocer cu\u00e1nto destinaba el Poder Ejecutivo para promover su imagen y sus acciones, en qu\u00e9 empresas y por qu\u00e9 [&hellip;]\" \/>\n<meta property=\"og:url\" content=\"https:\/\/lospoliticosveracruz.com\/?p=28326\" \/>\n<meta property=\"og:site_name\" content=\"Los pol\u00edticos Veracruz\" \/>\n<meta property=\"article:publisher\" content=\"https:\/\/www.facebook.com\/people\/Notimemes-de-los-Polticos\/61565672886568\/\" \/>\n<meta property=\"article:published_time\" content=\"2016-11-25T14:35:21+00:00\" \/>\n<meta property=\"og:image\" content=\"https:\/\/lospoliticosveracruz.com\/wp-content\/uploads\/2016\/07\/Logo-Dor.jpg\" \/>\n\t<meta property=\"og:image:width\" content=\"200\" \/>\n\t<meta property=\"og:image:height\" content=\"200\" \/>\n\t<meta property=\"og:image:type\" content=\"image\/jpeg\" \/>\n<meta name=\"author\" content=\"Lo viste en Los Pol\u00edticos\" \/>\n<meta name=\"twitter:card\" content=\"summary_large_image\" \/>\n<meta name=\"twitter:creator\" content=\"@LosPoliticosVer\" \/>\n<meta name=\"twitter:site\" content=\"@LosPoliticosVer\" \/>\n<meta name=\"twitter:label1\" content=\"Escrito por\" \/>\n\t<meta name=\"twitter:data1\" content=\"Lo viste en Los Pol\u00edticos\" \/>\n\t<meta name=\"twitter:label2\" content=\"Tiempo de lectura\" \/>\n\t<meta name=\"twitter:data2\" content=\"4 minutos\" \/>\n<script type=\"application\/ld+json\" class=\"yoast-schema-graph\">{\"@context\":\"https:\\\/\\\/schema.org\",\"@graph\":[{\"@type\":\"Article\",\"@id\":\"https:\\\/\\\/lospoliticosveracruz.com\\\/?p=28326#article\",\"isPartOf\":{\"@id\":\"https:\\\/\\\/lospoliticosveracruz.com\\\/?p=28326\"},\"author\":{\"name\":\"Lo viste en Los Pol\u00edticos\",\"@id\":\"https:\\\/\\\/lospoliticosveracruz.com\\\/#\\\/schema\\\/person\\\/b8702bb0e538456e6efd07080bf2a4a2\"},\"headline\":\"La publicidad del mal\",\"datePublished\":\"2016-11-25T14:35:21+00:00\",\"mainEntityOfPage\":{\"@id\":\"https:\\\/\\\/lospoliticosveracruz.com\\\/?p=28326\"},\"wordCount\":871,\"commentCount\":0,\"publisher\":{\"@id\":\"https:\\\/\\\/lospoliticosveracruz.com\\\/#organization\"},\"keywords\":[\"Comunicaci\u00f3n Social\",\"Gina Dom\u00ednguez\",\"IVAI\",\"Veracruz\"],\"articleSection\":[\"De Opini\u00f3n\"],\"inLanguage\":\"es\",\"potentialAction\":[{\"@type\":\"CommentAction\",\"name\":\"Comment\",\"target\":[\"https:\\\/\\\/lospoliticosveracruz.com\\\/?p=28326#respond\"]}]},{\"@type\":\"WebPage\",\"@id\":\"https:\\\/\\\/lospoliticosveracruz.com\\\/?p=28326\",\"url\":\"https:\\\/\\\/lospoliticosveracruz.com\\\/?p=28326\",\"name\":\"La publicidad del mal - Los pol\u00edticos Veracruz\",\"isPartOf\":{\"@id\":\"https:\\\/\\\/lospoliticosveracruz.com\\\/#website\"},\"datePublished\":\"2016-11-25T14:35:21+00:00\",\"breadcrumb\":{\"@id\":\"https:\\\/\\\/lospoliticosveracruz.com\\\/?p=28326#breadcrumb\"},\"inLanguage\":\"es\",\"potentialAction\":[{\"@type\":\"ReadAction\",\"target\":[\"https:\\\/\\\/lospoliticosveracruz.com\\\/?p=28326\"]}]},{\"@type\":\"BreadcrumbList\",\"@id\":\"https:\\\/\\\/lospoliticosveracruz.com\\\/?p=28326#breadcrumb\",\"itemListElement\":[{\"@type\":\"ListItem\",\"position\":1,\"name\":\"Portada\",\"item\":\"https:\\\/\\\/lospoliticosveracruz.com\\\/\"},{\"@type\":\"ListItem\",\"position\":2,\"name\":\"La publicidad del mal\"}]},{\"@type\":\"WebSite\",\"@id\":\"https:\\\/\\\/lospoliticosveracruz.com\\\/#website\",\"url\":\"https:\\\/\\\/lospoliticosveracruz.com\\\/\",\"name\":\"Los pol\u00edticos Veracruz\",\"description\":\"\",\"publisher\":{\"@id\":\"https:\\\/\\\/lospoliticosveracruz.com\\\/#organization\"},\"potentialAction\":[{\"@type\":\"SearchAction\",\"target\":{\"@type\":\"EntryPoint\",\"urlTemplate\":\"https:\\\/\\\/lospoliticosveracruz.com\\\/?s={search_term_string}\"},\"query-input\":{\"@type\":\"PropertyValueSpecification\",\"valueRequired\":true,\"valueName\":\"search_term_string\"}}],\"inLanguage\":\"es\"},{\"@type\":\"Organization\",\"@id\":\"https:\\\/\\\/lospoliticosveracruz.com\\\/#organization\",\"name\":\"Los pol\u00edticos Veracruz\",\"url\":\"https:\\\/\\\/lospoliticosveracruz.com\\\/\",\"logo\":{\"@type\":\"ImageObject\",\"inLanguage\":\"es\",\"@id\":\"https:\\\/\\\/lospoliticosveracruz.com\\\/#\\\/schema\\\/logo\\\/image\\\/\",\"url\":\"https:\\\/\\\/lospoliticosveracruz.com\\\/wp-content\\\/uploads\\\/2025\\\/12\\\/Logo-Nuevo-LOS-POLITICOS-1.jpg\",\"contentUrl\":\"https:\\\/\\\/lospoliticosveracruz.com\\\/wp-content\\\/uploads\\\/2025\\\/12\\\/Logo-Nuevo-LOS-POLITICOS-1.jpg\",\"width\":260,\"height\":70,\"caption\":\"Los pol\u00edticos Veracruz\"},\"image\":{\"@id\":\"https:\\\/\\\/lospoliticosveracruz.com\\\/#\\\/schema\\\/logo\\\/image\\\/\"},\"sameAs\":[\"https:\\\/\\\/www.facebook.com\\\/people\\\/Notimemes-de-los-Polticos\\\/61565672886568\\\/\",\"https:\\\/\\\/x.com\\\/LosPoliticosVer\"]},{\"@type\":\"Person\",\"@id\":\"https:\\\/\\\/lospoliticosveracruz.com\\\/#\\\/schema\\\/person\\\/b8702bb0e538456e6efd07080bf2a4a2\",\"name\":\"Lo viste en Los Pol\u00edticos\",\"image\":{\"@type\":\"ImageObject\",\"inLanguage\":\"es\",\"@id\":\"https:\\\/\\\/secure.gravatar.com\\\/avatar\\\/3a8de04a2656d44082be478bd6c086daa447c4651605818287b9532d3d0bd435?s=96&d=mm&r=g\",\"url\":\"https:\\\/\\\/secure.gravatar.com\\\/avatar\\\/3a8de04a2656d44082be478bd6c086daa447c4651605818287b9532d3d0bd435?s=96&d=mm&r=g\",\"contentUrl\":\"https:\\\/\\\/secure.gravatar.com\\\/avatar\\\/3a8de04a2656d44082be478bd6c086daa447c4651605818287b9532d3d0bd435?s=96&d=mm&r=g\",\"caption\":\"Lo viste en Los Pol\u00edticos\"},\"url\":\"https:\\\/\\\/lospoliticosveracruz.com\\\/?author=2\"}]}<\/script>\n<!-- \/ Yoast SEO plugin. -->","yoast_head_json":{"title":"La publicidad del mal - Los pol\u00edticos Veracruz","robots":{"index":"index","follow":"follow","max-snippet":"max-snippet:-1","max-image-preview":"max-image-preview:large","max-video-preview":"max-video-preview:-1"},"canonical":"https:\/\/lospoliticosveracruz.com\/?p=28326","og_locale":"es_ES","og_type":"article","og_title":"La publicidad del mal - Los pol\u00edticos Veracruz","og_description":"Naldy Rodr\u00edguez Transparencia 3.0 Por 10 a\u00f1os se mantuvo \u201creservada\u201d la informaci\u00f3n de los convenios publicitarios entre el gobierno del estado y los medios de comunicaci\u00f3n locales y nacionales. Es decir que la mayor\u00eda no pod\u00edamos conocer cu\u00e1nto destinaba el Poder Ejecutivo para promover su imagen y sus acciones, en qu\u00e9 empresas y por qu\u00e9 [&hellip;]","og_url":"https:\/\/lospoliticosveracruz.com\/?p=28326","og_site_name":"Los pol\u00edticos Veracruz","article_publisher":"https:\/\/www.facebook.com\/people\/Notimemes-de-los-Polticos\/61565672886568\/","article_published_time":"2016-11-25T14:35:21+00:00","og_image":[{"width":200,"height":200,"url":"https:\/\/lospoliticosveracruz.com\/wp-content\/uploads\/2016\/07\/Logo-Dor.jpg","type":"image\/jpeg"}],"author":"Lo viste en Los Pol\u00edticos","twitter_card":"summary_large_image","twitter_creator":"@LosPoliticosVer","twitter_site":"@LosPoliticosVer","twitter_misc":{"Escrito por":"Lo viste en Los Pol\u00edticos","Tiempo de lectura":"4 minutos"},"schema":{"@context":"https:\/\/schema.org","@graph":[{"@type":"Article","@id":"https:\/\/lospoliticosveracruz.com\/?p=28326#article","isPartOf":{"@id":"https:\/\/lospoliticosveracruz.com\/?p=28326"},"author":{"name":"Lo viste en Los Pol\u00edticos","@id":"https:\/\/lospoliticosveracruz.com\/#\/schema\/person\/b8702bb0e538456e6efd07080bf2a4a2"},"headline":"La publicidad del mal","datePublished":"2016-11-25T14:35:21+00:00","mainEntityOfPage":{"@id":"https:\/\/lospoliticosveracruz.com\/?p=28326"},"wordCount":871,"commentCount":0,"publisher":{"@id":"https:\/\/lospoliticosveracruz.com\/#organization"},"keywords":["Comunicaci\u00f3n Social","Gina Dom\u00ednguez","IVAI","Veracruz"],"articleSection":["De Opini\u00f3n"],"inLanguage":"es","potentialAction":[{"@type":"CommentAction","name":"Comment","target":["https:\/\/lospoliticosveracruz.com\/?p=28326#respond"]}]},{"@type":"WebPage","@id":"https:\/\/lospoliticosveracruz.com\/?p=28326","url":"https:\/\/lospoliticosveracruz.com\/?p=28326","name":"La publicidad del mal - Los pol\u00edticos Veracruz","isPartOf":{"@id":"https:\/\/lospoliticosveracruz.com\/#website"},"datePublished":"2016-11-25T14:35:21+00:00","breadcrumb":{"@id":"https:\/\/lospoliticosveracruz.com\/?p=28326#breadcrumb"},"inLanguage":"es","potentialAction":[{"@type":"ReadAction","target":["https:\/\/lospoliticosveracruz.com\/?p=28326"]}]},{"@type":"BreadcrumbList","@id":"https:\/\/lospoliticosveracruz.com\/?p=28326#breadcrumb","itemListElement":[{"@type":"ListItem","position":1,"name":"Portada","item":"https:\/\/lospoliticosveracruz.com\/"},{"@type":"ListItem","position":2,"name":"La publicidad del mal"}]},{"@type":"WebSite","@id":"https:\/\/lospoliticosveracruz.com\/#website","url":"https:\/\/lospoliticosveracruz.com\/","name":"Los pol\u00edticos Veracruz","description":"","publisher":{"@id":"https:\/\/lospoliticosveracruz.com\/#organization"},"potentialAction":[{"@type":"SearchAction","target":{"@type":"EntryPoint","urlTemplate":"https:\/\/lospoliticosveracruz.com\/?s={search_term_string}"},"query-input":{"@type":"PropertyValueSpecification","valueRequired":true,"valueName":"search_term_string"}}],"inLanguage":"es"},{"@type":"Organization","@id":"https:\/\/lospoliticosveracruz.com\/#organization","name":"Los pol\u00edticos Veracruz","url":"https:\/\/lospoliticosveracruz.com\/","logo":{"@type":"ImageObject","inLanguage":"es","@id":"https:\/\/lospoliticosveracruz.com\/#\/schema\/logo\/image\/","url":"https:\/\/lospoliticosveracruz.com\/wp-content\/uploads\/2025\/12\/Logo-Nuevo-LOS-POLITICOS-1.jpg","contentUrl":"https:\/\/lospoliticosveracruz.com\/wp-content\/uploads\/2025\/12\/Logo-Nuevo-LOS-POLITICOS-1.jpg","width":260,"height":70,"caption":"Los pol\u00edticos Veracruz"},"image":{"@id":"https:\/\/lospoliticosveracruz.com\/#\/schema\/logo\/image\/"},"sameAs":["https:\/\/www.facebook.com\/people\/Notimemes-de-los-Polticos\/61565672886568\/","https:\/\/x.com\/LosPoliticosVer"]},{"@type":"Person","@id":"https:\/\/lospoliticosveracruz.com\/#\/schema\/person\/b8702bb0e538456e6efd07080bf2a4a2","name":"Lo viste en Los Pol\u00edticos","image":{"@type":"ImageObject","inLanguage":"es","@id":"https:\/\/secure.gravatar.com\/avatar\/3a8de04a2656d44082be478bd6c086daa447c4651605818287b9532d3d0bd435?s=96&d=mm&r=g","url":"https:\/\/secure.gravatar.com\/avatar\/3a8de04a2656d44082be478bd6c086daa447c4651605818287b9532d3d0bd435?s=96&d=mm&r=g","contentUrl":"https:\/\/secure.gravatar.com\/avatar\/3a8de04a2656d44082be478bd6c086daa447c4651605818287b9532d3d0bd435?s=96&d=mm&r=g","caption":"Lo viste en Los Pol\u00edticos"},"url":"https:\/\/lospoliticosveracruz.com\/?author=2"}]}},"_links":{"self":[{"href":"https:\/\/lospoliticosveracruz.com\/index.php?rest_route=\/wp\/v2\/posts\/28326","targetHints":{"allow":["GET"]}}],"collection":[{"href":"https:\/\/lospoliticosveracruz.com\/index.php?rest_route=\/wp\/v2\/posts"}],"about":[{"href":"https:\/\/lospoliticosveracruz.com\/index.php?rest_route=\/wp\/v2\/types\/post"}],"author":[{"embeddable":true,"href":"https:\/\/lospoliticosveracruz.com\/index.php?rest_route=\/wp\/v2\/users\/2"}],"replies":[{"embeddable":true,"href":"https:\/\/lospoliticosveracruz.com\/index.php?rest_route=%2Fwp%2Fv2%2Fcomments&post=28326"}],"version-history":[{"count":1,"href":"https:\/\/lospoliticosveracruz.com\/index.php?rest_route=\/wp\/v2\/posts\/28326\/revisions"}],"predecessor-version":[{"id":28328,"href":"https:\/\/lospoliticosveracruz.com\/index.php?rest_route=\/wp\/v2\/posts\/28326\/revisions\/28328"}],"wp:attachment":[{"href":"https:\/\/lospoliticosveracruz.com\/index.php?rest_route=%2Fwp%2Fv2%2Fmedia&parent=28326"}],"wp:term":[{"taxonomy":"category","embeddable":true,"href":"https:\/\/lospoliticosveracruz.com\/index.php?rest_route=%2Fwp%2Fv2%2Fcategories&post=28326"},{"taxonomy":"post_tag","embeddable":true,"href":"https:\/\/lospoliticosveracruz.com\/index.php?rest_route=%2Fwp%2Fv2%2Ftags&post=28326"}],"curies":[{"name":"wp","href":"https:\/\/api.w.org\/{rel}","templated":true}]}}