{"id":28329,"date":"2016-11-25T14:13:16","date_gmt":"2016-11-25T20:13:16","guid":{"rendered":"http:\/\/www.lospoliticosveracruz.com.mx\/?p=28329"},"modified":"2016-11-27T21:45:53","modified_gmt":"2016-11-28T03:45:53","slug":"municipalismo-de-genero","status":"publish","type":"post","link":"https:\/\/lospoliticosveracruz.com\/?p=28329","title":{"rendered":"Municipalismo de g\u00e9nero"},"content":{"rendered":"<p align=\"JUSTIFY\"><strong>David Carri\u00f3n Rosales<\/strong><\/p>\n<p align=\"JUSTIFY\"><em>Tragos de caf\u00e9<\/em><\/p>\n<p align=\"JUSTIFY\">\u00a1Habemus proceso!, brome\u00e1bamos entre amigos en la sobremesa. Las nuevas elecciones para designar a los alcaldes o alcaldesas de los 212 municipios en Veracruz arrancaron formalmente el 10 de noviembre.<\/p>\n<p align=\"JUSTIFY\">En comida amena que sostuvo la Consejera Electoral Eva Barrientos con los connotados periodistas del Grupo de los Diez, mencion\u00f3 lo que ser\u00e1 un punto medular de la pr\u00f3xima elecci\u00f3n: los nuevos lineamientos de paridad de g\u00e9nero. Eso significa una representaci\u00f3n equitativaentre hombres y mujeres de las candidaturas a Presidente Municipal.<\/p>\n<p align=\"JUSTIFY\">El tema de la equidad de g\u00e9nero en nuestro pa\u00eds se da a \u201cGolpe de sentencia\u201d, dec\u00eda la Consejera. La interpretaci\u00f3n de las leyes en materia electoral es motivo de impugnaciones y apelaciones en las salas de los Tribunales. Por eso la necesidad de crear lineamientos espec\u00edficos que garanticen un proceso equitativo para todas y todos.<\/p>\n<p align=\"JUSTIFY\">En M\u00e9xico, por ejemplo, m\u00e1s mujeres que hombres completan educaci\u00f3n media, aunque la participaci\u00f3n de las f\u00e9minas en el dise\u00f1o de liderazgo de la administraci\u00f3n p\u00fablica de M\u00e9xico todav\u00eda no alcanz\u00f3 el 30 por ciento, seg\u00fan un estudio del Programa de las Naciones Unidas para el Desarrollo en 2012.<\/p>\n<p align=\"JUSTIFY\">Para esto, habr\u00e1 que ver c\u00f3mo le har\u00e1n los partidos para proponer 106 candidatas y 106 candidatos; ojo, que tambi\u00e9n les toca a los independientes.<\/p>\n<p align=\"JUSTIFY\">La partidocracia en Veracruz cambiar\u00e1 a partir de ahora, pero lo que tambi\u00e9n ha de cambiar es la forma en que el municipalismo opera.<\/p>\n<p align=\"JUSTIFY\">La tendencia del fortalecimiento del municipalismo se dio en los a\u00f1os 90, como consecuencia de una descentralizaci\u00f3n y una autonom\u00eda hacendaria, m\u00e1s que presupuestal. Es ahora en esta d\u00e9cada que podr\u00e1 medir sus resultados. Lo seguro es que el movimiento de los a\u00f1os noventa fue impulsado con la idea de un equipo multidisciplinario, y si a\u00f1adimos ahora la paridad de g\u00e9nero al esquema de cabildo que operar\u00e1 el pr\u00f3ximo a\u00f1o en las alcald\u00edas, el municipalismo se fortalece por default.<\/p>\n<p align=\"JUSTIFY\">Interesantes cosas veremos el pr\u00f3ximo 16 de diciembre, fecha en que se tendr\u00e1n que registrar las candidatas y los candidatos, con sus respectivas planillas 50-50.<\/p>\n<p align=\"JUSTIFY\">Muchos caf\u00e9s seguro se necesitaron para el dise\u00f1o de estos nuevos lineamientos. Vamos por otra taza\u2026<\/p>\n<p align=\"JUSTIFY\">@DavoCarrion<\/p>\n<p align=\"JUSTIFY\"><a href=\"http:\/\/www.journalveracruz.com\/\">www.journalveracruz.com<\/a><\/p>\n","protected":false},"excerpt":{"rendered":"<p>David Carri\u00f3n Rosales Tragos de caf\u00e9 \u00a1Habemus proceso!, brome\u00e1bamos entre amigos en la sobremesa. Las nuevas elecciones para designar a los alcaldes o alcaldesas de los 212 municipios en Veracruz arrancaron formalmente el 10 de noviembre. En comida amena que sostuvo la Consejera Electoral Eva Barrientos con los connotados periodistas del Grupo de los Diez, [&hellip;]<\/p>\n","protected":false},"author":2,"featured_media":0,"comment_status":"open","ping_status":"open","sticky":false,"template":"","format":"standard","meta":{"tdm_status":"","tdm_grid_status":"","footnotes":""},"categories":[70],"tags":[987,6800,195],"class_list":{"0":"post-28329","1":"post","2":"type-post","3":"status-publish","4":"format-standard","6":"category-de-opinion","7":"tag-equidad-de-genero","8":"tag-eva-barrientos","9":"tag-veracruz"},"yoast_head":"<!-- This site is optimized with the Yoast SEO plugin v27.4 - https:\/\/yoast.com\/product\/yoast-seo-wordpress\/ -->\n<title>Municipalismo de g\u00e9nero - Los pol\u00edticos Veracruz<\/title>\n<meta name=\"robots\" content=\"index, follow, max-snippet:-1, max-image-preview:large, max-video-preview:-1\" \/>\n<link rel=\"canonical\" href=\"https:\/\/lospoliticosveracruz.com\/?p=28329\" \/>\n<meta property=\"og:locale\" content=\"es_ES\" \/>\n<meta property=\"og:type\" content=\"article\" \/>\n<meta property=\"og:title\" content=\"Municipalismo de g\u00e9nero - Los pol\u00edticos Veracruz\" \/>\n<meta property=\"og:description\" content=\"David Carri\u00f3n Rosales Tragos de caf\u00e9 \u00a1Habemus proceso!, brome\u00e1bamos entre amigos en la sobremesa. Las nuevas elecciones para designar a los alcaldes o alcaldesas de los 212 municipios en Veracruz arrancaron formalmente el 10 de noviembre. En comida amena que sostuvo la Consejera Electoral Eva Barrientos con los connotados periodistas del Grupo de los Diez, [&hellip;]\" \/>\n<meta property=\"og:url\" content=\"https:\/\/lospoliticosveracruz.com\/?p=28329\" \/>\n<meta property=\"og:site_name\" content=\"Los pol\u00edticos Veracruz\" \/>\n<meta property=\"article:publisher\" content=\"https:\/\/www.facebook.com\/people\/Notimemes-de-los-Polticos\/61565672886568\/\" \/>\n<meta property=\"article:published_time\" content=\"2016-11-25T20:13:16+00:00\" \/>\n<meta property=\"article:modified_time\" content=\"2016-11-28T03:45:53+00:00\" \/>\n<meta property=\"og:image\" content=\"https:\/\/lospoliticosveracruz.com\/wp-content\/uploads\/2016\/07\/Logo-Dor.jpg\" \/>\n\t<meta property=\"og:image:width\" content=\"200\" \/>\n\t<meta property=\"og:image:height\" content=\"200\" \/>\n\t<meta property=\"og:image:type\" content=\"image\/jpeg\" \/>\n<meta name=\"author\" content=\"Lo viste en Los Pol\u00edticos\" \/>\n<meta name=\"twitter:card\" content=\"summary_large_image\" \/>\n<meta name=\"twitter:creator\" content=\"@LosPoliticosVer\" \/>\n<meta name=\"twitter:site\" content=\"@LosPoliticosVer\" \/>\n<meta name=\"twitter:label1\" content=\"Escrito por\" \/>\n\t<meta name=\"twitter:data1\" content=\"Lo viste en Los Pol\u00edticos\" \/>\n\t<meta name=\"twitter:label2\" content=\"Tiempo de lectura\" \/>\n\t<meta name=\"twitter:data2\" content=\"2 minutos\" \/>\n<script type=\"application\/ld+json\" class=\"yoast-schema-graph\">{\"@context\":\"https:\\\/\\\/schema.org\",\"@graph\":[{\"@type\":\"Article\",\"@id\":\"https:\\\/\\\/lospoliticosveracruz.com\\\/?p=28329#article\",\"isPartOf\":{\"@id\":\"https:\\\/\\\/lospoliticosveracruz.com\\\/?p=28329\"},\"author\":{\"name\":\"Lo viste en Los Pol\u00edticos\",\"@id\":\"https:\\\/\\\/lospoliticosveracruz.com\\\/#\\\/schema\\\/person\\\/b8702bb0e538456e6efd07080bf2a4a2\"},\"headline\":\"Municipalismo de g\u00e9nero\",\"datePublished\":\"2016-11-25T20:13:16+00:00\",\"dateModified\":\"2016-11-28T03:45:53+00:00\",\"mainEntityOfPage\":{\"@id\":\"https:\\\/\\\/lospoliticosveracruz.com\\\/?p=28329\"},\"wordCount\":402,\"commentCount\":0,\"publisher\":{\"@id\":\"https:\\\/\\\/lospoliticosveracruz.com\\\/#organization\"},\"keywords\":[\"Equidad de G\u00e9nero\",\"Eva Barrientos\",\"Veracruz\"],\"articleSection\":[\"De Opini\u00f3n\"],\"inLanguage\":\"es\",\"potentialAction\":[{\"@type\":\"CommentAction\",\"name\":\"Comment\",\"target\":[\"https:\\\/\\\/lospoliticosveracruz.com\\\/?p=28329#respond\"]}]},{\"@type\":\"WebPage\",\"@id\":\"https:\\\/\\\/lospoliticosveracruz.com\\\/?p=28329\",\"url\":\"https:\\\/\\\/lospoliticosveracruz.com\\\/?p=28329\",\"name\":\"Municipalismo de g\u00e9nero - Los pol\u00edticos Veracruz\",\"isPartOf\":{\"@id\":\"https:\\\/\\\/lospoliticosveracruz.com\\\/#website\"},\"datePublished\":\"2016-11-25T20:13:16+00:00\",\"dateModified\":\"2016-11-28T03:45:53+00:00\",\"breadcrumb\":{\"@id\":\"https:\\\/\\\/lospoliticosveracruz.com\\\/?p=28329#breadcrumb\"},\"inLanguage\":\"es\",\"potentialAction\":[{\"@type\":\"ReadAction\",\"target\":[\"https:\\\/\\\/lospoliticosveracruz.com\\\/?p=28329\"]}]},{\"@type\":\"BreadcrumbList\",\"@id\":\"https:\\\/\\\/lospoliticosveracruz.com\\\/?p=28329#breadcrumb\",\"itemListElement\":[{\"@type\":\"ListItem\",\"position\":1,\"name\":\"Portada\",\"item\":\"https:\\\/\\\/lospoliticosveracruz.com\\\/\"},{\"@type\":\"ListItem\",\"position\":2,\"name\":\"Municipalismo de g\u00e9nero\"}]},{\"@type\":\"WebSite\",\"@id\":\"https:\\\/\\\/lospoliticosveracruz.com\\\/#website\",\"url\":\"https:\\\/\\\/lospoliticosveracruz.com\\\/\",\"name\":\"Los pol\u00edticos Veracruz\",\"description\":\"\",\"publisher\":{\"@id\":\"https:\\\/\\\/lospoliticosveracruz.com\\\/#organization\"},\"potentialAction\":[{\"@type\":\"SearchAction\",\"target\":{\"@type\":\"EntryPoint\",\"urlTemplate\":\"https:\\\/\\\/lospoliticosveracruz.com\\\/?s={search_term_string}\"},\"query-input\":{\"@type\":\"PropertyValueSpecification\",\"valueRequired\":true,\"valueName\":\"search_term_string\"}}],\"inLanguage\":\"es\"},{\"@type\":\"Organization\",\"@id\":\"https:\\\/\\\/lospoliticosveracruz.com\\\/#organization\",\"name\":\"Los pol\u00edticos Veracruz\",\"url\":\"https:\\\/\\\/lospoliticosveracruz.com\\\/\",\"logo\":{\"@type\":\"ImageObject\",\"inLanguage\":\"es\",\"@id\":\"https:\\\/\\\/lospoliticosveracruz.com\\\/#\\\/schema\\\/logo\\\/image\\\/\",\"url\":\"https:\\\/\\\/lospoliticosveracruz.com\\\/wp-content\\\/uploads\\\/2025\\\/12\\\/Logo-Nuevo-LOS-POLITICOS-1.jpg\",\"contentUrl\":\"https:\\\/\\\/lospoliticosveracruz.com\\\/wp-content\\\/uploads\\\/2025\\\/12\\\/Logo-Nuevo-LOS-POLITICOS-1.jpg\",\"width\":260,\"height\":70,\"caption\":\"Los pol\u00edticos Veracruz\"},\"image\":{\"@id\":\"https:\\\/\\\/lospoliticosveracruz.com\\\/#\\\/schema\\\/logo\\\/image\\\/\"},\"sameAs\":[\"https:\\\/\\\/www.facebook.com\\\/people\\\/Notimemes-de-los-Polticos\\\/61565672886568\\\/\",\"https:\\\/\\\/x.com\\\/LosPoliticosVer\"]},{\"@type\":\"Person\",\"@id\":\"https:\\\/\\\/lospoliticosveracruz.com\\\/#\\\/schema\\\/person\\\/b8702bb0e538456e6efd07080bf2a4a2\",\"name\":\"Lo viste en Los Pol\u00edticos\",\"image\":{\"@type\":\"ImageObject\",\"inLanguage\":\"es\",\"@id\":\"https:\\\/\\\/secure.gravatar.com\\\/avatar\\\/3a8de04a2656d44082be478bd6c086daa447c4651605818287b9532d3d0bd435?s=96&d=mm&r=g\",\"url\":\"https:\\\/\\\/secure.gravatar.com\\\/avatar\\\/3a8de04a2656d44082be478bd6c086daa447c4651605818287b9532d3d0bd435?s=96&d=mm&r=g\",\"contentUrl\":\"https:\\\/\\\/secure.gravatar.com\\\/avatar\\\/3a8de04a2656d44082be478bd6c086daa447c4651605818287b9532d3d0bd435?s=96&d=mm&r=g\",\"caption\":\"Lo viste en Los Pol\u00edticos\"},\"url\":\"https:\\\/\\\/lospoliticosveracruz.com\\\/?author=2\"}]}<\/script>\n<!-- \/ Yoast SEO plugin. -->","yoast_head_json":{"title":"Municipalismo de g\u00e9nero - Los pol\u00edticos Veracruz","robots":{"index":"index","follow":"follow","max-snippet":"max-snippet:-1","max-image-preview":"max-image-preview:large","max-video-preview":"max-video-preview:-1"},"canonical":"https:\/\/lospoliticosveracruz.com\/?p=28329","og_locale":"es_ES","og_type":"article","og_title":"Municipalismo de g\u00e9nero - Los pol\u00edticos Veracruz","og_description":"David Carri\u00f3n Rosales Tragos de caf\u00e9 \u00a1Habemus proceso!, brome\u00e1bamos entre amigos en la sobremesa. Las nuevas elecciones para designar a los alcaldes o alcaldesas de los 212 municipios en Veracruz arrancaron formalmente el 10 de noviembre. En comida amena que sostuvo la Consejera Electoral Eva Barrientos con los connotados periodistas del Grupo de los Diez, [&hellip;]","og_url":"https:\/\/lospoliticosveracruz.com\/?p=28329","og_site_name":"Los pol\u00edticos Veracruz","article_publisher":"https:\/\/www.facebook.com\/people\/Notimemes-de-los-Polticos\/61565672886568\/","article_published_time":"2016-11-25T20:13:16+00:00","article_modified_time":"2016-11-28T03:45:53+00:00","og_image":[{"width":200,"height":200,"url":"https:\/\/lospoliticosveracruz.com\/wp-content\/uploads\/2016\/07\/Logo-Dor.jpg","type":"image\/jpeg"}],"author":"Lo viste en Los Pol\u00edticos","twitter_card":"summary_large_image","twitter_creator":"@LosPoliticosVer","twitter_site":"@LosPoliticosVer","twitter_misc":{"Escrito por":"Lo viste en Los Pol\u00edticos","Tiempo de lectura":"2 minutos"},"schema":{"@context":"https:\/\/schema.org","@graph":[{"@type":"Article","@id":"https:\/\/lospoliticosveracruz.com\/?p=28329#article","isPartOf":{"@id":"https:\/\/lospoliticosveracruz.com\/?p=28329"},"author":{"name":"Lo viste en Los Pol\u00edticos","@id":"https:\/\/lospoliticosveracruz.com\/#\/schema\/person\/b8702bb0e538456e6efd07080bf2a4a2"},"headline":"Municipalismo de g\u00e9nero","datePublished":"2016-11-25T20:13:16+00:00","dateModified":"2016-11-28T03:45:53+00:00","mainEntityOfPage":{"@id":"https:\/\/lospoliticosveracruz.com\/?p=28329"},"wordCount":402,"commentCount":0,"publisher":{"@id":"https:\/\/lospoliticosveracruz.com\/#organization"},"keywords":["Equidad de G\u00e9nero","Eva Barrientos","Veracruz"],"articleSection":["De Opini\u00f3n"],"inLanguage":"es","potentialAction":[{"@type":"CommentAction","name":"Comment","target":["https:\/\/lospoliticosveracruz.com\/?p=28329#respond"]}]},{"@type":"WebPage","@id":"https:\/\/lospoliticosveracruz.com\/?p=28329","url":"https:\/\/lospoliticosveracruz.com\/?p=28329","name":"Municipalismo de g\u00e9nero - Los pol\u00edticos Veracruz","isPartOf":{"@id":"https:\/\/lospoliticosveracruz.com\/#website"},"datePublished":"2016-11-25T20:13:16+00:00","dateModified":"2016-11-28T03:45:53+00:00","breadcrumb":{"@id":"https:\/\/lospoliticosveracruz.com\/?p=28329#breadcrumb"},"inLanguage":"es","potentialAction":[{"@type":"ReadAction","target":["https:\/\/lospoliticosveracruz.com\/?p=28329"]}]},{"@type":"BreadcrumbList","@id":"https:\/\/lospoliticosveracruz.com\/?p=28329#breadcrumb","itemListElement":[{"@type":"ListItem","position":1,"name":"Portada","item":"https:\/\/lospoliticosveracruz.com\/"},{"@type":"ListItem","position":2,"name":"Municipalismo de g\u00e9nero"}]},{"@type":"WebSite","@id":"https:\/\/lospoliticosveracruz.com\/#website","url":"https:\/\/lospoliticosveracruz.com\/","name":"Los pol\u00edticos Veracruz","description":"","publisher":{"@id":"https:\/\/lospoliticosveracruz.com\/#organization"},"potentialAction":[{"@type":"SearchAction","target":{"@type":"EntryPoint","urlTemplate":"https:\/\/lospoliticosveracruz.com\/?s={search_term_string}"},"query-input":{"@type":"PropertyValueSpecification","valueRequired":true,"valueName":"search_term_string"}}],"inLanguage":"es"},{"@type":"Organization","@id":"https:\/\/lospoliticosveracruz.com\/#organization","name":"Los pol\u00edticos Veracruz","url":"https:\/\/lospoliticosveracruz.com\/","logo":{"@type":"ImageObject","inLanguage":"es","@id":"https:\/\/lospoliticosveracruz.com\/#\/schema\/logo\/image\/","url":"https:\/\/lospoliticosveracruz.com\/wp-content\/uploads\/2025\/12\/Logo-Nuevo-LOS-POLITICOS-1.jpg","contentUrl":"https:\/\/lospoliticosveracruz.com\/wp-content\/uploads\/2025\/12\/Logo-Nuevo-LOS-POLITICOS-1.jpg","width":260,"height":70,"caption":"Los pol\u00edticos Veracruz"},"image":{"@id":"https:\/\/lospoliticosveracruz.com\/#\/schema\/logo\/image\/"},"sameAs":["https:\/\/www.facebook.com\/people\/Notimemes-de-los-Polticos\/61565672886568\/","https:\/\/x.com\/LosPoliticosVer"]},{"@type":"Person","@id":"https:\/\/lospoliticosveracruz.com\/#\/schema\/person\/b8702bb0e538456e6efd07080bf2a4a2","name":"Lo viste en Los Pol\u00edticos","image":{"@type":"ImageObject","inLanguage":"es","@id":"https:\/\/secure.gravatar.com\/avatar\/3a8de04a2656d44082be478bd6c086daa447c4651605818287b9532d3d0bd435?s=96&d=mm&r=g","url":"https:\/\/secure.gravatar.com\/avatar\/3a8de04a2656d44082be478bd6c086daa447c4651605818287b9532d3d0bd435?s=96&d=mm&r=g","contentUrl":"https:\/\/secure.gravatar.com\/avatar\/3a8de04a2656d44082be478bd6c086daa447c4651605818287b9532d3d0bd435?s=96&d=mm&r=g","caption":"Lo viste en Los Pol\u00edticos"},"url":"https:\/\/lospoliticosveracruz.com\/?author=2"}]}},"_links":{"self":[{"href":"https:\/\/lospoliticosveracruz.com\/index.php?rest_route=\/wp\/v2\/posts\/28329","targetHints":{"allow":["GET"]}}],"collection":[{"href":"https:\/\/lospoliticosveracruz.com\/index.php?rest_route=\/wp\/v2\/posts"}],"about":[{"href":"https:\/\/lospoliticosveracruz.com\/index.php?rest_route=\/wp\/v2\/types\/post"}],"author":[{"embeddable":true,"href":"https:\/\/lospoliticosveracruz.com\/index.php?rest_route=\/wp\/v2\/users\/2"}],"replies":[{"embeddable":true,"href":"https:\/\/lospoliticosveracruz.com\/index.php?rest_route=%2Fwp%2Fv2%2Fcomments&post=28329"}],"version-history":[{"count":2,"href":"https:\/\/lospoliticosveracruz.com\/index.php?rest_route=\/wp\/v2\/posts\/28329\/revisions"}],"predecessor-version":[{"id":28398,"href":"https:\/\/lospoliticosveracruz.com\/index.php?rest_route=\/wp\/v2\/posts\/28329\/revisions\/28398"}],"wp:attachment":[{"href":"https:\/\/lospoliticosveracruz.com\/index.php?rest_route=%2Fwp%2Fv2%2Fmedia&parent=28329"}],"wp:term":[{"taxonomy":"category","embeddable":true,"href":"https:\/\/lospoliticosveracruz.com\/index.php?rest_route=%2Fwp%2Fv2%2Fcategories&post=28329"},{"taxonomy":"post_tag","embeddable":true,"href":"https:\/\/lospoliticosveracruz.com\/index.php?rest_route=%2Fwp%2Fv2%2Ftags&post=28329"}],"curies":[{"name":"wp","href":"https:\/\/api.w.org\/{rel}","templated":true}]}}